{"id":100015,"date":"2023-07-13T04:30:00","date_gmt":"2023-07-13T08:30:00","guid":{"rendered":"https:\/\/isarta.com\/infos\/?p=100015"},"modified":"2023-07-13T04:56:34","modified_gmt":"2023-07-13T08:56:34","slug":"threads-le-nouveau-concurrent-de-twitter-version-instagram-quen-pensent-les-specialistes-marketing-quebecois","status":"publish","type":"post","link":"https:\/\/isarta.com\/infos\/threads-le-nouveau-concurrent-de-twitter-version-instagram-quen-pensent-les-specialistes-marketing-quebecois\/","title":{"rendered":"Que pensent les sp\u00e9cialistes marketing qu\u00e9b\u00e9cois de Threads, le nouveau concurrent de Twitter version Instagram ?"},"content":{"rendered":"<figure class=\"wp-block-image size-large\"><img loading=\"lazy\" width=\"864\" height=\"814\" src=\"https:\/\/isarta.com\/infos\/wp-content\/uploads\/2023\/07\/threads.jpeg\" alt=\"\" class=\"wp-image-100030\" srcset=\"https:\/\/isarta.com\/infos\/wp-content\/uploads\/2023\/07\/threads.jpeg 864w, https:\/\/isarta.com\/infos\/wp-content\/uploads\/2023\/07\/threads-300x283.jpeg 300w, https:\/\/isarta.com\/infos\/wp-content\/uploads\/2023\/07\/threads-768x724.jpeg 768w\" sizes=\"(max-width: 864px) 100vw, 864px\" \/><\/figure>\n<p>11 juillet 2023<\/p>\n<p class=\"has-medium-font-size\"><strong>Dans <a rel=\"noreferrer noopener\" href=\"https:\/\/about.fb.com\/news\/2023\/07\/introducing-threads-new-app-text-sharing\/\" data-type=\"URL\" data-id=\"https:\/\/about.fb.com\/news\/2023\/07\/introducing-threads-new-app-text-sharing\/\" target=\"_blank\">sa version b\u00eata lanc\u00e9e le 5 juillet dernier<\/a>, l\u2019application Threads ressemble \u00e0 une version \u00ab\u00a0sobre\u00a0\u00bb d\u2019Instagram, avec une inversion de hi\u00e9rarchie texte-image. La chose s\u2019explique&#8230; \u00e9tant donn\u00e9 que la plateforme a \u00e9t\u00e9 con\u00e7ue par l\u2019\u00e9quipe d\u2019Instagram ! Mais il y a plus. Si on prend un pas de recul, on comprend que le projet s\u2019inscrit dans un mouvement plus large de d\u00e9centralisation des m\u00e9dias sociaux. Voyons les contours de cette nouvelle application concurrente de Twitter dans l\u2019animation de la \u00ab\u00a0conversation publique\u00a0\u00bb.<\/strong><\/p>\n<p>Avec l\u2019application Threads (\u00ab&nbsp;fils&nbsp;\u00bb en fran\u00e7ais), le fondateur de Facebook \u2013 Mark Zuckerberg \u2013 veut cr\u00e9er un espace virtuel pour participer \u00e0 la conversation publique.<\/p>\n<blockquote class=\"wp-block-quote\">\n<p>Je le vois comme si Twitter \u00e9tait la plateforme de droite, et Threads de gauche, r\u00e9sume Olivier Lambert, sp\u00e9cialiste marketing et cofondateur de <a rel=\"noreferrer noopener\" href=\"https:\/\/www.leadlion.ca\/\" data-type=\"URL\" data-id=\"https:\/\/www.leadlion.ca\/\" target=\"_blank\">Leadlion<\/a>. Musk et Zuckerberg semblent diviser les gens, et chacun choisira son camp. Je trouve \u00e7a dangereux en termes de qualit\u00e9 de l&rsquo;information, pr\u00e9vient-il. \u00c7a pourrait polariser l&rsquo;auditoire et les informations.\u00a0\u00bb<\/p>\n<\/blockquote>\n<p>Voil\u00e0 pour le risque, disons, \u00e0 long terme. \u00c0 br\u00e8ve \u00e9ch\u00e9ance, Threads est loin de ressembler \u00e0 un lieu de d\u00e9bats polarisants. Pour s\u2019inscrire aux \u00ab\u00a0Fils\u00a0\u00bb, on doit passer par son compte Instagram. On nous demande ensuite si on veut importer nos abonnements d\u2019Instagram. D\u2019ailleurs, c\u2019est un peu gr\u00e2ce \u00e0 cette \u00ab\u00a0passerelle\u00a0\u00bb que Threads a pu faire le plein d\u2019utilisateurs \u00e0 la vitesse de l\u2019\u00e9clair, an\u00e9antissant au passage tous les records d\u2019abonnements de l\u2019histoire r\u00e9cente des plateformes num\u00e9riques (100 millions d\u2019utilisateurs en 5 jours).<\/p>\n<p>La <em>vibe<\/em> de la plateforme, forc\u00e9ment, est celle d\u2019Insta. Pour le moment. En tant qu\u2019utilisateur, on a l\u2019option de publier des compositions de 500 caract\u00e8res (au lieu des 280 de Twitter) accompagn\u00e9es de photo, vid\u00e9o, carrousel ou lien URL. En version b\u00eata, la navigation appara\u00eet rudimentaire\u00a0:<\/p>\n<blockquote class=\"wp-block-quote\">\n<p>Pas de hashtags. Pas de recherche possible. Je n\u2019ai m\u00eame pas l\u2019impression que les abonn\u00e9s voient bien les publications, annonce le strat\u00e8ge en m\u00e9dias sociaux, Alexis Michel, qui a d\u00e9j\u00e0 pr\u00e8s de 1 000 abonn\u00e9s sur l&rsquo;application, <a rel=\"noreferrer noopener\" href=\"https:\/\/www.linkedin.com\/feed\/update\/urn:li:activity:7084192969414565889\/\" data-type=\"URL\" data-id=\"https:\/\/www.linkedin.com\/feed\/update\/urn:li:activity:7084192969414565889\/\" target=\"_blank\">dans une publication LinkedIn<\/a>. Pour l\u2019instant, ajoute-t-il, j\u2019ai observ\u00e9 2 choses: il faut publier beaucoup pour que, dans la masse, certaines publications &lsquo;popent&rsquo; dans le fil d&rsquo;actualit\u00e9 des gens. Interagir avec les autres permet de vraiment booster sa visibilit\u00e9. Mais \u00e0 part \u00e7a, rien d\u2019incroyable \u00e0 dire.\u00a0\u00bb<\/p>\n<\/blockquote>\n<figure class=\"wp-block-image\"><img src=\"https:\/\/about.fb.com\/wp-content\/uploads\/2023\/07\/02_Feed.jpg?resize=960%2C836\" alt=\"Image of 2 phone screens showing Threads feed and a profile\"\/><\/figure>\n<p><strong>Et les marques, dans tout cela?<\/strong><\/p>\n<p>Quand un nouveau m\u00e9dia social voit le jour, la premi\u00e8re chose que les marques se demandent, c\u2019est\u00a0: faut-il y aller ou faut-il attendre? Autrement dit : Qu&rsquo;est-ce que j&rsquo;ai \u00e0 y gagner? Et Est-ce que mes clients y seront ? Dans le cas de Threads, la r\u00e9ponse courte est\u00a0\u00aboui, faut y aller\u00bb, car l\u2019effort \u00e0 consentir pour investir la plateforme est minime.<\/p>\n<blockquote class=\"wp-block-quote\">\n<p>Je ne prendrais pas de chance et j\u2019irais! assure Olivier Lambert. Ce sont les m\u00eames audiences qui suivent d\u00e9j\u00e0 votre page sur Instagram qui seront sur Threads. Par exemple, je suis abonn\u00e9 \u00e0 la page de PGA Tour sur Instagram, quand je suis sur Threads, comme j\u2019ai activ\u00e9 le suivi des pages threads de mes pages sur Instagram, \u00e7a m\u2019a automatiquement abonn\u00e9 \u00e0 PGATour. Les marques \u201cconservent\u201d donc leur auditoire Instagram sur Threads. D\u00e8s qu\u2019un de mes abonn\u00e9s Instagram active son compte Threads, je le suis automatiquement!\u00a0\u00bb<\/p>\n<\/blockquote>\n<p>Les marques, toutefois, devront attendre pour promouvoir leur contenu. <\/p>\n<blockquote class=\"wp-block-quote\">\n<p>Il n&rsquo;y a aucune publicit\u00e9 dans le fil d&rsquo;actualit\u00e9, explique Francis Jette, sp\u00e9cialiste en cr\u00e9ation de contenu Web et formateur Isarta. Ceci dit, Meta est toujours \u00e0 la recherche de solutions afin de mon\u00e9tiser ses plateformes et renflouer ses coffres apr\u00e8s avoir englouti plusieurs milliards dans le m\u00e9tavers, alors il ne serait pas surprenant de voir cette position \u00e9voluer au fil du temps&#8230;\u00bb<\/p>\n<\/blockquote>\n<figure class=\"wp-block-image\"><img src=\"https:\/\/about.fb.com\/wp-content\/uploads\/2023\/07\/04_Repost.jpg?resize=960%2C836\" alt=\"2 phone screens showing Repost in Threads\"\/><\/figure>\n<p><strong>D\u00e9fendre la libert\u00e9 sur le Web<\/strong><\/p>\n<p>Lorsqu\u2019on s\u2019inscrit \u00e0 la plateforme, Threads nous annonce qu\u2019une version ult\u00e9rieure de l\u2019application sera compatible avec le \u00ab&nbsp;f\u00e9divers&nbsp;\u00bb.<\/p>\n<blockquote class=\"wp-block-quote\">\n<p>Bient\u00f4t, vous pourrez interagir avec des personnes sur d\u2019autres plateformes du f\u00e9divers, comme Mastodon, et vous abonner \u00e0 leur compte. Elles pourront \u00e9galement vous trouver \u00e0 l\u2019aide de votre nom d\u2019utilisateur.&nbsp;\u00bb<\/p>\n<\/blockquote>\n<p>Le f\u00e9divers a de particulier qu&rsquo;il op\u00e8re sur des serveurs \u00ab&nbsp;distribu\u00e9s&nbsp;\u00bb, donc d\u00e9centralis\u00e9s. Cette nouvelle b\u00eate de m\u00e9dias sociaux est au c\u0153ur de la bataille de la libert\u00e9 d\u2019expression sur le Web, dans sa version purement am\u00e9ricaine. Dans un r\u00e9seau \u00abdistribu\u00e9\u00bb, la mod\u00e9ration se fait par la communaut\u00e9 d\u2019utilisateurs, car les \u00ab&nbsp;op\u00e9rateurs&nbsp;\u00bb du r\u00e9seau n\u2019ont pas le pouvoir de censurer du contenu, de la m\u00eame mani\u00e8re que l\u2019on ne peut effacer des op\u00e9rations sur la cha\u00eene de bloc. Pour s&rsquo;initier au concept, on peut \u00e9couter<a rel=\"noreferrer noopener\" href=\"https:\/\/open.spotify.com\/episode\/62Dk5MWyjBU0bClFMqG732?si=22987b1682df4fae\" target=\"_blank\"> l&rsquo;\u00e9pisode 1970 de Joe Rogan Experience, avec le cofondateur du r\u00e9seau social Minds.<\/a><\/p>\n<p>Lors du lancement de Threads, Meta a effectivement annonc\u00e9 son intention de soutenir ce mouvement&nbsp;:<\/p>\n<blockquote class=\"wp-block-quote\">\n<p>Nous travaillons pour bient\u00f4t rendre Threads compatible avec les r\u00e9seaux sociaux ouverts et interop\u00e9rable, ce que nous croyons \u00eatre l\u2019avenir de l\u2019Internet&nbsp;\u00bb<\/p>\n<\/blockquote>\n<p>Voyons si une telle belle promesse peut tenir la route!<\/p>\n<hr class=\"wp-block-separator\"\/>\n<p><strong>D\u00e9couvrez nos formations :<\/strong><\/p>\n<div class=\" content_cards_card content_cards_domain_formations-isarta-com\">\n<div class=\"content_cards_image\">\n            <a class=\"content_cards_image_link\" href=\"https:\/\/formations.isarta.com\/cours\/strategies-des-medias-sociaux\/9\" target=\"_blank\"><img src=\"https:\/\/formations.isarta.com\/assets\/images\/3c\/3c7c1b_Strategies-des-medias-sociaux-2-mofif.jpeg\" alt=\"Strat\u00e9gies des m\u00e9dias sociaux et cr\u00e9ation de contenu | Formations Isarta\"><\/a>\n\t\t<\/div>\n<div class=\"content_cards_title\">\n\t\t<a class=\"content_cards_title_link\" href=\"https:\/\/formations.isarta.com\/cours\/strategies-des-medias-sociaux\/9\" target=\"_blank\">Strat\u00e9gies des m\u00e9dias sociaux et cr\u00e9ation de contenu | Formations Isarta<\/a>\n\t<\/div>\n<div class=\"content_cards_description\">\n\t\t<a class=\"content_cards_description_link\" href=\"https:\/\/formations.isarta.com\/cours\/strategies-des-medias-sociaux\/9\" target=\"_blank\"><\/p>\n<p>Aider \u00e0 mettre en place une strat\u00e9gie m\u00e9dias sociaux multiplateforme coh\u00e9rente et efficace<\/p>\n<p>\t\t<\/a>\n\t<\/div>\n<\/div>\n<div class=\" content_cards_card content_cards_domain_formations-isarta-com\">\n<div class=\"content_cards_image\">\n            <a class=\"content_cards_image_link\" href=\"https:\/\/formations.isarta.com\/cours\/instagram-developper-une-presence-pertinente\/9\" target=\"_blank\"><img src=\"https:\/\/formations.isarta.com\/images\/entete.jpg\" alt=\"Formations en M\u00e9dias sociaux - En ligne, Qu\u00e9bec, Montr\u00e9al | Isarta\"><\/a>\n\t\t<\/div>\n<div class=\"content_cards_title\">\n\t\t<a class=\"content_cards_title_link\" href=\"https:\/\/formations.isarta.com\/cours\/instagram-developper-une-presence-pertinente\/9\" target=\"_blank\">Formations en M\u00e9dias sociaux &#8211; En ligne, Qu\u00e9bec, Montr\u00e9al | Isarta<\/a>\n\t<\/div>\n<div class=\"content_cards_description\">\n\t\t<a class=\"content_cards_description_link\" href=\"https:\/\/formations.isarta.com\/cours\/instagram-developper-une-presence-pertinente\/9\" target=\"_blank\"><\/p>\n<p>Formations en marketing, communication, num\u00e9rique, digital, r\u00e9seaux sociaux. Classes virtuelles (webinaires interactifs \u00e0 distance), en salle ou en entreprise. Montr\u00e9al et partout au Qu\u00e9bec.<\/p>\n<p>\t\t<\/a>\n\t<\/div>\n<\/div>\n<div class=\"likebtn_container\" style=\"clear:both;text-align:center;\"><!-- LikeBtn.com BEGIN --><span class=\"likebtn-wrapper\"  data-identifier=\"post_100015\"  data-site_id=\"5cc1ecd16fd08b776710d1e9\"  data-theme=\"drop\"  data-btn_size=\"100\"  data-icon_l=\"false\"  data-icon_d=\"false\"  data-icon_l_url=\"https:\/\/isarta.com\/infos\/wp-content\/uploads\/2019\/04\/happy.png#64794\"  data-icon_d_url=\"https:\/\/isarta.com\/infos\/wp-content\/uploads\/2019\/04\/sleep.png#64796\"  data-icon_size=\"58\"  data-icon_l_c=\"#771414\"  data-bg_c=\"#ffffff\"  data-bg_c_v=\"#ffffff\"  data-brdr_c=\"#ffffff\"  data-f_size=\"11\"  data-f_family=\"Tahoma\"  data-counter_fs=\"b\"  data-lang=\"fr\"  data-ef_voting=\"wobble\"  data-dislike_enabled=\"false\"  data-counter_type=\"percent\"  data-counter_show=\"false\"  data-tooltip_enabled=\"false\"  data-tooltip_like_show_always=\"true\"  data-white_label=\"true\"  data-i18n_like=\"Aimer \/ Partager\"  data-i18n_dislike=\"Pas aim\u00e9\"  data-style=\"\"  data-unlike_allowed=\"\"  data-show_copyright=\"\"  data-item_url=\"https:\/\/isarta.com\/infos\/threads-le-nouveau-concurrent-de-twitter-version-instagram-quen-pensent-les-specialistes-marketing-quebecois\/\"  data-item_title=\"Que pensent les sp\u00e9cialistes marketing qu\u00e9b\u00e9cois de Threads, le nouveau concurrent de Twitter version Instagram ?\"  data-item_image=\"https:\/\/isarta.com\/infos\/wp-content\/uploads\/2023\/07\/threads.jpeg\"  data-item_date=\"2023-07-13T04:30:00-04:00\"  data-engine=\"WordPress\"  data-plugin_v=\"2.6.54\"  data-prx=\"https:\/\/isarta.com\/infos\/wp-admin\/admin-ajax.php?action=likebtn_prx\"  data-event_handler=\"likebtn_eh\" ><\/span><!-- LikeBtn.com END --><\/p>\n<hr size=\"3\"><\/div>\n","protected":false},"excerpt":{"rendered":"<p>Dans sa version b\u00eata lanc\u00e9e le 5 juillet dernier, l\u2019application Threads ressemble \u00e0 une version \u00ab sobre \u00bb d\u2019Instagram. Voyons les contours de cette nouvelle application concurrente de Twitter avec des experts d&rsquo;ici.<\/p>\n<div class=\"likebtn_container\" style=\"clear:both;text-align:center;\"><!-- LikeBtn.com BEGIN --><span class=\"likebtn-wrapper\"  data-identifier=\"post_100015\"  data-site_id=\"5cc1ecd16fd08b776710d1e9\"  data-theme=\"drop\"  data-btn_size=\"100\"  data-icon_l=\"false\"  data-icon_d=\"false\"  data-icon_l_url=\"https:\/\/isarta.com\/infos\/wp-content\/uploads\/2019\/04\/happy.png#64794\"  data-icon_d_url=\"https:\/\/isarta.com\/infos\/wp-content\/uploads\/2019\/04\/sleep.png#64796\"  data-icon_size=\"58\"  data-icon_l_c=\"#771414\"  data-bg_c=\"#ffffff\"  data-bg_c_v=\"#ffffff\"  data-brdr_c=\"#ffffff\"  data-f_size=\"11\"  data-f_family=\"Tahoma\"  data-counter_fs=\"b\"  data-lang=\"fr\"  data-ef_voting=\"wobble\"  data-dislike_enabled=\"false\"  data-counter_type=\"percent\"  data-counter_show=\"false\"  data-tooltip_enabled=\"false\"  data-tooltip_like_show_always=\"true\"  data-white_label=\"true\"  data-i18n_like=\"Aimer \/ Partager\"  data-i18n_dislike=\"Pas aim\u00e9\"  data-style=\"\"  data-unlike_allowed=\"\"  data-show_copyright=\"\"  data-item_url=\"https:\/\/isarta.com\/infos\/threads-le-nouveau-concurrent-de-twitter-version-instagram-quen-pensent-les-specialistes-marketing-quebecois\/\"  data-item_title=\"Que pensent les sp\u00e9cialistes marketing qu\u00e9b\u00e9cois de Threads, le nouveau concurrent de Twitter version Instagram ?\"  data-item_image=\"https:\/\/isarta.com\/infos\/wp-content\/uploads\/2023\/07\/threads.jpeg\"  data-item_date=\"2023-07-13T04:30:00-04:00\"  data-engine=\"WordPress\"  data-plugin_v=\"2.6.54\"  data-prx=\"https:\/\/isarta.com\/infos\/wp-admin\/admin-ajax.php?action=likebtn_prx\"  data-event_handler=\"likebtn_eh\" ><\/span><!-- LikeBtn.com END --><hr size=\"3\"><\/div>","protected":false},"author":64,"featured_media":100030,"comment_status":"closed","ping_status":"open","sticky":false,"template":"","format":"standard","meta":[],"categories":[175,137,339,1428,1],"tags":[186,1487,233,1176,1488,1460,202],"_links":{"self":[{"href":"https:\/\/isarta.com\/infos\/wp-json\/wp\/v2\/posts\/100015"}],"collection":[{"href":"https:\/\/isarta.com\/infos\/wp-json\/wp\/v2\/posts"}],"about":[{"href":"https:\/\/isarta.com\/infos\/wp-json\/wp\/v2\/types\/post"}],"author":[{"embeddable":true,"href":"https:\/\/isarta.com\/infos\/wp-json\/wp\/v2\/users\/64"}],"replies":[{"embeddable":true,"href":"https:\/\/isarta.com\/infos\/wp-json\/wp\/v2\/comments?post=100015"}],"version-history":[{"count":17,"href":"https:\/\/isarta.com\/infos\/wp-json\/wp\/v2\/posts\/100015\/revisions"}],"predecessor-version":[{"id":100349,"href":"https:\/\/isarta.com\/infos\/wp-json\/wp\/v2\/posts\/100015\/revisions\/100349"}],"wp:featuredmedia":[{"embeddable":true,"href":"https:\/\/isarta.com\/infos\/wp-json\/wp\/v2\/media\/100030"}],"wp:attachment":[{"href":"https:\/\/isarta.com\/infos\/wp-json\/wp\/v2\/media?parent=100015"}],"wp:term":[{"taxonomy":"category","embeddable":true,"href":"https:\/\/isarta.com\/infos\/wp-json\/wp\/v2\/categories?post=100015"},{"taxonomy":"post_tag","embeddable":true,"href":"https:\/\/isarta.com\/infos\/wp-json\/wp\/v2\/tags?post=100015"}],"curies":[{"name":"wp","href":"https:\/\/api.w.org\/{rel}","templated":true}]}}