{"id":103208,"date":"2024-08-16T06:00:00","date_gmt":"2024-08-16T10:00:00","guid":{"rendered":"https:\/\/isarta.com\/infos\/?p=103208"},"modified":"2024-08-30T08:39:17","modified_gmt":"2024-08-30T12:39:17","slug":"isarta-lance-ses-nouvelles-formations-du-printemps-2","status":"publish","type":"post","link":"https:\/\/isarta.com\/infos\/isarta-lance-ses-nouvelles-formations-du-printemps-2\/","title":{"rendered":"Isarta Formations fait le plein de nouveaut\u00e9s \u00e0 la rentr\u00e9e"},"content":{"rendered":"<figure class=\"wp-block-image size-large\"><img loading=\"lazy\" width=\"1024\" height=\"683\" src=\"https:\/\/isarta.com\/infos\/wp-content\/uploads\/2024\/08\/pexels-julia-m-cameron-4144923-1024x683.jpg\" alt=\"\" class=\"wp-image-104737\" srcset=\"https:\/\/isarta.com\/infos\/wp-content\/uploads\/2024\/08\/pexels-julia-m-cameron-4144923-1024x683.jpg 1024w, https:\/\/isarta.com\/infos\/wp-content\/uploads\/2024\/08\/pexels-julia-m-cameron-4144923-300x200.jpg 300w, https:\/\/isarta.com\/infos\/wp-content\/uploads\/2024\/08\/pexels-julia-m-cameron-4144923-768x512.jpg 768w, https:\/\/isarta.com\/infos\/wp-content\/uploads\/2024\/08\/pexels-julia-m-cameron-4144923-272x182.jpg 272w, https:\/\/isarta.com\/infos\/wp-content\/uploads\/2024\/08\/pexels-julia-m-cameron-4144923.jpg 1280w\" sizes=\"(max-width: 1024px) 100vw, 1024px\" \/><\/figure>\n<p>21 ao\u00fbt 2024<\/p>\n<p><strong>Une nouvelle programmation, des formats innovants, des contenus sur les derni\u00e8res tendances&#8230; Isarta Formations d\u00e9voile ses nouveaut\u00e9s \u00e0 partir de septembre ! L&rsquo;occasion de d\u00e9velopper ses comp\u00e9tences professionnelles en communication, marketing, num\u00e9rique, r\u00e9seaux sociaux, d\u00e9veloppement des affaires, gestion et RH.<\/strong><\/p>\n<p><strong><em>Nouveau<\/em> &#8211; Des parcours de formation pour se perfectionner sans tracas ni perte de temps<\/strong><\/p>\n<p>En cette rentr\u00e9e, Isarta vous propose des nouveaux parcours de formations cl\u00e9 en main, adapt\u00e9s aux novices comme aux experts.<\/p>\n<p>Le principe est simple : vous choisissez votre parcours parmi la vingtaine du catalogue (intelligence artificielle, marketing, m\u00e9dias sociaux etc.). Vous b\u00e9n\u00e9ficiez alors de rabais tr\u00e8s avantageux sur les formations propos\u00e9es !<\/p>\n<p class=\"has-text-align-center\"><strong><a rel=\"noreferrer noopener\" href=\"https:\/\/formations.isarta.com\/parcours?utm_source=Isarta_Infos\" target=\"_blank\">Je d\u00e9couvre les parcours de formation<\/a><\/strong><\/p>\n<div class=\"wp-block-image\">\n<figure class=\"aligncenter size-large\"><a href=\"https:\/\/formations.isarta.com\/parcours?utm_source=Isarta_Infos\" target=\"_blank\" rel=\"noopener\"><img loading=\"lazy\" width=\"600\" height=\"400\" src=\"https:\/\/isarta.com\/infos\/wp-content\/uploads\/2024\/06\/Nouveaute\u0301.jpg\" alt=\"\" class=\"wp-image-104353\" srcset=\"https:\/\/isarta.com\/infos\/wp-content\/uploads\/2024\/06\/Nouveaute\u0301.jpg 600w, https:\/\/isarta.com\/infos\/wp-content\/uploads\/2024\/06\/Nouveaute\u0301-300x200.jpg 300w, https:\/\/isarta.com\/infos\/wp-content\/uploads\/2024\/06\/Nouveaute\u0301-272x182.jpg 272w\" sizes=\"(max-width: 600px) 100vw, 600px\" \/><\/a><\/figure>\n<\/div>\n<p><strong><em>Nouveau<\/em> &#8211; Les ateliers pour se former en collaborant<\/strong><\/p>\n<p>Autre nouveaut\u00e9 de la rentr\u00e9e sur Isarta Formations : les ateliers pratiques et cr\u00e9atifs ! Ax\u00e9 sur la collaboration et la productivit\u00e9, ce nouveau format en pr\u00e9sentiel \u00e0 Montr\u00e9al vous permet d&rsquo;apprendre en pensant ensemble en dehors de la bo\u00eete et de repartir avec votre plan d&rsquo;action\u2009!<\/p>\n<p>Afin de vous permettre de d\u00e9couvrir ces ateliers, Isarta vous offre un rabais de 20 % avec le code ATELIER20. Une offre promotionnelle valable jusqu&rsquo;au 23 septembre !<\/p>\n<p class=\"has-text-align-center\"><strong><a rel=\"noreferrer noopener\" href=\"https:\/\/formations.isarta.com\/ateliers?utm_source=Isarta_Infos\" target=\"_blank\">Je d\u00e9couvre les ateliers <\/a><\/strong><\/p>\n<div class=\"wp-block-image\">\n<figure class=\"aligncenter size-large\"><a href=\"https:\/\/formations.isarta.com\/ateliers?utm_source=Isarta_Infos\" target=\"_blank\" rel=\"noopener\"><img loading=\"lazy\" width=\"300\" height=\"200\" src=\"https:\/\/isarta.com\/infos\/wp-content\/uploads\/2024\/07\/300-X-200.jpg\" alt=\"\" class=\"wp-image-104453\" srcset=\"https:\/\/isarta.com\/infos\/wp-content\/uploads\/2024\/07\/300-X-200.jpg 300w, https:\/\/isarta.com\/infos\/wp-content\/uploads\/2024\/07\/300-X-200-272x182.jpg 272w\" sizes=\"(max-width: 300px) 100vw, 300px\" \/><\/a><\/figure>\n<\/div>\n<p><strong>Les formations en entreprise font peau neuve<\/strong><\/p>\n<p>Nouveau design pour les formations en entreprise. Vous souhaitez profiter des avantages de Isarta Formations au sein de votre entreprise ? Rien de plus simple d\u00e9sormais avec notre nouvelle page encore plus ergonomique pour trouver le programme qui correspond le mieux \u00e0 vos collaborateurs.<\/p>\n<p class=\"has-text-align-center\"><a rel=\"noreferrer noopener\" href=\"https:\/\/formations.isarta.com\/corporate?utm_source=Isarta_Infos\" target=\"_blank\"><strong>Je d\u00e9couvre les formations en entreprise<\/strong><\/a><\/p>\n<p><strong>Une nouvelle programmation pour la rentr\u00e9e<\/strong><\/p>\n<p>Avec son <a rel=\"noreferrer noopener\" href=\"https:\/\/isarta.com\/jobs\/?job=&amp;cat=&amp;utm_source=Isarta_Infos\" target=\"_blank\">site d&#8217;emplois<\/a> et son <a rel=\"noreferrer noopener\" href=\"https:\/\/isarta.com\/infos\/\" target=\"_blank\">site de nouvelles<\/a> sp\u00e9cialis\u00e9s, Isarta est votre v\u00e9ritable partenaire de carri\u00e8re, tout au long de la vie professionnelle des sp\u00e9cialistes en marketing, communication, gestion, d\u00e9veloppement des affaires et RH. <\/p>\n<p>Isarta Formations repose sur une formule qui a fait ses preuves :<\/p>\n<ul>\n<li>Des&nbsp;<strong>formateurs professionnels exp\u00e9riment\u00e9s<\/strong>, disposant d\u2019une solide exp\u00e9rience sur le terrain et des qualit\u00e9s de p\u00e9dagogues,<\/li>\n<li>Des&nbsp;<strong>apprentissages concrets<\/strong>, applicables d\u00e8s le lendemain dans son entreprise,<\/li>\n<li>Des&nbsp;<strong>sessions de courte dur\u00e9e<\/strong>, sur la journ\u00e9e ou la demi-journ\u00e9e,<\/li>\n<li>Des&nbsp;<strong>petits groupes<\/strong>&nbsp;pour un meilleur \u00e9change entre participants et le formateur<\/li>\n<li>La possibilit\u00e9 de suivre la formation \u00e0 distance, en&nbsp;<strong>webdiffusion avec acc\u00e8s \u00e0 l&rsquo;enregistrement pendant 30 jours<\/strong><\/li>\n<\/ul>\n<p>\u00c0 noter :<span style=\"font-family: -apple-system, BlinkMacSystemFont, &quot;Segoe UI&quot;, Roboto, Oxygen-Sans, Ubuntu, Cantarell, &quot;Helvetica Neue&quot;, sans-serif;\"> les formations d&rsquo;Isarta sont admissibles au&nbsp;<\/span><a rel=\"noreferrer noopener\" style=\"font-family: -apple-system, BlinkMacSystemFont, &quot;Segoe UI&quot;, Roboto, Oxygen-Sans, Ubuntu, Cantarell, &quot;Helvetica Neue&quot;, sans-serif;\" target=\"_blank\" href=\"https:\/\/www.quebec.ca\/entreprises-et-travailleurs-autonomes\/administrer-gerer\/embauche-gestion-personnel\/former-main-oeuvre\/developper-competences\">programme de formation de la main-d&rsquo;\u0153uvre&nbsp;<\/a><span style=\"font-family: -apple-system, BlinkMacSystemFont, &quot;Segoe UI&quot;, Roboto, Oxygen-Sans, Ubuntu, Cantarell, &quot;Helvetica Neue&quot;, sans-serif;\">ainsi qu&rsquo;aux divers&nbsp;<\/span><a rel=\"noreferrer noopener\" style=\"font-family: -apple-system, BlinkMacSystemFont, &quot;Segoe UI&quot;, Roboto, Oxygen-Sans, Ubuntu, Cantarell, &quot;Helvetica Neue&quot;, sans-serif;\" target=\"_blank\" href=\"https:\/\/www.cpmt.gouv.qc.ca\/promoteurs-de-projets-de-formation\/programmes-daide-financiere\/\">Programmes d&rsquo;aide financi\u00e8re<\/a>, et sont \u00e9ligibles \u00e0 la loi du 1 %.<\/p>\n<p>D\u00e9couvrez nos nouvelles formations  :<\/p>\n<ul>\n<li><strong>Intelligence artificielle<\/strong><\/li>\n<\/ul>\n<div class=\" content_cards_card content_cards_domain_formations-isarta-com\">\n<div class=\"content_cards_image\">\n            <a class=\"content_cards_image_link\" href=\"https:\/\/formations.isarta.com\/cours\/marketing-ia-batir-une-campagne-marketing-de-a-a-z\/34?utm_source=Isarta_Infos\" target=\"_blank\"><img src=\"https:\/\/formations.isarta.com\/images\/entete.jpg\" alt=\"Formations en IA - Intelligence artificielle - En ligne, Qu\u00e9bec, Montr\u00e9al | Isarta\"><\/a>\n\t\t<\/div>\n<div class=\"content_cards_title\">\n\t\t<a class=\"content_cards_title_link\" href=\"https:\/\/formations.isarta.com\/cours\/marketing-ia-batir-une-campagne-marketing-de-a-a-z\/34?utm_source=Isarta_Infos\" target=\"_blank\">Formations en IA &#8211; Intelligence artificielle &#8211; En ligne, Qu\u00e9bec, Montr\u00e9al | Isarta<\/a>\n\t<\/div>\n<div class=\"content_cards_description\">\n\t\t<a class=\"content_cards_description_link\" href=\"https:\/\/formations.isarta.com\/cours\/marketing-ia-batir-une-campagne-marketing-de-a-a-z\/34?utm_source=Isarta_Infos\" target=\"_blank\"><\/p>\n<p>Formations en marketing, communication, num\u00e9rique, digital, r\u00e9seaux sociaux. Classes virtuelles (webinaires interactifs \u00e0 distance), en salle ou en entreprise. Montr\u00e9al et partout au Qu\u00e9bec.<\/p>\n<p>\t\t<\/a>\n\t<\/div>\n<\/div>\n<div class=\" content_cards_card content_cards_domain_formations-isarta-com\">\n<div class=\"content_cards_image\">\n            <a class=\"content_cards_image_link\" href=\"https:\/\/formations.isarta.com\/cours\/chatgpt-methodes-requetes-types-et-autres-astuces\/34?utm_source=Isarta_Infos\" target=\"_blank\"><img src=\"https:\/\/formations.isarta.com\/assets\/images\/6d\/6d56b4_ChatGPT-CoPilot-Gemini-2.jpg\" alt=\"ChatGPT, CoPilot, Gemini : Ma\u00eetriser l&#039;IA g\u00e9n\u00e9rative | Formations Isarta\"><\/a>\n\t\t<\/div>\n<div class=\"content_cards_title\">\n\t\t<a class=\"content_cards_title_link\" href=\"https:\/\/formations.isarta.com\/cours\/chatgpt-methodes-requetes-types-et-autres-astuces\/34?utm_source=Isarta_Infos\" target=\"_blank\">ChatGPT, CoPilot, Gemini : Ma\u00eetriser l&rsquo;IA g\u00e9n\u00e9rative | Formations Isarta<\/a>\n\t<\/div>\n<div class=\"content_cards_description\">\n\t\t<a class=\"content_cards_description_link\" href=\"https:\/\/formations.isarta.com\/cours\/chatgpt-methodes-requetes-types-et-autres-astuces\/34?utm_source=Isarta_Infos\" target=\"_blank\"><\/p>\n<p>Exploitez ChatGPT, CoPilot, Gemini et d&#039;autres LLMs pour amplifier vos efforts, optimiser vos processus et gagner un temps pr\u00e9cieux<\/p>\n<p>\t\t<\/a>\n\t<\/div>\n<\/div>\n<div class=\" content_cards_card content_cards_domain_formations-isarta-com\">\n<div class=\"content_cards_image\">\n            <a class=\"content_cards_image_link\" href=\"https:\/\/formations.isarta.com\/cours\/ia-responsabilite-droit-dauteur-et-protection-des-renseignements-personnels\/68?utm_source=Isarta_Infos\" target=\"_blank\"><img src=\"https:\/\/formations.isarta.com\/assets\/images\/dd\/dd2cad_IA-responsabilit-.jpg\" alt=\"IA et droit : responsabilit\u00e9, protection des donn\u00e9es et droit d\u2019auteur | Formations Isarta\"><\/a>\n\t\t<\/div>\n<div class=\"content_cards_title\">\n\t\t<a class=\"content_cards_title_link\" href=\"https:\/\/formations.isarta.com\/cours\/ia-responsabilite-droit-dauteur-et-protection-des-renseignements-personnels\/68?utm_source=Isarta_Infos\" target=\"_blank\">IA et droit : responsabilit\u00e9, protection des donn\u00e9es et droit d\u2019auteur | Formations Isarta<\/a>\n\t<\/div>\n<div class=\"content_cards_description\">\n\t\t<a class=\"content_cards_description_link\" href=\"https:\/\/formations.isarta.com\/cours\/ia-responsabilite-droit-dauteur-et-protection-des-renseignements-personnels\/68?utm_source=Isarta_Infos\" target=\"_blank\"><\/p>\n<p>Explorez les d\u00e9fis juridiques de l&#039;IA avec une analyse de la responsabilit\u00e9 civile, du droit d\u2019auteur et de la protection des renseignements<\/p>\n<p>\t\t<\/a>\n\t<\/div>\n<\/div>\n<ul>\n<li><strong>Marketing Web<\/strong><\/li>\n<\/ul>\n<div class=\" content_cards_card content_cards_domain_formations-isarta-com\">\n<div class=\"content_cards_image\">\n            <a class=\"content_cards_image_link\" href=\"https:\/\/formations.isarta.com\/cours\/loi-canadienne-anti-pourriel-envoyez-des-courriels-en-toute-legalite\/68?utm_source=Isarta_Infos\" target=\"_blank\"><img src=\"https:\/\/formations.isarta.com\/assets\/images\/6c\/6c1505_Loi-canadienne-anti-pourriel.jpg\" alt=\"Loi canadienne anti-pourriel : Envoyez des courriels en toute l\u00e9galit\u00e9 | Formations Isarta\"><\/a>\n\t\t<\/div>\n<div class=\"content_cards_title\">\n\t\t<a class=\"content_cards_title_link\" href=\"https:\/\/formations.isarta.com\/cours\/loi-canadienne-anti-pourriel-envoyez-des-courriels-en-toute-legalite\/68?utm_source=Isarta_Infos\" target=\"_blank\">Loi canadienne anti-pourriel : Envoyez des courriels en toute l\u00e9galit\u00e9 | Formations Isarta<\/a>\n\t<\/div>\n<div class=\"content_cards_description\">\n\t\t<a class=\"content_cards_description_link\" href=\"https:\/\/formations.isarta.com\/cours\/loi-canadienne-anti-pourriel-envoyez-des-courriels-en-toute-legalite\/68?utm_source=Isarta_Infos\" target=\"_blank\"><\/p>\n<p>Explorez les exigences l\u00e9gales de la loi anti-spam pour une mise en place de bonnes pratiques en mati\u00e8re de consentement et de courriel<\/p>\n<p>\t\t<\/a>\n\t<\/div>\n<\/div>\n<div class=\" content_cards_card content_cards_domain_formations-isarta-com\">\n<div class=\"content_cards_image\">\n            <a class=\"content_cards_image_link\" href=\"https:\/\/formations.isarta.com\/catalog\/1905?utm_source=Isarta_Infos\" target=\"_blank\"><img src=\"https:\/\/formations.isarta.com\/assets\/images\/99\/9963e0_google-ad-grants-1024x285-1024x285.png\" alt=\"Google Ad Grants \u2013 Les bases | Formations Isarta\"><\/a>\n\t\t<\/div>\n<div class=\"content_cards_title\">\n\t\t<a class=\"content_cards_title_link\" href=\"https:\/\/formations.isarta.com\/catalog\/1905?utm_source=Isarta_Infos\" target=\"_blank\">Google Ad Grants \u2013 Les bases | Formations Isarta<\/a>\n\t<\/div>\n<div class=\"content_cards_description\">\n\t\t<a class=\"content_cards_description_link\" href=\"https:\/\/formations.isarta.com\/catalog\/1905?utm_source=Isarta_Infos\" target=\"_blank\"><\/p>\n<p>D\u00e9couvrez les fonctions essentielles de Google Ad Grants, la version Google Ads pour les OBNL<\/p>\n<p>\t\t<\/a>\n\t<\/div>\n<\/div>\n<ul>\n<li><strong>M\u00e9dias sociaux<\/strong><\/li>\n<\/ul>\n<div class=\" content_cards_card content_cards_domain_formations-isarta-com\">\n<div class=\"content_cards_image\">\n            <a class=\"content_cards_image_link\" href=\"https:\/\/formations.isarta.com\/cours\/atelier-creation-video-pour-les-reseaux-sociaux\/9?utm_source=Isarta_Infos\" target=\"_blank\"><img src=\"https:\/\/formations.isarta.com\/assets\/images\/ae\/ae63d6_Cr-ation-de-contenu-vid-o-pour-les-m-dias-sociaux.jpg\" alt=\"Atelier : Cr\u00e9ation vid\u00e9o pour les r\u00e9seaux sociaux - Captivez l&#039;attention avec des contenus courts et tendance sur les M\u00e9dias Sociaux | Formation Isarta\"><\/a>\n\t\t<\/div>\n<div class=\"content_cards_title\">\n\t\t<a class=\"content_cards_title_link\" href=\"https:\/\/formations.isarta.com\/cours\/atelier-creation-video-pour-les-reseaux-sociaux\/9?utm_source=Isarta_Infos\" target=\"_blank\">Atelier : Cr\u00e9ation vid\u00e9o pour les r\u00e9seaux sociaux &#8211; Captivez l&rsquo;attention avec des contenus courts et tendance sur les M\u00e9dias Sociaux | Formation Isarta<\/a>\n\t<\/div>\n<div class=\"content_cards_description\">\n\t\t<a class=\"content_cards_description_link\" href=\"https:\/\/formations.isarta.com\/cours\/atelier-creation-video-pour-les-reseaux-sociaux\/9?utm_source=Isarta_Infos\" target=\"_blank\"><\/p>\n<p>Atelier pratique et cr\u00e9atif. Apprenez \u00e0 cr\u00e9er des vid\u00e9os tendances courtes et \u00e0 exploiter les fonctionnalit\u00e9s natives de TikTok et Instagram<\/p>\n<p>\t\t<\/a>\n\t<\/div>\n<\/div>\n<div class=\" content_cards_card content_cards_domain_formations-isarta-com\">\n<div class=\"content_cards_image\">\n            <a class=\"content_cards_image_link\" href=\"https:\/\/formations.isarta.com\/cours\/atelier-revitalisez-votre-calendrier-de-contenu-medias-sociaux\/9?utm_source=Isarta_Infos\" target=\"_blank\"><img src=\"https:\/\/formations.isarta.com\/assets\/images\/54\/54ab4d_Atelier-calendrier-de-contenu-m-dias-sociaux.jpg\" alt=\"Atelier : Revitalisez votre calendrier de contenu m\u00e9dias sociaux - Une refonte pour relancer votre strat\u00e9gie de contenu  | Formation Isarta\"><\/a>\n\t\t<\/div>\n<div class=\"content_cards_title\">\n\t\t<a class=\"content_cards_title_link\" href=\"https:\/\/formations.isarta.com\/cours\/atelier-revitalisez-votre-calendrier-de-contenu-medias-sociaux\/9?utm_source=Isarta_Infos\" target=\"_blank\">Atelier : Revitalisez votre calendrier de contenu m\u00e9dias sociaux &#8211; Une refonte pour relancer votre strat\u00e9gie de contenu  | Formation Isarta<\/a>\n\t<\/div>\n<div class=\"content_cards_description\">\n\t\t<a class=\"content_cards_description_link\" href=\"https:\/\/formations.isarta.com\/cours\/atelier-revitalisez-votre-calendrier-de-contenu-medias-sociaux\/9?utm_source=Isarta_Infos\" target=\"_blank\"><\/p>\n<p>Atelier pratique et cr\u00e9atif. Renouvelez votre strat\u00e9gie de contenu pour augmenter l\u2019engagement aupr\u00e8s de vos audiences<\/p>\n<p>\t\t<\/a>\n\t<\/div>\n<\/div>\n<ul>\n<li><strong>Communication<\/strong><\/li>\n<\/ul>\n<div class=\" content_cards_card content_cards_domain_formations-isarta-com\">\n<div class=\"content_cards_image\">\n            <a class=\"content_cards_image_link\" href=\"https:\/\/formations.isarta.com\/cours\/storytelling-augmenter-limpact-de-vos-presentations-orales\/43?utm_source=Isarta_Infos\" target=\"_blank\"><img src=\"https:\/\/formations.isarta.com\/assets\/images\/ce\/ce92d5_Storytelling-oral.jpg\" alt=\"Storytelling : Augmenter l&#039;impact de vos pr\u00e9sentations orales | Formations Isarta\"><\/a>\n\t\t<\/div>\n<div class=\"content_cards_title\">\n\t\t<a class=\"content_cards_title_link\" href=\"https:\/\/formations.isarta.com\/cours\/storytelling-augmenter-limpact-de-vos-presentations-orales\/43?utm_source=Isarta_Infos\" target=\"_blank\">Storytelling : Augmenter l&rsquo;impact de vos pr\u00e9sentations orales | Formations Isarta<\/a>\n\t<\/div>\n<div class=\"content_cards_description\">\n\t\t<a class=\"content_cards_description_link\" href=\"https:\/\/formations.isarta.com\/cours\/storytelling-augmenter-limpact-de-vos-presentations-orales\/43?utm_source=Isarta_Infos\" target=\"_blank\"><\/p>\n<p>Int\u00e9grez le storytelling \u00e0 vos pr\u00e9sentations pour transmettre des messages plus percutants et m\u00e9morables<\/p>\n<p>\t\t<\/a>\n\t<\/div>\n<\/div>\n<ul>\n<li><strong>Gestion et leadership<\/strong><\/li>\n<\/ul>\n<div class=\" content_cards_card content_cards_domain_formations-isarta-com\">\n<div class=\"content_cards_image\">\n            <a class=\"content_cards_image_link\" href=\"https:\/\/formations.isarta.com\/cours\/equipes-neurodiverses-optimiser-votre-gestion-et-votre-collaboration\/34?utm_source=Isarta_Infos\" target=\"_blank\"><img src=\"https:\/\/formations.isarta.com\/assets\/images\/11\/1130f9_-quipes-neurodiverses-.jpg\" alt=\"Leadership inclusif : mieux g\u00e9rer la neurodiversit\u00e9 | Formations Isarta\"><\/a>\n\t\t<\/div>\n<div class=\"content_cards_title\">\n\t\t<a class=\"content_cards_title_link\" href=\"https:\/\/formations.isarta.com\/cours\/equipes-neurodiverses-optimiser-votre-gestion-et-votre-collaboration\/34?utm_source=Isarta_Infos\" target=\"_blank\">Leadership inclusif : mieux g\u00e9rer la neurodiversit\u00e9 | Formations Isarta<\/a>\n\t<\/div>\n<div class=\"content_cards_description\">\n\t\t<a class=\"content_cards_description_link\" href=\"https:\/\/formations.isarta.com\/cours\/equipes-neurodiverses-optimiser-votre-gestion-et-votre-collaboration\/34?utm_source=Isarta_Infos\" target=\"_blank\"><\/p>\n<p>Valorisez les diff\u00e9rences neurologiques pour cr\u00e9er un environnement de travail innovant et performant<\/p>\n<p>\t\t<\/a>\n\t<\/div>\n<\/div>\n<div class=\" content_cards_card content_cards_domain_formations-isarta-com\">\n<div class=\"content_cards_image\">\n            <a class=\"content_cards_image_link\" href=\"https:\/\/formations.isarta.com\/cours\/atelier-leadership-nouvelle-vague-competences-emotionnelles-et-organisation\/52?utm_source=Isarta_Infos\" target=\"_blank\"><img src=\"https:\/\/formations.isarta.com\/images\/entete.jpg\" alt=\"Formations en Gestion &amp; Leadership - En ligne, Qu\u00e9bec, Montr\u00e9al | Isarta\"><\/a>\n\t\t<\/div>\n<div class=\"content_cards_title\">\n\t\t<a class=\"content_cards_title_link\" href=\"https:\/\/formations.isarta.com\/cours\/atelier-leadership-nouvelle-vague-competences-emotionnelles-et-organisation\/52?utm_source=Isarta_Infos\" target=\"_blank\">Formations en Gestion &amp; Leadership &#8211; En ligne, Qu\u00e9bec, Montr\u00e9al | Isarta<\/a>\n\t<\/div>\n<div class=\"content_cards_description\">\n\t\t<a class=\"content_cards_description_link\" href=\"https:\/\/formations.isarta.com\/cours\/atelier-leadership-nouvelle-vague-competences-emotionnelles-et-organisation\/52?utm_source=Isarta_Infos\" target=\"_blank\"><\/p>\n<p>Formations en marketing, communication, num\u00e9rique, digital, r\u00e9seaux sociaux. Classes virtuelles (webinaires interactifs \u00e0 distance), en salle ou en entreprise. Montr\u00e9al et partout au Qu\u00e9bec.<\/p>\n<p>\t\t<\/a>\n\t<\/div>\n<\/div>\n<div class=\" content_cards_card content_cards_domain_formations-isarta-com\">\n<div class=\"content_cards_image\">\n            <a class=\"content_cards_image_link\" href=\"https:\/\/formations.isarta.com\/cours\/atelier-leadership-nouvelle-vague-adn-leadership-dimpact\/52?utm_source=Isarta_Infos\" target=\"_blank\"><img src=\"https:\/\/formations.isarta.com\/images\/entete.jpg\" alt=\"Formations en Gestion &amp; Leadership - En ligne, Qu\u00e9bec, Montr\u00e9al | Isarta\"><\/a>\n\t\t<\/div>\n<div class=\"content_cards_title\">\n\t\t<a class=\"content_cards_title_link\" href=\"https:\/\/formations.isarta.com\/cours\/atelier-leadership-nouvelle-vague-adn-leadership-dimpact\/52?utm_source=Isarta_Infos\" target=\"_blank\">Formations en Gestion &amp; Leadership &#8211; En ligne, Qu\u00e9bec, Montr\u00e9al | Isarta<\/a>\n\t<\/div>\n<div class=\"content_cards_description\">\n\t\t<a class=\"content_cards_description_link\" href=\"https:\/\/formations.isarta.com\/cours\/atelier-leadership-nouvelle-vague-adn-leadership-dimpact\/52?utm_source=Isarta_Infos\" target=\"_blank\"><\/p>\n<p>Formations en marketing, communication, num\u00e9rique, digital, r\u00e9seaux sociaux. Classes virtuelles (webinaires interactifs \u00e0 distance), en salle ou en entreprise. Montr\u00e9al et partout au Qu\u00e9bec.<\/p>\n<p>\t\t<\/a>\n\t<\/div>\n<\/div>\n<div class=\" content_cards_card content_cards_domain_formations-isarta-com\">\n<div class=\"content_cards_image\">\n            <a class=\"content_cards_image_link\" href=\"https:\/\/formations.isarta.com\/cours\/gerez-les-processus-pas-les-employes\/90?utm_source=Isarta_Infos\" target=\"_blank\"><img src=\"https:\/\/formations.isarta.com\/assets\/images\/62\/620fe3_G-rez-les-processus-pas-les-employ-s.jpg\" alt=\"Gestion de performance &amp; leadership : optimiser l&#039;\u00e9valuation des processus | Formations Isarta\"><\/a>\n\t\t<\/div>\n<div class=\"content_cards_title\">\n\t\t<a class=\"content_cards_title_link\" href=\"https:\/\/formations.isarta.com\/cours\/gerez-les-processus-pas-les-employes\/90?utm_source=Isarta_Infos\" target=\"_blank\">Gestion de performance &#038; leadership : optimiser l&rsquo;\u00e9valuation des processus | Formations Isarta<\/a>\n\t<\/div>\n<div class=\"content_cards_description\">\n\t\t<a class=\"content_cards_description_link\" href=\"https:\/\/formations.isarta.com\/cours\/gerez-les-processus-pas-les-employes\/90?utm_source=Isarta_Infos\" target=\"_blank\"><\/p>\n<p>Transformez votre approche manag\u00e9riale et d\u00e9couvrez comment obtenir des r\u00e9sultats durables et mesurables<\/p>\n<p>\t\t<\/a>\n\t<\/div>\n<\/div>\n<div class=\" content_cards_card content_cards_domain_formations-isarta-com\">\n<div class=\"content_cards_image\">\n            <a class=\"content_cards_image_link\" href=\"https:\/\/formations.isarta.com\/cours\/resolution-de-problemes-dans-un-monde-complexe\/90?utm_source=Isarta_Infos\" target=\"_blank\"><img src=\"https:\/\/formations.isarta.com\/images\/entete.jpg\" alt=\"Formations en Savoir \u00eatre \/ Soft skills - En ligne, Qu\u00e9bec, Montr\u00e9al | Isarta\"><\/a>\n\t\t<\/div>\n<div class=\"content_cards_title\">\n\t\t<a class=\"content_cards_title_link\" href=\"https:\/\/formations.isarta.com\/cours\/resolution-de-problemes-dans-un-monde-complexe\/90?utm_source=Isarta_Infos\" target=\"_blank\">Formations en Savoir \u00eatre \/ Soft skills &#8211; En ligne, Qu\u00e9bec, Montr\u00e9al | Isarta<\/a>\n\t<\/div>\n<div class=\"content_cards_description\">\n\t\t<a class=\"content_cards_description_link\" href=\"https:\/\/formations.isarta.com\/cours\/resolution-de-problemes-dans-un-monde-complexe\/90?utm_source=Isarta_Infos\" target=\"_blank\"><\/p>\n<p>Formations en marketing, communication, num\u00e9rique, digital, r\u00e9seaux sociaux. Classes virtuelles (webinaires interactifs \u00e0 distance), en salle ou en entreprise. Montr\u00e9al et partout au Qu\u00e9bec.<\/p>\n<p>\t\t<\/a>\n\t<\/div>\n<\/div>\n<div class=\" content_cards_card content_cards_domain_formations-isarta-com\">\n<div class=\"content_cards_image\">\n            <a class=\"content_cards_image_link\" href=\"https:\/\/formations.isarta.com\/cours\/briser-les-silos-atteindre-lefficacite\/90?utm_source=Isarta_Infos\" target=\"_blank\"><img src=\"https:\/\/formations.isarta.com\/images\/entete.jpg\" alt=\"Formations en Gestion &amp; Leadership - En ligne, Qu\u00e9bec, Montr\u00e9al | Isarta\"><\/a>\n\t\t<\/div>\n<div class=\"content_cards_title\">\n\t\t<a class=\"content_cards_title_link\" href=\"https:\/\/formations.isarta.com\/cours\/briser-les-silos-atteindre-lefficacite\/90?utm_source=Isarta_Infos\" target=\"_blank\">Formations en Gestion &amp; Leadership &#8211; En ligne, Qu\u00e9bec, Montr\u00e9al | Isarta<\/a>\n\t<\/div>\n<div class=\"content_cards_description\">\n\t\t<a class=\"content_cards_description_link\" href=\"https:\/\/formations.isarta.com\/cours\/briser-les-silos-atteindre-lefficacite\/90?utm_source=Isarta_Infos\" target=\"_blank\"><\/p>\n<p>Formations en marketing, communication, num\u00e9rique, digital, r\u00e9seaux sociaux. Classes virtuelles (webinaires interactifs \u00e0 distance), en salle ou en entreprise. Montr\u00e9al et partout au Qu\u00e9bec.<\/p>\n<p>\t\t<\/a>\n\t<\/div>\n<\/div>\n<ul>\n<li><strong>D\u00e9veloppement des affaires<\/strong><\/li>\n<\/ul>\n<div class=\" content_cards_card content_cards_domain_formations-isarta-com\">\n<div class=\"content_cards_image\">\n            <a class=\"content_cards_image_link\" href=\"https:\/\/formations.isarta.com\/cours\/gerer-son-entreprise-strategies-juridiques-contrats-propriete-intellectuelle\/68?utm_source=Isarta_Infos\" target=\"_blank\"><img src=\"https:\/\/formations.isarta.com\/images\/entete.jpg\" alt=\"Formations en D\u00e9veloppement des affaires - En ligne, Qu\u00e9bec, Montr\u00e9al | Isarta\"><\/a>\n\t\t<\/div>\n<div class=\"content_cards_title\">\n\t\t<a class=\"content_cards_title_link\" href=\"https:\/\/formations.isarta.com\/cours\/gerer-son-entreprise-strategies-juridiques-contrats-propriete-intellectuelle\/68?utm_source=Isarta_Infos\" target=\"_blank\">Formations en D\u00e9veloppement des affaires &#8211; En ligne, Qu\u00e9bec, Montr\u00e9al | Isarta<\/a>\n\t<\/div>\n<div class=\"content_cards_description\">\n\t\t<a class=\"content_cards_description_link\" href=\"https:\/\/formations.isarta.com\/cours\/gerer-son-entreprise-strategies-juridiques-contrats-propriete-intellectuelle\/68?utm_source=Isarta_Infos\" target=\"_blank\"><\/p>\n<p>Formations en marketing, communication, num\u00e9rique, digital, r\u00e9seaux sociaux. Classes virtuelles (webinaires interactifs \u00e0 distance), en salle ou en entreprise. Montr\u00e9al et partout au Qu\u00e9bec.<\/p>\n<p>\t\t<\/a>\n\t<\/div>\n<\/div>\n<p><strong>Les podcasts et les Midi-express pour se former en continu<\/strong><\/p>\n<p>En plus de ces formations traditionnelles, Isarta Formations a d\u00e9velopp\u00e9 diff\u00e9rents rendez-vous pour prolonger les apprentissages en ligne. D&rsquo;une part, par le biais des d<a rel=\"noreferrer noopener\" target=\"_blank\" href=\"https:\/\/formations.isarta.com\/midi-express\">es Midis-Express<\/a>, des \u00ab\u00a0Lunch &amp; Learn \u00bb gratuits offerts les vendredis une fois par mois. <\/p>\n<p>D&rsquo;autre part, gr\u00e2ce \u00e0 une s\u00e9rie de balados th\u00e9matiques :<\/p>\n<ul id=\"block-441617c4-3d71-47c4-af56-5c05ef03fb2a\">\n<li>Le <a rel=\"noreferrer noopener\" href=\"https:\/\/formations.isarta.com\/podcast\/social-show\" target=\"_blank\"><strong>Social Show<\/strong><\/a>, anim\u00e9 par Francis Jett\u00e9, sur la cr\u00e9ation de contenus<\/li>\n<li><a rel=\"noreferrer noopener\" href=\"https:\/\/formations.isarta.com\/podcast\/bien-etre-numerique\" target=\"_blank\"><strong>On parle de bien-\u00eatre num\u00e9rique<\/strong><\/a>, avec Laurie Michel<\/li>\n<li>Et <a rel=\"noreferrer noopener\" href=\"https:\/\/formations.isarta.com\/podcast\/propulsez-affaires\" target=\"_blank\"><strong>Propulsez vos affaires<\/strong><\/a>, le nouveau rendez-vous de Vincent Fournier d\u00e9di\u00e9 \u00e0 la vente et aux affaires<\/li>\n<\/ul>\n<p>Bons apprentissages !<\/p>\n<div class=\"likebtn_container\" style=\"clear:both;text-align:center;\"><!-- LikeBtn.com BEGIN --><span class=\"likebtn-wrapper\"  data-identifier=\"post_103208\"  data-site_id=\"5cc1ecd16fd08b776710d1e9\"  data-theme=\"drop\"  data-btn_size=\"100\"  data-icon_l=\"false\"  data-icon_d=\"false\"  data-icon_l_url=\"https:\/\/isarta.com\/infos\/wp-content\/uploads\/2019\/04\/happy.png#64794\"  data-icon_d_url=\"https:\/\/isarta.com\/infos\/wp-content\/uploads\/2019\/04\/sleep.png#64796\"  data-icon_size=\"58\"  data-icon_l_c=\"#771414\"  data-bg_c=\"#ffffff\"  data-bg_c_v=\"#ffffff\"  data-brdr_c=\"#ffffff\"  data-f_size=\"11\"  data-f_family=\"Tahoma\"  data-counter_fs=\"b\"  data-lang=\"fr\"  data-ef_voting=\"wobble\"  data-dislike_enabled=\"false\"  data-counter_type=\"percent\"  data-counter_show=\"false\"  data-tooltip_enabled=\"false\"  data-tooltip_like_show_always=\"true\"  data-white_label=\"true\"  data-i18n_like=\"Aimer \/ Partager\"  data-i18n_dislike=\"Pas aim\u00e9\"  data-style=\"\"  data-unlike_allowed=\"\"  data-show_copyright=\"\"  data-item_url=\"https:\/\/isarta.com\/infos\/isarta-lance-ses-nouvelles-formations-du-printemps-2\/\"  data-item_title=\"Isarta Formations fait le plein de nouveaut\u00e9s \u00e0 la rentr\u00e9e\"  data-item_image=\"https:\/\/isarta.com\/infos\/wp-content\/uploads\/2024\/08\/pexels-julia-m-cameron-4144923-1024x683.jpg\"  data-item_date=\"2024-08-16T06:00:00-04:00\"  data-engine=\"WordPress\"  data-plugin_v=\"2.6.54\"  data-prx=\"https:\/\/isarta.com\/infos\/wp-admin\/admin-ajax.php?action=likebtn_prx\"  data-event_handler=\"likebtn_eh\" ><\/span><!-- LikeBtn.com END --><\/p>\n<hr size=\"3\"><\/div>\n","protected":false},"excerpt":{"rendered":"<p>Une nouvelle programmation, des formats innovants, des contenus sur les derni\u00e8res tendances&#8230; Isarta Formations d\u00e9voile ses nouveaut\u00e9s \u00e0 partir de septembre ! L&rsquo;occasion de d\u00e9velopper ses comp\u00e9tences professionnelles en communication, marketing, num\u00e9rique, r\u00e9seaux sociaux, d\u00e9veloppement des affaires, gestion et RH.<\/p>\n<div class=\"likebtn_container\" style=\"clear:both;text-align:center;\"><!-- LikeBtn.com BEGIN --><span class=\"likebtn-wrapper\"  data-identifier=\"post_103208\"  data-site_id=\"5cc1ecd16fd08b776710d1e9\"  data-theme=\"drop\"  data-btn_size=\"100\"  data-icon_l=\"false\"  data-icon_d=\"false\"  data-icon_l_url=\"https:\/\/isarta.com\/infos\/wp-content\/uploads\/2019\/04\/happy.png#64794\"  data-icon_d_url=\"https:\/\/isarta.com\/infos\/wp-content\/uploads\/2019\/04\/sleep.png#64796\"  data-icon_size=\"58\"  data-icon_l_c=\"#771414\"  data-bg_c=\"#ffffff\"  data-bg_c_v=\"#ffffff\"  data-brdr_c=\"#ffffff\"  data-f_size=\"11\"  data-f_family=\"Tahoma\"  data-counter_fs=\"b\"  data-lang=\"fr\"  data-ef_voting=\"wobble\"  data-dislike_enabled=\"false\"  data-counter_type=\"percent\"  data-counter_show=\"false\"  data-tooltip_enabled=\"false\"  data-tooltip_like_show_always=\"true\"  data-white_label=\"true\"  data-i18n_like=\"Aimer \/ Partager\"  data-i18n_dislike=\"Pas aim\u00e9\"  data-style=\"\"  data-unlike_allowed=\"\"  data-show_copyright=\"\"  data-item_url=\"https:\/\/isarta.com\/infos\/isarta-lance-ses-nouvelles-formations-du-printemps-2\/\"  data-item_title=\"Isarta Formations fait le plein de nouveaut\u00e9s \u00e0 la rentr\u00e9e\"  data-item_image=\"https:\/\/isarta.com\/infos\/wp-content\/uploads\/2024\/08\/pexels-julia-m-cameron-4144923-1024x683.jpg\"  data-item_date=\"2024-08-16T06:00:00-04:00\"  data-engine=\"WordPress\"  data-plugin_v=\"2.6.54\"  data-prx=\"https:\/\/isarta.com\/infos\/wp-admin\/admin-ajax.php?action=likebtn_prx\"  data-event_handler=\"likebtn_eh\" ><\/span><!-- LikeBtn.com END --><hr size=\"3\"><\/div>","protected":false},"author":23,"featured_media":104737,"comment_status":"closed","ping_status":"open","sticky":false,"template":"","format":"standard","meta":[],"categories":[730,175,137,1048],"tags":[372,705,896,984],"_links":{"self":[{"href":"https:\/\/isarta.com\/infos\/wp-json\/wp\/v2\/posts\/103208"}],"collection":[{"href":"https:\/\/isarta.com\/infos\/wp-json\/wp\/v2\/posts"}],"about":[{"href":"https:\/\/isarta.com\/infos\/wp-json\/wp\/v2\/types\/post"}],"author":[{"embeddable":true,"href":"https:\/\/isarta.com\/infos\/wp-json\/wp\/v2\/users\/23"}],"replies":[{"embeddable":true,"href":"https:\/\/isarta.com\/infos\/wp-json\/wp\/v2\/comments?post=103208"}],"version-history":[{"count":11,"href":"https:\/\/isarta.com\/infos\/wp-json\/wp\/v2\/posts\/103208\/revisions"}],"predecessor-version":[{"id":104790,"href":"https:\/\/isarta.com\/infos\/wp-json\/wp\/v2\/posts\/103208\/revisions\/104790"}],"wp:featuredmedia":[{"embeddable":true,"href":"https:\/\/isarta.com\/infos\/wp-json\/wp\/v2\/media\/104737"}],"wp:attachment":[{"href":"https:\/\/isarta.com\/infos\/wp-json\/wp\/v2\/media?parent=103208"}],"wp:term":[{"taxonomy":"category","embeddable":true,"href":"https:\/\/isarta.com\/infos\/wp-json\/wp\/v2\/categories?post=103208"},{"taxonomy":"post_tag","embeddable":true,"href":"https:\/\/isarta.com\/infos\/wp-json\/wp\/v2\/tags?post=103208"}],"curies":[{"name":"wp","href":"https:\/\/api.w.org\/{rel}","templated":true}]}}