{"id":103898,"date":"2024-05-22T07:00:00","date_gmt":"2024-05-22T11:00:00","guid":{"rendered":"https:\/\/isarta.com\/infos\/?p=103898"},"modified":"2024-05-21T12:22:10","modified_gmt":"2024-05-21T16:22:10","slug":"zone-franche-et-ymcm-rejoignent-le-groupe-drakkar","status":"publish","type":"post","link":"https:\/\/isarta.com\/infos\/zone-franche-et-ymcm-rejoignent-le-groupe-drakkar\/","title":{"rendered":"Zone Franche et YMCM rejoignent le Groupe DRAKKAR"},"content":{"rendered":"<figure class=\"wp-block-image size-large\"><img loading=\"lazy\" width=\"1024\" height=\"233\" src=\"https:\/\/isarta.com\/infos\/wp-content\/uploads\/2024\/05\/ZF-1024x233.jpeg\" alt=\"\" class=\"wp-image-103899\" srcset=\"https:\/\/isarta.com\/infos\/wp-content\/uploads\/2024\/05\/ZF-1024x233.jpeg 1024w, https:\/\/isarta.com\/infos\/wp-content\/uploads\/2024\/05\/ZF-300x68.jpeg 300w, https:\/\/isarta.com\/infos\/wp-content\/uploads\/2024\/05\/ZF-768x174.jpeg 768w, https:\/\/isarta.com\/infos\/wp-content\/uploads\/2024\/05\/ZF.jpeg 1250w\" sizes=\"(max-width: 1024px) 100vw, 1024px\" \/><\/figure>\n<p>22 mai 2024<\/p>\n<p><strong>Soci\u00e9t\u00e9 affili\u00e9e du groupe DRAKKAR, leader sp\u00e9cialis\u00e9 en externalisation dans les secteurs manufacturiers et logistiques, DRAKKAR Digital franchit une nouvelle \u00e9tape en s\u2019unissant \u00e0 l&rsquo;agence de relations publiques montr\u00e9alaise Zone franche et l&rsquo;agence parisienne YMCM.<\/strong><\/p>\n<p>Depuis 2014, DRAKKAR Digital contribue au succ\u00e8s d&rsquo;organisations de divers secteurs gr\u00e2ce \u00e0 une gamme \u00e9tendue de services en marketing, communication et technologie.<\/p>\n<blockquote class=\"wp-block-quote\">\n<p>En collaborant avec les dirigeants de Zone franche et de YMCM, nous avons d\u00e9couvert une synergie remarquable et une passion commune pour la technologie et l\u2019innovation, a expliqu\u00e9 Simon Lauzier, pr\u00e9sident de DRAKKAR Digital. Dans une vision et une optique de convergence, nous avons d\u00e9cid\u00e9 de fusionner nos capacit\u00e9s et d\u2019unir nos talents afin de propulser les parcours d\u2019affaires de nos clients. \u00bb<\/p>\n<\/blockquote>\n<p>L\u2019agence poursuivra son expansion au Canada et en Europe en se concentrant sur trois axes de services principaux : le marketing, la communication et la technologie. Cette offre \u00e9largie comprendra plus d\u2019une vingtaine d\u2019expertises et sera soutenue par des produits num\u00e9riques reconnus et innovants.<\/p>\n<p>Zone franche offre des services de relations publiques au Canada depuis 2010 et en France depuis 2017. L\u2019agence est salu\u00e9e pour son accompagnement d\u2019organisations qui \u00e9voluent au sein de l\u2019\u00e9cosyst\u00e8me franco-canadien.<\/p>\n<blockquote class=\"wp-block-quote\">\n<p>Le monde de la communication s\u2019est profond\u00e9ment transform\u00e9 depuis la cr\u00e9ation de Zone franche et ces changements continuent de g\u00e9n\u00e9rer de nouveaux d\u00e9fis qui testent notre ing\u00e9niosit\u00e9 et notre adaptabilit\u00e9, a ajout\u00e9 Marie-Fran\u00e7oise Hervieu, pr\u00e9sidente-fondatrice de Zone franche, qui devient vice-pr\u00e9sidente et cheffe de la communication. En unissant le savoir-faire r\u00e9solument relationnel de Zone franche avec ceux de la technologie et de la cr\u00e9ation, je suis persuad\u00e9e que nous consoliderons notre r\u00f4le de partenaire de choix pour nos clients respectifs. \u00bb<\/p>\n<\/blockquote>\n<p>Depuis sa cr\u00e9ation en 2012, YMCM se d\u00e9marque par la qualit\u00e9 de son accompagnement en services num\u00e9riques ainsi qu\u2019en production \u00e9v\u00e9nementielle et de contenus d\u2019impact.<\/p>\n<blockquote class=\"wp-block-quote\">\n<p>Pour YMCM, l\u2019alliance avec une entreprise nord-am\u00e9ricaine nous permettra d\u2019offrir une puissance internationale tout en cultivant la proximit\u00e9 et la sensibilit\u00e9 locale qui constituent l\u2019ADN de notre agence en France depuis sa cr\u00e9ation en 2012 \u00bb, a ajout\u00e9 C\u00e9line Manesse, cofondatrice de YMCM, qui devient directrice g\u00e9n\u00e9rale France.<\/p>\n<\/blockquote>\n<blockquote class=\"wp-block-quote\">\n<p>Cette nouvelle agence sera un v\u00e9ritable catalyseur d\u2019une nouvelle \u00e8re de communication, o\u00f9 innovation, collaboration et agilit\u00e9 seront les ma\u00eetres-mots pour performer dans un monde en perp\u00e9tuelle transformation \u00bb, a compl\u00e9t\u00e9 Yoan Manesse, cofondateur de YMCM, qui devient vice-pr\u00e9sident et CMO France.<\/p>\n<\/blockquote>\n<div class=\"likebtn_container\" style=\"clear:both;text-align:center;\"><!-- LikeBtn.com BEGIN --><span class=\"likebtn-wrapper\"  data-identifier=\"post_103898\"  data-site_id=\"5cc1ecd16fd08b776710d1e9\"  data-theme=\"drop\"  data-btn_size=\"100\"  data-icon_l=\"false\"  data-icon_d=\"false\"  data-icon_l_url=\"https:\/\/isarta.com\/infos\/wp-content\/uploads\/2019\/04\/happy.png#64794\"  data-icon_d_url=\"https:\/\/isarta.com\/infos\/wp-content\/uploads\/2019\/04\/sleep.png#64796\"  data-icon_size=\"58\"  data-icon_l_c=\"#771414\"  data-bg_c=\"#ffffff\"  data-bg_c_v=\"#ffffff\"  data-brdr_c=\"#ffffff\"  data-f_size=\"11\"  data-f_family=\"Tahoma\"  data-counter_fs=\"b\"  data-lang=\"fr\"  data-ef_voting=\"wobble\"  data-dislike_enabled=\"false\"  data-counter_type=\"percent\"  data-counter_show=\"false\"  data-tooltip_enabled=\"false\"  data-tooltip_like_show_always=\"true\"  data-white_label=\"true\"  data-i18n_like=\"Aimer \/ Partager\"  data-i18n_dislike=\"Pas aim\u00e9\"  data-style=\"\"  data-unlike_allowed=\"\"  data-show_copyright=\"\"  data-item_url=\"https:\/\/isarta.com\/infos\/zone-franche-et-ymcm-rejoignent-le-groupe-drakkar\/\"  data-item_title=\"Zone Franche et YMCM rejoignent le Groupe DRAKKAR\"  data-item_image=\"https:\/\/isarta.com\/infos\/wp-content\/uploads\/2024\/05\/ZF-1024x233.jpeg\"  data-item_date=\"2024-05-22T07:00:00-04:00\"  data-engine=\"WordPress\"  data-plugin_v=\"2.6.54\"  data-prx=\"https:\/\/isarta.com\/infos\/wp-admin\/admin-ajax.php?action=likebtn_prx\"  data-event_handler=\"likebtn_eh\" ><\/span><!-- LikeBtn.com END --><\/p>\n<hr size=\"3\"><\/div>\n","protected":false},"excerpt":{"rendered":"<p>Soci\u00e9t\u00e9 affili\u00e9e du groupe DRAKKAR, leader sp\u00e9cialis\u00e9 en externalisation dans les secteurs manufacturiers et logistiques, DRAKKAR Digital franchit une nouvelle \u00e9tape en s\u2019unissant \u00e0 l&rsquo;agence de relations publiques montr\u00e9alaise Zone franche et l&rsquo;agence parisienne YMCM.<\/p>\n<div class=\"likebtn_container\" style=\"clear:both;text-align:center;\"><!-- LikeBtn.com BEGIN --><span class=\"likebtn-wrapper\"  data-identifier=\"post_103898\"  data-site_id=\"5cc1ecd16fd08b776710d1e9\"  data-theme=\"drop\"  data-btn_size=\"100\"  data-icon_l=\"false\"  data-icon_d=\"false\"  data-icon_l_url=\"https:\/\/isarta.com\/infos\/wp-content\/uploads\/2019\/04\/happy.png#64794\"  data-icon_d_url=\"https:\/\/isarta.com\/infos\/wp-content\/uploads\/2019\/04\/sleep.png#64796\"  data-icon_size=\"58\"  data-icon_l_c=\"#771414\"  data-bg_c=\"#ffffff\"  data-bg_c_v=\"#ffffff\"  data-brdr_c=\"#ffffff\"  data-f_size=\"11\"  data-f_family=\"Tahoma\"  data-counter_fs=\"b\"  data-lang=\"fr\"  data-ef_voting=\"wobble\"  data-dislike_enabled=\"false\"  data-counter_type=\"percent\"  data-counter_show=\"false\"  data-tooltip_enabled=\"false\"  data-tooltip_like_show_always=\"true\"  data-white_label=\"true\"  data-i18n_like=\"Aimer \/ Partager\"  data-i18n_dislike=\"Pas aim\u00e9\"  data-style=\"\"  data-unlike_allowed=\"\"  data-show_copyright=\"\"  data-item_url=\"https:\/\/isarta.com\/infos\/zone-franche-et-ymcm-rejoignent-le-groupe-drakkar\/\"  data-item_title=\"Zone Franche et YMCM rejoignent le Groupe DRAKKAR\"  data-item_image=\"https:\/\/isarta.com\/infos\/wp-content\/uploads\/2024\/05\/ZF-1024x233.jpeg\"  data-item_date=\"2024-05-22T07:00:00-04:00\"  data-engine=\"WordPress\"  data-plugin_v=\"2.6.54\"  data-prx=\"https:\/\/isarta.com\/infos\/wp-admin\/admin-ajax.php?action=likebtn_prx\"  data-event_handler=\"likebtn_eh\" ><\/span><!-- LikeBtn.com END --><hr size=\"3\"><\/div>","protected":false},"author":23,"featured_media":103899,"comment_status":"closed","ping_status":"open","sticky":false,"template":"","format":"standard","meta":[],"categories":[195],"tags":[864],"_links":{"self":[{"href":"https:\/\/isarta.com\/infos\/wp-json\/wp\/v2\/posts\/103898"}],"collection":[{"href":"https:\/\/isarta.com\/infos\/wp-json\/wp\/v2\/posts"}],"about":[{"href":"https:\/\/isarta.com\/infos\/wp-json\/wp\/v2\/types\/post"}],"author":[{"embeddable":true,"href":"https:\/\/isarta.com\/infos\/wp-json\/wp\/v2\/users\/23"}],"replies":[{"embeddable":true,"href":"https:\/\/isarta.com\/infos\/wp-json\/wp\/v2\/comments?post=103898"}],"version-history":[{"count":1,"href":"https:\/\/isarta.com\/infos\/wp-json\/wp\/v2\/posts\/103898\/revisions"}],"predecessor-version":[{"id":103900,"href":"https:\/\/isarta.com\/infos\/wp-json\/wp\/v2\/posts\/103898\/revisions\/103900"}],"wp:featuredmedia":[{"embeddable":true,"href":"https:\/\/isarta.com\/infos\/wp-json\/wp\/v2\/media\/103899"}],"wp:attachment":[{"href":"https:\/\/isarta.com\/infos\/wp-json\/wp\/v2\/media?parent=103898"}],"wp:term":[{"taxonomy":"category","embeddable":true,"href":"https:\/\/isarta.com\/infos\/wp-json\/wp\/v2\/categories?post=103898"},{"taxonomy":"post_tag","embeddable":true,"href":"https:\/\/isarta.com\/infos\/wp-json\/wp\/v2\/tags?post=103898"}],"curies":[{"name":"wp","href":"https:\/\/api.w.org\/{rel}","templated":true}]}}