{"id":104735,"date":"2024-04-04T09:05:06","date_gmt":"2024-04-04T13:05:06","guid":{"rendered":"https:\/\/isarta.com\/infos\/?p=104735"},"modified":"2024-08-16T09:31:52","modified_gmt":"2024-08-16T13:31:52","slug":"isarta-lance-ses-nouvelles-formations-du-printemps","status":"publish","type":"post","link":"https:\/\/isarta.com\/infos\/isarta-lance-ses-nouvelles-formations-du-printemps\/","title":{"rendered":"Isarta lance ses nouvelles formations du printemps"},"content":{"rendered":"<figure class=\"wp-block-image size-large\"><img loading=\"lazy\" width=\"1024\" height=\"683\" src=\"https:\/\/isarta.com\/infos\/wp-content\/uploads\/2024\/04\/unseen-studio-s9CC2SKySJM-unsplash-2-1024x683.jpg\" alt=\"\" class=\"wp-image-103209\" srcset=\"https:\/\/isarta.com\/infos\/wp-content\/uploads\/2024\/04\/unseen-studio-s9CC2SKySJM-unsplash-2-1024x683.jpg 1024w, https:\/\/isarta.com\/infos\/wp-content\/uploads\/2024\/04\/unseen-studio-s9CC2SKySJM-unsplash-2-300x200.jpg 300w, https:\/\/isarta.com\/infos\/wp-content\/uploads\/2024\/04\/unseen-studio-s9CC2SKySJM-unsplash-2-768x512.jpg 768w, https:\/\/isarta.com\/infos\/wp-content\/uploads\/2024\/04\/unseen-studio-s9CC2SKySJM-unsplash-2-1536x1024.jpg 1536w, https:\/\/isarta.com\/infos\/wp-content\/uploads\/2024\/04\/unseen-studio-s9CC2SKySJM-unsplash-2-272x182.jpg 272w, https:\/\/isarta.com\/infos\/wp-content\/uploads\/2024\/04\/unseen-studio-s9CC2SKySJM-unsplash-2.jpg 1920w\" sizes=\"(max-width: 1024px) 100vw, 1024px\" \/><\/figure>\n<p>4 avril 2024<\/p>\n<p><strong><a href=\"https:\/\/formations.isarta.com\/\" target=\"_blank\" rel=\"noreferrer noopener\">Isarta Formations <\/a>d\u00e9voile sa nouvelle programmation ! Au menu pour d\u00e9velopper ses comp\u00e9tences professionnelles : des formations sp\u00e9cialis\u00e9es en communication, marketing, num\u00e9rique, r\u00e9seaux sociaux, d\u00e9veloppement des affaires, gestion et RH sur les fondamentaux comme sur les derni\u00e8res tendances du moment.<\/strong><\/p>\n<p>En plus de son <a href=\"https:\/\/isarta.com\/jobs\/?job=&amp;cat=&amp;utm_source=Isarta_Infos\" target=\"_blank\" rel=\"noreferrer noopener\">site d&#8217;emplois<\/a> et de son <a href=\"https:\/\/isarta.com\/infos\/\" target=\"_blank\" rel=\"noreferrer noopener\">site de nouvelles<\/a> sp\u00e9cialis\u00e9s, Isarta propose des formations afin d&rsquo;\u00eatre un v\u00e9ritable partenaire de carri\u00e8re, tout au long de la vie professionnelle des sp\u00e9cialistes en marketing, communication, gestion, d\u00e9veloppement des affaires et RH. <\/p>\n<p>Isarta Formations repose sur une formule qui a fait ses preuves :<\/p>\n<ul>\n<li>Des&nbsp;<strong>formateurs professionnels exp\u00e9riment\u00e9s<\/strong>, disposant d\u2019une solide exp\u00e9rience sur le terrain et des qualit\u00e9s de p\u00e9dagogues,<\/li>\n<li>Des&nbsp;<strong>apprentissages concrets<\/strong>, applicables d\u00e8s le lendemain dans son entreprise,<\/li>\n<li>Des&nbsp;<strong>sessions de courte dur\u00e9e<\/strong>, sur la journ\u00e9e ou la demi-journ\u00e9e,<\/li>\n<li>Des&nbsp;<strong>petits groupes<\/strong>&nbsp;pour un meilleur \u00e9change entre participants et le formateur<\/li>\n<li>La possibilit\u00e9 de suivre la formation \u00e0 distance, en&nbsp;<strong>webdiffusion avec acc\u00e8s \u00e0 l&rsquo;enregistrement pendant 30 jours<\/strong><\/li>\n<\/ul>\n<p>\u00c0 noter : toutes les formations sont disponibles en&nbsp;<strong>format priv\u00e9<\/strong>. Totalement personnalis\u00e9es selon les besoins de l&rsquo;entreprise, que cela soit en pr\u00e9sentiel ou en virtuel, ces&nbsp;<strong>formations sur mesure<\/strong> sont enti\u00e8rement d\u00e9velopp\u00e9es en fonction de la r\u00e9alit\u00e9 et des besoins sp\u00e9cifiques.<\/p>\n<p><span style=\"font-family: -apple-system, BlinkMacSystemFont, &quot;Segoe UI&quot;, Roboto, Oxygen-Sans, Ubuntu, Cantarell, &quot;Helvetica Neue&quot;, sans-serif;\">Les formations d&rsquo;Isarta sont admissibles au&nbsp;<\/span><a rel=\"noreferrer noopener\" style=\"font-family: -apple-system, BlinkMacSystemFont, &quot;Segoe UI&quot;, Roboto, Oxygen-Sans, Ubuntu, Cantarell, &quot;Helvetica Neue&quot;, sans-serif;\" target=\"_blank\" href=\"https:\/\/www.quebec.ca\/entreprises-et-travailleurs-autonomes\/administrer-gerer\/embauche-gestion-personnel\/former-main-oeuvre\/developper-competences\">programme de formation de la main-d&rsquo;\u0153uvre&nbsp;<\/a><span style=\"font-family: -apple-system, BlinkMacSystemFont, &quot;Segoe UI&quot;, Roboto, Oxygen-Sans, Ubuntu, Cantarell, &quot;Helvetica Neue&quot;, sans-serif;\">ainsi qu&rsquo;aux divers&nbsp;<\/span><a rel=\"noreferrer noopener\" style=\"font-family: -apple-system, BlinkMacSystemFont, &quot;Segoe UI&quot;, Roboto, Oxygen-Sans, Ubuntu, Cantarell, &quot;Helvetica Neue&quot;, sans-serif;\" target=\"_blank\" href=\"https:\/\/www.cpmt.gouv.qc.ca\/promoteurs-de-projets-de-formation\/programmes-daide-financiere\/\">Programmes d&rsquo;aide financi\u00e8re<\/a>, et sont \u00e9ligibles \u00e0 la loi du 1 %.<\/p>\n<p><strong>Des formats vari\u00e9s pour se former en continu<\/strong><\/p>\n<p>En plus de ces formations traditionnelles, Isarta Formations a d\u00e9velopp\u00e9 diff\u00e9rents rendez-vous pour prolonger les apprentissages en ligne. D&rsquo;une part, par le biais des d<a rel=\"noreferrer noopener\" target=\"_blank\" href=\"https:\/\/formations.isarta.com\/midi-express\">es Midis-Express<\/a>, des \u00ab\u00a0Lunch &amp; Learn \u00bb gratuits offerts les vendredis une fois par mois.<\/p>\n<p>D&rsquo;autre part, gr\u00e2ce \u00e0 une s\u00e9rie de balados th\u00e9matiques : <\/p>\n<ul>\n<li>Le <a rel=\"noreferrer noopener\" href=\"https:\/\/formations.isarta.com\/podcast\/social-show\" target=\"_blank\"><strong>Social Show<\/strong><\/a>, anim\u00e9 par Francis Jett\u00e9, sur la cr\u00e9ation de contenus<\/li>\n<li><a rel=\"noreferrer noopener\" href=\"https:\/\/formations.isarta.com\/podcast\/bien-etre-numerique\" target=\"_blank\"><strong>On parle de bien-\u00eatre num\u00e9rique<\/strong><\/a>, avec Laurie Michel<\/li>\n<li>Et <a href=\"https:\/\/formations.isarta.com\/podcast\/propulsez-affaires\" target=\"_blank\" rel=\"noreferrer noopener\"><strong>Propulsez vos affaires<\/strong><\/a>, le nouveau rendez-vous de Vincent Fournier d\u00e9di\u00e9 \u00e0 la vente et aux affaires<\/li>\n<\/ul>\n<p><strong>D\u00e9couvrez les nouvelles formations du printemps de Isarta Formations :<\/strong><\/p>\n<ul>\n<li><strong>Marketing<\/strong><\/li>\n<\/ul>\n<div class=\" content_cards_card content_cards_domain_formations-isarta-com\">\n<div class=\"content_cards_image\">\n            <a class=\"content_cards_image_link\" href=\"https:\/\/formations.isarta.com\/cours\/ia-en-communication-et-marketing-exploration-applications-et-considerations-ethiques\/12?utm_source=Isarta_Infos\" target=\"_blank\"><img src=\"https:\/\/formations.isarta.com\/images\/entete.jpg\" alt=\"Formations en Communications - En ligne, Qu\u00e9bec, Montr\u00e9al | Isarta\"><\/a>\n\t\t<\/div>\n<div class=\"content_cards_title\">\n\t\t<a class=\"content_cards_title_link\" href=\"https:\/\/formations.isarta.com\/cours\/ia-en-communication-et-marketing-exploration-applications-et-considerations-ethiques\/12?utm_source=Isarta_Infos\" target=\"_blank\">Formations en Communications &#8211; En ligne, Qu\u00e9bec, Montr\u00e9al | Isarta<\/a>\n\t<\/div>\n<div class=\"content_cards_description\">\n\t\t<a class=\"content_cards_description_link\" href=\"https:\/\/formations.isarta.com\/cours\/ia-en-communication-et-marketing-exploration-applications-et-considerations-ethiques\/12?utm_source=Isarta_Infos\" target=\"_blank\"><\/p>\n<p>Formations en marketing, communication, num\u00e9rique, digital, r\u00e9seaux sociaux. Classes virtuelles (webinaires interactifs \u00e0 distance), en salle ou en entreprise. Montr\u00e9al et partout au Qu\u00e9bec.<\/p>\n<p>\t\t<\/a>\n\t<\/div>\n<\/div>\n<ul>\n<li><strong>R\u00e9daction Web<\/strong><\/li>\n<\/ul>\n<div class=\" content_cards_card content_cards_domain_formations-isarta-com\">\n<div class=\"content_cards_image\">\n            <a class=\"content_cards_image_link\" href=\"https:\/\/formations.isarta.com\/cours\/redaction-web-assistee-par-ia\/34?utm_source=Isarta_Infos\" target=\"_blank\"><img src=\"https:\/\/formations.isarta.com\/assets\/images\/5e\/5eaae5_R-daction-Web-assist-e-par-IA-3.jpg\" alt=\"R\u00e9daction Web assist\u00e9e par IA | Formations Isarta\"><\/a>\n\t\t<\/div>\n<div class=\"content_cards_title\">\n\t\t<a class=\"content_cards_title_link\" href=\"https:\/\/formations.isarta.com\/cours\/redaction-web-assistee-par-ia\/34?utm_source=Isarta_Infos\" target=\"_blank\">R\u00e9daction Web assist\u00e9e par IA | Formations Isarta<\/a>\n\t<\/div>\n<div class=\"content_cards_description\">\n\t\t<a class=\"content_cards_description_link\" href=\"https:\/\/formations.isarta.com\/cours\/redaction-web-assistee-par-ia\/34?utm_source=Isarta_Infos\" target=\"_blank\"><\/p>\n<p>Optimisez votre processus de cr\u00e9ation de contenu en int\u00e9grant l&#039;IA, tout en maintenant une approche \u00e9thique et professionnelle<\/p>\n<p>\t\t<\/a>\n\t<\/div>\n<\/div>\n<div class=\" content_cards_card content_cards_domain_formations-isarta-com\">\n<div class=\"content_cards_image\">\n            <a class=\"content_cards_image_link\" href=\"https:\/\/formations.isarta.com\/cours\/redaction-de-contenu-web-accessible\/34?utm_source=Isarta_Infos\" target=\"_blank\"><img src=\"https:\/\/formations.isarta.com\/assets\/images\/03\/03b392_R-daction-accessible.jpg\" alt=\"R\u00e9daction de contenu web accessible | Formations Isarta\"><\/a>\n\t\t<\/div>\n<div class=\"content_cards_title\">\n\t\t<a class=\"content_cards_title_link\" href=\"https:\/\/formations.isarta.com\/cours\/redaction-de-contenu-web-accessible\/34?utm_source=Isarta_Infos\" target=\"_blank\">R\u00e9daction de contenu web accessible | Formations Isarta<\/a>\n\t<\/div>\n<div class=\"content_cards_description\">\n\t\t<a class=\"content_cards_description_link\" href=\"https:\/\/formations.isarta.com\/cours\/redaction-de-contenu-web-accessible\/34?utm_source=Isarta_Infos\" target=\"_blank\"><\/p>\n<p>Concevez, r\u00e9digez et optimisez vos contenus pour garantir accessibilit\u00e9, inclusivit\u00e9 et impact aupr\u00e8s de toutes vos audiences<\/p>\n<p>\t\t<\/a>\n\t<\/div>\n<\/div>\n<div class=\" content_cards_card content_cards_domain_formations-isarta-com\">\n<div class=\"content_cards_image\">\n            <a class=\"content_cards_image_link\" href=\"https:\/\/formations.isarta.com\/cours\/rediger-pour-le-web\/1?utm_source=Isarta_Infos\" target=\"_blank\"><img src=\"https:\/\/formations.isarta.com\/images\/entete.jpg\" alt=\"Formations en Communications - En ligne, Qu\u00e9bec, Montr\u00e9al | Isarta\"><\/a>\n\t\t<\/div>\n<div class=\"content_cards_title\">\n\t\t<a class=\"content_cards_title_link\" href=\"https:\/\/formations.isarta.com\/cours\/rediger-pour-le-web\/1?utm_source=Isarta_Infos\" target=\"_blank\">Formations en Communications &#8211; En ligne, Qu\u00e9bec, Montr\u00e9al | Isarta<\/a>\n\t<\/div>\n<div class=\"content_cards_description\">\n\t\t<a class=\"content_cards_description_link\" href=\"https:\/\/formations.isarta.com\/cours\/rediger-pour-le-web\/1?utm_source=Isarta_Infos\" target=\"_blank\"><\/p>\n<p>Formations en marketing, communication, num\u00e9rique, digital, r\u00e9seaux sociaux. Classes virtuelles (webinaires interactifs \u00e0 distance), en salle ou en entreprise. Montr\u00e9al et partout au Qu\u00e9bec.<\/p>\n<p>\t\t<\/a>\n\t<\/div>\n<\/div>\n<ul>\n<li><strong>Communication<\/strong><\/li>\n<\/ul>\n<div class=\" content_cards_card content_cards_domain_formations-isarta-com\">\n<div class=\"content_cards_image\">\n            <a class=\"content_cards_image_link\" href=\"https:\/\/formations.isarta.com\/cours\/le-non-verbal-en-affaires\/89?utm_source=Isarta_Infos\" target=\"_blank\"><img src=\"https:\/\/isarta.com\/infos\/wp-content\/plugins\/content-cards\/skins\/isarta\/content-cards-placeholder.png\" alt=\"Erreur\"><\/a>\n\t\t<\/div>\n<div class=\"content_cards_title\">\n\t\t<a class=\"content_cards_title_link\" href=\"https:\/\/formations.isarta.com\/cours\/le-non-verbal-en-affaires\/89?utm_source=Isarta_Infos\" target=\"_blank\">Erreur<\/a>\n\t<\/div>\n<div class=\"content_cards_description\">\n\t\t<a class=\"content_cards_description_link\" href=\"https:\/\/formations.isarta.com\/cours\/le-non-verbal-en-affaires\/89?utm_source=Isarta_Infos\" target=\"_blank\"><br \/>\n\t\t\t\t\t<\/a>\n\t<\/div>\n<\/div>\n<ul>\n<li><strong>RH et marque employeur<\/strong><\/li>\n<\/ul>\n<div class=\" content_cards_card content_cards_domain_formations-isarta-com\">\n<div class=\"content_cards_image\">\n            <a class=\"content_cards_image_link\" href=\"https:\/\/formations.isarta.com\/cours\/marque-employeur-etapes-cles-vers-une-strategie-gagnante\/87?utm_source=Isarta_Infos\" target=\"_blank\"><img src=\"https:\/\/formations.isarta.com\/assets\/images\/ee\/ee0166_Marque-employeur2-_crop_1533x862.jpg\" alt=\"Marque employeur : \u00e9tapes cl\u00e9s vers une strat\u00e9gie gagnante | Formations Isarta\"><\/a>\n\t\t<\/div>\n<div class=\"content_cards_title\">\n\t\t<a class=\"content_cards_title_link\" href=\"https:\/\/formations.isarta.com\/cours\/marque-employeur-etapes-cles-vers-une-strategie-gagnante\/87?utm_source=Isarta_Infos\" target=\"_blank\">Marque employeur : \u00e9tapes cl\u00e9s vers une strat\u00e9gie gagnante | Formations Isarta<\/a>\n\t<\/div>\n<div class=\"content_cards_description\">\n\t\t<a class=\"content_cards_description_link\" href=\"https:\/\/formations.isarta.com\/cours\/marque-employeur-etapes-cles-vers-une-strategie-gagnante\/87?utm_source=Isarta_Infos\" target=\"_blank\"><\/p>\n<p>D\u00e9finissez votre marque employeur et son r\u00f4le vital dans l&#039;attraction et la r\u00e9tention des talents<\/p>\n<p>\t\t<\/a>\n\t<\/div>\n<\/div>\n<ul>\n<li><strong>Gestion<\/strong><\/li>\n<\/ul>\n<div class=\" content_cards_card content_cards_domain_formations-isarta-com\">\n<div class=\"content_cards_image\">\n            <a class=\"content_cards_image_link\" href=\"https:\/\/formations.isarta.com\/cours\/ledi-en-action-construire-un-plan-daction-durable-pour-faconner-une-organisation-inclusive\/88?utm_source=Isarta_Infos\" target=\"_blank\"><img src=\"https:\/\/isarta.com\/infos\/wp-content\/plugins\/content-cards\/skins\/isarta\/content-cards-placeholder.png\" alt=\"Erreur\"><\/a>\n\t\t<\/div>\n<div class=\"content_cards_title\">\n\t\t<a class=\"content_cards_title_link\" href=\"https:\/\/formations.isarta.com\/cours\/ledi-en-action-construire-un-plan-daction-durable-pour-faconner-une-organisation-inclusive\/88?utm_source=Isarta_Infos\" target=\"_blank\">Erreur<\/a>\n\t<\/div>\n<div class=\"content_cards_description\">\n\t\t<a class=\"content_cards_description_link\" href=\"https:\/\/formations.isarta.com\/cours\/ledi-en-action-construire-un-plan-daction-durable-pour-faconner-une-organisation-inclusive\/88?utm_source=Isarta_Infos\" target=\"_blank\"><br \/>\n\t\t\t\t\t<\/a>\n\t<\/div>\n<\/div>\n<div class=\" content_cards_card content_cards_domain_formations-isarta-com\">\n<div class=\"content_cards_image\">\n            <a class=\"content_cards_image_link\" href=\"https:\/\/formations.isarta.com\/cours\/conduite-de-changement-organisationnel\/4?utm_source=Isarta_Infos\" target=\"_blank\"><img src=\"https:\/\/formations.isarta.com\/assets\/images\/3a\/3a73cf_Conduite-de-changement-organisationnel.jpg\" alt=\"Conduite de changement organisationnel | Formations Isarta\"><\/a>\n\t\t<\/div>\n<div class=\"content_cards_title\">\n\t\t<a class=\"content_cards_title_link\" href=\"https:\/\/formations.isarta.com\/cours\/conduite-de-changement-organisationnel\/4?utm_source=Isarta_Infos\" target=\"_blank\">Conduite de changement organisationnel | Formations Isarta<\/a>\n\t<\/div>\n<div class=\"content_cards_description\">\n\t\t<a class=\"content_cards_description_link\" href=\"https:\/\/formations.isarta.com\/cours\/conduite-de-changement-organisationnel\/4?utm_source=Isarta_Infos\" target=\"_blank\"><\/p>\n<p>D\u00e9couvrir les principes de base de la conduite du changement et appliquer concr\u00e8tement les 8 \u00e9tapes-cl\u00e9s du mod\u00e8le de John Kotter<\/p>\n<p>\t\t<\/a>\n\t<\/div>\n<\/div>\n<ul>\n<li><strong>Design<\/strong><\/li>\n<\/ul>\n<div class=\" content_cards_card content_cards_domain_formations-isarta-com\">\n<div class=\"content_cards_image\">\n            <a class=\"content_cards_image_link\" href=\"https:\/\/formations.isarta.com\/cours\/adobe-capture-photoshop-camera\/37?utm_source=Isarta_Infos\" target=\"_blank\"><img src=\"https:\/\/formations.isarta.com\/images\/entete.jpg\" alt=\"Formations en Design - En ligne, Qu\u00e9bec, Montr\u00e9al | Isarta\"><\/a>\n\t\t<\/div>\n<div class=\"content_cards_title\">\n\t\t<a class=\"content_cards_title_link\" href=\"https:\/\/formations.isarta.com\/cours\/adobe-capture-photoshop-camera\/37?utm_source=Isarta_Infos\" target=\"_blank\">Formations en Design &#8211; En ligne, Qu\u00e9bec, Montr\u00e9al | Isarta<\/a>\n\t<\/div>\n<div class=\"content_cards_description\">\n\t\t<a class=\"content_cards_description_link\" href=\"https:\/\/formations.isarta.com\/cours\/adobe-capture-photoshop-camera\/37?utm_source=Isarta_Infos\" target=\"_blank\"><\/p>\n<p>Formations en marketing, communication, num\u00e9rique, digital, r\u00e9seaux sociaux. Classes virtuelles (webinaires interactifs \u00e0 distance), en salle ou en entreprise. Montr\u00e9al et partout au Qu\u00e9bec.<\/p>\n<p>\t\t<\/a>\n\t<\/div>\n<\/div>\n<div class=\" content_cards_card content_cards_domain_formations-isarta-com\">\n<div class=\"content_cards_image\">\n            <a class=\"content_cards_image_link\" href=\"https:\/\/formations.isarta.com\/cours\/adobe-photoshop-sur-ipad\/37?utm_source=Isarta_Infos\" target=\"_blank\"><img src=\"https:\/\/formations.isarta.com\/images\/entete.jpg\" alt=\"Formations en Design - En ligne, Qu\u00e9bec, Montr\u00e9al | Isarta\"><\/a>\n\t\t<\/div>\n<div class=\"content_cards_title\">\n\t\t<a class=\"content_cards_title_link\" href=\"https:\/\/formations.isarta.com\/cours\/adobe-photoshop-sur-ipad\/37?utm_source=Isarta_Infos\" target=\"_blank\">Formations en Design &#8211; En ligne, Qu\u00e9bec, Montr\u00e9al | Isarta<\/a>\n\t<\/div>\n<div class=\"content_cards_description\">\n\t\t<a class=\"content_cards_description_link\" href=\"https:\/\/formations.isarta.com\/cours\/adobe-photoshop-sur-ipad\/37?utm_source=Isarta_Infos\" target=\"_blank\"><\/p>\n<p>Formations en marketing, communication, num\u00e9rique, digital, r\u00e9seaux sociaux. Classes virtuelles (webinaires interactifs \u00e0 distance), en salle ou en entreprise. Montr\u00e9al et partout au Qu\u00e9bec.<\/p>\n<p>\t\t<\/a>\n\t<\/div>\n<\/div>\n<div class=\" content_cards_card content_cards_domain_formations-isarta-com\">\n<div class=\"content_cards_image\">\n            <a class=\"content_cards_image_link\" href=\"https:\/\/formations.isarta.com\/cours\/adobe-fresco-pour-tablette\/37?utm_source=Isarta_Infos\" target=\"_blank\"><img src=\"https:\/\/formations.isarta.com\/images\/entete.jpg\" alt=\"Formations en Design - En ligne, Qu\u00e9bec, Montr\u00e9al | Isarta\"><\/a>\n\t\t<\/div>\n<div class=\"content_cards_title\">\n\t\t<a class=\"content_cards_title_link\" href=\"https:\/\/formations.isarta.com\/cours\/adobe-fresco-pour-tablette\/37?utm_source=Isarta_Infos\" target=\"_blank\">Formations en Design &#8211; En ligne, Qu\u00e9bec, Montr\u00e9al | Isarta<\/a>\n\t<\/div>\n<div class=\"content_cards_description\">\n\t\t<a class=\"content_cards_description_link\" href=\"https:\/\/formations.isarta.com\/cours\/adobe-fresco-pour-tablette\/37?utm_source=Isarta_Infos\" target=\"_blank\"><\/p>\n<p>Formations en marketing, communication, num\u00e9rique, digital, r\u00e9seaux sociaux. Classes virtuelles (webinaires interactifs \u00e0 distance), en salle ou en entreprise. Montr\u00e9al et partout au Qu\u00e9bec.<\/p>\n<p>\t\t<\/a>\n\t<\/div>\n<\/div>\n<div class=\" content_cards_card content_cards_domain_formations-isarta-com\">\n<div class=\"content_cards_image\">\n            <a class=\"content_cards_image_link\" href=\"https:\/\/formations.isarta.com\/cours\/adobe-illustrator-sur-ipad\/37?utm_source=Isarta_Infos\" target=\"_blank\"><img src=\"https:\/\/formations.isarta.com\/images\/entete.jpg\" alt=\"Formations en Design - En ligne, Qu\u00e9bec, Montr\u00e9al | Isarta\"><\/a>\n\t\t<\/div>\n<div class=\"content_cards_title\">\n\t\t<a class=\"content_cards_title_link\" href=\"https:\/\/formations.isarta.com\/cours\/adobe-illustrator-sur-ipad\/37?utm_source=Isarta_Infos\" target=\"_blank\">Formations en Design &#8211; En ligne, Qu\u00e9bec, Montr\u00e9al | Isarta<\/a>\n\t<\/div>\n<div class=\"content_cards_description\">\n\t\t<a class=\"content_cards_description_link\" href=\"https:\/\/formations.isarta.com\/cours\/adobe-illustrator-sur-ipad\/37?utm_source=Isarta_Infos\" target=\"_blank\"><\/p>\n<p>Formations en marketing, communication, num\u00e9rique, digital, r\u00e9seaux sociaux. Classes virtuelles (webinaires interactifs \u00e0 distance), en salle ou en entreprise. Montr\u00e9al et partout au Qu\u00e9bec.<\/p>\n<p>\t\t<\/a>\n\t<\/div>\n<\/div>\n<div class=\" content_cards_card content_cards_domain_formations-isarta-com\">\n<div class=\"content_cards_image\">\n            <a class=\"content_cards_image_link\" href=\"https:\/\/formations.isarta.com\/cours\/adobe-incopy-flux-redactionnel\/37?utm_source=Isarta_Infos\" target=\"_blank\"><img src=\"https:\/\/formations.isarta.com\/images\/entete.jpg\" alt=\"Formations en Design - En ligne, Qu\u00e9bec, Montr\u00e9al | Isarta\"><\/a>\n\t\t<\/div>\n<div class=\"content_cards_title\">\n\t\t<a class=\"content_cards_title_link\" href=\"https:\/\/formations.isarta.com\/cours\/adobe-incopy-flux-redactionnel\/37?utm_source=Isarta_Infos\" target=\"_blank\">Formations en Design &#8211; En ligne, Qu\u00e9bec, Montr\u00e9al | Isarta<\/a>\n\t<\/div>\n<div class=\"content_cards_description\">\n\t\t<a class=\"content_cards_description_link\" href=\"https:\/\/formations.isarta.com\/cours\/adobe-incopy-flux-redactionnel\/37?utm_source=Isarta_Infos\" target=\"_blank\"><\/p>\n<p>Formations en marketing, communication, num\u00e9rique, digital, r\u00e9seaux sociaux. Classes virtuelles (webinaires interactifs \u00e0 distance), en salle ou en entreprise. Montr\u00e9al et partout au Qu\u00e9bec.<\/p>\n<p>\t\t<\/a>\n\t<\/div>\n<\/div>\n<div class=\" content_cards_card content_cards_domain_formations-isarta-com\">\n<div class=\"content_cards_image\">\n            <a class=\"content_cards_image_link\" href=\"https:\/\/formations.isarta.com\/cours\/adobe-media-encoder-conversion-de-media\/37?utm_source=Isarta_Infos\" target=\"_blank\"><img src=\"https:\/\/formations.isarta.com\/images\/entete.jpg\" alt=\"Formations en Design - En ligne, Qu\u00e9bec, Montr\u00e9al | Isarta\"><\/a>\n\t\t<\/div>\n<div class=\"content_cards_title\">\n\t\t<a class=\"content_cards_title_link\" href=\"https:\/\/formations.isarta.com\/cours\/adobe-media-encoder-conversion-de-media\/37?utm_source=Isarta_Infos\" target=\"_blank\">Formations en Design &#8211; En ligne, Qu\u00e9bec, Montr\u00e9al | Isarta<\/a>\n\t<\/div>\n<div class=\"content_cards_description\">\n\t\t<a class=\"content_cards_description_link\" href=\"https:\/\/formations.isarta.com\/cours\/adobe-media-encoder-conversion-de-media\/37?utm_source=Isarta_Infos\" target=\"_blank\"><\/p>\n<p>Formations en marketing, communication, num\u00e9rique, digital, r\u00e9seaux sociaux. Classes virtuelles (webinaires interactifs \u00e0 distance), en salle ou en entreprise. Montr\u00e9al et partout au Qu\u00e9bec.<\/p>\n<p>\t\t<\/a>\n\t<\/div>\n<\/div>\n<div class=\" content_cards_card content_cards_domain_formations-isarta-com\">\n<div class=\"content_cards_image\">\n            <a class=\"content_cards_image_link\" href=\"https:\/\/formations.isarta.com\/cours\/everweb-creation-de-site-web\/37?utm_source=Isarta_Infos\" target=\"_blank\"><img src=\"https:\/\/formations.isarta.com\/images\/entete.jpg\" alt=\"Formations en Design - En ligne, Qu\u00e9bec, Montr\u00e9al | Isarta\"><\/a>\n\t\t<\/div>\n<div class=\"content_cards_title\">\n\t\t<a class=\"content_cards_title_link\" href=\"https:\/\/formations.isarta.com\/cours\/everweb-creation-de-site-web\/37?utm_source=Isarta_Infos\" target=\"_blank\">Formations en Design &#8211; En ligne, Qu\u00e9bec, Montr\u00e9al | Isarta<\/a>\n\t<\/div>\n<div class=\"content_cards_description\">\n\t\t<a class=\"content_cards_description_link\" href=\"https:\/\/formations.isarta.com\/cours\/everweb-creation-de-site-web\/37?utm_source=Isarta_Infos\" target=\"_blank\"><\/p>\n<p>Formations en marketing, communication, num\u00e9rique, digital, r\u00e9seaux sociaux. Classes virtuelles (webinaires interactifs \u00e0 distance), en salle ou en entreprise. Montr\u00e9al et partout au Qu\u00e9bec.<\/p>\n<p>\t\t<\/a>\n\t<\/div>\n<\/div>\n<div class=\"likebtn_container\" style=\"clear:both;text-align:center;\"><!-- LikeBtn.com BEGIN --><span class=\"likebtn-wrapper\"  data-identifier=\"post_104735\"  data-site_id=\"5cc1ecd16fd08b776710d1e9\"  data-theme=\"drop\"  data-btn_size=\"100\"  data-icon_l=\"false\"  data-icon_d=\"false\"  data-icon_l_url=\"https:\/\/isarta.com\/infos\/wp-content\/uploads\/2019\/04\/happy.png#64794\"  data-icon_d_url=\"https:\/\/isarta.com\/infos\/wp-content\/uploads\/2019\/04\/sleep.png#64796\"  data-icon_size=\"58\"  data-icon_l_c=\"#771414\"  data-bg_c=\"#ffffff\"  data-bg_c_v=\"#ffffff\"  data-brdr_c=\"#ffffff\"  data-f_size=\"11\"  data-f_family=\"Tahoma\"  data-counter_fs=\"b\"  data-lang=\"fr\"  data-ef_voting=\"wobble\"  data-dislike_enabled=\"false\"  data-counter_type=\"percent\"  data-counter_show=\"false\"  data-tooltip_enabled=\"false\"  data-tooltip_like_show_always=\"true\"  data-white_label=\"true\"  data-i18n_like=\"Aimer \/ Partager\"  data-i18n_dislike=\"Pas aim\u00e9\"  data-style=\"\"  data-unlike_allowed=\"\"  data-show_copyright=\"\"  data-item_url=\"https:\/\/isarta.com\/infos\/isarta-lance-ses-nouvelles-formations-du-printemps\/\"  data-item_title=\"Isarta lance ses nouvelles formations du printemps\"  data-item_date=\"2024-04-04T09:05:06-04:00\"  data-engine=\"WordPress\"  data-plugin_v=\"2.6.54\"  data-prx=\"https:\/\/isarta.com\/infos\/wp-admin\/admin-ajax.php?action=likebtn_prx\"  data-event_handler=\"likebtn_eh\" ><\/span><!-- LikeBtn.com END --><\/p>\n<hr size=\"3\"><\/div>\n","protected":false},"excerpt":{"rendered":"<p>Isarta Formations d\u00e9voile sa nouvelle programmation ! Au menu pour d\u00e9velopper ses comp\u00e9tences professionnelles : des formations sp\u00e9cialis\u00e9es en communication, marketing, num\u00e9rique, r\u00e9seaux sociaux, d\u00e9veloppement des affaires, gestion et RH sur les fondamentaux comme sur les derni\u00e8res tendances du moment.<\/p>\n<div class=\"likebtn_container\" style=\"clear:both;text-align:center;\"><!-- LikeBtn.com BEGIN --><span class=\"likebtn-wrapper\"  data-identifier=\"post_104735\"  data-site_id=\"5cc1ecd16fd08b776710d1e9\"  data-theme=\"drop\"  data-btn_size=\"100\"  data-icon_l=\"false\"  data-icon_d=\"false\"  data-icon_l_url=\"https:\/\/isarta.com\/infos\/wp-content\/uploads\/2019\/04\/happy.png#64794\"  data-icon_d_url=\"https:\/\/isarta.com\/infos\/wp-content\/uploads\/2019\/04\/sleep.png#64796\"  data-icon_size=\"58\"  data-icon_l_c=\"#771414\"  data-bg_c=\"#ffffff\"  data-bg_c_v=\"#ffffff\"  data-brdr_c=\"#ffffff\"  data-f_size=\"11\"  data-f_family=\"Tahoma\"  data-counter_fs=\"b\"  data-lang=\"fr\"  data-ef_voting=\"wobble\"  data-dislike_enabled=\"false\"  data-counter_type=\"percent\"  data-counter_show=\"false\"  data-tooltip_enabled=\"false\"  data-tooltip_like_show_always=\"true\"  data-white_label=\"true\"  data-i18n_like=\"Aimer \/ Partager\"  data-i18n_dislike=\"Pas aim\u00e9\"  data-style=\"\"  data-unlike_allowed=\"\"  data-show_copyright=\"\"  data-item_url=\"https:\/\/isarta.com\/infos\/isarta-lance-ses-nouvelles-formations-du-printemps\/\"  data-item_title=\"Isarta lance ses nouvelles formations du printemps\"  data-item_date=\"2024-04-04T09:05:06-04:00\"  data-engine=\"WordPress\"  data-plugin_v=\"2.6.54\"  data-prx=\"https:\/\/isarta.com\/infos\/wp-admin\/admin-ajax.php?action=likebtn_prx\"  data-event_handler=\"likebtn_eh\" ><\/span><!-- LikeBtn.com END --><hr size=\"3\"><\/div>","protected":false},"author":23,"featured_media":0,"comment_status":"closed","ping_status":"open","sticky":false,"template":"","format":"standard","meta":[],"categories":[730,175,137],"tags":[372,705,984],"_links":{"self":[{"href":"https:\/\/isarta.com\/infos\/wp-json\/wp\/v2\/posts\/104735"}],"collection":[{"href":"https:\/\/isarta.com\/infos\/wp-json\/wp\/v2\/posts"}],"about":[{"href":"https:\/\/isarta.com\/infos\/wp-json\/wp\/v2\/types\/post"}],"author":[{"embeddable":true,"href":"https:\/\/isarta.com\/infos\/wp-json\/wp\/v2\/users\/23"}],"replies":[{"embeddable":true,"href":"https:\/\/isarta.com\/infos\/wp-json\/wp\/v2\/comments?post=104735"}],"version-history":[{"count":1,"href":"https:\/\/isarta.com\/infos\/wp-json\/wp\/v2\/posts\/104735\/revisions"}],"predecessor-version":[{"id":104739,"href":"https:\/\/isarta.com\/infos\/wp-json\/wp\/v2\/posts\/104735\/revisions\/104739"}],"wp:attachment":[{"href":"https:\/\/isarta.com\/infos\/wp-json\/wp\/v2\/media?parent=104735"}],"wp:term":[{"taxonomy":"category","embeddable":true,"href":"https:\/\/isarta.com\/infos\/wp-json\/wp\/v2\/categories?post=104735"},{"taxonomy":"post_tag","embeddable":true,"href":"https:\/\/isarta.com\/infos\/wp-json\/wp\/v2\/tags?post=104735"}],"curies":[{"name":"wp","href":"https:\/\/api.w.org\/{rel}","templated":true}]}}