{"id":105692,"date":"2024-11-21T03:50:00","date_gmt":"2024-11-21T08:50:00","guid":{"rendered":"https:\/\/isarta.com\/infos\/?p=105692"},"modified":"2024-11-21T04:39:18","modified_gmt":"2024-11-21T09:39:18","slug":"efvp-connaissez-vous-cette-conformite-trop-souvent-oubliee-de-la-loi-25","status":"publish","type":"post","link":"https:\/\/isarta.com\/infos\/efvp-connaissez-vous-cette-conformite-trop-souvent-oubliee-de-la-loi-25\/","title":{"rendered":"\u00c9FVP: connaissez-vous cette conformit\u00e9 trop souvent oubli\u00e9e de la Loi 25 ?"},"content":{"rendered":"<figure class=\"wp-block-image size-large\"><img loading=\"lazy\" width=\"1024\" height=\"683\" src=\"https:\/\/isarta.com\/infos\/wp-content\/uploads\/2022\/03\/Emeline-Manson-edited-1024x683.jpg\" alt=\"\" class=\"wp-image-90084\" srcset=\"https:\/\/isarta.com\/infos\/wp-content\/uploads\/2022\/03\/Emeline-Manson-edited-1024x683.jpg 1024w, https:\/\/isarta.com\/infos\/wp-content\/uploads\/2022\/03\/Emeline-Manson-edited-300x200.jpg 300w, https:\/\/isarta.com\/infos\/wp-content\/uploads\/2022\/03\/Emeline-Manson-edited-768x513.jpg 768w, https:\/\/isarta.com\/infos\/wp-content\/uploads\/2022\/03\/Emeline-Manson-edited-1536x1025.jpg 1536w, https:\/\/isarta.com\/infos\/wp-content\/uploads\/2022\/03\/Emeline-Manson-edited-2048x1367.jpg 2048w, https:\/\/isarta.com\/infos\/wp-content\/uploads\/2022\/03\/Emeline-Manson-edited-272x182.jpg 272w\" sizes=\"(max-width: 1024px) 100vw, 1024px\" \/><\/figure>\n<p>17 novembre 2024<\/p>\n<p class=\"has-medium-font-size\"><strong>Depuis ce mois de septembre, de nouvelles obligations li\u00e9es \u00e0 la protection des donn\u00e9es sont entr\u00e9es en vigueur. En prenant un pas de recul, Emeline Manson, formatrice en pr\u00e9vention des fraudes et en cybers\u00e9curit\u00e9, s\u2019est rendue compte que <strong>le rapport d\u2019\u00c9valuation des Facteurs relatifs \u00e0 la Vie Priv\u00e9e (\u00c9FVP) \u00e9tait l&rsquo;un<\/strong>e des modalit\u00e9s trop souvent oubli\u00e9e par les entreprises. Voyons de quoi il s\u2019agit.&nbsp;<\/strong><\/p>\n<p><strong>Isarta Infos : La Loi 25 a suivi une entr\u00e9e progressive de 2022 \u00e0 2024. L\u2019obligation de faire une \u00e9valuation des facteurs de risques relatifs \u00e0 la vie priv\u00e9e, est-ce une nouvelle obligation de cette ann\u00e9e?<\/strong><\/p>\n<p><strong>Emeline Manson:<\/strong> Non. En fait, elle est obligatoire depuis 2023. Si on n\u2019insiste pas toujours l\u00e0-dessus, c\u2019est que les entreprises ont beaucoup de retard dans leur d\u00e9marche de conformit\u00e9. Et que ce n\u2019est pas n\u00e9cessairement l\u2019\u00e9l\u00e9ment prioritaire \u00e0 faire, si on n\u2019a pas encore de politique de protection des renseignements personnels sur son site Web. Or, maintenant que toutes les obligations sont en vigueur, \u00e7a m\u2019appara\u00eet un bon moment de formuler un rappel.<\/p>\n<p><strong>De quoi s\u2019agit-il, donc?<\/strong><\/p>\n<p><strong>E. M.<\/strong> : La loi 25 d\u00e9crit trois situations o\u00f9 il faut mener une \u00ab \u00e9valuation des facteurs de risques relatifs \u00e0 la vie priv\u00e9e&nbsp;\u00bb.<\/p>\n<ul>\n<li>Premi\u00e8re situation&nbsp;: si on change un syst\u00e8me informatique ou une application dans lesquels il y a des renseignements personnels [article 3.3].<\/li>\n<li>Deuxi\u00e8me situation&nbsp;: si on communique des renseignements personnels \u00e0 un tiers parti pour un projet de recherche ou de production statistique [article 21].<\/li>\n<li>Troisi\u00e8me situation&nbsp;: si on communique des renseignements personnels \u00e0 l\u2019ext\u00e9rieur du Qu\u00e9bec. Ce dernier point concerne la plupart des gens, puisque nous utilisons des plateformes am\u00e9ricaines comme Google ou Facebook.<\/li>\n<\/ul>\n<p><strong>C\u2019est une \u00e9valuation ponctuelle, donc? Pas besoin de la refaire, ann\u00e9e apr\u00e8s ann\u00e9e.<\/strong><\/p>\n<p><strong>E. M.<\/strong>: Exact.<\/p>\n<p><strong>Quelle forme prend ce rapport ? Existe-t-il un mod\u00e8le \u00e0 suivre?<\/strong><\/p>\n<p><strong>E. M.<\/strong> : Sur le site de la Commission d\u2019acc\u00e8s \u00e0 l\u2019information, il y a un <a rel=\"noreferrer noopener\" href=\"https:\/\/www.cai.gouv.qc.ca\/uploads\/pdfs\/CAI_GU_EFVP.pdf\" data-type=\"URL\" data-id=\"https:\/\/www.cai.gouv.qc.ca\/uploads\/pdfs\/CAI_GU_EFVP.pdf\" target=\"_blank\">document<\/a> de 50 pages expliquant comment faire ce rapport. Toutefois, \u00e7a demeure tr\u00e8s th\u00e9orique. Pour aider les entreprises \u00e0 se conformer \u00e0 cette obligation de la loi, j\u2019ai cr\u00e9\u00e9 ce <a rel=\"noreferrer noopener\" href=\"https:\/\/www.cy-clic.com\/fr\/efvp\" data-type=\"URL\" data-id=\"https:\/\/www.cy-clic.com\/fr\/efvp\" target=\"_blank\">gabarit gratuit \u00e0 remplir en format Word<\/a>. Pour produire son rapport, il suffit de lire une explication de cet aspect de loi, trois sc\u00e9narios fictifs puis de r\u00e9pondre aux questions.<\/p>\n<p><strong>Quel type d\u2019information doit se trouver dans ce rapport ?<\/strong><\/p>\n<p><strong>E. M.<\/strong> : Le but est d\u2019amener les entreprises \u00e0 r\u00e9fl\u00e9chir aux questions suivantes&nbsp;:<\/p>\n<ul>\n<li>Quels sont les renseignements personnels en ma possession et o\u00f9 sont-ils&nbsp;?<\/li>\n<li>O\u00f9 sont les serveurs&nbsp;?<\/li>\n<li>Quelles sont les lois en vigueur \u00e0 cet endroit&nbsp;?<\/li>\n<li>Quels sont les risques possibles, s&rsquo;il arrive un incident?<\/li>\n<li>Quelle est la gravit\u00e9 pour nous?<\/li>\n<li>Qui sera touch\u00e9&nbsp;: les employ\u00e9s, les clients, les dirigeants&nbsp;?<\/li>\n<\/ul>\n<p>Nous avons cr\u00e9\u00e9 des listes \u00e0 points pour aider les entreprises \u00e0 ne rien oublier.<\/p>\n<p><strong>Pour r\u00e9sumer, quel est l\u2019esprit de cette obligation ? Pourquoi le gouvernement demande cela?<\/strong><\/p>\n<p><strong>E. M.<\/strong> : C\u2019est pour amener les entreprises \u00e0 poser la question&nbsp;: est-ce que mes renseignements personnels sont en s\u00e9curit\u00e9. La r\u00e9ponse courte, la plupart du temps, c\u2019est oui. Ils sont en s\u00e9curit\u00e9, surtout lorsqu\u2019on utilise de grandes plateformes reconnues. Toutefois, \u00e7a n\u2019emp\u00eache pas qu\u2019il faille faire ces rapports, pour se conformer \u00e0 la loi.<\/p>\n<hr class=\"wp-block-separator\"\/>\n<div class=\" content_cards_card content_cards_domain_formations-isarta-com\">\n<div class=\"content_cards_image\">\n            <a class=\"content_cards_image_link\" href=\"https:\/\/formations.isarta.com\/cours\/ia-responsabilite-droit-dauteur-et-protection-des-renseignements-personnels\/68?utm_source=Isarta_Infos\" target=\"_blank\"><img src=\"https:\/\/formations.isarta.com\/assets\/images\/dd\/dd2cad_IA-responsabilit-.jpg\" alt=\"IA et droit : responsabilit\u00e9, protection des donn\u00e9es et droit d\u2019auteur | Formations Isarta\"><\/a>\n\t\t<\/div>\n<div class=\"content_cards_title\">\n\t\t<a class=\"content_cards_title_link\" href=\"https:\/\/formations.isarta.com\/cours\/ia-responsabilite-droit-dauteur-et-protection-des-renseignements-personnels\/68?utm_source=Isarta_Infos\" target=\"_blank\">IA et droit : responsabilit\u00e9, protection des donn\u00e9es et droit d\u2019auteur | Formations Isarta<\/a>\n\t<\/div>\n<div class=\"content_cards_description\">\n\t\t<a class=\"content_cards_description_link\" href=\"https:\/\/formations.isarta.com\/cours\/ia-responsabilite-droit-dauteur-et-protection-des-renseignements-personnels\/68?utm_source=Isarta_Infos\" target=\"_blank\"><\/p>\n<p>Explorez les d\u00e9fis juridiques de l&#039;IA avec une analyse de la responsabilit\u00e9 civile, du droit d\u2019auteur et de la protection des renseignements<\/p>\n<p>\t\t<\/a>\n\t<\/div>\n<\/div>\n<div class=\" content_cards_card content_cards_domain_formations-isarta-com\">\n<div class=\"content_cards_image\">\n            <a class=\"content_cards_image_link\" href=\"https:\/\/formations.isarta.com\/cours\/loi-25-comment-se-conformer-a-ces-nouvelles-obligations\/68?utm_source=Isarta_Infos\" target=\"_blank\"><img src=\"https:\/\/formations.isarta.com\/images\/entete.jpg\" alt=\"Formations en Marketing \/ Num\u00e9rique - En ligne, Qu\u00e9bec, Montr\u00e9al | Isarta\"><\/a>\n\t\t<\/div>\n<div class=\"content_cards_title\">\n\t\t<a class=\"content_cards_title_link\" href=\"https:\/\/formations.isarta.com\/cours\/loi-25-comment-se-conformer-a-ces-nouvelles-obligations\/68?utm_source=Isarta_Infos\" target=\"_blank\">Formations en Marketing \/ Num\u00e9rique &#8211; En ligne, Qu\u00e9bec, Montr\u00e9al | Isarta<\/a>\n\t<\/div>\n<div class=\"content_cards_description\">\n\t\t<a class=\"content_cards_description_link\" href=\"https:\/\/formations.isarta.com\/cours\/loi-25-comment-se-conformer-a-ces-nouvelles-obligations\/68?utm_source=Isarta_Infos\" target=\"_blank\"><\/p>\n<p>Formations en marketing, communication, num\u00e9rique, digital, r\u00e9seaux sociaux. Classes virtuelles (webinaires interactifs \u00e0 distance), en salle ou en entreprise. Montr\u00e9al et partout au Qu\u00e9bec.<\/p>\n<p>\t\t<\/a>\n\t<\/div>\n<\/div>\n<div class=\"likebtn_container\" style=\"clear:both;text-align:center;\"><!-- LikeBtn.com BEGIN --><span class=\"likebtn-wrapper\"  data-identifier=\"post_105692\"  data-site_id=\"5cc1ecd16fd08b776710d1e9\"  data-theme=\"drop\"  data-btn_size=\"100\"  data-icon_l=\"false\"  data-icon_d=\"false\"  data-icon_l_url=\"https:\/\/isarta.com\/infos\/wp-content\/uploads\/2019\/04\/happy.png#64794\"  data-icon_d_url=\"https:\/\/isarta.com\/infos\/wp-content\/uploads\/2019\/04\/sleep.png#64796\"  data-icon_size=\"58\"  data-icon_l_c=\"#771414\"  data-bg_c=\"#ffffff\"  data-bg_c_v=\"#ffffff\"  data-brdr_c=\"#ffffff\"  data-f_size=\"11\"  data-f_family=\"Tahoma\"  data-counter_fs=\"b\"  data-lang=\"fr\"  data-ef_voting=\"wobble\"  data-dislike_enabled=\"false\"  data-counter_type=\"percent\"  data-counter_show=\"false\"  data-tooltip_enabled=\"false\"  data-tooltip_like_show_always=\"true\"  data-white_label=\"true\"  data-i18n_like=\"Aimer \/ Partager\"  data-i18n_dislike=\"Pas aim\u00e9\"  data-style=\"\"  data-unlike_allowed=\"\"  data-show_copyright=\"\"  data-item_url=\"https:\/\/isarta.com\/infos\/efvp-connaissez-vous-cette-conformite-trop-souvent-oubliee-de-la-loi-25\/\"  data-item_title=\"\u00c9FVP: connaissez-vous cette conformit\u00e9 trop souvent oubli\u00e9e de la Loi 25 ?\"  data-item_image=\"https:\/\/isarta.com\/infos\/wp-content\/uploads\/2022\/03\/Emeline-Manson-edited-1024x683.jpg\"  data-item_date=\"2024-11-21T03:50:00-05:00\"  data-engine=\"WordPress\"  data-plugin_v=\"2.6.54\"  data-prx=\"https:\/\/isarta.com\/infos\/wp-admin\/admin-ajax.php?action=likebtn_prx\"  data-event_handler=\"likebtn_eh\" ><\/span><!-- LikeBtn.com END --><\/p>\n<hr size=\"3\"><\/div>\n","protected":false},"excerpt":{"rendered":"<p>Depuis ce mois de septembre, de nouvelles obligations li\u00e9es \u00e0 la protection des donn\u00e9es sont entr\u00e9es en vigueur. Emeline Manson, formatrice en pr\u00e9vention des fraudes et en cybers\u00e9curit\u00e9, s\u2019est rendue compte que le rapport d\u2019\u00c9valuation des Facteurs relatifs \u00e0 la Vie Priv\u00e9e (\u00c9FVP) \u00e9tait l&rsquo;une des modalit\u00e9s trop souvent oubli\u00e9e. Voyons de quoi il s\u2019agit. <\/p>\n<div class=\"likebtn_container\" style=\"clear:both;text-align:center;\"><!-- LikeBtn.com BEGIN --><span class=\"likebtn-wrapper\"  data-identifier=\"post_105692\"  data-site_id=\"5cc1ecd16fd08b776710d1e9\"  data-theme=\"drop\"  data-btn_size=\"100\"  data-icon_l=\"false\"  data-icon_d=\"false\"  data-icon_l_url=\"https:\/\/isarta.com\/infos\/wp-content\/uploads\/2019\/04\/happy.png#64794\"  data-icon_d_url=\"https:\/\/isarta.com\/infos\/wp-content\/uploads\/2019\/04\/sleep.png#64796\"  data-icon_size=\"58\"  data-icon_l_c=\"#771414\"  data-bg_c=\"#ffffff\"  data-bg_c_v=\"#ffffff\"  data-brdr_c=\"#ffffff\"  data-f_size=\"11\"  data-f_family=\"Tahoma\"  data-counter_fs=\"b\"  data-lang=\"fr\"  data-ef_voting=\"wobble\"  data-dislike_enabled=\"false\"  data-counter_type=\"percent\"  data-counter_show=\"false\"  data-tooltip_enabled=\"false\"  data-tooltip_like_show_always=\"true\"  data-white_label=\"true\"  data-i18n_like=\"Aimer \/ Partager\"  data-i18n_dislike=\"Pas aim\u00e9\"  data-style=\"\"  data-unlike_allowed=\"\"  data-show_copyright=\"\"  data-item_url=\"https:\/\/isarta.com\/infos\/efvp-connaissez-vous-cette-conformite-trop-souvent-oubliee-de-la-loi-25\/\"  data-item_title=\"\u00c9FVP: connaissez-vous cette conformit\u00e9 trop souvent oubli\u00e9e de la Loi 25 ?\"  data-item_image=\"https:\/\/isarta.com\/infos\/wp-content\/uploads\/2022\/03\/Emeline-Manson-edited-1024x683.jpg\"  data-item_date=\"2024-11-21T03:50:00-05:00\"  data-engine=\"WordPress\"  data-plugin_v=\"2.6.54\"  data-prx=\"https:\/\/isarta.com\/infos\/wp-admin\/admin-ajax.php?action=likebtn_prx\"  data-event_handler=\"likebtn_eh\" ><\/span><!-- LikeBtn.com END --><hr size=\"3\"><\/div>","protected":false},"author":64,"featured_media":90084,"comment_status":"closed","ping_status":"open","sticky":false,"template":"","format":"standard","meta":[],"categories":[175,137,3],"tags":[680,186,1487,206,705],"_links":{"self":[{"href":"https:\/\/isarta.com\/infos\/wp-json\/wp\/v2\/posts\/105692"}],"collection":[{"href":"https:\/\/isarta.com\/infos\/wp-json\/wp\/v2\/posts"}],"about":[{"href":"https:\/\/isarta.com\/infos\/wp-json\/wp\/v2\/types\/post"}],"author":[{"embeddable":true,"href":"https:\/\/isarta.com\/infos\/wp-json\/wp\/v2\/users\/64"}],"replies":[{"embeddable":true,"href":"https:\/\/isarta.com\/infos\/wp-json\/wp\/v2\/comments?post=105692"}],"version-history":[{"count":15,"href":"https:\/\/isarta.com\/infos\/wp-json\/wp\/v2\/posts\/105692\/revisions"}],"predecessor-version":[{"id":106289,"href":"https:\/\/isarta.com\/infos\/wp-json\/wp\/v2\/posts\/105692\/revisions\/106289"}],"wp:featuredmedia":[{"embeddable":true,"href":"https:\/\/isarta.com\/infos\/wp-json\/wp\/v2\/media\/90084"}],"wp:attachment":[{"href":"https:\/\/isarta.com\/infos\/wp-json\/wp\/v2\/media?parent=105692"}],"wp:term":[{"taxonomy":"category","embeddable":true,"href":"https:\/\/isarta.com\/infos\/wp-json\/wp\/v2\/categories?post=105692"},{"taxonomy":"post_tag","embeddable":true,"href":"https:\/\/isarta.com\/infos\/wp-json\/wp\/v2\/tags?post=105692"}],"curies":[{"name":"wp","href":"https:\/\/api.w.org\/{rel}","templated":true}]}}