{"id":105813,"date":"2024-10-19T09:15:35","date_gmt":"2024-10-19T13:15:35","guid":{"rendered":"https:\/\/isarta.com\/infos\/?p=105813"},"modified":"2024-10-19T09:15:42","modified_gmt":"2024-10-19T13:15:42","slug":"comediha-fest-devient-le-festival-juste-pour-rire-quebec","status":"publish","type":"post","link":"https:\/\/isarta.com\/infos\/comediha-fest-devient-le-festival-juste-pour-rire-quebec\/","title":{"rendered":"ComediHa! Fest devient le Festival Juste pour rire &#8211; Qu\u00e9bec"},"content":{"rendered":"<figure class=\"wp-block-image size-large\"><img loading=\"lazy\" width=\"1024\" height=\"683\" src=\"https:\/\/isarta.com\/infos\/wp-content\/uploads\/2024\/10\/unnamed-2-1024x683.jpg\" alt=\"\" class=\"wp-image-105814\" srcset=\"https:\/\/isarta.com\/infos\/wp-content\/uploads\/2024\/10\/unnamed-2-1024x683.jpg 1024w, https:\/\/isarta.com\/infos\/wp-content\/uploads\/2024\/10\/unnamed-2-300x200.jpg 300w, https:\/\/isarta.com\/infos\/wp-content\/uploads\/2024\/10\/unnamed-2-768x512.jpg 768w, https:\/\/isarta.com\/infos\/wp-content\/uploads\/2024\/10\/unnamed-2-1536x1024.jpg 1536w, https:\/\/isarta.com\/infos\/wp-content\/uploads\/2024\/10\/unnamed-2-272x182.jpg 272w, https:\/\/isarta.com\/infos\/wp-content\/uploads\/2024\/10\/unnamed-2.jpg 2048w\" sizes=\"(max-width: 1024px) 100vw, 1024px\" \/><\/figure>\n<p>17 octobre 2024<\/p>\n<p><strong>Sylvain Parent-B\u00e9dard, Pr\u00e9sident-fondateur de ComediHa! et nouveau propri\u00e9taire de Juste pour rire depuis juin, annonce que le ComediHa! Fest-Qu\u00e9bec \u00e9voluera d\u00e9sormais sous la marque\u00a0Festival Juste pour rire &#8211; Qu\u00e9bec, marquant une nouvelle \u00e8re pour l\u2019\u00e9v\u00e9nement de la capitale o\u00f9 r\u00e9side le si\u00e8ge social de l\u2019ensemble du nouveau groupe de l\u2019entrepreneur qu\u00e9b\u00e9cois.\u00a0\u00a0<\/strong><\/p>\n<blockquote class=\"wp-block-quote\">\n<p><em>En juin dernier, notre groupe a acquis la plus grande marque d\u2019humour de la plan\u00e8te : \u00ab\u202fJuste pour rire\u202f\u00bb. Je suis fier que le si\u00e8ge social du groupe d\u2019humour num\u00e9ro 1 au monde soit d\u00e9sormais de la ville de Qu\u00e9bec. Apr\u00e8s analyse et \u00e9tude, j\u2019ai pris la d\u00e9cision que le festival de Qu\u00e9bec allait porter le nom de la marque favorite des qu\u00e9b\u00e9cois en humour, soit \u201cJuste pour rire\u201d qui est en fait la marque de divertissement favorite des Qu\u00e9b\u00e9cois aux c\u00f4t\u00e9s du Cirque du Soleil\u00a0\u00bb explique<\/em> Sylvain Parent-B\u00e9dard, Pr\u00e9sident et Chef de la direction de Juste pour rire.\u00a0<\/p>\n<\/blockquote>\n<p>La ville de Qu\u00e9bec s\u2019ajoute d\u00e9sormais \u00e0 un r\u00e9seau mondial de prestige accueillant un \u00e9v\u00e9nement\u00a0<em>Juste pour rire<\/em>, dont\u00a0Sydney\u00a0en Australie, les\u00a0Bermudes,\u00a0Vancouver,\u00a0Toronto,\u00a0Montr\u00e9al\u00a0et d\u2019autres grandes villes \u00e0 l\u2019international qui seront annonc\u00e9es dans le cadre du nouveau plan strat\u00e9gique. Cette nouveaut\u00e9 consolide la place de la Capitale-Nationale comme une destination incontournable de l&rsquo;humour, renforc\u00e9e par la notori\u00e9t\u00e9 exceptionnelle de\u00a0<em>Juste pour rire\u00a0<\/em>et<em>\u00a0de\u202fJust For Laughs<\/em>\u00a0qui sera exploit\u00e9 comme volet anglophone du festival de Qu\u00e9bec.\u00a0<\/p>\n<p>Rappelons que depuis plus de 40 ans, la marque&nbsp;<em>Juste pour rire<\/em>, une institution culturelle qu\u00e9b\u00e9coise reconnue mondialement, tant par les communaut\u00e9s francophones qu&rsquo;anglophones, a jou\u00e9 un r\u00f4le majeur dans la promotion de l\u2019humour \u00e0 l\u2019\u00e9chelle mondiale, notamment en ayant propuls\u00e9 la carri\u00e8re de nombreux humoristes de renom, francophones et anglophones. Les \u00e9v\u00e9nements&nbsp;<em>Juste pour rire<\/em>&nbsp;sont des rendez-vous incontournables o\u00f9 se rencontrent les talents \u00e9mergents et les plus grands artistes de l\u2019industrie.&nbsp;<\/p>\n<p>Cette d\u00e9cision pour le festival de la Capitale t\u00e9moigne de l&rsquo;engagement solide de l&rsquo;entrepreneur envers la communaut\u00e9 de Qu\u00e9bec et souligne le potentiel de la ville en tant que p\u00f4le culturel dynamique, pr\u00eat \u00e0 rayonner sur la sc\u00e8ne mondiale.&nbsp;<\/p>\n<p>Du 6 au 17 ao\u00fbt 2025,\u00a0le\u00a0<em>Festival Juste pour rire &#8211; Qu\u00e9bec\u00a0<\/em>promet de s\u00e9duire les amateurs d\u2019humour qui se donneront rendez-vous dans la ville de Qu\u00e9bec afin de vivre une exp\u00e9rience digne de la plus importante marque d\u2019humour de la plan\u00e8te. Qui plus est, afin de saluer les touristes du monde entier visitant la capitale, le festival pr\u00e9sentera un important volet anglophone\u00a0<em>Just For Laughs<\/em>\u00a0r\u00e9pondant ainsi aux attentes d\u2019un public toujours plus diversifi\u00e9.\u00a0<\/p>\n<p><strong>Le&nbsp;<em>Groupe ComediHa!<\/em>&nbsp;change de nom pour le&nbsp;<em>Groupe Juste pour divertir&nbsp;<\/em><\/strong><\/p>\n<p>Par ailleurs, le Groupe ComediHa! op\u00e8re un virage d\u00e9cisif en regroupant toutes ses activit\u00e9s sous la nouvelle banni\u00e8re du Groupe Juste pour divertir. Cette consolidation s\u2019op\u00e8re apr\u00e8s une croissance importante, marqu\u00e9e par de nombreux \u00e9v\u00e9nements musicaux majeurs dont la relance de la\u00a0SuperFrancoF\u00eate\u00a0ainsi que plusieurs acquisitions au cours des derni\u00e8res ann\u00e9es qui red\u00e9finissent son influence dans le monde du divertissement dont entre autres\u00a0Les Boys,\u00a0Les Productions Martin Leclerc\u00a0et finalement le\u00a0Groupe Juste pour rire \/ Just For Laughs. Le Groupe ComediHa! franchit donc une nouvelle \u00e9tape d\u00e9cisive de son histoire en adoptant une nouvelle identit\u00e9 chapeautant ses op\u00e9rations et inspir\u00e9e par la renomm\u00e9e mondiale de Juste pour rire : le Groupe Juste pour divertir.\u00a0<\/p>\n<p>Port\u00e9 par le slogan \u00ab\u00a0Un monde de divertissement\u00a0\u00bb, le&nbsp;<em>Groupe Juste pour divertir<\/em>&nbsp;offre d\u00e9sormais une gamme vari\u00e9e de contenus, incluant des festivals, des spectacles et tourn\u00e9es, de l&rsquo;audiovisuel, des cha\u00eenes num\u00e9riques, la repr\u00e9sentation d&rsquo;artistes, la distribution mondiale de contenus et plus encore.&nbsp;<\/p>\n<div class=\"likebtn_container\" style=\"clear:both;text-align:center;\"><!-- LikeBtn.com BEGIN --><span class=\"likebtn-wrapper\"  data-identifier=\"post_105813\"  data-site_id=\"5cc1ecd16fd08b776710d1e9\"  data-theme=\"drop\"  data-btn_size=\"100\"  data-icon_l=\"false\"  data-icon_d=\"false\"  data-icon_l_url=\"https:\/\/isarta.com\/infos\/wp-content\/uploads\/2019\/04\/happy.png#64794\"  data-icon_d_url=\"https:\/\/isarta.com\/infos\/wp-content\/uploads\/2019\/04\/sleep.png#64796\"  data-icon_size=\"58\"  data-icon_l_c=\"#771414\"  data-bg_c=\"#ffffff\"  data-bg_c_v=\"#ffffff\"  data-brdr_c=\"#ffffff\"  data-f_size=\"11\"  data-f_family=\"Tahoma\"  data-counter_fs=\"b\"  data-lang=\"fr\"  data-ef_voting=\"wobble\"  data-dislike_enabled=\"false\"  data-counter_type=\"percent\"  data-counter_show=\"false\"  data-tooltip_enabled=\"false\"  data-tooltip_like_show_always=\"true\"  data-white_label=\"true\"  data-i18n_like=\"Aimer \/ Partager\"  data-i18n_dislike=\"Pas aim\u00e9\"  data-style=\"\"  data-unlike_allowed=\"\"  data-show_copyright=\"\"  data-item_url=\"https:\/\/isarta.com\/infos\/comediha-fest-devient-le-festival-juste-pour-rire-quebec\/\"  data-item_title=\"ComediHa! Fest devient le Festival Juste pour rire - Qu\u00e9bec\"  data-item_image=\"https:\/\/isarta.com\/infos\/wp-content\/uploads\/2024\/10\/unnamed-2-1024x683.jpg\"  data-item_date=\"2024-10-19T09:15:35-04:00\"  data-engine=\"WordPress\"  data-plugin_v=\"2.6.54\"  data-prx=\"https:\/\/isarta.com\/infos\/wp-admin\/admin-ajax.php?action=likebtn_prx\"  data-event_handler=\"likebtn_eh\" ><\/span><!-- LikeBtn.com END --><\/p>\n<hr size=\"3\"><\/div>\n","protected":false},"excerpt":{"rendered":"<p>Sylvain Parent-B\u00e9dard, Pr\u00e9sident-fondateur de ComediHa! et nouveau propri\u00e9taire de Juste pour rire depuis juin, annonce que le ComediHa! Fest-Qu\u00e9bec \u00e9voluera d\u00e9sormais sous la marque Festival Juste pour rire &#8211; Qu\u00e9bec, marquant une nouvelle \u00e8re pour l\u2019\u00e9v\u00e9nement de la capitale o\u00f9 r\u00e9side le si\u00e8ge social de l\u2019ensemble du nouveau groupe de l\u2019entrepreneur qu\u00e9b\u00e9cois.  <\/p>\n<div class=\"likebtn_container\" style=\"clear:both;text-align:center;\"><!-- LikeBtn.com BEGIN --><span class=\"likebtn-wrapper\"  data-identifier=\"post_105813\"  data-site_id=\"5cc1ecd16fd08b776710d1e9\"  data-theme=\"drop\"  data-btn_size=\"100\"  data-icon_l=\"false\"  data-icon_d=\"false\"  data-icon_l_url=\"https:\/\/isarta.com\/infos\/wp-content\/uploads\/2019\/04\/happy.png#64794\"  data-icon_d_url=\"https:\/\/isarta.com\/infos\/wp-content\/uploads\/2019\/04\/sleep.png#64796\"  data-icon_size=\"58\"  data-icon_l_c=\"#771414\"  data-bg_c=\"#ffffff\"  data-bg_c_v=\"#ffffff\"  data-brdr_c=\"#ffffff\"  data-f_size=\"11\"  data-f_family=\"Tahoma\"  data-counter_fs=\"b\"  data-lang=\"fr\"  data-ef_voting=\"wobble\"  data-dislike_enabled=\"false\"  data-counter_type=\"percent\"  data-counter_show=\"false\"  data-tooltip_enabled=\"false\"  data-tooltip_like_show_always=\"true\"  data-white_label=\"true\"  data-i18n_like=\"Aimer \/ Partager\"  data-i18n_dislike=\"Pas aim\u00e9\"  data-style=\"\"  data-unlike_allowed=\"\"  data-show_copyright=\"\"  data-item_url=\"https:\/\/isarta.com\/infos\/comediha-fest-devient-le-festival-juste-pour-rire-quebec\/\"  data-item_title=\"ComediHa! Fest devient le Festival Juste pour rire - Qu\u00e9bec\"  data-item_image=\"https:\/\/isarta.com\/infos\/wp-content\/uploads\/2024\/10\/unnamed-2-1024x683.jpg\"  data-item_date=\"2024-10-19T09:15:35-04:00\"  data-engine=\"WordPress\"  data-plugin_v=\"2.6.54\"  data-prx=\"https:\/\/isarta.com\/infos\/wp-admin\/admin-ajax.php?action=likebtn_prx\"  data-event_handler=\"likebtn_eh\" ><\/span><!-- LikeBtn.com END --><hr size=\"3\"><\/div>","protected":false},"author":23,"featured_media":105814,"comment_status":"closed","ping_status":"open","sticky":false,"template":"","format":"standard","meta":[],"categories":[195],"tags":[314,751,347],"_links":{"self":[{"href":"https:\/\/isarta.com\/infos\/wp-json\/wp\/v2\/posts\/105813"}],"collection":[{"href":"https:\/\/isarta.com\/infos\/wp-json\/wp\/v2\/posts"}],"about":[{"href":"https:\/\/isarta.com\/infos\/wp-json\/wp\/v2\/types\/post"}],"author":[{"embeddable":true,"href":"https:\/\/isarta.com\/infos\/wp-json\/wp\/v2\/users\/23"}],"replies":[{"embeddable":true,"href":"https:\/\/isarta.com\/infos\/wp-json\/wp\/v2\/comments?post=105813"}],"version-history":[{"count":1,"href":"https:\/\/isarta.com\/infos\/wp-json\/wp\/v2\/posts\/105813\/revisions"}],"predecessor-version":[{"id":105815,"href":"https:\/\/isarta.com\/infos\/wp-json\/wp\/v2\/posts\/105813\/revisions\/105815"}],"wp:featuredmedia":[{"embeddable":true,"href":"https:\/\/isarta.com\/infos\/wp-json\/wp\/v2\/media\/105814"}],"wp:attachment":[{"href":"https:\/\/isarta.com\/infos\/wp-json\/wp\/v2\/media?parent=105813"}],"wp:term":[{"taxonomy":"category","embeddable":true,"href":"https:\/\/isarta.com\/infos\/wp-json\/wp\/v2\/categories?post=105813"},{"taxonomy":"post_tag","embeddable":true,"href":"https:\/\/isarta.com\/infos\/wp-json\/wp\/v2\/tags?post=105813"}],"curies":[{"name":"wp","href":"https:\/\/api.w.org\/{rel}","templated":true}]}}