{"id":107262,"date":"2025-03-20T11:55:00","date_gmt":"2025-03-20T15:55:00","guid":{"rendered":"https:\/\/isarta.com\/infos\/?p=107262"},"modified":"2025-03-31T18:39:18","modified_gmt":"2025-03-31T22:39:18","slug":"commerce-de-detail-les-quebecois-tres-inquiets-face-a-la-menace-des-tarifs-douaniers","status":"publish","type":"post","link":"https:\/\/isarta.com\/infos\/commerce-de-detail-les-quebecois-tres-inquiets-face-a-la-menace-des-tarifs-douaniers\/","title":{"rendered":"Commerce de d\u00e9tail : Les Qu\u00e9b\u00e9cois tr\u00e8s inquiets face \u00e0 la menace des tarifs douaniers"},"content":{"rendered":"<figure class=\"wp-block-image size-large\"><img loading=\"lazy\" width=\"1024\" height=\"682\" src=\"https:\/\/isarta.com\/infos\/wp-content\/uploads\/2025\/03\/pexels-vlada-karpovich-4050323-1024x682.jpg\" alt=\"\" class=\"wp-image-107274\" srcset=\"https:\/\/isarta.com\/infos\/wp-content\/uploads\/2025\/03\/pexels-vlada-karpovich-4050323-1024x682.jpg 1024w, https:\/\/isarta.com\/infos\/wp-content\/uploads\/2025\/03\/pexels-vlada-karpovich-4050323-300x200.jpg 300w, https:\/\/isarta.com\/infos\/wp-content\/uploads\/2025\/03\/pexels-vlada-karpovich-4050323-768x512.jpg 768w, https:\/\/isarta.com\/infos\/wp-content\/uploads\/2025\/03\/pexels-vlada-karpovich-4050323-272x182.jpg 272w, https:\/\/isarta.com\/infos\/wp-content\/uploads\/2025\/03\/pexels-vlada-karpovich-4050323.jpg 1280w\" sizes=\"(max-width: 1024px) 100vw, 1024px\" \/><\/figure>\n<p>3 mars 2025<\/p>\n<p><strong>Le Conseil qu\u00e9b\u00e9cois du commerce de d\u00e9tail (CQCD) vient de publier son traditionnel barom\u00e8tre, en partenariat avec ORAMA Marketing, toujours tr\u00e8s instructif pour mesurer les tendances de consommation du moment. En voici les 5 faits saillants, marqu\u00e9s par une inqui\u00e9tude in\u00e9dite.<\/strong><\/p>\n<p><strong>1. Une inqui\u00e9tude dans l&rsquo;avenir in\u00e9dite<\/strong><\/p>\n<p>Premier enseignement de ce coup de sonde : la confiance des Qu\u00e9b\u00e9cois dans l&rsquo;\u00e9conomie a connu une baisse spectaculaire et in\u00e9gal\u00e9e depuis le d\u00e9but de la pand\u00e9mie en 2020. Ainsi, pr\u00e8s de huit Qu\u00e9b\u00e9cois sur dix (79 %) expriment une crainte croissante, soit une hausse de 5 points en trois mois.<\/p>\n<figure class=\"wp-block-image size-large\"><img loading=\"lazy\" width=\"792\" height=\"388\" src=\"https:\/\/isarta.com\/infos\/wp-content\/uploads\/2025\/03\/image.png\" alt=\"\" class=\"wp-image-107263\" srcset=\"https:\/\/isarta.com\/infos\/wp-content\/uploads\/2025\/03\/image.png 792w, https:\/\/isarta.com\/infos\/wp-content\/uploads\/2025\/03\/image-300x147.png 300w, https:\/\/isarta.com\/infos\/wp-content\/uploads\/2025\/03\/image-768x376.png 768w\" sizes=\"(max-width: 792px) 100vw, 792px\" \/><\/figure>\n<p>Autre signal de cette tension croissante, 20 % des m\u00e9nages craignent une d\u00e9t\u00e9rioration de leur situation financi\u00e8re d&rsquo;ici trois mois, alors qu&rsquo;ils n&rsquo;\u00e9taient que 14 % trois mois plus t\u00f4t.<\/p>\n<figure class=\"wp-block-image size-large\"><img loading=\"lazy\" width=\"796\" height=\"386\" src=\"https:\/\/isarta.com\/infos\/wp-content\/uploads\/2025\/03\/image-1.png\" alt=\"\" class=\"wp-image-107264\" srcset=\"https:\/\/isarta.com\/infos\/wp-content\/uploads\/2025\/03\/image-1.png 796w, https:\/\/isarta.com\/infos\/wp-content\/uploads\/2025\/03\/image-1-300x145.png 300w, https:\/\/isarta.com\/infos\/wp-content\/uploads\/2025\/03\/image-1-768x372.png 768w\" sizes=\"(max-width: 796px) 100vw, 796px\" \/><\/figure>\n<p><strong>2. Les tarifs douaniers am\u00e9ricains menacent l&rsquo;\u00e9conomie du Qu\u00e9bec et les prix \u00e0 la consommation<\/strong><\/p>\n<p>La raison de cette inqui\u00e9tude est \u00e9videmment \u00e0 rapprocher des propos belliqueux du Pr\u00e9sident des \u00c9tats-Unis et de sa menace de tarifs. Ces tensions commerciales amplifient manifestement les pr\u00e9occupations \u00e9conomiques des sond\u00e9s.<\/p>\n<p>Plus de la moiti\u00e9 des Qu\u00e9b\u00e9cois (55 %) pr\u00e9voient une d\u00e9t\u00e9rioration de la situation \u00e9conomique provinciale dans l&rsquo;ann\u00e9e \u00e0 venir, soit 19 points de plus qu&rsquo;il y a trois mois. Par ailleurs, 47 % des personnes sond\u00e9es anticipent une r\u00e9cession en 2025, (+ 9 points de plus qu&rsquo;en octobre dernier).<\/p>\n<figure class=\"wp-block-image size-large\"><img loading=\"lazy\" width=\"793\" height=\"384\" src=\"https:\/\/isarta.com\/infos\/wp-content\/uploads\/2025\/03\/image-2.png\" alt=\"\" class=\"wp-image-107265\" srcset=\"https:\/\/isarta.com\/infos\/wp-content\/uploads\/2025\/03\/image-2.png 793w, https:\/\/isarta.com\/infos\/wp-content\/uploads\/2025\/03\/image-2-300x145.png 300w, https:\/\/isarta.com\/infos\/wp-content\/uploads\/2025\/03\/image-2-768x372.png 768w\" sizes=\"(max-width: 793px) 100vw, 793px\" \/><\/figure>\n<figure class=\"wp-block-image size-large\"><img loading=\"lazy\" width=\"790\" height=\"380\" src=\"https:\/\/isarta.com\/infos\/wp-content\/uploads\/2025\/03\/image-3.png\" alt=\"\" class=\"wp-image-107266\" srcset=\"https:\/\/isarta.com\/infos\/wp-content\/uploads\/2025\/03\/image-3.png 790w, https:\/\/isarta.com\/infos\/wp-content\/uploads\/2025\/03\/image-3-300x144.png 300w, https:\/\/isarta.com\/infos\/wp-content\/uploads\/2025\/03\/image-3-768x369.png 768w\" sizes=\"(max-width: 790px) 100vw, 790px\" \/><\/figure>\n<p>Dans ce contexte, la majorit\u00e9 des consommateurs (74 %) s&rsquo;attendent \u00e0 une augmentation marqu\u00e9e des prix \u00e0 la consommation au cours des 12 prochains mois, soit une hausse vertigineuse de 21 points.<\/p>\n<figure class=\"wp-block-image size-large\"><img loading=\"lazy\" width=\"796\" height=\"385\" src=\"https:\/\/isarta.com\/infos\/wp-content\/uploads\/2025\/03\/image-4.png\" alt=\"\" class=\"wp-image-107267\" srcset=\"https:\/\/isarta.com\/infos\/wp-content\/uploads\/2025\/03\/image-4.png 796w, https:\/\/isarta.com\/infos\/wp-content\/uploads\/2025\/03\/image-4-300x145.png 300w, https:\/\/isarta.com\/infos\/wp-content\/uploads\/2025\/03\/image-4-768x371.png 768w\" sizes=\"(max-width: 796px) 100vw, 796px\" \/><\/figure>\n<p><strong>3. Baisse de la confiance et des intentions d&rsquo;achat<\/strong><\/p>\n<p>Cons\u00e9quence concr\u00e8te pour les commer\u00e7ants de la province : l&rsquo;indice de confiance des m\u00e9nages qu\u00e9b\u00e9cois est au plus bas depuis la pand\u00e9mie (77,5 contre 89 en octobre 2024).<\/p>\n<figure class=\"wp-block-image size-large\"><img loading=\"lazy\" width=\"798\" height=\"442\" src=\"https:\/\/isarta.com\/infos\/wp-content\/uploads\/2025\/03\/image-5.png\" alt=\"\" class=\"wp-image-107268\" srcset=\"https:\/\/isarta.com\/infos\/wp-content\/uploads\/2025\/03\/image-5.png 798w, https:\/\/isarta.com\/infos\/wp-content\/uploads\/2025\/03\/image-5-300x166.png 300w, https:\/\/isarta.com\/infos\/wp-content\/uploads\/2025\/03\/image-5-768x425.png 768w\" sizes=\"(max-width: 798px) 100vw, 798px\" \/><\/figure>\n<p>Les intentions d&rsquo;achats importants au cours des trois prochains mois, elles, fl\u00e9chissent l\u00e9g\u00e8rement \u00e9galement face \u00e0 ce contexte plus incertain (- 4 points)<\/p>\n<figure class=\"wp-block-image size-large\"><img loading=\"lazy\" width=\"797\" height=\"385\" src=\"https:\/\/isarta.com\/infos\/wp-content\/uploads\/2025\/03\/image-6.png\" alt=\"\" class=\"wp-image-107269\" srcset=\"https:\/\/isarta.com\/infos\/wp-content\/uploads\/2025\/03\/image-6.png 797w, https:\/\/isarta.com\/infos\/wp-content\/uploads\/2025\/03\/image-6-300x145.png 300w, https:\/\/isarta.com\/infos\/wp-content\/uploads\/2025\/03\/image-6-768x371.png 768w\" sizes=\"(max-width: 797px) 100vw, 797px\" \/><\/figure>\n<p><strong>4. L&rsquo;essor constant du commerce en ligne et des plateformes chinoises<\/strong><\/p>\n<p>Par ailleurs, Les achats en ligne continuent de gagner en popularit\u00e9. Durant le dernier mois, ils ont l\u00e9g\u00e8rement augment\u00e9 dans toutes les cat\u00e9gories de produits, sauf pour l&rsquo;alimentation et la pharmacie.<\/p>\n<figure class=\"wp-block-image size-large\"><img loading=\"lazy\" width=\"795\" height=\"385\" src=\"https:\/\/isarta.com\/infos\/wp-content\/uploads\/2025\/03\/image-7.png\" alt=\"\" class=\"wp-image-107270\" srcset=\"https:\/\/isarta.com\/infos\/wp-content\/uploads\/2025\/03\/image-7.png 795w, https:\/\/isarta.com\/infos\/wp-content\/uploads\/2025\/03\/image-7-300x145.png 300w, https:\/\/isarta.com\/infos\/wp-content\/uploads\/2025\/03\/image-7-768x372.png 768w\" sizes=\"(max-width: 795px) 100vw, 795px\" \/><\/figure>\n<p>Amazon a domin\u00e9 le paysage du commerce en ligne au Qu\u00e9bec au cours des 6 derniers mois, puisque 81 % des consommateurs y ont effectu\u00e9 des achats durant cette p\u00e9riode. Parmi eux, 42 % ach\u00e8tent sur la plateforme au moins une fois par mois, et 12 % s&rsquo;y procurent des produits chaque semaine.<\/p>\n<p>Les plateformes chinoises gagnent aussi du terrain avec Temu (21 %), Shein (16 %) et Alibaba (7 %) parmi les choix des consommateurs. Les principaux facteurs motivant ces achats sont les bas prix (80 %) et la vari\u00e9t\u00e9 des produits offerts (57 %). La moiti\u00e9 des r\u00e9pondants (53 %) d\u00e9pensent ainsi moins de 100 $ toutes les semaines sur Temu et Alibaba contre seulement 18% sur Amazon.<\/p>\n<p>Toutefois, les intentions d&rsquo;achat en ligne pour les trois prochains mois affichent une baisse notable de 7 %.<\/p>\n<figure class=\"wp-block-image size-large is-resized\"><img loading=\"lazy\" src=\"https:\/\/isarta.com\/infos\/wp-content\/uploads\/2025\/03\/image-8.png\" alt=\"\" class=\"wp-image-107271\" width=\"795\" height=\"383\" srcset=\"https:\/\/isarta.com\/infos\/wp-content\/uploads\/2025\/03\/image-8.png 795w, https:\/\/isarta.com\/infos\/wp-content\/uploads\/2025\/03\/image-8-300x145.png 300w, https:\/\/isarta.com\/infos\/wp-content\/uploads\/2025\/03\/image-8-768x370.png 768w\" sizes=\"(max-width: 795px) 100vw, 795px\" \/><\/figure>\n<p><strong>5. Un vent de patriotisme souffle sur le commerce local<\/strong><\/p>\n<p>Malgr\u00e9 l&rsquo;attrait des plateformes internationales, les Qu\u00e9b\u00e9cois accordent une importance croissante au commerce local. Comparativement \u00e0 janvier 2024, on observe une hausse significative de l&rsquo;int\u00e9r\u00eat pour les produits qu\u00e9b\u00e9cois dans toutes les cat\u00e9gories, comme les biens courants (+8 %), les biens de mode (+8 %) et les biens durables (+11 %).<\/p>\n<figure class=\"wp-block-image size-large\"><img loading=\"lazy\" width=\"795\" height=\"386\" src=\"https:\/\/isarta.com\/infos\/wp-content\/uploads\/2025\/03\/image-9.png\" alt=\"\" class=\"wp-image-107272\" srcset=\"https:\/\/isarta.com\/infos\/wp-content\/uploads\/2025\/03\/image-9.png 795w, https:\/\/isarta.com\/infos\/wp-content\/uploads\/2025\/03\/image-9-300x146.png 300w, https:\/\/isarta.com\/infos\/wp-content\/uploads\/2025\/03\/image-9-768x373.png 768w\" sizes=\"(max-width: 795px) 100vw, 795px\" \/><\/figure>\n<p>Les raisons nomm\u00e9es par les consommateurs pour cet engouement sont vari\u00e9es, comme pour encourager l&rsquo;\u00e9conomie locale (+8 %) ou ressentir une fiert\u00e9 \u00e0 acheter localement (+6 %).<\/p>\n<p>De plus, un tiers des Qu\u00e9b\u00e9cois (34 %) sont maintenant capables d&rsquo;identifier facilement l&rsquo;origine qu\u00e9b\u00e9coise d&rsquo;un produit non alimentaire, une hausse de 11 points en un an.<\/p>\n<hr class=\"wp-block-separator\"\/>\n<p><em>M\u00e9thodologie<\/em><\/p>\n<p>Pour r\u00e9aliser cette enqu\u00eate, 1 007 Qu\u00e9b\u00e9cois et Qu\u00e9b\u00e9coise de 18 ans et plus ont \u00e9t\u00e9 interrog\u00e9s du 27 janvier au 5 f\u00e9vrier 2025 via un sondage en ligne. \u00c9tant donn\u00e9 le caract\u00e8re non probabiliste de l\u2019\u00e9chantillon, le calcul de la marge d\u2019erreur ne s\u2019applique pas.<\/p>\n<hr class=\"wp-block-separator\"\/>\n<div class=\" content_cards_card content_cards_domain_formations-isarta-com\">\n<div class=\"content_cards_image\">\n            <a class=\"content_cards_image_link\" href=\"https:\/\/formations.isarta.com\/cours\/batir-une-strategie-e-commerce\/42?utm_source=Isarta_Infos?utm_source=Isarta_Infos\" target=\"_blank\"><img src=\"https:\/\/formations.isarta.com\/images\/entete.jpg\" alt=\"Formations en Commerce \u00e9lectronique - En ligne, Qu\u00e9bec, Montr\u00e9al | Isarta\"><\/a>\n\t\t<\/div>\n<div class=\"content_cards_title\">\n\t\t<a class=\"content_cards_title_link\" href=\"https:\/\/formations.isarta.com\/cours\/batir-une-strategie-e-commerce\/42?utm_source=Isarta_Infos?utm_source=Isarta_Infos\" target=\"_blank\">Formations en Commerce \u00e9lectronique &#8211; En ligne, Qu\u00e9bec, Montr\u00e9al | Isarta<\/a>\n\t<\/div>\n<div class=\"content_cards_description\">\n\t\t<a class=\"content_cards_description_link\" href=\"https:\/\/formations.isarta.com\/cours\/batir-une-strategie-e-commerce\/42?utm_source=Isarta_Infos?utm_source=Isarta_Infos\" target=\"_blank\"><\/p>\n<p>Formations en marketing, communication, num\u00e9rique, digital, r\u00e9seaux sociaux. Classes virtuelles (webinaires interactifs \u00e0 distance), en salle ou en entreprise. Montr\u00e9al et partout au Qu\u00e9bec.<\/p>\n<p>\t\t<\/a>\n\t<\/div>\n<\/div>\n<div class=\" content_cards_card content_cards_domain_formations-isarta-com\">\n<div class=\"content_cards_image\">\n            <a class=\"content_cards_image_link\" href=\"https:\/\/formations.isarta.com\/cours\/developpement-et-vente-relationnelle-les-meilleures-pratiques\/69?utm_source=Isarta_Infos?utm_source=Isarta_Infos\" target=\"_blank\"><img src=\"https:\/\/formations.isarta.com\/assets\/images\/f4\/f47a1f_Arretez-de-vendre.jpeg\" alt=\"D\u00e9veloppement et vente relationnelle: les meilleures pratiques - Arr\u00eatez de vendre, laissez vos clients vous acheter! | Formation Isarta\"><\/a>\n\t\t<\/div>\n<div class=\"content_cards_title\">\n\t\t<a class=\"content_cards_title_link\" href=\"https:\/\/formations.isarta.com\/cours\/developpement-et-vente-relationnelle-les-meilleures-pratiques\/69?utm_source=Isarta_Infos?utm_source=Isarta_Infos\" target=\"_blank\">D\u00e9veloppement et vente relationnelle: les meilleures pratiques &#8211; Arr\u00eatez de vendre, laissez vos clients vous acheter! | Formation Isarta<\/a>\n\t<\/div>\n<div class=\"content_cards_description\">\n\t\t<a class=\"content_cards_description_link\" href=\"https:\/\/formations.isarta.com\/cours\/developpement-et-vente-relationnelle-les-meilleures-pratiques\/69?utm_source=Isarta_Infos?utm_source=Isarta_Infos\" target=\"_blank\"><\/p>\n<p>Adoptez de nouvelles m\u00e9thodes de prospection et des techniques de vente relationnelle pour optimiser vos r\u00e9sultats<\/p>\n<p>\t\t<\/a>\n\t<\/div>\n<\/div>\n<div class=\"likebtn_container\" style=\"clear:both;text-align:center;\"><!-- LikeBtn.com BEGIN --><span class=\"likebtn-wrapper\"  data-identifier=\"post_107262\"  data-site_id=\"5cc1ecd16fd08b776710d1e9\"  data-theme=\"drop\"  data-btn_size=\"100\"  data-icon_l=\"false\"  data-icon_d=\"false\"  data-icon_l_url=\"https:\/\/isarta.com\/infos\/wp-content\/uploads\/2019\/04\/happy.png#64794\"  data-icon_d_url=\"https:\/\/isarta.com\/infos\/wp-content\/uploads\/2019\/04\/sleep.png#64796\"  data-icon_size=\"58\"  data-icon_l_c=\"#771414\"  data-bg_c=\"#ffffff\"  data-bg_c_v=\"#ffffff\"  data-brdr_c=\"#ffffff\"  data-f_size=\"11\"  data-f_family=\"Tahoma\"  data-counter_fs=\"b\"  data-lang=\"fr\"  data-ef_voting=\"wobble\"  data-dislike_enabled=\"false\"  data-counter_type=\"percent\"  data-counter_show=\"false\"  data-tooltip_enabled=\"false\"  data-tooltip_like_show_always=\"true\"  data-white_label=\"true\"  data-i18n_like=\"Aimer \/ Partager\"  data-i18n_dislike=\"Pas aim\u00e9\"  data-style=\"\"  data-unlike_allowed=\"\"  data-show_copyright=\"\"  data-item_url=\"https:\/\/isarta.com\/infos\/commerce-de-detail-les-quebecois-tres-inquiets-face-a-la-menace-des-tarifs-douaniers\/\"  data-item_title=\"Commerce de d\u00e9tail : Les Qu\u00e9b\u00e9cois tr\u00e8s inquiets face \u00e0 la menace des tarifs douaniers\"  data-item_image=\"https:\/\/isarta.com\/infos\/wp-content\/uploads\/2025\/03\/pexels-vlada-karpovich-4050323-1024x682.jpg\"  data-item_date=\"2025-03-20T11:55:00-04:00\"  data-engine=\"WordPress\"  data-plugin_v=\"2.6.54\"  data-prx=\"https:\/\/isarta.com\/infos\/wp-admin\/admin-ajax.php?action=likebtn_prx\"  data-event_handler=\"likebtn_eh\" ><\/span><!-- LikeBtn.com END --><\/p>\n<hr size=\"3\"><\/div>\n","protected":false},"excerpt":{"rendered":"<p>Le Conseil qu\u00e9b\u00e9cois du commerce de d\u00e9tail (CQCD) vient de publier son traditionnel barom\u00e8tre, en partenariat avec ORAMA Marketing, toujours tr\u00e8s instructif pour mesurer les tendances de consommation du moment. En voici les 5 faits saillants.<\/p>\n<div class=\"likebtn_container\" style=\"clear:both;text-align:center;\"><!-- LikeBtn.com BEGIN --><span class=\"likebtn-wrapper\"  data-identifier=\"post_107262\"  data-site_id=\"5cc1ecd16fd08b776710d1e9\"  data-theme=\"drop\"  data-btn_size=\"100\"  data-icon_l=\"false\"  data-icon_d=\"false\"  data-icon_l_url=\"https:\/\/isarta.com\/infos\/wp-content\/uploads\/2019\/04\/happy.png#64794\"  data-icon_d_url=\"https:\/\/isarta.com\/infos\/wp-content\/uploads\/2019\/04\/sleep.png#64796\"  data-icon_size=\"58\"  data-icon_l_c=\"#771414\"  data-bg_c=\"#ffffff\"  data-bg_c_v=\"#ffffff\"  data-brdr_c=\"#ffffff\"  data-f_size=\"11\"  data-f_family=\"Tahoma\"  data-counter_fs=\"b\"  data-lang=\"fr\"  data-ef_voting=\"wobble\"  data-dislike_enabled=\"false\"  data-counter_type=\"percent\"  data-counter_show=\"false\"  data-tooltip_enabled=\"false\"  data-tooltip_like_show_always=\"true\"  data-white_label=\"true\"  data-i18n_like=\"Aimer \/ Partager\"  data-i18n_dislike=\"Pas aim\u00e9\"  data-style=\"\"  data-unlike_allowed=\"\"  data-show_copyright=\"\"  data-item_url=\"https:\/\/isarta.com\/infos\/commerce-de-detail-les-quebecois-tres-inquiets-face-a-la-menace-des-tarifs-douaniers\/\"  data-item_title=\"Commerce de d\u00e9tail : Les Qu\u00e9b\u00e9cois tr\u00e8s inquiets face \u00e0 la menace des tarifs douaniers\"  data-item_image=\"https:\/\/isarta.com\/infos\/wp-content\/uploads\/2025\/03\/pexels-vlada-karpovich-4050323-1024x682.jpg\"  data-item_date=\"2025-03-20T11:55:00-04:00\"  data-engine=\"WordPress\"  data-plugin_v=\"2.6.54\"  data-prx=\"https:\/\/isarta.com\/infos\/wp-admin\/admin-ajax.php?action=likebtn_prx\"  data-event_handler=\"likebtn_eh\" ><\/span><!-- LikeBtn.com END --><hr size=\"3\"><\/div>","protected":false},"author":73,"featured_media":107274,"comment_status":"closed","ping_status":"open","sticky":false,"template":"","format":"standard","meta":[],"categories":[175,137,3],"tags":[207,755,1487,1176],"_links":{"self":[{"href":"https:\/\/isarta.com\/infos\/wp-json\/wp\/v2\/posts\/107262"}],"collection":[{"href":"https:\/\/isarta.com\/infos\/wp-json\/wp\/v2\/posts"}],"about":[{"href":"https:\/\/isarta.com\/infos\/wp-json\/wp\/v2\/types\/post"}],"author":[{"embeddable":true,"href":"https:\/\/isarta.com\/infos\/wp-json\/wp\/v2\/users\/73"}],"replies":[{"embeddable":true,"href":"https:\/\/isarta.com\/infos\/wp-json\/wp\/v2\/comments?post=107262"}],"version-history":[{"count":1,"href":"https:\/\/isarta.com\/infos\/wp-json\/wp\/v2\/posts\/107262\/revisions"}],"predecessor-version":[{"id":107275,"href":"https:\/\/isarta.com\/infos\/wp-json\/wp\/v2\/posts\/107262\/revisions\/107275"}],"wp:featuredmedia":[{"embeddable":true,"href":"https:\/\/isarta.com\/infos\/wp-json\/wp\/v2\/media\/107274"}],"wp:attachment":[{"href":"https:\/\/isarta.com\/infos\/wp-json\/wp\/v2\/media?parent=107262"}],"wp:term":[{"taxonomy":"category","embeddable":true,"href":"https:\/\/isarta.com\/infos\/wp-json\/wp\/v2\/categories?post=107262"},{"taxonomy":"post_tag","embeddable":true,"href":"https:\/\/isarta.com\/infos\/wp-json\/wp\/v2\/tags?post=107262"}],"curies":[{"name":"wp","href":"https:\/\/api.w.org\/{rel}","templated":true}]}}