{"id":110322,"date":"2025-12-17T07:00:00","date_gmt":"2025-12-17T12:00:00","guid":{"rendered":"https:\/\/isarta.com\/infos\/?p=110322"},"modified":"2025-12-17T08:58:01","modified_gmt":"2025-12-17T13:58:01","slug":"quelles-sont-les-nouvelles-aspirations-des-generations-z-et-alpha","status":"publish","type":"post","link":"https:\/\/isarta.com\/infos\/quelles-sont-les-nouvelles-aspirations-des-generations-z-et-alpha\/","title":{"rendered":"Quelles sont les nouvelles aspirations des g\u00e9n\u00e9rations Z et Alpha ?"},"content":{"rendered":"<figure class=\"wp-block-image size-large\"><img loading=\"lazy\" width=\"1024\" height=\"722\" src=\"https:\/\/isarta.com\/infos\/wp-content\/uploads\/2025\/12\/pexels-helenalopes-708440-1024x722.jpg\" alt=\"\" class=\"wp-image-110336\" srcset=\"https:\/\/isarta.com\/infos\/wp-content\/uploads\/2025\/12\/pexels-helenalopes-708440-1024x722.jpg 1024w, https:\/\/isarta.com\/infos\/wp-content\/uploads\/2025\/12\/pexels-helenalopes-708440-300x212.jpg 300w, https:\/\/isarta.com\/infos\/wp-content\/uploads\/2025\/12\/pexels-helenalopes-708440-768x542.jpg 768w, https:\/\/isarta.com\/infos\/wp-content\/uploads\/2025\/12\/pexels-helenalopes-708440-1200x847.jpg 1200w, https:\/\/isarta.com\/infos\/wp-content\/uploads\/2025\/12\/pexels-helenalopes-708440.jpg 1280w\" sizes=\"(max-width: 1024px) 100vw, 1024px\" \/><\/figure>\n<p>8 d\u00e9cembre 2025<\/p>\n<p><strong>L\u00e9ger vient de d\u00e9voiler l\u2019\u00e9dition 2025 de l\u2019<a href=\"https:\/\/leger360.com\/fr\/etude-nextgen\/\" target=\"_blank\" rel=\"noreferrer noopener\">\u00e9tude&nbsp;<em>NextGen<\/em><\/a>, anciennement&nbsp;<em>Jeunesse<\/em>, un coup de sonde annuel qui d\u00e9chiffre les valeurs, les attentes et les comportements des plus jeunes g\u00e9n\u00e9rations.&nbsp;Voici 5 \u00e9l\u00e9ments cl\u00e9s \u00e0 retenir.<\/strong><\/p>\n<blockquote class=\"wp-block-quote\">\n<p><em>L\u2019\u00c9tude NextGen 2025 offre un regard approfondi sur les g\u00e9n\u00e9rations Z et Alpha \u2014 deux cohortes qui red\u00e9finissent les rep\u00e8res du bien-\u00eatre, de la r\u00e9ussite, des relations et de la r\u00e9silience. Guid\u00e9e par l\u2019intention de s\u2019\u00e9loigner des r\u00e9cits souvent n\u00e9gatifs et st\u00e9r\u00e9otyp\u00e9s v\u00e9hicul\u00e9s \u00e0 leur \u00e9gard, l\u2019\u00e9tude propose une lecture nuanc\u00e9e et \u00e9clair\u00e9e de leurs r\u00e9alit\u00e9s,<\/em>&nbsp;<em>\u00bb<\/em> assurent Charlotte Fortin et Gabrielle Blais, directrices de recherche et coresponsables de l\u2019<em>\u00c9tude NextGen<\/em>, L\u00e9ger.&nbsp;<\/p>\n<\/blockquote>\n<p>Voyons quelques dimensions qui fa\u00e7onnent la vie des jeunes Canadiens.&nbsp;<\/p>\n<p><strong>1- Sant\u00e9 mentale : une jeunesse sous tension, mais r\u00e9siliente<\/strong><\/p>\n<p>Les jeunes Canadiens demeurent profond\u00e9ment marqu\u00e9s par les enjeux de sant\u00e9 mentale : trois sur quatre (75%) disent avoir d\u00e9j\u00e0 v\u00e9cu de l\u2019anxi\u00e9t\u00e9 et pr\u00e8s de la moiti\u00e9 (49%) une d\u00e9pression. Chez la g\u00e9n\u00e9ration Z, la proportion de jeunes qui affirment avoir travers\u00e9 un \u00e9pisode d\u00e9pressif augmente de 13 points par rapport \u00e0 2024. &nbsp;<\/p>\n<p>Fait nouveau cette ann\u00e9e, pr\u00e8s de la moiti\u00e9 (48%) des r\u00e9pondants, Z et Alpha confondus, disent utiliser ou envisager d\u2019utiliser une application ou un outil d\u2019intelligence artificielle pour soutenir leur bien-\u00eatre mental. Malgr\u00e9 ces pressions, 77% des jeunes se disent heureux, t\u00e9moignant d\u2019une g\u00e9n\u00e9ration capable de reconna\u00eetre ses \u00e9motions sans s\u2019y laisser enfermer.&nbsp;<\/p>\n<p><strong>2- Vivre au jour le jour : un choix forc\u00e9 par le co\u00fbt de la vie&nbsp;&nbsp;<\/strong><\/p>\n<p>Dans un contexte \u00e9conomique tendu, le co\u00fbt de la vie (61%) et la crise du logement (31%) dominent les pr\u00e9occupations des jeunes Canadiens, loin devant l\u2019environnement ou les enjeux sociaux.<\/p>\n<p>Pr\u00e8s de la moiti\u00e9 des membres de la g\u00e9n\u00e9ration Z (43%) vivent de paie en paie, un sur quatre (24%) occupe un deuxi\u00e8me emploi pour subvenir \u00e0 ses besoins et seulement 18% consid\u00e8rent leurs finances personnelles comme \u00ab bonnes \u00bb.<\/p>\n<p>Enfin, noton que les g\u00e9n\u00e9rations Z et Alpha aspirent moins \u00e0 la richesse qu\u2019\u00e0 la stabilit\u00e9 et \u00e0 la libert\u00e9 de vivre selon leurs propres r\u00e8gles.<\/p>\n<p><strong>3- Le besoin d\u2019une pause num\u00e9rique se fait ressentir&#8230; jusque dans les applications de rencontre !&nbsp;&nbsp;<\/strong><\/p>\n<p>De fa\u00e7on g\u00e9n\u00e9rale, 75% des jeunes de la g\u00e9n\u00e9ration Z jugent passer trop de temps sur leur t\u00e9l\u00e9phone et 71% aimeraient s\u2019en d\u00e9tacher, sans y parvenir. Cette fatigue s\u2019\u00e9tend aussi aux relations amoureuses : parmi les utilisateurs d\u2019applications de rencontre, deux sur trois d\u2019entre eux (67%) ont d\u00e9j\u00e0 ressenti de la solitude en les utilisant, malgr\u00e9 les nombreux matchs.<\/p>\n<p>De plus, toujours chez les g\u00e9n\u00e9rations Z, 76% estiment que les r\u00e9seaux sociaux donnent une image irr\u00e9aliste de l\u2019amour et 66%, qu\u2019ils banalisent certaines pratiques sexuelles. En parall\u00e8le, 76% souhaiteraient que les relations amoureuses reviennent en pr\u00e9sentiel.<\/p>\n<p><strong>4- Sous le vernis de l\u2019amour de soi, une ins\u00e9curit\u00e9 persistante&nbsp;&nbsp;<\/strong><\/p>\n<p>Un peu plus de sept jeunes sur dix (72%) ont v\u00e9cu une \u00e9motion n\u00e9gative li\u00e9e \u00e0 leur apparence au cours de la derni\u00e8re ann\u00e9e, une proportion qui atteint 79% chez les femmes.<\/p>\n<p>Pr\u00e8s de 3 jeunes sur 4 (73%) croient que l\u2019apparence influence la r\u00e9ussite sociale et professionnelle. Par cons\u00e9quent, les 20-24 ans sont les plus susceptibles d\u2019avoir recours \u00e0 la chirurgie esth\u00e9tique (36%).<\/p>\n<p><strong>5- Inform\u00e9s, critiques et engag\u00e9s \u00e0 leur mani\u00e8re&nbsp;&nbsp;<\/strong><\/p>\n<p>La majorit\u00e9 des jeunes Canadiens (53 %) croit encore que la d\u00e9mocratie est le meilleur syst\u00e8me, mais une proportion non n\u00e9gligeable (20 %) estime qu\u2019un r\u00e9gime autoritaire peut parfois \u00eatre pr\u00e9f\u00e9rable.<\/p>\n<p>En parall\u00e8le, leur mobilisation passe avant tout par des actions individuelles : 59% se disent pr\u00eats \u00e0 signer une p\u00e9tition, 48% \u00e0 participer \u00e0 une manifestation pacifique, et 41% \u00e0 faire un don \u00e0 une cause qui les touche.<\/p>\n<hr class=\"wp-block-separator\"\/>\n<div class=\" content_cards_card content_cards_domain_formations-isarta-com\">\n<div class=\"content_cards_image\">\n            <a class=\"content_cards_image_link\" href=\"https:\/\/formations.isarta.com\/cours\/generation-z-et-management-intergenerationnel\/96?utm_source=Isarta_Infos\" target=\"_blank\"><img src=\"https:\/\/formations.isarta.com\/assets\/images\/be\/be05d4_Gen-ration-Z.jpg\" alt=\"G\u00e9n\u00e9ration Z et management interg\u00e9n\u00e9rationnel | Formations Isarta\"><\/a>\n\t\t<\/div>\n<div class=\"content_cards_title\">\n\t\t<a class=\"content_cards_title_link\" href=\"https:\/\/formations.isarta.com\/cours\/generation-z-et-management-intergenerationnel\/96?utm_source=Isarta_Infos\" target=\"_blank\">G\u00e9n\u00e9ration Z et management interg\u00e9n\u00e9rationnel | Formations Isarta<\/a>\n\t<\/div>\n<div class=\"content_cards_description\">\n\t\t<a class=\"content_cards_description_link\" href=\"https:\/\/formations.isarta.com\/cours\/generation-z-et-management-intergenerationnel\/96?utm_source=Isarta_Infos\" target=\"_blank\"><\/p>\n<p>Ma\u00eetrisez les attentes des jeunes talents pour renforcer l\u2019engagement et la coh\u00e9sion au sein d\u2019\u00e9quipes interg\u00e9n\u00e9rationnelles<\/p>\n<p>\t\t<\/a>\n\t<\/div>\n<\/div>\n<div class=\" content_cards_card content_cards_domain_formations-isarta-com\">\n<div class=\"content_cards_image\">\n            <a class=\"content_cards_image_link\" href=\"https:\/\/formations.isarta.com\/cours\/developpez-votre-intelligence-emotionnelle\/105?utm_source=Isarta_Infos\" target=\"_blank\"><img src=\"https:\/\/formations.isarta.com\/assets\/images\/01\/011672_D-veloppez-votre-intelligence-motionnelle.jpg\" alt=\"D\u00e9veloppez votre intelligence \u00e9motionnelle - Apprenez \u00e0 transformer vos \u00e9motions en alli\u00e9es du quotidien | Formation Isarta\"><\/a>\n\t\t<\/div>\n<div class=\"content_cards_title\">\n\t\t<a class=\"content_cards_title_link\" href=\"https:\/\/formations.isarta.com\/cours\/developpez-votre-intelligence-emotionnelle\/105?utm_source=Isarta_Infos\" target=\"_blank\">D\u00e9veloppez votre intelligence \u00e9motionnelle &#8211; Apprenez \u00e0 transformer vos \u00e9motions en alli\u00e9es du quotidien | Formation Isarta<\/a>\n\t<\/div>\n<div class=\"content_cards_description\">\n\t\t<a class=\"content_cards_description_link\" href=\"https:\/\/formations.isarta.com\/cours\/developpez-votre-intelligence-emotionnelle\/105?utm_source=Isarta_Infos\" target=\"_blank\"><\/p>\n<p>Faites de vos \u00e9motions un levier de performance et d\u2019\u00e9quilibre pour mieux collaborer et d\u00e9cider au quotidien<\/p>\n<p>\t\t<\/a>\n\t<\/div>\n<\/div>\n<div class=\" content_cards_card content_cards_domain_formations-isarta-com\">\n<div class=\"content_cards_image\">\n            <a class=\"content_cards_image_link\" href=\"https:\/\/formations.isarta.com\/cours\/la-sante-mentale-au-travail\/74?utm_source=Isarta_Infos\" target=\"_blank\"><img src=\"https:\/\/formations.isarta.com\/assets\/images\/0b\/0b31a1_La-sant-mentale-au-travail1.jpeg\" alt=\"La sant\u00e9 mentale au travail | Formations Isarta\"><\/a>\n\t\t<\/div>\n<div class=\"content_cards_title\">\n\t\t<a class=\"content_cards_title_link\" href=\"https:\/\/formations.isarta.com\/cours\/la-sante-mentale-au-travail\/74?utm_source=Isarta_Infos\" target=\"_blank\">La sant\u00e9 mentale au travail | Formations Isarta<\/a>\n\t<\/div>\n<div class=\"content_cards_description\">\n\t\t<a class=\"content_cards_description_link\" href=\"https:\/\/formations.isarta.com\/cours\/la-sante-mentale-au-travail\/74?utm_source=Isarta_Infos\" target=\"_blank\"><\/p>\n<p>D\u00e9mystifiez la sant\u00e9 mentale en milieu de travail, outillez-vous pour cr\u00e9er un climat de s\u00e9curit\u00e9 psychologique et diminuez les d\u00e9parts<\/p>\n<p>\t\t<\/a>\n\t<\/div>\n<\/div>\n<div class=\" content_cards_card content_cards_domain_formations-isarta-com\">\n<div class=\"content_cards_image\">\n            <a class=\"content_cards_image_link\" href=\"https:\/\/formations.isarta.com\/cours\/hyperconnectivite-comment-mieux-travailler-autour-de-la-technologie\/81?utm_source=Isarta_Infos\" target=\"_blank\"><img src=\"https:\/\/formations.isarta.com\/assets\/images\/48\/4837c8_Hyperconnectivit-.jpg\" alt=\"Hyperconnectivit\u00e9 : comment mieux travailler autour de la technologie ?  - Le bien-\u00eatre num\u00e9rique | Formation Isarta\"><\/a>\n\t\t<\/div>\n<div class=\"content_cards_title\">\n\t\t<a class=\"content_cards_title_link\" href=\"https:\/\/formations.isarta.com\/cours\/hyperconnectivite-comment-mieux-travailler-autour-de-la-technologie\/81?utm_source=Isarta_Infos\" target=\"_blank\">Hyperconnectivit\u00e9 : comment mieux travailler autour de la technologie ?  &#8211; Le bien-\u00eatre num\u00e9rique | Formation Isarta<\/a>\n\t<\/div>\n<div class=\"content_cards_description\">\n\t\t<a class=\"content_cards_description_link\" href=\"https:\/\/formations.isarta.com\/cours\/hyperconnectivite-comment-mieux-travailler-autour-de-la-technologie\/81?utm_source=Isarta_Infos\" target=\"_blank\"><\/p>\n<p>Comprendre sa relation avec la technologie afin d&#039;instaurer de saines habitudes num\u00e9riques pour le bien de sa sant\u00e9 et de sa productivit\u00e9!<\/p>\n<p>\t\t<\/a>\n\t<\/div>\n<\/div>\n<div class=\"likebtn_container\" style=\"clear:both;text-align:center;\"><!-- LikeBtn.com BEGIN --><span class=\"likebtn-wrapper\"  data-identifier=\"post_110322\"  data-site_id=\"5cc1ecd16fd08b776710d1e9\"  data-theme=\"drop\"  data-btn_size=\"100\"  data-icon_l=\"false\"  data-icon_d=\"false\"  data-icon_l_url=\"https:\/\/isarta.com\/infos\/wp-content\/uploads\/2019\/04\/happy.png#64794\"  data-icon_d_url=\"https:\/\/isarta.com\/infos\/wp-content\/uploads\/2019\/04\/sleep.png#64796\"  data-icon_size=\"58\"  data-icon_l_c=\"#771414\"  data-bg_c=\"#ffffff\"  data-bg_c_v=\"#ffffff\"  data-brdr_c=\"#ffffff\"  data-f_size=\"11\"  data-f_family=\"Tahoma\"  data-counter_fs=\"b\"  data-lang=\"fr\"  data-ef_voting=\"wobble\"  data-dislike_enabled=\"false\"  data-counter_type=\"percent\"  data-counter_show=\"false\"  data-tooltip_enabled=\"false\"  data-tooltip_like_show_always=\"true\"  data-white_label=\"true\"  data-i18n_like=\"Aimer \/ Partager\"  data-i18n_dislike=\"Pas aim\u00e9\"  data-style=\"\"  data-unlike_allowed=\"\"  data-show_copyright=\"\"  data-item_url=\"https:\/\/isarta.com\/infos\/quelles-sont-les-nouvelles-aspirations-des-generations-z-et-alpha\/\"  data-item_title=\"Quelles sont les nouvelles aspirations des g\u00e9n\u00e9rations Z et Alpha ?\"  data-item_image=\"https:\/\/isarta.com\/infos\/wp-content\/uploads\/2025\/12\/pexels-helenalopes-708440-1024x722.jpg\"  data-item_date=\"2025-12-17T07:00:00-05:00\"  data-engine=\"WordPress\"  data-plugin_v=\"2.6.54\"  data-prx=\"https:\/\/isarta.com\/infos\/wp-admin\/admin-ajax.php?action=likebtn_prx\"  data-event_handler=\"likebtn_eh\" ><\/span><!-- LikeBtn.com END --><\/p>\n<hr size=\"3\"><\/div>\n","protected":false},"excerpt":{"rendered":"<p>L\u00e9ger vient de d\u00e9voiler l\u2019\u00e9dition 2025 de l\u2019\u00e9tude NextGen, anciennement Jeunesse, un coup de sonde annuel qui d\u00e9chiffre les valeurs, les attentes et les comportements des plus jeunes g\u00e9n\u00e9rations. Voici 5 \u00e9l\u00e9ments cl\u00e9s \u00e0 retenir.<\/p>\n<div class=\"likebtn_container\" style=\"clear:both;text-align:center;\"><!-- LikeBtn.com BEGIN --><span class=\"likebtn-wrapper\"  data-identifier=\"post_110322\"  data-site_id=\"5cc1ecd16fd08b776710d1e9\"  data-theme=\"drop\"  data-btn_size=\"100\"  data-icon_l=\"false\"  data-icon_d=\"false\"  data-icon_l_url=\"https:\/\/isarta.com\/infos\/wp-content\/uploads\/2019\/04\/happy.png#64794\"  data-icon_d_url=\"https:\/\/isarta.com\/infos\/wp-content\/uploads\/2019\/04\/sleep.png#64796\"  data-icon_size=\"58\"  data-icon_l_c=\"#771414\"  data-bg_c=\"#ffffff\"  data-bg_c_v=\"#ffffff\"  data-brdr_c=\"#ffffff\"  data-f_size=\"11\"  data-f_family=\"Tahoma\"  data-counter_fs=\"b\"  data-lang=\"fr\"  data-ef_voting=\"wobble\"  data-dislike_enabled=\"false\"  data-counter_type=\"percent\"  data-counter_show=\"false\"  data-tooltip_enabled=\"false\"  data-tooltip_like_show_always=\"true\"  data-white_label=\"true\"  data-i18n_like=\"Aimer \/ Partager\"  data-i18n_dislike=\"Pas aim\u00e9\"  data-style=\"\"  data-unlike_allowed=\"\"  data-show_copyright=\"\"  data-item_url=\"https:\/\/isarta.com\/infos\/quelles-sont-les-nouvelles-aspirations-des-generations-z-et-alpha\/\"  data-item_title=\"Quelles sont les nouvelles aspirations des g\u00e9n\u00e9rations Z et Alpha ?\"  data-item_image=\"https:\/\/isarta.com\/infos\/wp-content\/uploads\/2025\/12\/pexels-helenalopes-708440-1024x722.jpg\"  data-item_date=\"2025-12-17T07:00:00-05:00\"  data-engine=\"WordPress\"  data-plugin_v=\"2.6.54\"  data-prx=\"https:\/\/isarta.com\/infos\/wp-admin\/admin-ajax.php?action=likebtn_prx\"  data-event_handler=\"likebtn_eh\" ><\/span><!-- LikeBtn.com END --><hr size=\"3\"><\/div>","protected":false},"author":23,"featured_media":110336,"comment_status":"closed","ping_status":"open","sticky":false,"template":"","format":"standard","meta":[],"categories":[175,137,3],"tags":[747],"_links":{"self":[{"href":"https:\/\/isarta.com\/infos\/wp-json\/wp\/v2\/posts\/110322"}],"collection":[{"href":"https:\/\/isarta.com\/infos\/wp-json\/wp\/v2\/posts"}],"about":[{"href":"https:\/\/isarta.com\/infos\/wp-json\/wp\/v2\/types\/post"}],"author":[{"embeddable":true,"href":"https:\/\/isarta.com\/infos\/wp-json\/wp\/v2\/users\/23"}],"replies":[{"embeddable":true,"href":"https:\/\/isarta.com\/infos\/wp-json\/wp\/v2\/comments?post=110322"}],"version-history":[{"count":3,"href":"https:\/\/isarta.com\/infos\/wp-json\/wp\/v2\/posts\/110322\/revisions"}],"predecessor-version":[{"id":110349,"href":"https:\/\/isarta.com\/infos\/wp-json\/wp\/v2\/posts\/110322\/revisions\/110349"}],"wp:featuredmedia":[{"embeddable":true,"href":"https:\/\/isarta.com\/infos\/wp-json\/wp\/v2\/media\/110336"}],"wp:attachment":[{"href":"https:\/\/isarta.com\/infos\/wp-json\/wp\/v2\/media?parent=110322"}],"wp:term":[{"taxonomy":"category","embeddable":true,"href":"https:\/\/isarta.com\/infos\/wp-json\/wp\/v2\/categories?post=110322"},{"taxonomy":"post_tag","embeddable":true,"href":"https:\/\/isarta.com\/infos\/wp-json\/wp\/v2\/tags?post=110322"}],"curies":[{"name":"wp","href":"https:\/\/api.w.org\/{rel}","templated":true}]}}