{"id":111508,"date":"2026-04-01T10:42:00","date_gmt":"2026-04-01T14:42:00","guid":{"rendered":"https:\/\/isarta.com\/infos\/?p=111508"},"modified":"2026-04-02T10:45:03","modified_gmt":"2026-04-02T14:45:03","slug":"commeres-reconduit-son-appel-de-candidatures-pour-son-mandat-pro-bono-pour-une-deuxieme-annee-consecutive","status":"publish","type":"post","link":"https:\/\/isarta.com\/infos\/commeres-reconduit-son-appel-de-candidatures-pour-son-mandat-pro-bono-pour-une-deuxieme-annee-consecutive\/","title":{"rendered":"Comm\u00e8res reconduit son appel de candidatures pour son mandat pro bono pour une deuxi\u00e8me ann\u00e9e cons\u00e9cutive"},"content":{"rendered":"<figure class=\"wp-block-image size-large\"><img loading=\"lazy\" width=\"1024\" height=\"256\" src=\"https:\/\/isarta.com\/infos\/wp-content\/uploads\/2026\/04\/unnamed-1024x256.png\" alt=\"\" class=\"wp-image-111509\" srcset=\"https:\/\/isarta.com\/infos\/wp-content\/uploads\/2026\/04\/unnamed-1024x256.png 1024w, https:\/\/isarta.com\/infos\/wp-content\/uploads\/2026\/04\/unnamed-300x75.png 300w, https:\/\/isarta.com\/infos\/wp-content\/uploads\/2026\/04\/unnamed-768x192.png 768w, https:\/\/isarta.com\/infos\/wp-content\/uploads\/2026\/04\/unnamed-1536x384.png 1536w, https:\/\/isarta.com\/infos\/wp-content\/uploads\/2026\/04\/unnamed-1200x300.png 1200w, https:\/\/isarta.com\/infos\/wp-content\/uploads\/2026\/04\/unnamed.png 1600w\" sizes=\"(max-width: 1024px) 100vw, 1024px\" \/><\/figure>\n<p>2 avril 2026<\/p>\n<p><strong>Apr\u00e8s le succ\u00e8s de sa premi\u00e8re \u00e9dition, Comm\u00e8res vient de lancer un nouvel appel de candidatures pour son mandat pro bono. L\u2019\u00e9quipe souhaite, une fois de plus, tendre la main \u00e0 une organisation de la Grande R\u00e9gion M\u00e9tropolitaine afin de faire rayonner sa mission. Les organisations int\u00e9ress\u00e9es ont jusqu\u2019au 30 avril prochain pour soumettre leur candidature.<\/strong><\/p>\n<blockquote class=\"wp-block-quote\">\n<p>L\u2019an dernier, on a r\u00e9alis\u00e9 \u00e0 quel point ce mandat pouvait faire une r\u00e9elle diff\u00e9rence, autant pour l\u2019organisation accompagn\u00e9e que pour notre \u00e9quipe. On avait envie de renouveler l\u2019exp\u00e9rience et d\u2019offrir \u00e0 nouveau un coup de pouce \u00e0 une organisation engag\u00e9e qui m\u00e9rite d\u2019\u00eatre vue, entendue et reconnue, \u00bb indique Vanessa Bourdeau, Comm\u00e8re en cheffe et fondatrice.<\/p>\n<\/blockquote>\n<p><strong>Le coeur su&rsquo;a main<\/strong><br \/>Par cet appel de candidatures, l\u2019agence souhaite accompagner b\u00e9n\u00e9volement un projet porteur de sens et lui donner les outils n\u00e9cessaires pour briller. Voici les services pouvant \u00eatre inclus dans le futur mandat :<\/p>\n<ul>\n<li>Campagne de relations de presse;<\/li>\n<li>Campagne de marketing d&rsquo;influence;<\/li>\n<li>Campagnes publicitaires (m\u00e9dias sociaux et\/ou Google Ads);<\/li>\n<li>Cr\u00e9ation de contenus (infolettres, articles de blogue, gabarits visuels pour les m\u00e9dias sociaux, capsules vid\u00e9o, s\u00e9ances photo, rapport annuel, etc.)<\/li>\n<\/ul>\n<p>Les organisations int\u00e9ress\u00e9es sont invit\u00e9es \u00e0 d\u00e9poser leur candidature en remplissant le\u00a0<strong><a rel=\"noreferrer noopener\" href=\"https:\/\/docs.google.com\/forms\/d\/e\/1FAIpQLSekw3dI7GvpI1FIRwNyJCoBdRhD0HcPnwyJ8SMMQMV0Y15-sw\/viewform?usp=header\" target=\"_blank\">formulaire<\/a><\/strong>\u00a0d\u00e8s maintenant.<\/p>\n<p>L\u2019an dernier, c\u2019est l\u2019Union qu\u00e9b\u00e9coise de r\u00e9habilitation des oiseaux de proie (UQROP) qui a \u00e9t\u00e9 s\u00e9lectionn\u00e9e parmi la centaine de candidatures re\u00e7ues. \u00c0 travers ce mandat pro bono, Comm\u00e8res a d\u00e9ploy\u00e9 une campagne de relations de presse et de marketing d\u2019influence pour faire rayonner la mission de\u00a0<em>Chouette \u00e0 voir!<\/em>\u00a0et pour rejoindre de nouveaux publics.<\/p>\n<div class=\"likebtn_container\" style=\"clear:both;text-align:center;\"><!-- LikeBtn.com BEGIN --><span class=\"likebtn-wrapper\"  data-identifier=\"post_111508\"  data-site_id=\"5cc1ecd16fd08b776710d1e9\"  data-theme=\"drop\"  data-btn_size=\"100\"  data-icon_l=\"false\"  data-icon_d=\"false\"  data-icon_l_url=\"https:\/\/isarta.com\/infos\/wp-content\/uploads\/2019\/04\/happy.png#64794\"  data-icon_d_url=\"https:\/\/isarta.com\/infos\/wp-content\/uploads\/2019\/04\/sleep.png#64796\"  data-icon_size=\"58\"  data-icon_l_c=\"#771414\"  data-bg_c=\"#ffffff\"  data-bg_c_v=\"#ffffff\"  data-brdr_c=\"#ffffff\"  data-f_size=\"11\"  data-f_family=\"Tahoma\"  data-counter_fs=\"b\"  data-lang=\"fr\"  data-ef_voting=\"wobble\"  data-dislike_enabled=\"false\"  data-counter_type=\"percent\"  data-counter_show=\"false\"  data-tooltip_enabled=\"false\"  data-tooltip_like_show_always=\"true\"  data-white_label=\"true\"  data-i18n_like=\"Aimer \/ Partager\"  data-i18n_dislike=\"Pas aim\u00e9\"  data-style=\"\"  data-unlike_allowed=\"\"  data-show_copyright=\"\"  data-item_url=\"https:\/\/isarta.com\/infos\/commeres-reconduit-son-appel-de-candidatures-pour-son-mandat-pro-bono-pour-une-deuxieme-annee-consecutive\/\"  data-item_title=\"Comm\u00e8res reconduit son appel de candidatures pour son mandat pro bono pour une deuxi\u00e8me ann\u00e9e cons\u00e9cutive\"  data-item_image=\"https:\/\/isarta.com\/infos\/wp-content\/uploads\/2026\/04\/unnamed-1024x256.png\"  data-item_date=\"2026-04-01T10:42:00-04:00\"  data-engine=\"WordPress\"  data-plugin_v=\"2.6.54\"  data-prx=\"https:\/\/isarta.com\/infos\/wp-admin\/admin-ajax.php?action=likebtn_prx\"  data-event_handler=\"likebtn_eh\" ><\/span><!-- LikeBtn.com END --><\/p>\n<hr size=\"3\"><\/div>\n","protected":false},"excerpt":{"rendered":"<p>Apr\u00e8s le succ\u00e8s de sa premi\u00e8re \u00e9dition, Comm\u00e8res vient de lancer un nouvel appel de candidatures pour son mandat pro bono. L\u2019\u00e9quipe souhaite, une fois de plus, tendre la main \u00e0 une organisation de la Grande R\u00e9gion M\u00e9tropolitaine afin de faire rayonner sa mission. Les organisations int\u00e9ress\u00e9es ont jusqu\u2019au 30 avril prochain pour soumettre leur candidature.<\/p>\n<div class=\"likebtn_container\" style=\"clear:both;text-align:center;\"><!-- LikeBtn.com BEGIN --><span class=\"likebtn-wrapper\"  data-identifier=\"post_111508\"  data-site_id=\"5cc1ecd16fd08b776710d1e9\"  data-theme=\"drop\"  data-btn_size=\"100\"  data-icon_l=\"false\"  data-icon_d=\"false\"  data-icon_l_url=\"https:\/\/isarta.com\/infos\/wp-content\/uploads\/2019\/04\/happy.png#64794\"  data-icon_d_url=\"https:\/\/isarta.com\/infos\/wp-content\/uploads\/2019\/04\/sleep.png#64796\"  data-icon_size=\"58\"  data-icon_l_c=\"#771414\"  data-bg_c=\"#ffffff\"  data-bg_c_v=\"#ffffff\"  data-brdr_c=\"#ffffff\"  data-f_size=\"11\"  data-f_family=\"Tahoma\"  data-counter_fs=\"b\"  data-lang=\"fr\"  data-ef_voting=\"wobble\"  data-dislike_enabled=\"false\"  data-counter_type=\"percent\"  data-counter_show=\"false\"  data-tooltip_enabled=\"false\"  data-tooltip_like_show_always=\"true\"  data-white_label=\"true\"  data-i18n_like=\"Aimer \/ Partager\"  data-i18n_dislike=\"Pas aim\u00e9\"  data-style=\"\"  data-unlike_allowed=\"\"  data-show_copyright=\"\"  data-item_url=\"https:\/\/isarta.com\/infos\/commeres-reconduit-son-appel-de-candidatures-pour-son-mandat-pro-bono-pour-une-deuxieme-annee-consecutive\/\"  data-item_title=\"Comm\u00e8res reconduit son appel de candidatures pour son mandat pro bono pour une deuxi\u00e8me ann\u00e9e cons\u00e9cutive\"  data-item_image=\"https:\/\/isarta.com\/infos\/wp-content\/uploads\/2026\/04\/unnamed-1024x256.png\"  data-item_date=\"2026-04-01T10:42:00-04:00\"  data-engine=\"WordPress\"  data-plugin_v=\"2.6.54\"  data-prx=\"https:\/\/isarta.com\/infos\/wp-admin\/admin-ajax.php?action=likebtn_prx\"  data-event_handler=\"likebtn_eh\" ><\/span><!-- LikeBtn.com END --><hr size=\"3\"><\/div>","protected":false},"author":23,"featured_media":111509,"comment_status":"closed","ping_status":"open","sticky":false,"template":"","format":"standard","meta":[],"categories":[195],"tags":[1448],"_links":{"self":[{"href":"https:\/\/isarta.com\/infos\/wp-json\/wp\/v2\/posts\/111508"}],"collection":[{"href":"https:\/\/isarta.com\/infos\/wp-json\/wp\/v2\/posts"}],"about":[{"href":"https:\/\/isarta.com\/infos\/wp-json\/wp\/v2\/types\/post"}],"author":[{"embeddable":true,"href":"https:\/\/isarta.com\/infos\/wp-json\/wp\/v2\/users\/23"}],"replies":[{"embeddable":true,"href":"https:\/\/isarta.com\/infos\/wp-json\/wp\/v2\/comments?post=111508"}],"version-history":[{"count":1,"href":"https:\/\/isarta.com\/infos\/wp-json\/wp\/v2\/posts\/111508\/revisions"}],"predecessor-version":[{"id":111510,"href":"https:\/\/isarta.com\/infos\/wp-json\/wp\/v2\/posts\/111508\/revisions\/111510"}],"wp:featuredmedia":[{"embeddable":true,"href":"https:\/\/isarta.com\/infos\/wp-json\/wp\/v2\/media\/111509"}],"wp:attachment":[{"href":"https:\/\/isarta.com\/infos\/wp-json\/wp\/v2\/media?parent=111508"}],"wp:term":[{"taxonomy":"category","embeddable":true,"href":"https:\/\/isarta.com\/infos\/wp-json\/wp\/v2\/categories?post=111508"},{"taxonomy":"post_tag","embeddable":true,"href":"https:\/\/isarta.com\/infos\/wp-json\/wp\/v2\/tags?post=111508"}],"curies":[{"name":"wp","href":"https:\/\/api.w.org\/{rel}","templated":true}]}}