{"id":112567,"date":"2026-09-06T07:16:00","date_gmt":"2026-09-06T11:16:00","guid":{"rendered":"https:\/\/isarta.com\/infos\/?p=112567"},"modified":"2026-09-02T05:39:23","modified_gmt":"2026-09-02T09:39:23","slug":"reconversion-professionnelle-mode-demploi","status":"publish","type":"post","link":"https:\/\/isarta.com\/infos\/reconversion-professionnelle-mode-demploi\/","title":{"rendered":"Reconversion professionnelle, mode d&#8217;emploi"},"content":{"rendered":"<figure class=\"wp-block-image size-large\"><img loading=\"lazy\" width=\"1024\" height=\"576\" src=\"https:\/\/isarta.com\/infos\/wp-content\/uploads\/2026\/08\/pexels-silverkblack-39204871-1024x576.jpg\" alt=\"\" class=\"wp-image-112796\" srcset=\"https:\/\/isarta.com\/infos\/wp-content\/uploads\/2026\/08\/pexels-silverkblack-39204871-1024x576.jpg 1024w, https:\/\/isarta.com\/infos\/wp-content\/uploads\/2026\/08\/pexels-silverkblack-39204871-300x169.jpg 300w, https:\/\/isarta.com\/infos\/wp-content\/uploads\/2026\/08\/pexels-silverkblack-39204871-768x432.jpg 768w, https:\/\/isarta.com\/infos\/wp-content\/uploads\/2026\/08\/pexels-silverkblack-39204871-1200x675.jpg 1200w, https:\/\/isarta.com\/infos\/wp-content\/uploads\/2026\/08\/pexels-silverkblack-39204871.jpg 1280w\" sizes=\"(max-width: 1024px) 100vw, 1024px\" \/><\/figure>\n<p>2 septembre 2026<\/p>\n<p class=\"has-medium-font-size\"><strong>Selon un <a rel=\"noreferrer noopener\" href=\"https:\/\/www.monster.com\/career-advice\/research\/career-change-statistics\" target=\"_blank\">sondage<\/a> publi\u00e9 en juin dernier, une tendance se dessine sur le front de la r\u00e9orientation professionnelle: une majorit\u00e9 de chercheurs d\u2019emploi (64%) regardent des offres en dehors de l\u2019industrie dans laquelle ils \u0153uvrent pr\u00e9sentement. Nous avons demand\u00e9 des conseils \u00e0 Matt Degen\u00e8ve, consultant en transition de carri\u00e8re, pour entamer une transition \u00e9clair\u00e9e.<\/strong><\/p>\n<p>Avant de s\u2019\u00e9lancer dans le vide, la premi\u00e8re \u00e9tape est bien s\u00fbr d\u2019\u00e9tablir une cible, un objectif, une piste d\u2019atterrissage potentiel. Pour cela, il faut r\u00e9fl\u00e9chir aux probl\u00e8mes que l\u2019on cherche \u00e0 r\u00e9soudre et ensuite v\u00e9rifier que la solution (le nouveau m\u00e9tier vis\u00e9) existe vraiment.<\/p>\n<blockquote class=\"wp-block-quote\">\n<p>La premi\u00e8re \u00e9tape consiste \u00e0 faire le point sur ce qu&rsquo;on ne veut plus vivre et sur ce qu&rsquo;on souhaite vraiment pour notre carri\u00e8re, explique Matt Degen\u00e8ves. Comme en d\u00e9marrage d&rsquo;entreprise, on \u00e9tablit une vision et des valeurs pr\u00e9cises. Une fois qu&rsquo;on a adress\u00e9 l&rsquo;aspect \u00ab sp\u00e9cifique \u00bb de l&rsquo;objectif, la personne en reconversion doit ensuite v\u00e9rifier si ce dernier est r\u00e9aliste.&nbsp;\u00bb<\/p>\n<\/blockquote>\n<p>Il s&rsquo;agit d&rsquo;effectuer une preuve de concept en quelque sorte. Comment ? En cherchant sur le Web ou en sondant directement des professionnels du m\u00e9tier vis\u00e9.<\/p>\n<blockquote class=\"wp-block-quote\">\n<p>Id\u00e9alement, une immersion courte dans le m\u00e9tier vis\u00e9, que ce soit un stage d&rsquo;observation, un engagement b\u00e9n\u00e9vole, un mandat pigiste ou une rencontre exploratoire, permettra d&rsquo;une part de v\u00e9rifier que la r\u00e9alit\u00e9 du m\u00e9tier correspond \u00e0 l&rsquo;image que l&rsquo;on s&rsquo;en fait. D&rsquo;autre part, ces actions peuvent g\u00e9n\u00e9rer des occasions d&#8217;embauche permanente \u00e9ventuellement,\u00a0\u00bb ajoute le conseiller.<\/p>\n<\/blockquote>\n<p>Parall\u00e8lement \u00e0 cela, ce dernier propose aux travailleurs en reconversion de r\u00e9fl\u00e9chir \u00e0 leur s\u00e9curit\u00e9 financi\u00e8re.<\/p>\n<blockquote class=\"wp-block-quote\">\n<p>Un plan de financement pour le changement de carri\u00e8re est crucial. Il comprendra les formations et les pertes de revenus temporaires. J&rsquo;aurais tendance \u00e0 conseiller 18 \u00e0 24 mois de coussin financier, parce que changer de carri\u00e8re prend un temps consid\u00e9rable dans la plupart des domaines.&nbsp;\u00bb<\/p>\n<\/blockquote>\n<p>Si le contexte le permet, le travailleur peut se pr\u00e9valoir d\u2019une ann\u00e9e sabbatique plut\u00f4t que de d\u00e9missionner unilat\u00e9ralement de son ancien emploi.<\/p>\n<p><strong>Savoir se vendre<\/strong><\/p>\n<p>Quand on a \u00e9tabli l\u2019itin\u00e9raire et pr\u00e9vu les ravitaillements, il faut maintenant r\u00e9fl\u00e9chir \u00e0 comment se vendre. &nbsp;&nbsp;<\/p>\n<blockquote class=\"wp-block-quote\">\n<p>Il faut r\u00e9pertorier et clarifier ses comp\u00e9tences transf\u00e9rables, annonce le consultant. On s\u00e9lectionne ensuite les bonnes comp\u00e9tences \u00e0 mettre de l&rsquo;avant selon l&rsquo;entreprise et le poste affich\u00e9, et ce plut\u00f4t qu&rsquo;en soumettre la liste exhaustive.\u00a0Il faut en faire le tri au pr\u00e9alable pour ne pas inonder le lecteur du CV avec une tonne d&rsquo;informations\u00a0\u00bb.<\/p>\n<\/blockquote>\n<p>Matt Degen\u00e8ve ajoute un ingr\u00e9dient \u00e0 la r\u00e9flexion : <\/p>\n<blockquote class=\"wp-block-quote\">\n<p>Le meilleur conseil que je peux donner, c\u2019est de ne pas juste r\u00e9fl\u00e9chir aux comp\u00e9tences transf\u00e9rables, mais aussi \u00e0 des \u00ab r\u00e9sultats transf\u00e9rables \u00bb. Des impacts similaires \u00e0 ceux pass\u00e9s peuvent-ils \u00eatre atteints dans le futur. S&rsquo;ils sont inexistants ou difficilement identifiables pour le nouveau domaine, il faut alors les rechercher, parfois les imaginer et, dans tous les cas, les clarifier pour l&#8217;employeur potentiel\u00a0\u00bb.<\/p>\n<\/blockquote>\n<p>L&rsquo;id\u00e9e est de donner un coup de pouce au recruteur, en l&rsquo;aidant \u00e0 voir la contribution que l&rsquo;on peut apporter au secteur tout en lui permettant de nous imaginer dans le nouveau r\u00f4le. &nbsp;<\/p>\n<p><strong>Signaler ses intentions<\/strong><\/p>\n<p>Dans les relances aupr\u00e8s d&rsquo;un employeur potentiel, Matt Degen\u00e8ve sugg\u00e8re d\u2019avancer \u00e0 visage d\u00e9couvert en clarifiant sa d\u00e9marche et ses intentions dans le CV.<\/p>\n<blockquote class=\"wp-block-quote\">\n<p>Peu importe la section choisie en guise d&rsquo;introduction (un titre, un profil ou un objectif), la destination doit \u00eatre \u00e9voqu\u00e9e dans celle-ci. Le but est parfois plus que professionnel, comme un changement g\u00e9ographique par exemple. Dans l&rsquo;en-t\u00eate, on inscrit alors la relocalisation souhait\u00e9e ou en cours. On peut aussi se positionner comme \u00e9tudiant ou r\u00e9v\u00e9ler le statut migratoire notamment.\u00a0\u00bb<\/p>\n<\/blockquote>\n<p>Le d\u00e9fi est plus complexe quand vient le temps d\u2019afficher ses intentions sur une plateforme publique comme LinkedIn, reconna\u00eet-il. <\/p>\n<blockquote class=\"wp-block-quote\">\n<p>Le travailleur en reconversion n\u2019a peut-\u00eatre pas exprim\u00e9 son d\u00e9sir de changer \u00e0 son employeur actuel et \u00e0 ses coll\u00e8gues. Aussi, certaines personnes veulent explorer plusieurs avenues professionnelles &#8211; ils ne sont pas toujours pr\u00eats \u00e0 se compromettre dans une niche pr\u00e9cise avant d&rsquo;en avoir explor\u00e9 quelques-unes. On peut avoir plusieurs CV, mais on n&rsquo;a qu&rsquo;un seul profil LinkedIn\u00a0\u00bb, souligne-t-il. <\/p>\n<\/blockquote>\n<p>Son dernier conseil&nbsp;: r\u00e9seauter, r\u00e9seauter et r\u00e9seauter encore\u2026<\/p>\n<blockquote class=\"wp-block-quote\">\n<p>M\u00eame si c&rsquo;est une \u00e9vidence, je d\u00e9sire mentionner que garder son r\u00e9seau professionnel actif, en plus de celui personnel, s&rsquo;applique autant pour les reconversions majeures que pour une recherche d&#8217;emploi \u00ab standard \u00bb. Notre r\u00e9seau de contacts nous aidera certainement \u00e0 rep\u00e9rer des opportunit\u00e9s et \u00e0 nous faire voir de nouvelles avenues auxquelles nous n&rsquo;avions pas song\u00e9 jusqu&rsquo;ici.&nbsp;\u00bb<\/p>\n<\/blockquote>\n<p>La feuille de route est claire \u2013 ne reste maintenant que la mettre en application. Bonne reconversion!<\/p>\n<hr class=\"wp-block-separator\"\/>\n<p class=\"has-text-align-center\"><strong>Trouvez votre nouvelle aventure professionnelle sur <a href=\"http:\/\/isarta.com\" target=\"_blank\" rel=\"noreferrer noopener\">Isarta Emplois<\/a>.<\/strong><\/p>\n<div class=\"likebtn_container\" style=\"clear:both;text-align:center;\"><!-- LikeBtn.com BEGIN --><span class=\"likebtn-wrapper\"  data-identifier=\"post_112567\"  data-site_id=\"5cc1ecd16fd08b776710d1e9\"  data-theme=\"drop\"  data-btn_size=\"100\"  data-icon_l=\"false\"  data-icon_d=\"false\"  data-icon_l_url=\"https:\/\/isarta.com\/infos\/wp-content\/uploads\/2019\/04\/happy.png#64794\"  data-icon_d_url=\"https:\/\/isarta.com\/infos\/wp-content\/uploads\/2019\/04\/sleep.png#64796\"  data-icon_size=\"58\"  data-icon_l_c=\"#771414\"  data-bg_c=\"#ffffff\"  data-bg_c_v=\"#ffffff\"  data-brdr_c=\"#ffffff\"  data-f_size=\"11\"  data-f_family=\"Tahoma\"  data-counter_fs=\"b\"  data-lang=\"fr\"  data-ef_voting=\"wobble\"  data-dislike_enabled=\"false\"  data-counter_type=\"percent\"  data-counter_show=\"false\"  data-tooltip_enabled=\"false\"  data-tooltip_like_show_always=\"true\"  data-white_label=\"true\"  data-i18n_like=\"Aimer \/ Partager\"  data-i18n_dislike=\"Pas aim\u00e9\"  data-style=\"\"  data-unlike_allowed=\"\"  data-show_copyright=\"\"  data-item_url=\"https:\/\/isarta.com\/infos\/reconversion-professionnelle-mode-demploi\/\"  data-item_title=\"Reconversion professionnelle, mode d&#039;emploi\"  data-item_image=\"https:\/\/isarta.com\/infos\/wp-content\/uploads\/2026\/08\/pexels-silverkblack-39204871-1024x576.jpg\"  data-item_date=\"2026-09-06T07:16:00-04:00\"  data-engine=\"WordPress\"  data-plugin_v=\"2.6.54\"  data-prx=\"https:\/\/isarta.com\/infos\/wp-admin\/admin-ajax.php?action=likebtn_prx\"  data-event_handler=\"likebtn_eh\" ><\/span><!-- LikeBtn.com END --><\/p>\n<hr size=\"3\"><\/div>\n","protected":false},"excerpt":{"rendered":"<p>Selon un sondage publi\u00e9 en juin dernier, une tendance se dessine sur le front de la r\u00e9orientation professionnelle: une majorit\u00e9 de chercheurs d\u2019emploi (64%) regardent des offres en dehors de l\u2019industrie dans laquelle ils \u0153uvrent pr\u00e9sentement. Nous avons demand\u00e9 des conseils \u00e0 Matt Degen\u00e8ve, consultant en transition de carri\u00e8re, pour entamer une transition \u00e9clair\u00e9e.<\/p>\n<div class=\"likebtn_container\" style=\"clear:both;text-align:center;\"><!-- LikeBtn.com BEGIN --><span class=\"likebtn-wrapper\"  data-identifier=\"post_112567\"  data-site_id=\"5cc1ecd16fd08b776710d1e9\"  data-theme=\"drop\"  data-btn_size=\"100\"  data-icon_l=\"false\"  data-icon_d=\"false\"  data-icon_l_url=\"https:\/\/isarta.com\/infos\/wp-content\/uploads\/2019\/04\/happy.png#64794\"  data-icon_d_url=\"https:\/\/isarta.com\/infos\/wp-content\/uploads\/2019\/04\/sleep.png#64796\"  data-icon_size=\"58\"  data-icon_l_c=\"#771414\"  data-bg_c=\"#ffffff\"  data-bg_c_v=\"#ffffff\"  data-brdr_c=\"#ffffff\"  data-f_size=\"11\"  data-f_family=\"Tahoma\"  data-counter_fs=\"b\"  data-lang=\"fr\"  data-ef_voting=\"wobble\"  data-dislike_enabled=\"false\"  data-counter_type=\"percent\"  data-counter_show=\"false\"  data-tooltip_enabled=\"false\"  data-tooltip_like_show_always=\"true\"  data-white_label=\"true\"  data-i18n_like=\"Aimer \/ Partager\"  data-i18n_dislike=\"Pas aim\u00e9\"  data-style=\"\"  data-unlike_allowed=\"\"  data-show_copyright=\"\"  data-item_url=\"https:\/\/isarta.com\/infos\/reconversion-professionnelle-mode-demploi\/\"  data-item_title=\"Reconversion professionnelle, mode d&#039;emploi\"  data-item_image=\"https:\/\/isarta.com\/infos\/wp-content\/uploads\/2026\/08\/pexels-silverkblack-39204871-1024x576.jpg\"  data-item_date=\"2026-09-06T07:16:00-04:00\"  data-engine=\"WordPress\"  data-plugin_v=\"2.6.54\"  data-prx=\"https:\/\/isarta.com\/infos\/wp-admin\/admin-ajax.php?action=likebtn_prx\"  data-event_handler=\"likebtn_eh\" ><\/span><!-- LikeBtn.com END --><hr size=\"3\"><\/div>","protected":false},"author":64,"featured_media":112796,"comment_status":"closed","ping_status":"open","sticky":false,"template":"","format":"standard","meta":[],"categories":[195],"tags":[314],"_links":{"self":[{"href":"https:\/\/isarta.com\/infos\/wp-json\/wp\/v2\/posts\/112567"}],"collection":[{"href":"https:\/\/isarta.com\/infos\/wp-json\/wp\/v2\/posts"}],"about":[{"href":"https:\/\/isarta.com\/infos\/wp-json\/wp\/v2\/types\/post"}],"author":[{"embeddable":true,"href":"https:\/\/isarta.com\/infos\/wp-json\/wp\/v2\/users\/64"}],"replies":[{"embeddable":true,"href":"https:\/\/isarta.com\/infos\/wp-json\/wp\/v2\/comments?post=112567"}],"version-history":[{"count":8,"href":"https:\/\/isarta.com\/infos\/wp-json\/wp\/v2\/posts\/112567\/revisions"}],"predecessor-version":[{"id":112797,"href":"https:\/\/isarta.com\/infos\/wp-json\/wp\/v2\/posts\/112567\/revisions\/112797"}],"wp:featuredmedia":[{"embeddable":true,"href":"https:\/\/isarta.com\/infos\/wp-json\/wp\/v2\/media\/112796"}],"wp:attachment":[{"href":"https:\/\/isarta.com\/infos\/wp-json\/wp\/v2\/media?parent=112567"}],"wp:term":[{"taxonomy":"category","embeddable":true,"href":"https:\/\/isarta.com\/infos\/wp-json\/wp\/v2\/categories?post=112567"},{"taxonomy":"post_tag","embeddable":true,"href":"https:\/\/isarta.com\/infos\/wp-json\/wp\/v2\/tags?post=112567"}],"curies":[{"name":"wp","href":"https:\/\/api.w.org\/{rel}","templated":true}]}}