{"id":112724,"date":"2026-09-01T07:41:00","date_gmt":"2026-09-01T11:41:00","guid":{"rendered":"https:\/\/isarta.com\/infos\/?p=112724"},"modified":"2026-08-25T03:24:48","modified_gmt":"2026-08-25T07:24:48","slug":"nu-affirme-son-nouveau-positionnement-nouveau-autour-de-lintelligence-media","status":"publish","type":"post","link":"https:\/\/isarta.com\/infos\/nu-affirme-son-nouveau-positionnement-nouveau-autour-de-lintelligence-media\/","title":{"rendered":"N\u00dc affirme son nouveau positionnement nouveau autour de l&rsquo;intelligence m\u00e9dia"},"content":{"rendered":"<figure class=\"wp-block-image size-large\"><img loading=\"lazy\" width=\"1024\" height=\"519\" src=\"https:\/\/isarta.com\/infos\/wp-content\/uploads\/2026\/08\/nu-1024x519.jpg\" alt=\"\" class=\"wp-image-112729\" srcset=\"https:\/\/isarta.com\/infos\/wp-content\/uploads\/2026\/08\/nu-1024x519.jpg 1024w, https:\/\/isarta.com\/infos\/wp-content\/uploads\/2026\/08\/nu-300x152.jpg 300w, https:\/\/isarta.com\/infos\/wp-content\/uploads\/2026\/08\/nu-768x389.jpg 768w, https:\/\/isarta.com\/infos\/wp-content\/uploads\/2026\/08\/nu-1536x779.jpg 1536w, https:\/\/isarta.com\/infos\/wp-content\/uploads\/2026\/08\/nu-2048x1039.jpg 2048w, https:\/\/isarta.com\/infos\/wp-content\/uploads\/2026\/08\/nu-1200x609.jpg 1200w\" sizes=\"(max-width: 1024px) 100vw, 1024px\" \/><\/figure>\n<p>1er septembre 2026<\/p>\n<p><strong>Quand S\u00e9bastien Janin fonde N\u00dc en 2023, il a une conviction : la publicit\u00e9 num\u00e9rique peut \u00eatre pratiqu\u00e9e autrement. Plus responsable dans ses choix d&rsquo;environnements. Plus \u00e9thique dans sa relation aux m\u00e9dias qu&rsquo;elle finance. Et plus accessible, parce que faire du m\u00e9dia responsable ne devrait pas co\u00fbter plus cher. <\/strong><\/p>\n<p>Trois ans plus tard, N\u00dc se positionne officiellement comme partenaire d&rsquo;intelligence m\u00e9dia : accompagner les annonceurs et les agences qui veulent investir plus intelligemment en publicit\u00e9 num\u00e9rique et transformer chaque investissement publicitaire en d\u00e9cisions d&rsquo;affaires \u00e9clair\u00e9es.<\/p>\n<p>Avant de fonder N\u00dc, S\u00e9bastien Janin a pass\u00e9 dix ans dans l&rsquo;industrie. Dix ans \u00e0 observer comment les budgets sont investis, comment les d\u00e9cisions se prennent. Ce que l&rsquo;industrie valorise, et surtout\u2026 ce qu&rsquo;elle choisit de n\u00e9gliger.<\/p>\n<p>Ce qu&rsquo;il a constat\u00e9 : une industrie qui optimise vite, qui parle de performance, mais qui mesure rarement ce qui construit vraiment une marque. Et qui rel\u00e8gue l&rsquo;\u00e9thique au second plan. Alors en 2023, il fonde N\u00dc.<\/p>\n<blockquote class=\"wp-block-quote\">\n<p>J\u2019ai souvent \u00e9t\u00e9 confront\u00e9 \u00e0 des fa\u00e7ons de faire qui ne correspondaient plus \u00e0 ma vision du m\u00e9tier. Plut\u00f4t que de les accepter, j\u2019ai choisi de b\u00e2tir une entreprise qui place l\u2019intelligence, la transparence et la responsabilit\u00e9 au c\u0153ur de chaque d\u00e9cision m\u00e9dia. C\u2019est cette conviction qui a donn\u00e9 naissance \u00e0 N\u00dc.\u201d &#8211; S\u00e9bastien Janin<\/p>\n<\/blockquote>\n<p>Dans un march\u00e9 domin\u00e9 par les grandes plateformes mondiales, N\u00dc fait un choix d\u00e9lib\u00e9r\u00e9 : int\u00e9grer syst\u00e9matiquement les m\u00e9dias locaux dans sa r\u00e9flexion strat\u00e9gique. La Presse, Le Devoir, TVA Nouvelles, Radio-Canada\u2026 Des leviers activ\u00e9s par d\u00e9faut, \u00e0 prix accessible, gr\u00e2ce \u00e0 l&rsquo;expertise programmatique de l&rsquo;agence.<\/p>\n<p>Pour N\u00dc, les m\u00e9dias qu\u00e9b\u00e9cois et canadiens sont parmi les plus puissants pour b\u00e2tir une marque qui dure. Et chaque dollar investi en publicit\u00e9 num\u00e9rique a une responsabilit\u00e9 envers l&rsquo;\u00e9cosyst\u00e8me m\u00e9diatique qu&rsquo;il finance. Soutenir les m\u00e9dias d&rsquo;ici, c&rsquo;est contribuer \u00e0 la vitalit\u00e9 de l&rsquo;information et de la culture qu\u00e9b\u00e9coise, et \u00e0 un mod\u00e8le publicitaire plus \u00e9quilibr\u00e9. <\/p>\n<p>L&rsquo;agence donne acc\u00e8s \u00e0 plus de 500 propri\u00e9t\u00e9s num\u00e9riques premium au Qu\u00e9bec et au Canada, ainsi qu&rsquo;\u00e0 plus de 50 sources de donn\u00e9es premium incluant Google, Amazon et M\u00e9t\u00e9oM\u00e9dia.<\/p>\n<p>L&rsquo;agence active plus d&rsquo;un million de dollars en achats m\u00e9dias chaque ann\u00e9e, affiche une visibilit\u00e9 moyenne de 85 % sur ses publicit\u00e9s, bien au-dessus de la moyenne de 60 \u00e0 70 % \u00e9tablie par IAB Canada, et g\u00e9n\u00e8re pour sa client\u00e8le<br \/>des \u00e9conomies pouvant atteindre 65 % sur le CPM par rapport \u00e0 l&rsquo;achat direct.<\/p>\n<blockquote class=\"wp-block-quote\">\n<p>Les r\u00e9sultats que nous obtenons chez N\u00dc sont le reflet de convictions assum\u00e9es, d\u2019une expertise approfondie du m\u00e9dia num\u00e9rique et d\u2019une volont\u00e9 constante de faire les choses autrement. Nous croyons qu\u2019il est possible d\u2019offrir une performance remarquable aux annonceurs tout en contribuant \u00e0 un \u00e9cosyst\u00e8me m\u00e9diatique plus fort, plus transparent et plus durable,\u201d affirme S\u00e9bastien Janin<\/p>\n<\/blockquote>\n<div class=\"likebtn_container\" style=\"clear:both;text-align:center;\"><!-- LikeBtn.com BEGIN --><span class=\"likebtn-wrapper\"  data-identifier=\"post_112724\"  data-site_id=\"5cc1ecd16fd08b776710d1e9\"  data-theme=\"drop\"  data-btn_size=\"100\"  data-icon_l=\"false\"  data-icon_d=\"false\"  data-icon_l_url=\"https:\/\/isarta.com\/infos\/wp-content\/uploads\/2019\/04\/happy.png#64794\"  data-icon_d_url=\"https:\/\/isarta.com\/infos\/wp-content\/uploads\/2019\/04\/sleep.png#64796\"  data-icon_size=\"58\"  data-icon_l_c=\"#771414\"  data-bg_c=\"#ffffff\"  data-bg_c_v=\"#ffffff\"  data-brdr_c=\"#ffffff\"  data-f_size=\"11\"  data-f_family=\"Tahoma\"  data-counter_fs=\"b\"  data-lang=\"fr\"  data-ef_voting=\"wobble\"  data-dislike_enabled=\"false\"  data-counter_type=\"percent\"  data-counter_show=\"false\"  data-tooltip_enabled=\"false\"  data-tooltip_like_show_always=\"true\"  data-white_label=\"true\"  data-i18n_like=\"Aimer \/ Partager\"  data-i18n_dislike=\"Pas aim\u00e9\"  data-style=\"\"  data-unlike_allowed=\"\"  data-show_copyright=\"\"  data-item_url=\"https:\/\/isarta.com\/infos\/nu-affirme-son-nouveau-positionnement-nouveau-autour-de-lintelligence-media\/\"  data-item_title=\"N\u00dc affirme son nouveau positionnement nouveau autour de l&#039;intelligence m\u00e9dia\"  data-item_image=\"https:\/\/isarta.com\/infos\/wp-content\/uploads\/2026\/08\/nu-1024x519.jpg\"  data-item_date=\"2026-09-01T07:41:00-04:00\"  data-engine=\"WordPress\"  data-plugin_v=\"2.6.54\"  data-prx=\"https:\/\/isarta.com\/infos\/wp-admin\/admin-ajax.php?action=likebtn_prx\"  data-event_handler=\"likebtn_eh\" ><\/span><!-- LikeBtn.com END --><\/p>\n<hr size=\"3\"><\/div>\n","protected":false},"excerpt":{"rendered":"<p>Quand S\u00e9bastien Janin fonde N\u00dc en 2023, il a une conviction : la publicit\u00e9 num\u00e9rique peut \u00eatre pratiqu\u00e9e autrement. Plus responsable dans ses choix d&rsquo;environnements. Plus \u00e9thique dans sa relation aux m\u00e9dias qu&rsquo;elle finance. Et plus accessible, parce que faire du m\u00e9dia responsable ne devrait pas co\u00fbter plus cher. <\/p>\n<div class=\"likebtn_container\" style=\"clear:both;text-align:center;\"><!-- LikeBtn.com BEGIN --><span class=\"likebtn-wrapper\"  data-identifier=\"post_112724\"  data-site_id=\"5cc1ecd16fd08b776710d1e9\"  data-theme=\"drop\"  data-btn_size=\"100\"  data-icon_l=\"false\"  data-icon_d=\"false\"  data-icon_l_url=\"https:\/\/isarta.com\/infos\/wp-content\/uploads\/2019\/04\/happy.png#64794\"  data-icon_d_url=\"https:\/\/isarta.com\/infos\/wp-content\/uploads\/2019\/04\/sleep.png#64796\"  data-icon_size=\"58\"  data-icon_l_c=\"#771414\"  data-bg_c=\"#ffffff\"  data-bg_c_v=\"#ffffff\"  data-brdr_c=\"#ffffff\"  data-f_size=\"11\"  data-f_family=\"Tahoma\"  data-counter_fs=\"b\"  data-lang=\"fr\"  data-ef_voting=\"wobble\"  data-dislike_enabled=\"false\"  data-counter_type=\"percent\"  data-counter_show=\"false\"  data-tooltip_enabled=\"false\"  data-tooltip_like_show_always=\"true\"  data-white_label=\"true\"  data-i18n_like=\"Aimer \/ Partager\"  data-i18n_dislike=\"Pas aim\u00e9\"  data-style=\"\"  data-unlike_allowed=\"\"  data-show_copyright=\"\"  data-item_url=\"https:\/\/isarta.com\/infos\/nu-affirme-son-nouveau-positionnement-nouveau-autour-de-lintelligence-media\/\"  data-item_title=\"N\u00dc affirme son nouveau positionnement nouveau autour de l&#039;intelligence m\u00e9dia\"  data-item_image=\"https:\/\/isarta.com\/infos\/wp-content\/uploads\/2026\/08\/nu-1024x519.jpg\"  data-item_date=\"2026-09-01T07:41:00-04:00\"  data-engine=\"WordPress\"  data-plugin_v=\"2.6.54\"  data-prx=\"https:\/\/isarta.com\/infos\/wp-admin\/admin-ajax.php?action=likebtn_prx\"  data-event_handler=\"likebtn_eh\" ><\/span><!-- LikeBtn.com END --><hr size=\"3\"><\/div>","protected":false},"author":23,"featured_media":112729,"comment_status":"closed","ping_status":"open","sticky":false,"template":"","format":"standard","meta":[],"categories":[195],"tags":[864],"_links":{"self":[{"href":"https:\/\/isarta.com\/infos\/wp-json\/wp\/v2\/posts\/112724"}],"collection":[{"href":"https:\/\/isarta.com\/infos\/wp-json\/wp\/v2\/posts"}],"about":[{"href":"https:\/\/isarta.com\/infos\/wp-json\/wp\/v2\/types\/post"}],"author":[{"embeddable":true,"href":"https:\/\/isarta.com\/infos\/wp-json\/wp\/v2\/users\/23"}],"replies":[{"embeddable":true,"href":"https:\/\/isarta.com\/infos\/wp-json\/wp\/v2\/comments?post=112724"}],"version-history":[{"count":1,"href":"https:\/\/isarta.com\/infos\/wp-json\/wp\/v2\/posts\/112724\/revisions"}],"predecessor-version":[{"id":112730,"href":"https:\/\/isarta.com\/infos\/wp-json\/wp\/v2\/posts\/112724\/revisions\/112730"}],"wp:featuredmedia":[{"embeddable":true,"href":"https:\/\/isarta.com\/infos\/wp-json\/wp\/v2\/media\/112729"}],"wp:attachment":[{"href":"https:\/\/isarta.com\/infos\/wp-json\/wp\/v2\/media?parent=112724"}],"wp:term":[{"taxonomy":"category","embeddable":true,"href":"https:\/\/isarta.com\/infos\/wp-json\/wp\/v2\/categories?post=112724"},{"taxonomy":"post_tag","embeddable":true,"href":"https:\/\/isarta.com\/infos\/wp-json\/wp\/v2\/tags?post=112724"}],"curies":[{"name":"wp","href":"https:\/\/api.w.org\/{rel}","templated":true}]}}