{"id":112837,"date":"2026-09-03T05:31:00","date_gmt":"2026-09-03T09:31:00","guid":{"rendered":"https:\/\/isarta.com\/infos\/?p=112837"},"modified":"2026-09-03T15:29:09","modified_gmt":"2026-09-03T19:29:09","slug":"strategie-video-sur-les-reseaux-sociaux-vous-netes-plus-une-marque-vous-etes-devenu-un-media","status":"publish","type":"post","link":"https:\/\/isarta.com\/infos\/strategie-video-sur-les-reseaux-sociaux-vous-netes-plus-une-marque-vous-etes-devenu-un-media\/","title":{"rendered":"Strat\u00e9gie vid\u00e9o sur les r\u00e9seaux sociaux : \u00ab\u00a0Vous n&rsquo;\u00eates plus une marque, vous \u00eates devenu un m\u00e9dia\u00a0\u00bb"},"content":{"rendered":"<figure class=\"wp-block-image size-large\"><img loading=\"lazy\" width=\"1024\" height=\"624\" src=\"https:\/\/isarta.com\/infos\/wp-content\/uploads\/2025\/09\/Francis-1024x624.png\" alt=\"\" class=\"wp-image-109187\" srcset=\"https:\/\/isarta.com\/infos\/wp-content\/uploads\/2025\/09\/Francis-1024x624.png 1024w, https:\/\/isarta.com\/infos\/wp-content\/uploads\/2025\/09\/Francis-300x183.png 300w, https:\/\/isarta.com\/infos\/wp-content\/uploads\/2025\/09\/Francis-768x468.png 768w, https:\/\/isarta.com\/infos\/wp-content\/uploads\/2025\/09\/Francis.png 1290w\" sizes=\"(max-width: 1024px) 100vw, 1024px\" \/><\/figure>\n<p>3 septembre 2026<\/p>\n<p><strong>Comment prendre de meilleures d\u00e9cisions pour r\u00e9aliser des contenus vid\u00e9o qui performent ? Francis Jette, consultant en strat\u00e9gie de contenu num\u00e9rique et m\u00e9dias sociaux, donne des cl\u00e9s de r\u00e9ponses pratiques \u00e0 travers deux nouvelles formations sur les <a rel=\"noreferrer noopener\" href=\"https:\/\/formations.isarta.com\/cours\/creation-de-videos-verticales-performantes-pour-les-medias-sociaux\/9\" target=\"_blank\">vid\u00e9os verticales<\/a> et l<a rel=\"noreferrer noopener\" href=\"https:\/\/formations.isarta.com\/cours\/strategie-de-contenu-video-pour-les-medias-sociaux-formats-plateformes-et-performance\/9\" target=\"_blank\">es strat\u00e9gies de contenus vid\u00e9o sur les m\u00e9dias sociaux<\/a>. Entrevue sur les tendances actuelles et les leviers \u00e0 activer. <\/strong><\/p>\n<p><strong>La vid\u00e9o est g\u00e9n\u00e9ralement au coeur des strat\u00e9gies num\u00e9riques des organisations. Pourtant, beaucoup ont encore du mal \u00e0 s&rsquo;adapter aux codes des plateformes pour engager leur audience. Qu&rsquo;est-ce que cela t&rsquo;inspire ?<\/strong><\/p>\n<p><strong>Francis Jette :<\/strong> Personnellement, je dis \u00e0 mes clients qu&rsquo;il faut penser \u00ab\u00a0<em>video first<\/em>\u00a0\u00bb depuis 2018 ! La place de la vid\u00e9o dans les strat\u00e9gies de contenu n&rsquo;est donc pas nouvelle m\u00eame si reconnais qu&rsquo;il y a un temps d&rsquo;adaptation n\u00e9cessaire chez certaines organisations, pour se mettre \u00e0 la page des nouvelles normes des plateformes qui poussent plus que jamais les vid\u00e9os.<\/p>\n<p>Sur Facebook, les utilisateurs passent aujourd&rsquo;hui plus de temps sur le fil de vid\u00e9os que sur leur fil d&rsquo;actualit\u00e9 principal.<\/p>\n<p>L&rsquo;autre r\u00e9alit\u00e9 \u00e0 mentionner ici, c&rsquo;est le <em>zero click marketing<\/em>. Auparavant, tu \u00e9crivais un article de blogue puis tu en publiais un lien sur les r\u00e9seaux sociaux pour rediriger vers ton site Web. Aujourd&rsquo;hui, les audiences veulent consommer du contenu directement dans leur fil. Finies donc les annonces corporate, il faut r\u00e9fl\u00e9chir plut\u00f4t \u00e0 commencer d\u00e9cliner ses messages en contenus vid\u00e9os verticales qui correspondent aux attentes des utilisateurs.<\/p>\n<p>Ce n&rsquo;est pas juste faire de la vid\u00e9o pour faire de la vid\u00e9o. C&rsquo;est r\u00e9fl\u00e9chir aux diff\u00e9rents codes pour que son contenu soit vu par un maximum de personnes.<\/p>\n<p><strong>Avec une prime d\u00e9sormais aux formats verticaux qui se sont impos\u00e9s progressivement.<\/strong><\/p>\n<p><strong>Francis Jette :<\/strong> C&rsquo;est en effet devenu le format par d\u00e9faut depuis au moins deux ans sur Facebook par exemple. Tik Tok a explos\u00e9 gr\u00e2ce \u00e0 ce format \u00e0 partir de 2020 et il a commenc\u00e9 \u00e0 devenir dominant au sein de toutes les plateformes ensuite. <\/p>\n<p>Sauf que, l\u00e0 encore, il y a la r\u00e9alit\u00e9 des algorithmes et celle des organisations. Cette transition est encore en train de se faire. Mais le message est clair : il faut penser \u00ab\u00a0<em>vertical first<\/em>\u00ab\u00a0.  <\/p>\n<p><strong>Vois-tu des bonnes pratiques actuelles pour faire des vid\u00e9os qui ont de l&rsquo;impact ?<\/strong><\/p>\n<p><strong>Francis Jette<\/strong> : D\u00e9j\u00e0, on peut \u00e9voquer l&rsquo;IA qui a une r\u00e9percussion sur la perception des marques en ligne. Il est encore plus important aujourd&rsquo;hui de tisser un lien de confiance authentique en mettant en avant des ambassadeurs humains qui refl\u00e8tent les valeurs de l&rsquo;organisation. Cette haute valeur ajout\u00e9e se d\u00e9marque imm\u00e9diatement des contenus g\u00e9n\u00e9r\u00e9s par IA ou avec des photos de banque d&rsquo;images.<\/p>\n<p>Par ailleurs, avec l&rsquo;arriv\u00e9e de Tik Tok, on a vu une explosion des tendances vid\u00e9os. Cela faisait partie des bonnes pratiques de s&rsquo;inspirer de ces tendances et de les recopier pour les int\u00e9grer \u00e0 sa strat\u00e9gie. Sauf que cela fonctionne moins d\u00e9sormais : beaucoup de marques essaient de suivre des tendances qui s&rsquo;essoufflent de plus en plus vite. <\/p>\n<p>Il faut aujourd&rsquo;hui baser sa strat\u00e9gie sur des concepts forts mais pas forc\u00e9ment suivre \u00e0 tout prix des tendances temporaires. Cela veut dire qu&rsquo;il faut mettre de plus en plus l&rsquo;accent sur la sc\u00e9narisation de la vid\u00e9o, s&rsquo;assurer d&rsquo;avoir toujours les m\u00eames personnes devant la cam\u00e9ra afin d&rsquo;avoir un visage r\u00e9current, cr\u00e9er un format de tournage simple que l&rsquo;on pourra reproduire dans la dur\u00e9e&#8230; Autant de questions que je traite dans mes formations et qui permettent d&rsquo;augmenter l&rsquo;impact et la dur\u00e9e d&rsquo;\u00e9coute de ses vid\u00e9os.<\/p>\n<p><strong>Justement, parlons de la dur\u00e9e. On a l&rsquo;impression que les formats un peu plus longs gagnent en popularit\u00e9.<\/strong><\/p>\n<p><strong>Francis Jette :<\/strong> <strong> <\/strong>Effectivement, toutes les plateformes, que cela soit Tik Tok ou Facebook ou Instagram avec les Reels, ont progressivement augment\u00e9 la limite de leurs vid\u00e9os. On est pass\u00e9 d&rsquo;une quinzaine de secondes \u00e0 aujourd&rsquo;hui 3 minutes. Sur Youtube, la dur\u00e9e moyenne des vid\u00e9os est en hausse de 50 % depuis 2020.<\/p>\n<p>La vraie question cependant est de trouver la juste dur\u00e9e pour son concept cr\u00e9atif et le message qu&rsquo;on a \u00e0 livrer. Avant de penser dur\u00e9e, il faut r\u00e9fl\u00e9chir \u00e0 la valeur pour son audience. On voit ainsi aujourd&rsquo;hui de tr\u00e8s bons micro-documentaires de quelques minutes qui se distinguent de l&rsquo;<em><a href=\"https:\/\/isarta.com\/infos\/le-nouveau-combat-des-plateformes-contre-lia-slop\/\" data-type=\"post\" data-id=\"112635\" target=\"_blank\" rel=\"noreferrer noopener\">IA slop<\/a><\/em>.<\/p>\n<p>Ce que je dis souvent \u00e0 mes clients : vous n&rsquo;\u00eates plus une marque, vous \u00eates devenu un m\u00e9dia. Ce qui veut dire concr\u00e8tement savoir alimenter un calendrier de contenus en trouvant des formats qui rendent la marque unique pour son audience.<\/p>\n<p>L&rsquo;objectif n&rsquo;est pas juste la viralit\u00e9, mais de maximiser la visibilit\u00e9. On ne recherche pas un contenu viral avec des millions de vues mais un bon niveau r\u00e9current avec un contenu qui fait rayonner l&rsquo;unicit\u00e9 de la marque. Voil\u00e0 le d\u00e9fi pour les gestionnaires.<\/p>\n<hr class=\"wp-block-separator\"\/>\n<p><strong>D\u00e9couvrez les nouvelles <a href=\"https:\/\/formations.isarta.com\/liste\/francis-jette\" target=\"_blank\" rel=\"noreferrer noopener\">formations de Francis Jette<\/a> :<\/strong><\/p>\n<div class=\" content_cards_card content_cards_domain_formations-isarta-com\">\n<div class=\"content_cards_image\">\n            <a class=\"content_cards_image_link\" href=\"https:\/\/formations.isarta.com\/cours\/creation-de-videos-verticales-performantes-pour-les-medias-sociaux\/9?utm_source=Isarta_Infos\" target=\"_blank\"><img src=\"https:\/\/formations.isarta.com\/assets\/images\/e9\/e9abfc_Cr-ation-de-vid-os-verticales-performantes-pour-les-m-dias-sociaux.jpg\" alt=\"Cr\u00e9ation de vid\u00e9os verticales performantes pour les m\u00e9dias sociaux - Sc\u00e9nariser, filmer et publier des vid\u00e9os qui retiennent l&#039;attention | Formation Isarta\"><\/a>\n\t\t<\/div>\n<div class=\"content_cards_title\">\n\t\t<a class=\"content_cards_title_link\" href=\"https:\/\/formations.isarta.com\/cours\/creation-de-videos-verticales-performantes-pour-les-medias-sociaux\/9?utm_source=Isarta_Infos\" target=\"_blank\">Cr\u00e9ation de vid\u00e9os verticales performantes pour les m\u00e9dias sociaux &#8211; Sc\u00e9nariser, filmer et publier des vid\u00e9os qui retiennent l&rsquo;attention | Formation Isarta<\/a>\n\t<\/div>\n<div class=\"content_cards_description\">\n\t\t<a class=\"content_cards_description_link\" href=\"https:\/\/formations.isarta.com\/cours\/creation-de-videos-verticales-performantes-pour-les-medias-sociaux\/9?utm_source=Isarta_Infos\" target=\"_blank\"><\/p>\n<p>Adoptez les meilleures pratiques pour sc\u00e9nariser, filmer et publier des vid\u00e9os qui retiennent l&#039;attention avec vos ressources d\u00e9j\u00e0 en place<\/p>\n<p>\t\t<\/a>\n\t<\/div>\n<\/div>\n<div class=\" content_cards_card content_cards_domain_formations-isarta-com\">\n<div class=\"content_cards_image\">\n            <a class=\"content_cards_image_link\" href=\"https:\/\/formations.isarta.com\/cours\/strategie-de-contenu-video-pour-les-medias-sociaux-formats-plateformes-et-performance\/9?utm_source=Isarta_Infos\" target=\"_blank\"><img src=\"https:\/\/formations.isarta.com\/assets\/images\/84\/8471ce_Strat-gie-de-contenu-vid-o-pour-les-m-dias-sociaux.jpg\" alt=\"Strat\u00e9gie de contenu vid\u00e9o pour les m\u00e9dias sociaux : formats, plateformes et performance | Formations Isarta\"><\/a>\n\t\t<\/div>\n<div class=\"content_cards_title\">\n\t\t<a class=\"content_cards_title_link\" href=\"https:\/\/formations.isarta.com\/cours\/strategie-de-contenu-video-pour-les-medias-sociaux-formats-plateformes-et-performance\/9?utm_source=Isarta_Infos\" target=\"_blank\">Strat\u00e9gie de contenu vid\u00e9o pour les m\u00e9dias sociaux : formats, plateformes et performance | Formations Isarta<\/a>\n\t<\/div>\n<div class=\"content_cards_description\">\n\t\t<a class=\"content_cards_description_link\" href=\"https:\/\/formations.isarta.com\/cours\/strategie-de-contenu-video-pour-les-medias-sociaux-formats-plateformes-et-performance\/9?utm_source=Isarta_Infos\" target=\"_blank\"><\/p>\n<p>Structurez une strat\u00e9gie vid\u00e9o claire, performante et r\u00e9aliste pour cr\u00e9er du contenu align\u00e9 sur vos objectifs d&#039;affaires<\/p>\n<p>\t\t<\/a>\n\t<\/div>\n<\/div>\n<div class=\"likebtn_container\" style=\"clear:both;text-align:center;\"><!-- LikeBtn.com BEGIN --><span class=\"likebtn-wrapper\"  data-identifier=\"post_112837\"  data-site_id=\"5cc1ecd16fd08b776710d1e9\"  data-theme=\"drop\"  data-btn_size=\"100\"  data-icon_l=\"false\"  data-icon_d=\"false\"  data-icon_l_url=\"https:\/\/isarta.com\/infos\/wp-content\/uploads\/2019\/04\/happy.png#64794\"  data-icon_d_url=\"https:\/\/isarta.com\/infos\/wp-content\/uploads\/2019\/04\/sleep.png#64796\"  data-icon_size=\"58\"  data-icon_l_c=\"#771414\"  data-bg_c=\"#ffffff\"  data-bg_c_v=\"#ffffff\"  data-brdr_c=\"#ffffff\"  data-f_size=\"11\"  data-f_family=\"Tahoma\"  data-counter_fs=\"b\"  data-lang=\"fr\"  data-ef_voting=\"wobble\"  data-dislike_enabled=\"false\"  data-counter_type=\"percent\"  data-counter_show=\"false\"  data-tooltip_enabled=\"false\"  data-tooltip_like_show_always=\"true\"  data-white_label=\"true\"  data-i18n_like=\"Aimer \/ Partager\"  data-i18n_dislike=\"Pas aim\u00e9\"  data-style=\"\"  data-unlike_allowed=\"\"  data-show_copyright=\"\"  data-item_url=\"https:\/\/isarta.com\/infos\/strategie-video-sur-les-reseaux-sociaux-vous-netes-plus-une-marque-vous-etes-devenu-un-media\/\"  data-item_title=\"Strat\u00e9gie vid\u00e9o sur les r\u00e9seaux sociaux : &quot;Vous n&#039;\u00eates plus une marque, vous \u00eates devenu un m\u00e9dia&quot;\"  data-item_image=\"https:\/\/isarta.com\/infos\/wp-content\/uploads\/2025\/09\/Francis-1024x624.png\"  data-item_date=\"2026-09-03T05:31:00-04:00\"  data-engine=\"WordPress\"  data-plugin_v=\"2.6.54\"  data-prx=\"https:\/\/isarta.com\/infos\/wp-admin\/admin-ajax.php?action=likebtn_prx\"  data-event_handler=\"likebtn_eh\" ><\/span><!-- LikeBtn.com END --><\/p>\n<hr size=\"3\"><\/div>\n","protected":false},"excerpt":{"rendered":"<p>Comment prendre de meilleures d\u00e9cisions pour r\u00e9aliser des contenus vid\u00e9o qui performent ? Francis Jette, consultant en strat\u00e9gie de contenu num\u00e9rique et m\u00e9dias sociaux, donne des cl\u00e9s de r\u00e9ponses pratiques \u00e0 travers deux nouvelles formations sur les vid\u00e9os verticales et les strat\u00e9gies de contenus sur les m\u00e9dias sociaux. Entrevue sur les tendances actuelles et les leviers \u00e0 activer. <\/p>\n<div class=\"likebtn_container\" style=\"clear:both;text-align:center;\"><!-- LikeBtn.com BEGIN --><span class=\"likebtn-wrapper\"  data-identifier=\"post_112837\"  data-site_id=\"5cc1ecd16fd08b776710d1e9\"  data-theme=\"drop\"  data-btn_size=\"100\"  data-icon_l=\"false\"  data-icon_d=\"false\"  data-icon_l_url=\"https:\/\/isarta.com\/infos\/wp-content\/uploads\/2019\/04\/happy.png#64794\"  data-icon_d_url=\"https:\/\/isarta.com\/infos\/wp-content\/uploads\/2019\/04\/sleep.png#64796\"  data-icon_size=\"58\"  data-icon_l_c=\"#771414\"  data-bg_c=\"#ffffff\"  data-bg_c_v=\"#ffffff\"  data-brdr_c=\"#ffffff\"  data-f_size=\"11\"  data-f_family=\"Tahoma\"  data-counter_fs=\"b\"  data-lang=\"fr\"  data-ef_voting=\"wobble\"  data-dislike_enabled=\"false\"  data-counter_type=\"percent\"  data-counter_show=\"false\"  data-tooltip_enabled=\"false\"  data-tooltip_like_show_always=\"true\"  data-white_label=\"true\"  data-i18n_like=\"Aimer \/ Partager\"  data-i18n_dislike=\"Pas aim\u00e9\"  data-style=\"\"  data-unlike_allowed=\"\"  data-show_copyright=\"\"  data-item_url=\"https:\/\/isarta.com\/infos\/strategie-video-sur-les-reseaux-sociaux-vous-netes-plus-une-marque-vous-etes-devenu-un-media\/\"  data-item_title=\"Strat\u00e9gie vid\u00e9o sur les r\u00e9seaux sociaux : &quot;Vous n&#039;\u00eates plus une marque, vous \u00eates devenu un m\u00e9dia&quot;\"  data-item_image=\"https:\/\/isarta.com\/infos\/wp-content\/uploads\/2025\/09\/Francis-1024x624.png\"  data-item_date=\"2026-09-03T05:31:00-04:00\"  data-engine=\"WordPress\"  data-plugin_v=\"2.6.54\"  data-prx=\"https:\/\/isarta.com\/infos\/wp-admin\/admin-ajax.php?action=likebtn_prx\"  data-event_handler=\"likebtn_eh\" ><\/span><!-- LikeBtn.com END --><hr size=\"3\"><\/div>","protected":false},"author":73,"featured_media":109187,"comment_status":"closed","ping_status":"open","sticky":false,"template":"","format":"standard","meta":[],"categories":[175,137,339,1428,1],"tags":[372],"_links":{"self":[{"href":"https:\/\/isarta.com\/infos\/wp-json\/wp\/v2\/posts\/112837"}],"collection":[{"href":"https:\/\/isarta.com\/infos\/wp-json\/wp\/v2\/posts"}],"about":[{"href":"https:\/\/isarta.com\/infos\/wp-json\/wp\/v2\/types\/post"}],"author":[{"embeddable":true,"href":"https:\/\/isarta.com\/infos\/wp-json\/wp\/v2\/users\/73"}],"replies":[{"embeddable":true,"href":"https:\/\/isarta.com\/infos\/wp-json\/wp\/v2\/comments?post=112837"}],"version-history":[{"count":6,"href":"https:\/\/isarta.com\/infos\/wp-json\/wp\/v2\/posts\/112837\/revisions"}],"predecessor-version":[{"id":112878,"href":"https:\/\/isarta.com\/infos\/wp-json\/wp\/v2\/posts\/112837\/revisions\/112878"}],"wp:featuredmedia":[{"embeddable":true,"href":"https:\/\/isarta.com\/infos\/wp-json\/wp\/v2\/media\/109187"}],"wp:attachment":[{"href":"https:\/\/isarta.com\/infos\/wp-json\/wp\/v2\/media?parent=112837"}],"wp:term":[{"taxonomy":"category","embeddable":true,"href":"https:\/\/isarta.com\/infos\/wp-json\/wp\/v2\/categories?post=112837"},{"taxonomy":"post_tag","embeddable":true,"href":"https:\/\/isarta.com\/infos\/wp-json\/wp\/v2\/tags?post=112837"}],"curies":[{"name":"wp","href":"https:\/\/api.w.org\/{rel}","templated":true}]}}