{"id":14520,"date":"2015-02-16T16:42:31","date_gmt":"2015-02-16T21:42:31","guid":{"rendered":"http:\/\/isarta.com\/infos\/?p=14520"},"modified":"2015-02-16T17:40:32","modified_gmt":"2015-02-16T22:40:32","slug":"la-24e-edition-du-concours-de-la-releve-publicitaire-est-lancee-par-lapcm","status":"publish","type":"post","link":"https:\/\/isarta.com\/infos\/la-24e-edition-du-concours-de-la-releve-publicitaire-est-lancee-par-lapcm\/","title":{"rendered":"La 24\u00e8 \u00e9dition du Concours de la rel\u00e8ve publicitaire est lanc\u00e9e par l&rsquo;APCM"},"content":{"rendered":"<p class=\"p1\" style=\"text-align: justify;\"><a href=\"http:\/\/isarta.com\/infos\/wp-content\/uploads\/2015\/02\/liadMbZljAO4CCOJL9Jqkfic2L6l9ZXTZ1iqgwcRxXM.jpg\"><img loading=\"lazy\" class=\"  wp-image-14521 aligncenter\" src=\"http:\/\/isarta.com\/infos\/wp-content\/uploads\/2015\/02\/liadMbZljAO4CCOJL9Jqkfic2L6l9ZXTZ1iqgwcRxXM-300x300.jpg\" alt=\"liadMbZljAO4CCOJL9Jqkfic2L6l9ZXTZ1iqgwcRxXM\" width=\"194\" height=\"194\" srcset=\"https:\/\/isarta.com\/infos\/wp-content\/uploads\/2015\/02\/liadMbZljAO4CCOJL9Jqkfic2L6l9ZXTZ1iqgwcRxXM-300x300.jpg 300w, https:\/\/isarta.com\/infos\/wp-content\/uploads\/2015\/02\/liadMbZljAO4CCOJL9Jqkfic2L6l9ZXTZ1iqgwcRxXM-50x50.jpg 50w, https:\/\/isarta.com\/infos\/wp-content\/uploads\/2015\/02\/liadMbZljAO4CCOJL9Jqkfic2L6l9ZXTZ1iqgwcRxXM-150x150.jpg 150w, https:\/\/isarta.com\/infos\/wp-content\/uploads\/2015\/02\/liadMbZljAO4CCOJL9Jqkfic2L6l9ZXTZ1iqgwcRxXM.jpg 360w\" sizes=\"(max-width: 194px) 100vw, 194px\" \/><\/a><\/p>\n<p class=\"p1\" style=\"text-align: justify;\"><a href=\"http:\/\/www.communicationmarketing.org\/index.html\">L\u2019Association des professionnels de la communication et du marketing (APCM)<\/a> annonce le lancement officiel de la 24e \u00e9dition du concours de la Rel\u00e8ve publicitaire, qui accueillera cette ann\u00e9e <a href=\"http:\/\/www.gazmetro.com\/\">Gaz M\u00e9tro<\/a> et <a href=\"http:\/\/www.cossette.com\/\">Cossette<\/a> comme client partenaire et agence.<\/p>\n<p class=\"p1\" style=\"text-align: justify;\"><a href=\"http:\/\/isarta.com\/infos\/wp-content\/uploads\/2015\/02\/YQqqvUtjVQX4LJNeY3xsol9akYMiWOncP3_Im64biiE.jpg\"><img loading=\"lazy\" class=\"  wp-image-14522 aligncenter\" src=\"http:\/\/isarta.com\/infos\/wp-content\/uploads\/2015\/02\/YQqqvUtjVQX4LJNeY3xsol9akYMiWOncP3_Im64biiE-300x200.jpg\" alt=\"YQqqvUtjVQX4LJNeY3xsol9akYMiWOncP3_Im64biiE\" width=\"251\" height=\"167\" srcset=\"https:\/\/isarta.com\/infos\/wp-content\/uploads\/2015\/02\/YQqqvUtjVQX4LJNeY3xsol9akYMiWOncP3_Im64biiE-300x200.jpg 300w, https:\/\/isarta.com\/infos\/wp-content\/uploads\/2015\/02\/YQqqvUtjVQX4LJNeY3xsol9akYMiWOncP3_Im64biiE-1024x682.jpg 1024w, https:\/\/isarta.com\/infos\/wp-content\/uploads\/2015\/02\/YQqqvUtjVQX4LJNeY3xsol9akYMiWOncP3_Im64biiE.jpg 1280w\" sizes=\"(max-width: 251px) 100vw, 251px\" \/><\/a><\/p>\n<p class=\"p1\" style=\"text-align: justify;\"><span class=\"s1\">Reconnu par l\u2019industrie comme un rendez-vous annuel des plus r\u00e9put\u00e9s, ce concours permet aux meilleurs \u00e9tudiants en communication, marketing, administration, publicit\u00e9 et design de mettre en application les notions th\u00e9oriques acquises lors de leur formation en concevant pour un client un v\u00e9ritable plan de communication, qui sera r\u00e9alis\u00e9 en totalit\u00e9 ou en partie par l\u2019annonceur. \u00ab <\/span><\/p>\n<p class=\"p1\" style=\"text-align: justify;\"><a href=\"http:\/\/isarta.com\/infos\/wp-content\/uploads\/2015\/02\/OWiNLvss0HRNudSsLsXp7OaFlfLJbNwA-6sm-hLP2IA.jpg\"><img loading=\"lazy\" class=\"  wp-image-14523 aligncenter\" src=\"http:\/\/isarta.com\/infos\/wp-content\/uploads\/2015\/02\/OWiNLvss0HRNudSsLsXp7OaFlfLJbNwA-6sm-hLP2IA-300x200.jpg\" alt=\"OWiNLvss0HRNudSsLsXp7OaFlfLJbNwA-6sm-hLP2IA\" width=\"239\" height=\"159\" srcset=\"https:\/\/isarta.com\/infos\/wp-content\/uploads\/2015\/02\/OWiNLvss0HRNudSsLsXp7OaFlfLJbNwA-6sm-hLP2IA-300x200.jpg 300w, https:\/\/isarta.com\/infos\/wp-content\/uploads\/2015\/02\/OWiNLvss0HRNudSsLsXp7OaFlfLJbNwA-6sm-hLP2IA-1024x682.jpg 1024w, https:\/\/isarta.com\/infos\/wp-content\/uploads\/2015\/02\/OWiNLvss0HRNudSsLsXp7OaFlfLJbNwA-6sm-hLP2IA.jpg 1280w\" sizes=\"(max-width: 239px) 100vw, 239px\" \/><\/a><\/p>\n<p class=\"p1\" style=\"text-align: justify;\"><span class=\"s1\">L\u2019objectif est de d\u00e9couvrir les \u00ab leaders \u00bb de demain. Notre industrie est toujours \u00e0 l\u2019aff\u00fbt de sang neuf et d\u2019id\u00e9es originales et rien de mieux que les perspectives de la nouvelle g\u00e9n\u00e9ration pour amener des id\u00e9es qui provoquent le changement que les clients ont besoin \u00bb a mentionn\u00e9 Sonya Bacon, responsable du concours de la Rel\u00e8ve publicitaire pour l\u2019APCM. <\/span><\/p>\n<p class=\"p1\" style=\"text-align: justify;\"><a href=\"http:\/\/isarta.com\/infos\/wp-content\/uploads\/2015\/02\/M40M8xiuy4hW8WpILk3LjmnKcHLEzZxCZ4d-unULd8M.jpg\"><img loading=\"lazy\" class=\"  wp-image-14524 aligncenter\" src=\"http:\/\/isarta.com\/infos\/wp-content\/uploads\/2015\/02\/M40M8xiuy4hW8WpILk3LjmnKcHLEzZxCZ4d-unULd8M-300x200.jpg\" alt=\"M40M8xiuy4hW8WpILk3LjmnKcHLEzZxCZ4d-unULd8M\" width=\"248\" height=\"165\" srcset=\"https:\/\/isarta.com\/infos\/wp-content\/uploads\/2015\/02\/M40M8xiuy4hW8WpILk3LjmnKcHLEzZxCZ4d-unULd8M-300x200.jpg 300w, https:\/\/isarta.com\/infos\/wp-content\/uploads\/2015\/02\/M40M8xiuy4hW8WpILk3LjmnKcHLEzZxCZ4d-unULd8M-1024x682.jpg 1024w, https:\/\/isarta.com\/infos\/wp-content\/uploads\/2015\/02\/M40M8xiuy4hW8WpILk3LjmnKcHLEzZxCZ4d-unULd8M.jpg 1280w\" sizes=\"(max-width: 248px) 100vw, 248px\" \/><\/a><\/p>\n<p class=\"p1\" style=\"text-align: justify;\"><span class=\"s1\">Cette ann\u00e9e, le mandat est particulier, l\u2019annonceur donne en quelque sorte une page blanche aux \u00e9tudiants. \u00abOn demandera aux \u00e9quipes de proposer un plan d\u2019activation de la marque au sein des communaut\u00e9s dans le cadre du positionnement strat\u00e9gique de l\u2019entreprise \u00bb mentionn\u00e9 Val\u00e9rie Sapin Directrice Marketing et Innovation de Gaz M\u00e9tro. <\/span><\/p>\n<blockquote>\n<p class=\"p1\" style=\"text-align: justify;\"><span class=\"s1\" style=\"font-size: 10pt;\">Pour la rel\u00e8ve, c\u2019est une chance \u00e9norme d\u2019avoir carte blanche et une occasion unique de se d\u00e9marquer. Travailler sur une marque aussi prestigieuse que Gaz M\u00e9tro repr\u00e9sente un d\u00e9fi stimulant pour des jeunes et le moment id\u00e9al pour faire preuve d\u2019audace \u00bb, mentionne Marie-Claude Lachance, vice-pr\u00e9sidente, service conseil, chez Cossette. <\/span><\/p>\n<\/blockquote>\n<p class=\"p1\" style=\"text-align: justify;\"><a href=\"http:\/\/isarta.com\/infos\/wp-content\/uploads\/2015\/02\/jFT2e-mnaqvt4qe3gwYkfpIRoSWBBD-XIHXQswLZl_8.jpg\"><img loading=\"lazy\" class=\"  wp-image-14525 aligncenter\" src=\"http:\/\/isarta.com\/infos\/wp-content\/uploads\/2015\/02\/jFT2e-mnaqvt4qe3gwYkfpIRoSWBBD-XIHXQswLZl_8-300x200.jpg\" alt=\"jFT2e-mnaqvt4qe3gwYkfpIRoSWBBD-XIHXQswLZl_8\" width=\"235\" height=\"156\" srcset=\"https:\/\/isarta.com\/infos\/wp-content\/uploads\/2015\/02\/jFT2e-mnaqvt4qe3gwYkfpIRoSWBBD-XIHXQswLZl_8-300x200.jpg 300w, https:\/\/isarta.com\/infos\/wp-content\/uploads\/2015\/02\/jFT2e-mnaqvt4qe3gwYkfpIRoSWBBD-XIHXQswLZl_8-1024x682.jpg 1024w, https:\/\/isarta.com\/infos\/wp-content\/uploads\/2015\/02\/jFT2e-mnaqvt4qe3gwYkfpIRoSWBBD-XIHXQswLZl_8.jpg 1280w\" sizes=\"(max-width: 235px) 100vw, 235px\" \/><\/a><\/p>\n<p class=\"p1\" style=\"text-align: justify;\"><span class=\"s1\">En tout, six d\u00e9partements universitaires s\u2019affronteront, 36 \u00e9tudiants se pencheront sur la m\u00eame probl\u00e9matique et une \u00e9quipe remportera la premi\u00e8re place. Deux \u00e9tudiants de l\u2019\u00e9quipe gagnante remporteront un stage r\u00e9mun\u00e9r\u00e9 chez le client partenaire et l\u2019agence. <\/span><\/p>\n<p class=\"p1\" style=\"text-align: justify;\"><a href=\"http:\/\/isarta.com\/infos\/wp-content\/uploads\/2015\/02\/gCaY0MkmUBausaIq5vSW2jdlI8hknfuRvjyMyO5r9JI.jpg\"><img loading=\"lazy\" class=\"  wp-image-14526 aligncenter\" src=\"http:\/\/isarta.com\/infos\/wp-content\/uploads\/2015\/02\/gCaY0MkmUBausaIq5vSW2jdlI8hknfuRvjyMyO5r9JI-300x200.jpg\" alt=\"gCaY0MkmUBausaIq5vSW2jdlI8hknfuRvjyMyO5r9JI\" width=\"228\" height=\"152\" srcset=\"https:\/\/isarta.com\/infos\/wp-content\/uploads\/2015\/02\/gCaY0MkmUBausaIq5vSW2jdlI8hknfuRvjyMyO5r9JI-300x200.jpg 300w, https:\/\/isarta.com\/infos\/wp-content\/uploads\/2015\/02\/gCaY0MkmUBausaIq5vSW2jdlI8hknfuRvjyMyO5r9JI-1024x682.jpg 1024w, https:\/\/isarta.com\/infos\/wp-content\/uploads\/2015\/02\/gCaY0MkmUBausaIq5vSW2jdlI8hknfuRvjyMyO5r9JI.jpg 1280w\" sizes=\"(max-width: 228px) 100vw, 228px\" \/><\/a><\/p>\n<p class=\"p1\" style=\"text-align: justify;\"><span class=\"s1\">Les universit\u00e9s participantes sont les suivantes: l\u2019Universit\u00e9 Laval (Facult\u00e9 des sciences de l\u2019administration), l\u2019Universit\u00e9 Laval (D\u00e9partement d\u2019information et de communication), l\u2019\u00c9cole des sciences de la gestion de l\u2019Universit\u00e9 du Qu\u00e9bec \u00e0 Montr\u00e9al (ESG UQAM), HEC Montr\u00e9al, l\u2019Universit\u00e9 de Sherbrooke et l\u2019\u00c9cole de gestion John-Molson de l\u2019Universit\u00e9 Concordia <\/span><\/p>\n<p class=\"p1\" style=\"text-align: justify;\"><a href=\"http:\/\/isarta.com\/infos\/wp-content\/uploads\/2015\/02\/bztZtYj8ehx1HSv1uW7rf9y4_ehAeAVtp4wFUHAzYhA.jpg\"><img loading=\"lazy\" class=\"  wp-image-14527 aligncenter\" src=\"http:\/\/isarta.com\/infos\/wp-content\/uploads\/2015\/02\/bztZtYj8ehx1HSv1uW7rf9y4_ehAeAVtp4wFUHAzYhA-300x200.jpg\" alt=\"bztZtYj8ehx1HSv1uW7rf9y4_ehAeAVtp4wFUHAzYhA\" width=\"231\" height=\"154\" srcset=\"https:\/\/isarta.com\/infos\/wp-content\/uploads\/2015\/02\/bztZtYj8ehx1HSv1uW7rf9y4_ehAeAVtp4wFUHAzYhA-300x200.jpg 300w, https:\/\/isarta.com\/infos\/wp-content\/uploads\/2015\/02\/bztZtYj8ehx1HSv1uW7rf9y4_ehAeAVtp4wFUHAzYhA-1024x682.jpg 1024w, https:\/\/isarta.com\/infos\/wp-content\/uploads\/2015\/02\/bztZtYj8ehx1HSv1uW7rf9y4_ehAeAVtp4wFUHAzYhA.jpg 1280w\" sizes=\"(max-width: 231px) 100vw, 231px\" \/><\/a><\/p>\n<p class=\"p1\" style=\"text-align: justify;\"><span class=\"s1\">D\u2019une dur\u00e9e de deux mois et demi, le concours repr\u00e9sente une chance unique pour les finissants universitaires de travailler sur un cas r\u00e9el et de concevoir la meilleure approche pour atteindre les objectifs d\u2019affaires et de communication du client. <\/span><\/p>\n<p class=\"p1\" style=\"text-align: justify;\"><span class=\"s1\">Les \u00e9quipes auront la chance de soumettre le fruit de leur travail sous forme de pr\u00e9sentation d\u2019agence devant un jury compos\u00e9 de repr\u00e9sentants de Gaz M\u00e9tro, de Cossette et de l\u2019APCM. Depuis son lancement en 1990, le concours de l\u2019APCM a permis \u00e0 plus de 700 \u00e9tudiants d\u2019acqu\u00e9rir une exp\u00e9rience pratique dans le cadre de projets de communication d\u2019envergure. Pour plus de d\u00e9tails, visitez la section <\/span><\/p>\n<p class=\"p1\"><span class=\"s1\">Concours du site <a href=\"http:\/\/www.apcm.biz\"><span class=\"s2\">www.apcm.biz<\/span><\/a>. <\/span><\/p>\n<p class=\"p1\" style=\"text-align: justify;\"><strong><span class=\"s1\" style=\"color: #000080;\">\u00c0 propos de l\u2019APCM <\/span><\/strong><\/p>\n<p class=\"p1\" style=\"text-align: justify;\"><span class=\"s1\">L\u2019Association des professionnels de la communication et du marketing (APCM) est la seule association qui repr\u00e9sente les individus impliqu\u00e9s dans toutes les sph\u00e8res de la communication marketing au Qu\u00e9bec. <\/span><\/p>\n<p class=\"p1\" style=\"text-align: justify;\"><span class=\"s1\">Sa mission est de faire de ses membres des professionnels plus comp\u00e9tents et plus engag\u00e9s dans leur milieu gr\u00e2ce des rencontres, des \u00e9v\u00e9nements et des contenus qui favorisent l\u2019\u00e9change, le r\u00e9seautage ainsi que le perfectionnement professionnel et personnel. L\u2019APCM souhaite valoriser la contribution des fonctions de communication marketing \u00e0 la croissance \u00e9conomique du Qu\u00e9bec.<\/span><\/p>\n<p class=\"p1\" style=\"text-align: justify;\"><span class=\"s1\"><\/p>\n<div class=\"brdr2\"><\/div>\n<p> <\/span><\/p>\n<div class=\"likebtn_container\" style=\"clear:both;text-align:center;\"><!-- LikeBtn.com BEGIN --><span class=\"likebtn-wrapper\"  data-identifier=\"post_14520\"  data-site_id=\"5cc1ecd16fd08b776710d1e9\"  data-theme=\"drop\"  data-btn_size=\"100\"  data-icon_l=\"false\"  data-icon_d=\"false\"  data-icon_l_url=\"https:\/\/isarta.com\/infos\/wp-content\/uploads\/2019\/04\/happy.png#64794\"  data-icon_d_url=\"https:\/\/isarta.com\/infos\/wp-content\/uploads\/2019\/04\/sleep.png#64796\"  data-icon_size=\"58\"  data-icon_l_c=\"#771414\"  data-bg_c=\"#ffffff\"  data-bg_c_v=\"#ffffff\"  data-brdr_c=\"#ffffff\"  data-f_size=\"11\"  data-f_family=\"Tahoma\"  data-counter_fs=\"b\"  data-lang=\"fr\"  data-ef_voting=\"wobble\"  data-dislike_enabled=\"false\"  data-counter_type=\"percent\"  data-counter_show=\"false\"  data-tooltip_enabled=\"false\"  data-tooltip_like_show_always=\"true\"  data-white_label=\"true\"  data-i18n_like=\"Aimer \/ Partager\"  data-i18n_dislike=\"Pas aim\u00e9\"  data-style=\"\"  data-unlike_allowed=\"\"  data-show_copyright=\"\"  data-item_url=\"https:\/\/isarta.com\/infos\/la-24e-edition-du-concours-de-la-releve-publicitaire-est-lancee-par-lapcm\/\"  data-item_title=\"La 24\u00e8 \u00e9dition du Concours de la rel\u00e8ve publicitaire est lanc\u00e9e par l&#039;APCM\"  data-item_image=\"https:\/\/isarta.com\/infos\/wp-content\/uploads\/2015\/02\/bztZtYj8ehx1HSv1uW7rf9y4_ehAeAVtp4wFUHAzYhA-1024x682.jpg\"  data-item_date=\"2015-02-16T16:42:31-05:00\"  data-engine=\"WordPress\"  data-plugin_v=\"2.6.54\"  data-prx=\"https:\/\/isarta.com\/infos\/wp-admin\/admin-ajax.php?action=likebtn_prx\"  data-event_handler=\"likebtn_eh\" ><\/span><!-- LikeBtn.com END --><\/p>\n<hr size=\"3\"><\/div>\n","protected":false},"excerpt":{"rendered":"<p>L\u2019Association des professionnels de la communication et du marketing (APCM) annonce le lancement officiel de la 24e \u00e9dition du concours de la Rel\u00e8ve publicitaire, qui accueillera cette ann\u00e9e Gaz M\u00e9tro et Cossette comme client partenaire et agence.<\/p>\n<div class=\"likebtn_container\" style=\"clear:both;text-align:center;\"><!-- LikeBtn.com BEGIN --><span class=\"likebtn-wrapper\"  data-identifier=\"post_14520\"  data-site_id=\"5cc1ecd16fd08b776710d1e9\"  data-theme=\"drop\"  data-btn_size=\"100\"  data-icon_l=\"false\"  data-icon_d=\"false\"  data-icon_l_url=\"https:\/\/isarta.com\/infos\/wp-content\/uploads\/2019\/04\/happy.png#64794\"  data-icon_d_url=\"https:\/\/isarta.com\/infos\/wp-content\/uploads\/2019\/04\/sleep.png#64796\"  data-icon_size=\"58\"  data-icon_l_c=\"#771414\"  data-bg_c=\"#ffffff\"  data-bg_c_v=\"#ffffff\"  data-brdr_c=\"#ffffff\"  data-f_size=\"11\"  data-f_family=\"Tahoma\"  data-counter_fs=\"b\"  data-lang=\"fr\"  data-ef_voting=\"wobble\"  data-dislike_enabled=\"false\"  data-counter_type=\"percent\"  data-counter_show=\"false\"  data-tooltip_enabled=\"false\"  data-tooltip_like_show_always=\"true\"  data-white_label=\"true\"  data-i18n_like=\"Aimer \/ Partager\"  data-i18n_dislike=\"Pas aim\u00e9\"  data-style=\"\"  data-unlike_allowed=\"\"  data-show_copyright=\"\"  data-item_url=\"https:\/\/isarta.com\/infos\/la-24e-edition-du-concours-de-la-releve-publicitaire-est-lancee-par-lapcm\/\"  data-item_title=\"La 24\u00e8 \u00e9dition du Concours de la rel\u00e8ve publicitaire est lanc\u00e9e par l&#039;APCM\"  data-item_image=\"https:\/\/isarta.com\/infos\/wp-content\/uploads\/2015\/02\/bztZtYj8ehx1HSv1uW7rf9y4_ehAeAVtp4wFUHAzYhA-1024x682.jpg\"  data-item_date=\"2015-02-16T16:42:31-05:00\"  data-engine=\"WordPress\"  data-plugin_v=\"2.6.54\"  data-prx=\"https:\/\/isarta.com\/infos\/wp-admin\/admin-ajax.php?action=likebtn_prx\"  data-event_handler=\"likebtn_eh\" ><\/span><!-- LikeBtn.com END --><hr size=\"3\"><\/div>","protected":false},"author":23,"featured_media":14527,"comment_status":"open","ping_status":"open","sticky":false,"template":"","format":"standard","meta":[],"categories":[117,115],"tags":[1176],"_links":{"self":[{"href":"https:\/\/isarta.com\/infos\/wp-json\/wp\/v2\/posts\/14520"}],"collection":[{"href":"https:\/\/isarta.com\/infos\/wp-json\/wp\/v2\/posts"}],"about":[{"href":"https:\/\/isarta.com\/infos\/wp-json\/wp\/v2\/types\/post"}],"author":[{"embeddable":true,"href":"https:\/\/isarta.com\/infos\/wp-json\/wp\/v2\/users\/23"}],"replies":[{"embeddable":true,"href":"https:\/\/isarta.com\/infos\/wp-json\/wp\/v2\/comments?post=14520"}],"version-history":[{"count":3,"href":"https:\/\/isarta.com\/infos\/wp-json\/wp\/v2\/posts\/14520\/revisions"}],"predecessor-version":[{"id":14530,"href":"https:\/\/isarta.com\/infos\/wp-json\/wp\/v2\/posts\/14520\/revisions\/14530"}],"wp:featuredmedia":[{"embeddable":true,"href":"https:\/\/isarta.com\/infos\/wp-json\/wp\/v2\/media\/14527"}],"wp:attachment":[{"href":"https:\/\/isarta.com\/infos\/wp-json\/wp\/v2\/media?parent=14520"}],"wp:term":[{"taxonomy":"category","embeddable":true,"href":"https:\/\/isarta.com\/infos\/wp-json\/wp\/v2\/categories?post=14520"},{"taxonomy":"post_tag","embeddable":true,"href":"https:\/\/isarta.com\/infos\/wp-json\/wp\/v2\/tags?post=14520"}],"curies":[{"name":"wp","href":"https:\/\/api.w.org\/{rel}","templated":true}]}}