{"id":15585,"date":"2015-03-09T08:50:21","date_gmt":"2015-03-09T12:50:21","guid":{"rendered":"http:\/\/isarta.com\/infos\/?p=15585"},"modified":"2015-03-10T20:09:48","modified_gmt":"2015-03-11T00:09:48","slug":"le-bec-annonce-la-troisieme-edition-du-bal-en-noir","status":"publish","type":"post","link":"https:\/\/isarta.com\/infos\/le-bec-annonce-la-troisieme-edition-du-bal-en-noir\/","title":{"rendered":"Le BEC annonce la troisi\u00e8me \u00e9dition du Bal en noir"},"content":{"rendered":"<p class=\"p1\" style=\"text-align: justify;\"><strong><span class=\"s1\" style=\"color: #000080;\"><a href=\"http:\/\/balennoir.ca\" target=\"_blank\"><img loading=\"lazy\" class=\"aligncenter wp-image-15565 \" src=\"http:\/\/isarta.com\/infos\/wp-content\/uploads\/2015\/03\/NM8124_BigBox_GIF_v1.gif\" alt=\"BEC-NM8124_BigBox_GIF_v1\" width=\"211\" height=\"176\" \/><\/a>Montr\u00e9al (Qu\u00e9bec), Le 9 mars 2015 \u2013 Fort de deux \u00e9ditions couronn\u00e9es de succ\u00e8s, le <a href=\"http:\/\/www.le-bec.org\/\">B\u00e9n\u00e9volat d\u2019entraide aux communicateurs<\/a> (BEC) est fier d\u2019annoncer le retour du Bal en noir. <\/span><\/strong><\/p>\n<p class=\"p1\" style=\"text-align: justify;\"><span class=\"s1\">Soir\u00e9e courue des professionnels \u00e9voluant dans le milieu des communications marketing de Montr\u00e9al, l\u2019\u00e9v\u00e9nement se d\u00e9roulera aux Entrep\u00f4ts Dominion le jeudi 2 avril prochain. Sous le th\u00e8me du <b>Cirque noir<\/b>, l\u2019organisme esp\u00e8re amasser plus de 45 000 $ pour aider les professionnels de l\u2019industrie publicitaire.<\/span><\/p>\n<blockquote>\n<p class=\"p1\" style=\"text-align: justify;\"><span class=\"s1\" style=\"font-size: 12pt;\">Le BEC est extr\u00eamement heureux de pr\u00e9senter la troisi\u00e8me \u00e9dition du Bal en Noir. Cette soir\u00e9e haute en couleurs o\u00f9 toute l\u2019industrie se retrouve pour \u00e9changer, s\u2019amuser et danser permet au BEC de poursuivre sa mission et d\u2019offrir du soutien financier et psychologique \u00e0 nos coll\u00e8gues dans le besoin\u00bb, explique Sylvain Pereira, pr\u00e9sident du comit\u00e9 de direction de l\u2019organisme. <\/span><\/p>\n<\/blockquote>\n<p class=\"p1\" style=\"text-align: justify;\"><span class=\"s1\">Au co\u00fbt de $45 l\u2019unit\u00e9, les 500 billets disponibles sont en vente \u00e0 compter d\u2019aujourd\u2019hui (9 mars 2015) en ligne au\u00a0<a href=\"http:\/\/www.balennoir.ca\"><span class=\"s2\">www.balennoir.ca<\/span><\/a>. <\/span><\/p>\n<p class=\"p1\" style=\"text-align: justify;\"><span class=\"s1\">Inspir\u00e9e des cirques ambulants et des cabinets de curiosit\u00e9 du d\u00e9but du 20<\/span><span class=\"s3\"><sup>i\u00e8me<\/sup><\/span><span class=\"s1\"> si\u00e8cle, la programmation 2015 du Bal en noir sera des plus impressionnantes\u00a0par la pr\u00e9sence d\u2019un DJ invit\u00e9, de performances artistiques et de diff\u00e9rentes stations de bouch\u00e9es. Les 500 convives sont tenus de se parer de leurs plus beaux habits noirs pour l\u2019occasion.<\/span><\/p>\n<p class=\"p1\" style=\"text-align: justify;\"><span class=\"s1\">Le BEC tient \u00e0 souligner l\u2019apport de ses commanditaires et partenaires qui font de cet \u00e9v\u00e9nement un happening grandiose\u00a0: FrishkornMEDIACO, Qu\u00e9b\u00e9cor M\u00e9dia, Radio-Canada, UB M\u00e9dia, Bell M\u00e9dia, Dentsubos, kbs+, Sleeman, \u00c9lixirs, Staff Urbain, Infopresse, Grenier aux nouvelles, EspressoJobs, Isarta, Mtl Blog et plusieurs autres. <\/span><\/p>\n<p class=\"p1\" style=\"text-align: justify;\"><span class=\"s1\" style=\"color: #000080;\"><b>Aide-M\u00e9moire | Bal en noir 2015<\/b><\/span><\/p>\n<p class=\"p1\" style=\"text-align: justify;\"><span class=\"s1\">O\u00f9? Entrep\u00f4ts Dominion (3968 St-Ambroise, Montr\u00e9al). M\u00e9tro Lionel-Groulx. Stationnement disponible.<\/span><\/p>\n<p class=\"p1\" style=\"text-align: justify;\"><span class=\"s1\">Quand? Le jeudi, 2 avril 2015, de 19h30 \u00e0 2h <\/span><\/p>\n<p class=\"p1\" style=\"text-align: justify;\"><span class=\"s1\">Comment? Achat de billets en ligne au\u00a0<a href=\"http:\/\/www.balennoir.ca\"><span class=\"s2\">www.balennoir.ca<\/span><\/a><\/span><\/p>\n<p class=\"p1\" style=\"text-align: justify;\"><span class=\"s1\">Banquettes VIP aussi disponibles, veuillez contacter Val\u00e9rie Hamel au 514 904-0309 pour plus d\u2019informations.<\/span><\/p>\n<p class=\"p4\" style=\"text-align: justify;\"><span class=\"s1\" style=\"color: #000080;\"><b>\u00c0 propos du BEC<\/b><\/span><\/p>\n<p class=\"p1\" style=\"text-align: justify;\"><span class=\"s1\">Chapitre qu\u00e9b\u00e9cois de la National Advertising Benevolent Society (NABS), le B\u00e9n\u00e9volat d\u2019entraide aux communicateurs (BEC) est une initiative de l\u2019industrie des communications visant \u00e0 soutenir financi\u00e8rement et psychologiquement, en cas de besoin, les professionnels de l\u2019industrie quel que soit leur \u00e2ge ou leur profession. Il fournit ainsi, sans frais, des services de conseils. Un num\u00e9ro sans frais (1-888-355-5548) est disponible 24\/7, pour les gens ayant besoin de soutien imm\u00e9diat sur les plans personnels ou professionnels. Pour de plus amples renseignements, visitez le <a href=\"http:\/\/www.le-bec.org\"><span class=\"s2\">www.le-bec.org<\/span><\/a>.<span class=\"Apple-converted-space\">\u00a0<\/span><i><span class=\"Apple-converted-space\"> \u00a0 \u00a0<\/span><\/i><\/span><\/p>\n<p class=\"p5\" style=\"text-align: justify;\">\n<div class=\"brdr2\"><\/div>\n<div class=\"likebtn_container\" style=\"clear:both;text-align:center;\"><!-- LikeBtn.com BEGIN --><span class=\"likebtn-wrapper\"  data-identifier=\"post_15585\"  data-site_id=\"5cc1ecd16fd08b776710d1e9\"  data-theme=\"drop\"  data-btn_size=\"100\"  data-icon_l=\"false\"  data-icon_d=\"false\"  data-icon_l_url=\"https:\/\/isarta.com\/infos\/wp-content\/uploads\/2019\/04\/happy.png#64794\"  data-icon_d_url=\"https:\/\/isarta.com\/infos\/wp-content\/uploads\/2019\/04\/sleep.png#64796\"  data-icon_size=\"58\"  data-icon_l_c=\"#771414\"  data-bg_c=\"#ffffff\"  data-bg_c_v=\"#ffffff\"  data-brdr_c=\"#ffffff\"  data-f_size=\"11\"  data-f_family=\"Tahoma\"  data-counter_fs=\"b\"  data-lang=\"fr\"  data-ef_voting=\"wobble\"  data-dislike_enabled=\"false\"  data-counter_type=\"percent\"  data-counter_show=\"false\"  data-tooltip_enabled=\"false\"  data-tooltip_like_show_always=\"true\"  data-white_label=\"true\"  data-i18n_like=\"Aimer \/ Partager\"  data-i18n_dislike=\"Pas aim\u00e9\"  data-style=\"\"  data-unlike_allowed=\"\"  data-show_copyright=\"\"  data-item_url=\"https:\/\/isarta.com\/infos\/le-bec-annonce-la-troisieme-edition-du-bal-en-noir\/\"  data-item_title=\"Le BEC annonce la troisi\u00e8me \u00e9dition du Bal en noir\"  data-item_image=\"https:\/\/isarta.com\/infos\/wp-content\/uploads\/2015\/03\/10426118_958883234121707_3705153797183955898_n.jpg\"  data-item_date=\"2015-03-09T08:50:21-04:00\"  data-engine=\"WordPress\"  data-plugin_v=\"2.6.54\"  data-prx=\"https:\/\/isarta.com\/infos\/wp-admin\/admin-ajax.php?action=likebtn_prx\"  data-event_handler=\"likebtn_eh\" ><\/span><!-- LikeBtn.com END --><\/p>\n<hr size=\"3\"><\/div>\n","protected":false},"excerpt":{"rendered":"<p>Fort de deux \u00e9ditions couronn\u00e9es de succ\u00e8s, le B\u00e9n\u00e9volat d\u2019entraide aux communicateurs (BEC) est fier d\u2019annoncer le retour du Bal en noir.<\/p>\n<div class=\"likebtn_container\" style=\"clear:both;text-align:center;\"><!-- LikeBtn.com BEGIN --><span class=\"likebtn-wrapper\"  data-identifier=\"post_15585\"  data-site_id=\"5cc1ecd16fd08b776710d1e9\"  data-theme=\"drop\"  data-btn_size=\"100\"  data-icon_l=\"false\"  data-icon_d=\"false\"  data-icon_l_url=\"https:\/\/isarta.com\/infos\/wp-content\/uploads\/2019\/04\/happy.png#64794\"  data-icon_d_url=\"https:\/\/isarta.com\/infos\/wp-content\/uploads\/2019\/04\/sleep.png#64796\"  data-icon_size=\"58\"  data-icon_l_c=\"#771414\"  data-bg_c=\"#ffffff\"  data-bg_c_v=\"#ffffff\"  data-brdr_c=\"#ffffff\"  data-f_size=\"11\"  data-f_family=\"Tahoma\"  data-counter_fs=\"b\"  data-lang=\"fr\"  data-ef_voting=\"wobble\"  data-dislike_enabled=\"false\"  data-counter_type=\"percent\"  data-counter_show=\"false\"  data-tooltip_enabled=\"false\"  data-tooltip_like_show_always=\"true\"  data-white_label=\"true\"  data-i18n_like=\"Aimer \/ Partager\"  data-i18n_dislike=\"Pas aim\u00e9\"  data-style=\"\"  data-unlike_allowed=\"\"  data-show_copyright=\"\"  data-item_url=\"https:\/\/isarta.com\/infos\/le-bec-annonce-la-troisieme-edition-du-bal-en-noir\/\"  data-item_title=\"Le BEC annonce la troisi\u00e8me \u00e9dition du Bal en noir\"  data-item_image=\"https:\/\/isarta.com\/infos\/wp-content\/uploads\/2015\/03\/10426118_958883234121707_3705153797183955898_n.jpg\"  data-item_date=\"2015-03-09T08:50:21-04:00\"  data-engine=\"WordPress\"  data-plugin_v=\"2.6.54\"  data-prx=\"https:\/\/isarta.com\/infos\/wp-admin\/admin-ajax.php?action=likebtn_prx\"  data-event_handler=\"likebtn_eh\" ><\/span><!-- LikeBtn.com END --><hr size=\"3\"><\/div>","protected":false},"author":23,"featured_media":15589,"comment_status":"open","ping_status":"open","sticky":false,"template":"","format":"standard","meta":[],"categories":[117],"tags":[1176],"_links":{"self":[{"href":"https:\/\/isarta.com\/infos\/wp-json\/wp\/v2\/posts\/15585"}],"collection":[{"href":"https:\/\/isarta.com\/infos\/wp-json\/wp\/v2\/posts"}],"about":[{"href":"https:\/\/isarta.com\/infos\/wp-json\/wp\/v2\/types\/post"}],"author":[{"embeddable":true,"href":"https:\/\/isarta.com\/infos\/wp-json\/wp\/v2\/users\/23"}],"replies":[{"embeddable":true,"href":"https:\/\/isarta.com\/infos\/wp-json\/wp\/v2\/comments?post=15585"}],"version-history":[{"count":7,"href":"https:\/\/isarta.com\/infos\/wp-json\/wp\/v2\/posts\/15585\/revisions"}],"predecessor-version":[{"id":15671,"href":"https:\/\/isarta.com\/infos\/wp-json\/wp\/v2\/posts\/15585\/revisions\/15671"}],"wp:featuredmedia":[{"embeddable":true,"href":"https:\/\/isarta.com\/infos\/wp-json\/wp\/v2\/media\/15589"}],"wp:attachment":[{"href":"https:\/\/isarta.com\/infos\/wp-json\/wp\/v2\/media?parent=15585"}],"wp:term":[{"taxonomy":"category","embeddable":true,"href":"https:\/\/isarta.com\/infos\/wp-json\/wp\/v2\/categories?post=15585"},{"taxonomy":"post_tag","embeddable":true,"href":"https:\/\/isarta.com\/infos\/wp-json\/wp\/v2\/tags?post=15585"}],"curies":[{"name":"wp","href":"https:\/\/api.w.org\/{rel}","templated":true}]}}