{"id":15606,"date":"2015-03-09T08:34:11","date_gmt":"2015-03-09T12:34:11","guid":{"rendered":"http:\/\/isarta.com\/infos\/?p=15606"},"modified":"2015-03-09T16:52:14","modified_gmt":"2015-03-09T20:52:14","slug":"sylvain-venne-est-nomme-vice-president-des-ventes-de-groupe-v-media","status":"publish","type":"post","link":"https:\/\/isarta.com\/infos\/sylvain-venne-est-nomme-vice-president-des-ventes-de-groupe-v-media\/","title":{"rendered":"Sylvain Venne est nomm\u00e9 Vice-pr\u00e9sident des ventes de Groupe V M\u00e9dia"},"content":{"rendered":"<p style=\"text-align: justify;\"><strong><span style=\"color: #000080;\"><a href=\"http:\/\/isarta.com\/infos\/wp-content\/uploads\/2015\/03\/20140916_C1622_PHOTO_FR_5670.jpg\"><img loading=\"lazy\" class=\"aligncenter wp-image-15611 \" src=\"http:\/\/isarta.com\/infos\/wp-content\/uploads\/2015\/03\/20140916_C1622_PHOTO_FR_5670.jpg\" alt=\"V - Groupe V  M\u00e9dia acquiert MusiquePlus et MusiMax et annonce l\" width=\"152\" height=\"146\" \/><\/a>MONTR\u00c9AL, le\u00a09 mars 2015 &#8211;\u00a0M.\u00a0Maxime R\u00e9millard, pr\u00e9sident et chef de la direction de Groupe V M\u00e9dia, est heureux d&rsquo;annoncer la nomination de <span class=\"xn-person\">M. Sylvain Venne<\/span> au poste de Vice-pr\u00e9sident des ventes de Groupe V M\u00e9dia.<\/span><\/strong><\/p>\n<p style=\"text-align: justify;\"><a href=\"http:\/\/isarta.com\/infos\/wp-content\/uploads\/2015\/03\/20150309_C6309_PHOTO_FR_12944-1.jpg\"><img loading=\"lazy\" class=\"alignleft wp-image-15607 \" src=\"http:\/\/isarta.com\/infos\/wp-content\/uploads\/2015\/03\/20150309_C6309_PHOTO_FR_12944-1-768x1024.jpg\" alt=\"GROUPE V M\u00c9DIA - Sylvain Venne est nomm\u00e9 Vice-pr\u00e9sident des vent\" width=\"180\" height=\"240\" \/><\/a>Depuis septembre 2014, Sylvain occupait le poste de directeur g\u00e9n\u00e9ral des ventes locales et r\u00e9gionales chez Groupe V M\u00e9dia et, depuis d\u00e9cembre 2014, il assurait \u00e9galement l&rsquo;int\u00e9rim de la direction g\u00e9n\u00e9rale des ventes de l&rsquo;entreprise.<\/p>\n<p style=\"text-align: justify;\"><span style=\"font-size: 12pt;\">\u00ab Depuis l&rsquo;arriv\u00e9e de Sylvain au sein de l&rsquo;entreprise, son travail et ses bons coups nous ont d\u00e9montr\u00e9 qu&rsquo;il avait toutes les qualifications requises pour acc\u00e9der au poste de Vice-pr\u00e9sident des ventes \u00bb, explique Maxime R\u00e9millard. <\/span><\/p>\n<blockquote>\n<p style=\"text-align: justify;\"><span style=\"font-size: 12pt;\">Dans le cadre de ses nouvelles fonctions, il aura comme mandat d&rsquo;assurer\u00a0la croissance des revenus des ventes nationales, r\u00e9gionales, locales ainsi que de la cr\u00e9ativit\u00e9 m\u00e9dia par la mise en place de solutions d&rsquo;affaires novatrices \u00bb, conclut-il.<\/span><\/p>\n<\/blockquote>\n<p style=\"text-align: justify;\">Avant de se joindre \u00e0 l&rsquo;\u00e9quipe de Groupe V M\u00e9dia, <span class=\"xn-person\">Sylvain Venne<\/span> a occup\u00e9 diff\u00e9rents postes de direction au niveau des ventes locales et r\u00e9gionales, notamment chez Quebecor, Gesca et Rythme FM.<\/p>\n<p style=\"text-align: justify;\"><b><span style=\"color: #000080;\">\u00c0 propos de Groupe V M\u00e9dia<\/span><br \/>\n<\/b>Groupe V M\u00e9dia est une entreprise qu\u00e9b\u00e9coise qui \u0153uvre dans le domaine du divertissement depuis plus de 5 ans. Groupe V M\u00e9dia est propri\u00e9taire de V, un r\u00e9seau de t\u00e9l\u00e9vision de langue fran\u00e7aise ax\u00e9 sur le divertissement dans sa forme la plus pure, et de MusiquePlus et MusiMax, deux cha\u00eenes sp\u00e9cialis\u00e9es nouvellement acquises.<\/p>\n<p style=\"text-align: justify;\">\n<div class=\"brdr2\"><\/div>\n<div class=\"likebtn_container\" style=\"clear:both;text-align:center;\"><!-- LikeBtn.com BEGIN --><span class=\"likebtn-wrapper\"  data-identifier=\"post_15606\"  data-site_id=\"5cc1ecd16fd08b776710d1e9\"  data-theme=\"drop\"  data-btn_size=\"100\"  data-icon_l=\"false\"  data-icon_d=\"false\"  data-icon_l_url=\"https:\/\/isarta.com\/infos\/wp-content\/uploads\/2019\/04\/happy.png#64794\"  data-icon_d_url=\"https:\/\/isarta.com\/infos\/wp-content\/uploads\/2019\/04\/sleep.png#64796\"  data-icon_size=\"58\"  data-icon_l_c=\"#771414\"  data-bg_c=\"#ffffff\"  data-bg_c_v=\"#ffffff\"  data-brdr_c=\"#ffffff\"  data-f_size=\"11\"  data-f_family=\"Tahoma\"  data-counter_fs=\"b\"  data-lang=\"fr\"  data-ef_voting=\"wobble\"  data-dislike_enabled=\"false\"  data-counter_type=\"percent\"  data-counter_show=\"false\"  data-tooltip_enabled=\"false\"  data-tooltip_like_show_always=\"true\"  data-white_label=\"true\"  data-i18n_like=\"Aimer \/ Partager\"  data-i18n_dislike=\"Pas aim\u00e9\"  data-style=\"\"  data-unlike_allowed=\"\"  data-show_copyright=\"\"  data-item_url=\"https:\/\/isarta.com\/infos\/sylvain-venne-est-nomme-vice-president-des-ventes-de-groupe-v-media\/\"  data-item_title=\"Sylvain Venne est nomm\u00e9 Vice-pr\u00e9sident des ventes de Groupe V M\u00e9dia\"  data-item_date=\"2015-03-09T08:34:11-04:00\"  data-engine=\"WordPress\"  data-plugin_v=\"2.6.54\"  data-prx=\"https:\/\/isarta.com\/infos\/wp-admin\/admin-ajax.php?action=likebtn_prx\"  data-event_handler=\"likebtn_eh\" ><\/span><!-- LikeBtn.com END --><\/p>\n<hr size=\"3\"><\/div>\n","protected":false},"excerpt":{"rendered":"<p>M. Maxime R\u00e9millard, pr\u00e9sident et chef de la direction de Groupe V M\u00e9dia, est heureux d&rsquo;annoncer la nomination de M. Sylvain Venne au poste de Vice-pr\u00e9sident des ventes de Groupe V M\u00e9dia.<\/p>\n<div class=\"likebtn_container\" style=\"clear:both;text-align:center;\"><!-- LikeBtn.com BEGIN --><span class=\"likebtn-wrapper\"  data-identifier=\"post_15606\"  data-site_id=\"5cc1ecd16fd08b776710d1e9\"  data-theme=\"drop\"  data-btn_size=\"100\"  data-icon_l=\"false\"  data-icon_d=\"false\"  data-icon_l_url=\"https:\/\/isarta.com\/infos\/wp-content\/uploads\/2019\/04\/happy.png#64794\"  data-icon_d_url=\"https:\/\/isarta.com\/infos\/wp-content\/uploads\/2019\/04\/sleep.png#64796\"  data-icon_size=\"58\"  data-icon_l_c=\"#771414\"  data-bg_c=\"#ffffff\"  data-bg_c_v=\"#ffffff\"  data-brdr_c=\"#ffffff\"  data-f_size=\"11\"  data-f_family=\"Tahoma\"  data-counter_fs=\"b\"  data-lang=\"fr\"  data-ef_voting=\"wobble\"  data-dislike_enabled=\"false\"  data-counter_type=\"percent\"  data-counter_show=\"false\"  data-tooltip_enabled=\"false\"  data-tooltip_like_show_always=\"true\"  data-white_label=\"true\"  data-i18n_like=\"Aimer \/ Partager\"  data-i18n_dislike=\"Pas aim\u00e9\"  data-style=\"\"  data-unlike_allowed=\"\"  data-show_copyright=\"\"  data-item_url=\"https:\/\/isarta.com\/infos\/sylvain-venne-est-nomme-vice-president-des-ventes-de-groupe-v-media\/\"  data-item_title=\"Sylvain Venne est nomm\u00e9 Vice-pr\u00e9sident des ventes de Groupe V M\u00e9dia\"  data-item_date=\"2015-03-09T08:34:11-04:00\"  data-engine=\"WordPress\"  data-plugin_v=\"2.6.54\"  data-prx=\"https:\/\/isarta.com\/infos\/wp-admin\/admin-ajax.php?action=likebtn_prx\"  data-event_handler=\"likebtn_eh\" ><\/span><!-- LikeBtn.com END --><hr size=\"3\"><\/div>","protected":false},"author":23,"featured_media":0,"comment_status":"open","ping_status":"open","sticky":false,"template":"","format":"standard","meta":[],"categories":[117],"tags":[],"_links":{"self":[{"href":"https:\/\/isarta.com\/infos\/wp-json\/wp\/v2\/posts\/15606"}],"collection":[{"href":"https:\/\/isarta.com\/infos\/wp-json\/wp\/v2\/posts"}],"about":[{"href":"https:\/\/isarta.com\/infos\/wp-json\/wp\/v2\/types\/post"}],"author":[{"embeddable":true,"href":"https:\/\/isarta.com\/infos\/wp-json\/wp\/v2\/users\/23"}],"replies":[{"embeddable":true,"href":"https:\/\/isarta.com\/infos\/wp-json\/wp\/v2\/comments?post=15606"}],"version-history":[{"count":5,"href":"https:\/\/isarta.com\/infos\/wp-json\/wp\/v2\/posts\/15606\/revisions"}],"predecessor-version":[{"id":15613,"href":"https:\/\/isarta.com\/infos\/wp-json\/wp\/v2\/posts\/15606\/revisions\/15613"}],"wp:attachment":[{"href":"https:\/\/isarta.com\/infos\/wp-json\/wp\/v2\/media?parent=15606"}],"wp:term":[{"taxonomy":"category","embeddable":true,"href":"https:\/\/isarta.com\/infos\/wp-json\/wp\/v2\/categories?post=15606"},{"taxonomy":"post_tag","embeddable":true,"href":"https:\/\/isarta.com\/infos\/wp-json\/wp\/v2\/tags?post=15606"}],"curies":[{"name":"wp","href":"https:\/\/api.w.org\/{rel}","templated":true}]}}