{"id":15679,"date":"2015-03-11T08:22:19","date_gmt":"2015-03-11T12:22:19","guid":{"rendered":"http:\/\/isarta.com\/infos\/?p=15679"},"modified":"2015-03-11T17:15:37","modified_gmt":"2015-03-11T21:15:37","slug":"web-a-quebec-le-plus-grand-evenement-numerique-francophone-en-amerique","status":"publish","type":"post","link":"https:\/\/isarta.com\/infos\/web-a-quebec-le-plus-grand-evenement-numerique-francophone-en-amerique\/","title":{"rendered":"Web \u00e0 Qu\u00e9bec: le plus grand \u00e9v\u00e9nement num\u00e9rique francophone en Am\u00e9rique!"},"content":{"rendered":"<p class=\"p1\" style=\"text-align: justify;\"><strong><span style=\"color: #000080;\"><span class=\"s1\"><a href=\"http:\/\/isarta.com\/infos\/wp-content\/uploads\/2015\/03\/Web-A-Quebec-WAQ-2015.jpg\"><img loading=\"lazy\" class=\"aligncenter wp-image-15681 \" src=\"http:\/\/isarta.com\/infos\/wp-content\/uploads\/2015\/03\/Web-A-Quebec-WAQ-2015.jpg\" alt=\"Web-A-Quebec-WAQ-2015\" width=\"415\" height=\"144\" \/><\/a>Qu\u00e9bec, le 11 mars 2015 \u2013 Du 18 au 20 mars, dans une semaine jour pour jour, la 5<\/span><span class=\"s2\"><sup>e<\/sup><\/span><span class=\"s1\"> \u00e9dition du Web \u00e0 Qu\u00e9bec (<a href=\"http:\/\/webaquebec.org\/\">WAQ<\/a>) pr\u00e9sent\u00e9e par Bell accueillera plus de 800 participants dans son tout nouvel espace au Terminal du Port de Qu\u00e9bec \u00e0 l\u2019occasion de rencontres in\u00e9dites avec des conf\u00e9renciers internationaux et locaux de renom, au c\u0153ur de la culture num\u00e9rique.<\/span><\/span><\/strong><\/p>\n<p class=\"p3\" style=\"text-align: justify;\"><span class=\"s1\">\u00ab\u00a0Le WAQ peut se targuer de rallier la grande communaut\u00e9 du num\u00e9rique autour d\u2019un \u00e9v\u00e9nement formateur, que l\u2019on soit entrepreneur, \u00e9tudiant, employ\u00e9, d\u00e9veloppeur, designer ou animateur! Tous les domaines d\u2019expertise seront repr\u00e9sent\u00e9s, ce qui permettra aux participants d\u2019explorer le Web sous toutes ses facettes\u00a0\u00bb, explique Pierre-Luc Lachance, directeur g\u00e9n\u00e9ral de Qu\u00e9bec num\u00e9rique, l\u2019organisme derri\u00e8re le WAQ.<\/span><\/p>\n<p class=\"p1\" style=\"text-align: justify;\"><span class=\"s1\" style=\"color: #000080;\"><b>Une programmation locale et internationale attendue\u00a0<\/b><\/span><\/p>\n<p class=\"p3\" style=\"text-align: justify;\"><span class=\"s1\">Pour c\u00e9l\u00e9brer sa 5<\/span><span class=\"s2\"><sup>e<\/sup><\/span><span class=\"s1\"> \u00e9dition, le WAQ, le plus grand \u00e9v\u00e9nement francophone en Am\u00e9rique, a recrut\u00e9 des pointures de taille du Web et du num\u00e9rique \u00e0 titre de t\u00eates d\u2019affiche de sa programmation. Parmi les conf\u00e9renciers internationaux attendus, soulignons la pr\u00e9sence de Kevin Nilson, Team Lead et Chromecast Technical Solutions Engineer chez <b>Google<\/b>, Doris Chen, Developper Evangelist chez <b>Microsoft<\/b>, Gregg Bernstein, Manager of Customer Research pour <b>MailChimp<\/b>, Jared Spool, CEO de <b>User Interface Engineering<\/b> et <b>Brad Frost, <\/b>consultant et auteur d\u2019<b><i>Atomic Design<\/i>.<\/b><\/span><\/p>\n<p class=\"p3\" style=\"text-align: justify;\"><span class=\"s1\">Fait \u00e0 noter, le WAQ sera l\u2019h\u00f4te d\u2019un <a href=\"http:\/\/creativemornings.com\/\">CreativeMornings<\/a>, dont le th\u00e8me, simultan\u00e9ment explor\u00e9 dans plus d\u2019une centaine d\u2019autres villes du monde, sera \u00ab\u00a0Encre\u00a0\u00bb. Seulement 300 chanceux auront l\u2019occasion de participer \u00e0 cette grand-messe de la cr\u00e9ativit\u00e9. L\u2019inscription, obligatoire, sera possible d\u00e8s le lundi 16 mars, 11\u00a0h, au <a href=\"http:\/\/fernandezcom.us6.list-manage.com\/track\/click?u=ce8a8b547a1ebe18accb9d5a8&amp;id=5964541026&amp;e=b53bc6125a\"><span class=\"s3\">http:\/\/creativemornings.com\/cities\/qc<\/span><\/a>.<\/span><\/p>\n<p class=\"p1\" style=\"text-align: justify;\"><span class=\"s1\" style=\"color: #000080;\"><b>Un travail d&rsquo;\u00e9quipe\u00a0<\/b><\/span><\/p>\n<p class=\"p3\" style=\"text-align: justify;\"><span class=\"s1\">Pour la premi\u00e8re fois cette ann\u00e9e, les industries du jeu et du Web de la r\u00e9gion de Qu\u00e9bec feront d\u2019ailleurs \u00e9quipe. Pixel Qu\u00e9bec se joint ainsi \u00e0 l\u2019\u00e9dition 2015 du WAQ, positionnant plus que jamais la Capitale-Nationale comme un p\u00f4le \u00e9conomique du Web et de la culture num\u00e9rique, au Qu\u00e9bec comme \u00e0 l\u2019international. <\/span><\/p>\n<blockquote>\n<p class=\"p3\" style=\"text-align: justify;\"><span class=\"s1\" style=\"font-size: 12pt;\">Les industries du Web et du jeu sont en pleine mutation. Leur objectif de faire rayonner les talents et les entreprises d\u2019ici est d\u00e9sormais indissociable!\u00a0\u00bb, ajoute M. Lachance.<\/span><\/p>\n<\/blockquote>\n<p class=\"p3\" style=\"text-align: justify;\"><span class=\"s1\">Rappelons que <a href=\"http:\/\/www.pixelchallengequebec.org\/en\/\">Pixel Challenge<\/a>, propuls\u00e9e par Pixel Qu\u00e9bec, est une comp\u00e9tition de cr\u00e9ation de jeux vid\u00e9o et de conception sonore de 47 heures, qui permet aux comp\u00e9titeurs d\u2019aller au bout de leurs limites et de se d\u00e9marquer de leurs pairs. La journ\u00e9e du 18 mars, Pixel M\u00e9dia organisera \u00e0 Qu\u00e9bec une s\u00e9rie de conf\u00e9rences destin\u00e9es aux professionnels des m\u00e9dias pour leur permettre d&rsquo;apprivoiser, de mieux comprendre et de tirer profit de la culture num\u00e9rique.<\/span><\/p>\n<p class=\"p1\" style=\"text-align: justify;\"><span class=\"s1\" style=\"color: #000080;\"><b>Une port\u00e9e internationale\u00a0<\/b><\/span><\/p>\n<p class=\"p3\" style=\"text-align: justify;\"><span class=\"s1\">Pour la soir\u00e9e d\u2019ouverture, le 18 mars, M. Jean-Baptiste Soufron, secr\u00e9taire g\u00e9n\u00e9ral du Conseil national du num\u00e9rique de France pr\u00e9sentera la vision strat\u00e9gique du d\u00e9ploiement du num\u00e9rique en France.<\/span><\/p>\n<p class=\"p3\" style=\"text-align: justify;\"><span class=\"s1\">\u00ab\u00a0La pr\u00e9sence de M. Soufron au WAQ concorde avec le d\u00e9veloppement acc\u00e9l\u00e9r\u00e9 des relations entre le Qu\u00e9bec et la France afin de favoriser les \u00e9changes entre les entreprises num\u00e9riques, souligne Pierre-Luc Lachance. <\/span><\/p>\n<blockquote>\n<p class=\"p3\" style=\"text-align: justify;\"><span class=\"s1\" style=\"font-size: 12pt;\">Avec l\u2019annonce, l\u2019automne dernier d\u2019un incubateur num\u00e9rique \u00e0 Qu\u00e9bec et de la cr\u00e9ation d\u2019un fonds d\u2019investissement par la Ville de Qu\u00e9bec, c\u2019est assur\u00e9ment un pas de plus vers le d\u00e9veloppement de nos talents locaux et la cr\u00e9ation de coentreprises num\u00e9riques et technologiques avec nos partenaires internationaux\u00a0\u00bb, pr\u00e9cise M. Lachance.<\/span><\/p>\n<\/blockquote>\n<p class=\"p3\" style=\"text-align: justify;\"><span class=\"s1\">Par ailleurs, plus de 65 participants de France et de Belgique seront \u00e0 Qu\u00e9bec lors du WAQ 2015 afin de rencontrer les entrepreneurs et d\u00e9cideurs de la r\u00e9gion. Notons aussi la pr\u00e9sence de d\u00e9l\u00e9gations d\u2019entrepreneurs de la Gasp\u00e9sie, et d\u2019une trentaine d\u2019\u00e9tudiants en provenance des c\u00e9geps de Jonqui\u00e8re et Chicoutimi.<\/span><\/p>\n<p class=\"p3\" style=\"text-align: justify;\"><span class=\"s1\">Qu\u00e9bec num\u00e9rique travaille actuellement \u00e0 finaliser des ententes d\u2019\u00e9changes avec des \u00e9v\u00e8nements num\u00e9riques majeurs. Celles-ci permettront de faciliter la participation des entreprises de Qu\u00e9bec \u00e0 des missions commerciales, dont le Web2Day \u00e0 Nantes, et le Futur En Seine, en l\u2019\u00cele-de-France, en d\u00e9but juin prochain.<\/span><\/p>\n<p class=\"p1\" style=\"text-align: justify;\"><span class=\"s1\"><b><span style=\"color: #000080;\">L\u2019art num\u00e9rique<\/span>\u00a0<\/b><\/span><\/p>\n<p class=\"p3\" style=\"text-align: justify;\"><span class=\"s1\">Le WAQ 2015 sera aussi l\u2019h\u00f4te de la cr\u00e9ation d\u2019une \u0153uvre d\u2019art num\u00e9rique r\u00e9alis\u00e9e en collaboration avec <a href=\"http:\/\/www.avatarquebec.org\/fr\/\">Avatar<\/a>, centre d\u2019artistes en art audio et \u00e9lectronique, <a href=\"http:\/\/www.chambreblanche.qc.ca\/en\/\">La chambre Blanche<\/a>, centre d\u2019artistes vou\u00e9 \u00e0 l\u2019exp\u00e9rimentation et \u00e0 la diffusion des arts visuels, le <a href=\"https:\/\/www.mcq.org\/en\">Mus\u00e9e de la civilisation<\/a>, le <a href=\"http:\/\/www.mnbaq.org\/en\">Mus\u00e9e national des beaux-arts du Qu\u00e9bec<\/a> et des partenaires de l\u2019<a href=\"http:\/\/aquinum.fr\/\">Association des professionnels du num\u00e9rique en Aquitaine.<\/a><\/span><\/p>\n<p class=\"p3\" style=\"text-align: justify;\"><span class=\"s1\">L\u2019\u0153uvre cr\u00e9\u00e9e \u00e0 partir des donn\u00e9es ouvertes de la Ville de Qu\u00e9bec sera par la suite expos\u00e9e dans toutes les biblioth\u00e8ques de Qu\u00e9bec. Mentionnons que la Ville de Qu\u00e9bec est aussi partenaire du WAQ et de ses \u00e9v\u00e9nements dans le cadre de sa Strat\u00e9gie de d\u00e9veloppement \u00e9conomique.<\/span><\/p>\n<p class=\"p1\" style=\"text-align: justify;\"><span class=\"s1\" style=\"color: #000080;\"><b>BELL : un partenaire majeur \u00a0<\/b><\/span><\/p>\n<p class=\"p3\" style=\"text-align: justify;\"><span class=\"s1\">Soulignons que le WAQ 2015 r\u00e9alisera trois \u00e9missions de 30 minutes sur l\u2019industrie num\u00e9rique de Qu\u00e9bec en y pr\u00e9sentant les r\u00e9alisations et les entreprises qui font son succ\u00e8s. Ces \u00e9missions sp\u00e9ciales, anim\u00e9es par Marie-H\u00e9l\u00e8ne Raymond, seront pr\u00e9sent\u00e9es sur la cha\u00eene Bell Local.<\/span><\/p>\n<blockquote>\n<p class=\"p3\" style=\"text-align: justify;\"><span class=\"s1\" style=\"font-size: 12pt;\">Bell est partenaire du Web \u00e0 Qu\u00e9bec depuis ses d\u00e9buts, et est fi\u00e8re de participer au d\u00e9veloppement du talent et de la cr\u00e9ativit\u00e9 num\u00e9rique des Qu\u00e9b\u00e9cois. En d\u00e9ployant \u00e0 Qu\u00e9bec son r\u00e9seau de fibre optique de classe mondiale, Bell offre \u00e0 la communaut\u00e9 num\u00e9rique une infrastructure solide, rapide et fiable, et permet \u00e0 l\u2019industrie de jouer un r\u00f4le de leader \u00e0 l\u2019\u00e9chelle mondiale\u00bb,\u00a0mentionne Nicolas Poitras, vice-pr\u00e9sident, Services r\u00e9sidentiels, Bell.<\/span><\/p>\n<\/blockquote>\n<p class=\"p3\" style=\"text-align: justify;\"><span class=\"s1\">Rappelons qu\u2019il reste quelques billets pour profiter de ces trois jours de conf\u00e9rences in\u00e9dites, disponibles via le site <a href=\"http:\/\/fernandezcom.us6.list-manage.com\/track\/click?u=ce8a8b547a1ebe18accb9d5a8&amp;id=2aa81e966a&amp;e=b53bc6125a\"><span class=\"s3\">www.webaquebec.org<\/span><\/a>, au prix r\u00e9gulier de <strong>695\u00a0$<\/strong>. La programmation finale est \u00e9galement disponible \u00e0 cette adresse.<\/span><\/p>\n<p class=\"p3\" style=\"text-align: justify;\"><span class=\"s1\">Tous les d\u00e9tails au <a href=\"http:\/\/fernandezcom.us6.list-manage.com\/track\/click?u=ce8a8b547a1ebe18accb9d5a8&amp;id=dc4de3ba67&amp;e=b53bc6125a\"><span class=\"s3\">www<\/span><\/a><a href=\"http:\/\/fernandezcom.us6.list-manage.com\/track\/click?u=ce8a8b547a1ebe18accb9d5a8&amp;id=f769914f38&amp;e=b53bc6125a\"><span class=\"s3\">.<\/span><\/a><a href=\"http:\/\/fernandezcom.us6.list-manage.com\/track\/click?u=ce8a8b547a1ebe18accb9d5a8&amp;id=e2fdfefe10&amp;e=b53bc6125a\"><span class=\"s3\">webaquebec<\/span><\/a><a href=\"http:\/\/fernandezcom.us6.list-manage1.com\/track\/click?u=ce8a8b547a1ebe18accb9d5a8&amp;id=5e63511ccc&amp;e=b53bc6125a\"><span class=\"s3\">.<\/span><\/a><a href=\"http:\/\/fernandezcom.us6.list-manage.com\/track\/click?u=ce8a8b547a1ebe18accb9d5a8&amp;id=7c2d22d294&amp;e=b53bc6125a\"><span class=\"s3\">org<\/span><\/a><\/span><\/p>\n<p class=\"p1\" style=\"text-align: justify;\"><span class=\"s1\"><b><span style=\"color: #000080;\">\u00c0 propose de Qu\u00e9bec Num\u00e9rique<\/span>\u00a0<\/b><\/span><\/p>\n<p class=\"p3\" style=\"text-align: justify;\"><span class=\"s1\">Qu\u00e9bec num\u00e9rique regroupe des individus et citoyens qui ont pour mission de rassembler, de d\u00e9velopper, de promouvoir et de valoriser la communaut\u00e9 num\u00e9rique de Qu\u00e9bec. L&rsquo;organisme favorise la tenue d&rsquo;\u00e9v\u00e8nements et participe au rayonnement international de la communaut\u00e9 num\u00e9rique de Qu\u00e9bec.<\/span><\/p>\n<p class=\"p3\" style=\"text-align: justify;\"><span class=\"s1\">Sylvie Bougie (avocate chez Vigi services juridiques), Jo\u00e9 Bussi\u00e8re (directeur g\u00e9n\u00e9ral de Lib\u00e9o),\u00a0Carl-Fr\u00e9d\u00e9ric De Celles (pr\u00e9sident de iXm\u00e9dia), Jean-Philippe Doyle (pr\u00e9sident de Hookt Studios), Jonathan Parent (fondateur de Numadn) et Jason Lemay (int\u00e9grateur Web chez ArcBees) si\u00e8gent au conseil d\u2019administration de Qu\u00e9bec num\u00e9rique. Pierre-Luc Lachance assure quant \u00e0 lui la direction g\u00e9n\u00e9rale de l&rsquo;organisme.\u00a0<\/span><\/p>\n<p class=\"p3\" style=\"text-align: justify;\"><strong><span style=\"color: #000080;\">En bref<\/span><\/strong><\/p>\n<ul style=\"list-style-type: disc;\">\n<li class=\"p3\" style=\"text-align: justify;\">&#8211; 5<span class=\"s2\"><sup>e<\/sup><\/span><span class=\"s1\"> \u00e9dition<\/span><\/li>\n<li class=\"p3\" style=\"text-align: justify;\">&#8211; 3 jours de conf\u00e9rences, du 18 au 20 mars 2015<\/li>\n<li class=\"p3\" style=\"text-align: justify;\">&#8211; 800 participants<\/li>\n<li class=\"p3\" style=\"text-align: justify;\">&#8211; 55 conf\u00e9renciers<\/li>\n<li class=\"p3\" style=\"text-align: justify;\">&#8211; 5 salles th\u00e9matiques (programmation web, communication, entrepreneuriat et web g\u00e9n\u00e9ral)<\/li>\n<\/ul>\n<div class=\"brdr2\"><\/div>\n<div class=\"likebtn_container\" style=\"clear:both;text-align:center;\"><!-- LikeBtn.com BEGIN --><span class=\"likebtn-wrapper\"  data-identifier=\"post_15679\"  data-site_id=\"5cc1ecd16fd08b776710d1e9\"  data-theme=\"drop\"  data-btn_size=\"100\"  data-icon_l=\"false\"  data-icon_d=\"false\"  data-icon_l_url=\"https:\/\/isarta.com\/infos\/wp-content\/uploads\/2019\/04\/happy.png#64794\"  data-icon_d_url=\"https:\/\/isarta.com\/infos\/wp-content\/uploads\/2019\/04\/sleep.png#64796\"  data-icon_size=\"58\"  data-icon_l_c=\"#771414\"  data-bg_c=\"#ffffff\"  data-bg_c_v=\"#ffffff\"  data-brdr_c=\"#ffffff\"  data-f_size=\"11\"  data-f_family=\"Tahoma\"  data-counter_fs=\"b\"  data-lang=\"fr\"  data-ef_voting=\"wobble\"  data-dislike_enabled=\"false\"  data-counter_type=\"percent\"  data-counter_show=\"false\"  data-tooltip_enabled=\"false\"  data-tooltip_like_show_always=\"true\"  data-white_label=\"true\"  data-i18n_like=\"Aimer \/ Partager\"  data-i18n_dislike=\"Pas aim\u00e9\"  data-style=\"\"  data-unlike_allowed=\"\"  data-show_copyright=\"\"  data-item_url=\"https:\/\/isarta.com\/infos\/web-a-quebec-le-plus-grand-evenement-numerique-francophone-en-amerique\/\"  data-item_title=\"Web \u00e0 Qu\u00e9bec: le plus grand \u00e9v\u00e9nement num\u00e9rique francophone en Am\u00e9rique!\"  data-item_date=\"2015-03-11T08:22:19-04:00\"  data-engine=\"WordPress\"  data-plugin_v=\"2.6.54\"  data-prx=\"https:\/\/isarta.com\/infos\/wp-admin\/admin-ajax.php?action=likebtn_prx\"  data-event_handler=\"likebtn_eh\" ><\/span><!-- LikeBtn.com END --><\/p>\n<hr size=\"3\"><\/div>\n","protected":false},"excerpt":{"rendered":"<p>Du 18 au 20 mars, la 5e \u00e9dition du Web \u00e0 Qu\u00e9bec (WAQ) pr\u00e9sent\u00e9e par Bell accueillera plus de 800 participants pour des rencontres in\u00e9dites avec des conf\u00e9renciers internationaux et locaux de renom, au c\u0153ur de la culture num\u00e9rique.<\/p>\n<div class=\"likebtn_container\" style=\"clear:both;text-align:center;\"><!-- LikeBtn.com BEGIN --><span class=\"likebtn-wrapper\"  data-identifier=\"post_15679\"  data-site_id=\"5cc1ecd16fd08b776710d1e9\"  data-theme=\"drop\"  data-btn_size=\"100\"  data-icon_l=\"false\"  data-icon_d=\"false\"  data-icon_l_url=\"https:\/\/isarta.com\/infos\/wp-content\/uploads\/2019\/04\/happy.png#64794\"  data-icon_d_url=\"https:\/\/isarta.com\/infos\/wp-content\/uploads\/2019\/04\/sleep.png#64796\"  data-icon_size=\"58\"  data-icon_l_c=\"#771414\"  data-bg_c=\"#ffffff\"  data-bg_c_v=\"#ffffff\"  data-brdr_c=\"#ffffff\"  data-f_size=\"11\"  data-f_family=\"Tahoma\"  data-counter_fs=\"b\"  data-lang=\"fr\"  data-ef_voting=\"wobble\"  data-dislike_enabled=\"false\"  data-counter_type=\"percent\"  data-counter_show=\"false\"  data-tooltip_enabled=\"false\"  data-tooltip_like_show_always=\"true\"  data-white_label=\"true\"  data-i18n_like=\"Aimer \/ Partager\"  data-i18n_dislike=\"Pas aim\u00e9\"  data-style=\"\"  data-unlike_allowed=\"\"  data-show_copyright=\"\"  data-item_url=\"https:\/\/isarta.com\/infos\/web-a-quebec-le-plus-grand-evenement-numerique-francophone-en-amerique\/\"  data-item_title=\"Web \u00e0 Qu\u00e9bec: le plus grand \u00e9v\u00e9nement num\u00e9rique francophone en Am\u00e9rique!\"  data-item_date=\"2015-03-11T08:22:19-04:00\"  data-engine=\"WordPress\"  data-plugin_v=\"2.6.54\"  data-prx=\"https:\/\/isarta.com\/infos\/wp-admin\/admin-ajax.php?action=likebtn_prx\"  data-event_handler=\"likebtn_eh\" ><\/span><!-- LikeBtn.com END --><hr size=\"3\"><\/div>","protected":false},"author":23,"featured_media":0,"comment_status":"open","ping_status":"open","sticky":false,"template":"","format":"standard","meta":[],"categories":[117],"tags":[206],"_links":{"self":[{"href":"https:\/\/isarta.com\/infos\/wp-json\/wp\/v2\/posts\/15679"}],"collection":[{"href":"https:\/\/isarta.com\/infos\/wp-json\/wp\/v2\/posts"}],"about":[{"href":"https:\/\/isarta.com\/infos\/wp-json\/wp\/v2\/types\/post"}],"author":[{"embeddable":true,"href":"https:\/\/isarta.com\/infos\/wp-json\/wp\/v2\/users\/23"}],"replies":[{"embeddable":true,"href":"https:\/\/isarta.com\/infos\/wp-json\/wp\/v2\/comments?post=15679"}],"version-history":[{"count":3,"href":"https:\/\/isarta.com\/infos\/wp-json\/wp\/v2\/posts\/15679\/revisions"}],"predecessor-version":[{"id":15683,"href":"https:\/\/isarta.com\/infos\/wp-json\/wp\/v2\/posts\/15679\/revisions\/15683"}],"wp:attachment":[{"href":"https:\/\/isarta.com\/infos\/wp-json\/wp\/v2\/media?parent=15679"}],"wp:term":[{"taxonomy":"category","embeddable":true,"href":"https:\/\/isarta.com\/infos\/wp-json\/wp\/v2\/categories?post=15679"},{"taxonomy":"post_tag","embeddable":true,"href":"https:\/\/isarta.com\/infos\/wp-json\/wp\/v2\/tags?post=15679"}],"curies":[{"name":"wp","href":"https:\/\/api.w.org\/{rel}","templated":true}]}}