{"id":16862,"date":"2015-04-08T09:50:07","date_gmt":"2015-04-08T13:50:07","guid":{"rendered":"http:\/\/isarta.com\/infos\/?p=16862"},"modified":"2015-04-09T12:37:13","modified_gmt":"2015-04-09T16:37:13","slug":"la-fondation-cure-et-zoom-media-sassocient-dans-la-lutte-contre-le-cancer-du-sein","status":"publish","type":"post","link":"https:\/\/isarta.com\/infos\/la-fondation-cure-et-zoom-media-sassocient-dans-la-lutte-contre-le-cancer-du-sein\/","title":{"rendered":"La Fondation CURE et Zoom M\u00e9dia s\u2019associent dans la lutte contre le cancer du sein"},"content":{"rendered":"<p class=\"p1\" style=\"text-align: justify;\"><strong><span class=\"s1\" style=\"color: #000080;\"><a href=\"http:\/\/isarta.com\/infos\/wp-content\/uploads\/2015\/04\/Ascenseur2.jpg\"><img loading=\"lazy\" class=\"aligncenter wp-image-16863 \" src=\"http:\/\/isarta.com\/infos\/wp-content\/uploads\/2015\/04\/Ascenseur2-1024x683.jpg\" alt=\"Ascenseur2\" width=\"345\" height=\"230\" \/><\/a><\/span><\/strong><\/p>\n<p class=\"p1\"><strong><span class=\"s1\" style=\"color: #000080;\">Le 8 avril 2015 \u2013 Pour la deuxi\u00e8me ann\u00e9e cons\u00e9cutive, la <a href=\"http:\/\/www.curefoundation.com\/fr\/accueil\">Fondation Cure<\/a> s\u2019associe \u00e0 <a href=\"http:\/\/www.zoommedia.com\/en-ca\/\">Zoom M\u00e9dia<\/a> dans une campagne originale afin de provoquer un buzz \u00e0 l\u2019occasion de la Journ\u00e9e nationale du denim. <\/span><\/strong><\/p>\n<p class=\"p1\"><span class=\"s1\">Cette journ\u00e9e s\u2019inscrit dans la campagne de financement annuelle de la Fondation Cure, organisme qui amasse des fonds pour la lutte contre le cancer du sein. Cette ann\u00e9e, Zoom M\u00e9dia place le denim \u00e0 l\u2019avant-sc\u00e8ne gr\u00e2ce \u00e0 de v\u00e9ritables chemises de denim orn\u00e9es de la fleur de ruban rose de la Fondation, encadr\u00e9es dans un panneau publicitaire. <strong>La campagne encourage tous les Canadiens \u00e0 porter du denim le 12 mai prochain et \u00e0 faire un don de 5$ \u00e0 la Fondation Cure<\/strong><\/span> <span class=\"s1\"><strong>par texto en composant DENIM au 30333<\/strong>. <\/span><\/p>\n<blockquote>\n<p class=\"p1\" style=\"text-align: justify;\"><span class=\"s1\" style=\"font-size: 12pt;\">Nous sommes tr\u00e8s fiers du concept de la chemise de denim d\u00e9clin\u00e9e en plusieurs teintes cr\u00e9\u00e9e par Zoom M\u00e9dia pour la campagne de financement de cette ann\u00e9e. Les nombreux panneaux publicitaires vont sans aucun doute cr\u00e9er de la visibilit\u00e9 \u00e0 la campagne gr\u00e2ce \u00e0 cette approche originale \u00bb, a d\u00e9clar\u00e9 JoAnne LaPointe, directrice de la Fondation Cure.<\/span><\/p>\n<\/blockquote>\n<p class=\"p1\"><span class=\"s1\"><a href=\"http:\/\/isarta.com\/infos\/wp-content\/uploads\/2015\/04\/Cure-Classic1.jpg\"><img loading=\"lazy\" class=\"alignleft wp-image-16864 \" src=\"http:\/\/isarta.com\/infos\/wp-content\/uploads\/2015\/04\/Cure-Classic1.jpg\" alt=\"Cure Classic1\" width=\"195\" height=\"245\" \/><\/a>\u00ab Nous sommes heureux d\u2019\u00eatre associ\u00e9s \u00e0 la Fondation Cure pour une deuxi\u00e8me ann\u00e9e. Nous souhaitons que notre concept permette d\u2019amasser davantage de dons. Ce serait une double r\u00e9ussite ! \u00bb a conclu Matias Moya-Flores, directeur de compte chez Zoom M\u00e9dia.<\/span><\/p>\n<p class=\"p1\"><span class=\"s1\">La campagne prendra place dans les centres de conditionnement physique et les tours \u00e0 bureau du r\u00e9seau Zoom, \u00e0 Montr\u00e9al, Vancouver, Toronto et Calgary, du 30 mars au 26 avril. <\/span><\/p>\n<p class=\"p1\"><span class=\"s1\">En plus des panneaux publicitaires, des renseignements additionnels sur la Fondation Cure et ses activit\u00e9s de financement prendront la forme de cartes postales \u00e0 apporter, distribu\u00e9es dans les centres de conditionnement, et de maquillage de portes d\u2019ascenseurs dans les tours \u00e0 bureaux.<\/span><\/p>\n<p class=\"p4\"><span class=\"s2\"><b><span style=\"color: #000080;\">\u00c0 propos de la Fondation CURE<\/span>\u00a0<\/b><\/span><\/p>\n<p class=\"p4\"><span class=\"s1\">La <a href=\"http:\/\/www.curefoundation.com\/fr\/accueil\">Fondation CURE<\/a> est un v\u00e9hicule philanthropique d\u2019une grande envergure.<span class=\"Apple-converted-space\">\u00a0 <\/span>Elle permet aux Canadiens de s\u2019impliquer \u00e0 la lutte contre le cancer du sein en participant \u00e0 la campagne annuelle de la JOURN\u00c9E NATIONALE DU DENIM. Ainsi, ils prennent leur place en tant que membres actifs de notre communaut\u00e9 et connaissent la satisfaction de faire partie de la solution.<\/span><\/p>\n<p class=\"p5\"><span class=\"s1\" style=\"color: #000080;\"><b>\u00c0 propos de Zoom M\u00e9dia inc.\u00a0<\/b><\/span><\/p>\n<p class=\"p6\"><span class=\"s1\"><a href=\"http:\/\/www.zoommedia.com\/en-ca\/\">Zoom M\u00e9dia inc.<\/a> est la plus grande soci\u00e9t\u00e9 sp\u00e9cialis\u00e9e en m\u00e9dias style de vie au Canada. Son r\u00e9seau d\u2019affichage int\u00e9rieur comprend plus de 30 000 panneaux install\u00e9s dans plus de 4 000 \u00e9tablissements dans 30 march\u00e9s, dont ceux de Qu\u00e9bec, Montr\u00e9al, Ottawa, Toronto, Calgary, Edmonton et Vancouver. Zoom M\u00e9dia inc. joint des publics cibles distincts dans ses six r\u00e9seaux compl\u00e9mentaires incluant, entre autres, les restos-bars, les c\u00e9geps, les universit\u00e9s et les centres de conditionnement physique. Des services de recherche, de marketing \u00e9v\u00e9nementiel, de cr\u00e9ativit\u00e9 m\u00e9dia et d\u2019int\u00e9gration m\u00e9dia sont \u00e9galement offerts. Le r\u00e9seau ZoomFitnessMD de Zoom M\u00e9dia inc. est mesur\u00e9 par Nielsen. Zoom M\u00e9dia inc. est membre de COMB. Zoom M\u00e9dia est une filiale de Groupe Zoom M\u00e9dia Inc. Dans l\u2019ensemble, Groupe Zoom M\u00e9dia Inc. et ses soci\u00e9t\u00e9s affili\u00e9es poss\u00e8dent et exploitent plus de 80 000 panneaux en Am\u00e9rique du Nord et en Europe, dont plus de 26 000 sont num\u00e9riques.<\/span><\/p>\n<p class=\"p6\"><span class=\"s1\"><\/p>\n<div class=\"brdr2\"><\/div>\n<p> <\/span><\/p>\n<div class=\"likebtn_container\" style=\"clear:both;text-align:center;\"><!-- LikeBtn.com BEGIN --><span class=\"likebtn-wrapper\"  data-identifier=\"post_16862\"  data-site_id=\"5cc1ecd16fd08b776710d1e9\"  data-theme=\"drop\"  data-btn_size=\"100\"  data-icon_l=\"false\"  data-icon_d=\"false\"  data-icon_l_url=\"https:\/\/isarta.com\/infos\/wp-content\/uploads\/2019\/04\/happy.png#64794\"  data-icon_d_url=\"https:\/\/isarta.com\/infos\/wp-content\/uploads\/2019\/04\/sleep.png#64796\"  data-icon_size=\"58\"  data-icon_l_c=\"#771414\"  data-bg_c=\"#ffffff\"  data-bg_c_v=\"#ffffff\"  data-brdr_c=\"#ffffff\"  data-f_size=\"11\"  data-f_family=\"Tahoma\"  data-counter_fs=\"b\"  data-lang=\"fr\"  data-ef_voting=\"wobble\"  data-dislike_enabled=\"false\"  data-counter_type=\"percent\"  data-counter_show=\"false\"  data-tooltip_enabled=\"false\"  data-tooltip_like_show_always=\"true\"  data-white_label=\"true\"  data-i18n_like=\"Aimer \/ Partager\"  data-i18n_dislike=\"Pas aim\u00e9\"  data-style=\"\"  data-unlike_allowed=\"\"  data-show_copyright=\"\"  data-item_url=\"https:\/\/isarta.com\/infos\/la-fondation-cure-et-zoom-media-sassocient-dans-la-lutte-contre-le-cancer-du-sein\/\"  data-item_title=\"La Fondation CURE et Zoom M\u00e9dia s\u2019associent dans la lutte contre le cancer du sein\"  data-item_date=\"2015-04-08T09:50:07-04:00\"  data-engine=\"WordPress\"  data-plugin_v=\"2.6.54\"  data-prx=\"https:\/\/isarta.com\/infos\/wp-admin\/admin-ajax.php?action=likebtn_prx\"  data-event_handler=\"likebtn_eh\" ><\/span><!-- LikeBtn.com END --><\/p>\n<hr size=\"3\"><\/div>\n","protected":false},"excerpt":{"rendered":"<p>Pour la deuxi\u00e8me ann\u00e9e cons\u00e9cutive, la Fondation Cure s\u2019associe \u00e0 Zoom M\u00e9dia dans une campagne originale afin de provoquer un buzz \u00e0 l\u2019occasion de la Journ\u00e9e nationale du denim.<\/p>\n<div class=\"likebtn_container\" style=\"clear:both;text-align:center;\"><!-- LikeBtn.com BEGIN --><span class=\"likebtn-wrapper\"  data-identifier=\"post_16862\"  data-site_id=\"5cc1ecd16fd08b776710d1e9\"  data-theme=\"drop\"  data-btn_size=\"100\"  data-icon_l=\"false\"  data-icon_d=\"false\"  data-icon_l_url=\"https:\/\/isarta.com\/infos\/wp-content\/uploads\/2019\/04\/happy.png#64794\"  data-icon_d_url=\"https:\/\/isarta.com\/infos\/wp-content\/uploads\/2019\/04\/sleep.png#64796\"  data-icon_size=\"58\"  data-icon_l_c=\"#771414\"  data-bg_c=\"#ffffff\"  data-bg_c_v=\"#ffffff\"  data-brdr_c=\"#ffffff\"  data-f_size=\"11\"  data-f_family=\"Tahoma\"  data-counter_fs=\"b\"  data-lang=\"fr\"  data-ef_voting=\"wobble\"  data-dislike_enabled=\"false\"  data-counter_type=\"percent\"  data-counter_show=\"false\"  data-tooltip_enabled=\"false\"  data-tooltip_like_show_always=\"true\"  data-white_label=\"true\"  data-i18n_like=\"Aimer \/ Partager\"  data-i18n_dislike=\"Pas aim\u00e9\"  data-style=\"\"  data-unlike_allowed=\"\"  data-show_copyright=\"\"  data-item_url=\"https:\/\/isarta.com\/infos\/la-fondation-cure-et-zoom-media-sassocient-dans-la-lutte-contre-le-cancer-du-sein\/\"  data-item_title=\"La Fondation CURE et Zoom M\u00e9dia s\u2019associent dans la lutte contre le cancer du sein\"  data-item_date=\"2015-04-08T09:50:07-04:00\"  data-engine=\"WordPress\"  data-plugin_v=\"2.6.54\"  data-prx=\"https:\/\/isarta.com\/infos\/wp-admin\/admin-ajax.php?action=likebtn_prx\"  data-event_handler=\"likebtn_eh\" ><\/span><!-- LikeBtn.com END --><hr size=\"3\"><\/div>","protected":false},"author":23,"featured_media":0,"comment_status":"open","ping_status":"open","sticky":false,"template":"","format":"standard","meta":[],"categories":[117],"tags":[1176],"_links":{"self":[{"href":"https:\/\/isarta.com\/infos\/wp-json\/wp\/v2\/posts\/16862"}],"collection":[{"href":"https:\/\/isarta.com\/infos\/wp-json\/wp\/v2\/posts"}],"about":[{"href":"https:\/\/isarta.com\/infos\/wp-json\/wp\/v2\/types\/post"}],"author":[{"embeddable":true,"href":"https:\/\/isarta.com\/infos\/wp-json\/wp\/v2\/users\/23"}],"replies":[{"embeddable":true,"href":"https:\/\/isarta.com\/infos\/wp-json\/wp\/v2\/comments?post=16862"}],"version-history":[{"count":4,"href":"https:\/\/isarta.com\/infos\/wp-json\/wp\/v2\/posts\/16862\/revisions"}],"predecessor-version":[{"id":16959,"href":"https:\/\/isarta.com\/infos\/wp-json\/wp\/v2\/posts\/16862\/revisions\/16959"}],"wp:attachment":[{"href":"https:\/\/isarta.com\/infos\/wp-json\/wp\/v2\/media?parent=16862"}],"wp:term":[{"taxonomy":"category","embeddable":true,"href":"https:\/\/isarta.com\/infos\/wp-json\/wp\/v2\/categories?post=16862"},{"taxonomy":"post_tag","embeddable":true,"href":"https:\/\/isarta.com\/infos\/wp-json\/wp\/v2\/tags?post=16862"}],"curies":[{"name":"wp","href":"https:\/\/api.w.org\/{rel}","templated":true}]}}