{"id":16908,"date":"2015-04-09T08:55:16","date_gmt":"2015-04-09T12:55:16","guid":{"rendered":"http:\/\/isarta.com\/infos\/?p=16908"},"modified":"2015-04-09T17:05:01","modified_gmt":"2015-04-09T21:05:01","slug":"nomination-chez-cohn-wolfe-montreal-olivier-gagnon-devient-conseiller","status":"publish","type":"post","link":"https:\/\/isarta.com\/infos\/nomination-chez-cohn-wolfe-montreal-olivier-gagnon-devient-conseiller\/","title":{"rendered":"Nomination chez Cohn &#038; Wolfe Montr\u00e9al: Olivier Gagnon devient conseiller"},"content":{"rendered":"<p class=\"p1\" style=\"text-align: justify;\"><strong><span class=\"s1\" style=\"color: #000080;\"><a href=\"http:\/\/isarta.com\/infos\/wp-content\/uploads\/2015\/02\/cohn-wolfe-wall-graphic.jpg\"><img loading=\"lazy\" class=\"aligncenter wp-image-15018 \" src=\"http:\/\/isarta.com\/infos\/wp-content\/uploads\/2015\/02\/cohn-wolfe-wall-graphic-1024x502.jpg\" alt=\"cohn-wolfe-wall-graphic\" width=\"347\" height=\"170\" \/><\/a><\/span><\/strong><\/p>\n<p class=\"p1\"><strong><span class=\"s1\" style=\"color: #000080;\">Le 8 avril 2015 \u2013 Andr\u00e9 Bouthillier, associ\u00e9 directeur de <a href=\"http:\/\/www.cohnwolfe.ca\/fr\/\"><span class=\"s2\">Cohn\u00a0&amp;\u00a0Wolfe\u00a0|\u00a0Montr\u00e9al<\/span><\/a>, est heureux d\u2019annoncer la nomination d\u2019Olivier Gagnon<span class=\"Apple-converted-space\">\u00a0<\/span>au poste de conseiller.<\/span><\/strong><\/p>\n<p class=\"p1\"><span class=\"s1\">M. Gagnon occupait le poste de charg\u00e9 de projets chez Cohn &amp; Wolfe depuis mai 2012.<\/span><\/p>\n<p class=\"p1\"><span class=\"s1\"><a href=\"http:\/\/isarta.com\/infos\/wp-content\/uploads\/2015\/04\/OLIVIER-GAGNON.jpg\"><img loading=\"lazy\" class=\"alignleft wp-image-16909 size-full\" src=\"http:\/\/isarta.com\/infos\/wp-content\/uploads\/2015\/04\/OLIVIER-GAGNON.jpg\" alt=\"OLIVIER-GAGNON\" width=\"190\" height=\"150\" \/><\/a>Avant de se joindre \u00e0 Cohn &amp; Wolfe, il a travaill\u00e9 pour l\u2019\u00e9quipe marketing de CEDROM-Sni, une firme sp\u00e9cialis\u00e9e en technologie de l\u2019information. Il a \u00e9galement travaill\u00e9 pour la division montr\u00e9alaise d\u2019Op\u00e9ration Nez rouge, \u00e0 titre de responsable des communications et de porte-parole.<\/span><\/p>\n<p class=\"p1\"><span class=\"s1\">Chez Cohn &amp; Wolfe, il participe \u00e0 la mise en \u0153uvre de strat\u00e9gies de communication de nombreuses entreprises priv\u00e9es et publiques. Ses principales t\u00e2ches s&rsquo;articulent autour de la gestion de projets, de la r\u00e9daction (communiqu\u00e9s de presse, contenu de site web, infolettres, etc.), des relations avec les journalistes et de la veille m\u00e9diatique.<\/span><\/p>\n<p class=\"p1\"><span class=\"s1\">Actif aupr\u00e8s de nombreux clients du cabinet, il travaille de pr\u00e8s avec des clients actifs en immobilier commercial, en transport global de marchandise et dans l&rsquo;industrie pharmaceutique, pour n&rsquo;en nommer que quelques-uns. De plus, il a particip\u00e9 \u00e0 la cr\u00e9ation et \u00e0 la refonte de sites web d&rsquo;envergure, autant pour les clients que pour le cabinet.<\/span><\/p>\n<p class=\"p1\"><span class=\"s1\">Il d\u00e9tient deux baccalaur\u00e9ats par cumul de certificats, un en journalisme, relations publiques et r\u00e9daction de l\u2019Universit\u00e9 de Montr\u00e9al, et l\u2019autre en psychologie, marketing et communication organisationnelle de l\u2019Universit\u00e9 du Qu\u00e9bec \u00e0 Chicoutimi.<\/span><\/p>\n<p class=\"p1\"><span class=\"s1\" style=\"color: #000080;\"><b>\u00c0 propos de Cohn &amp; Wolfe<\/b><\/span><\/p>\n<p class=\"p1\"><span class=\"s1\"><a href=\"http:\/\/www.cohnwolfe.ca\/fr\/\">Cohn &amp; Wolfe<\/a> est un cabinet de relations publiques et de communication qui \u0153uvre dans le domaine du conseil en communication d\u2019entreprise, en positionnement de marques et en communications num\u00e9riques. Il est membre de l\u2019Alliance des cabinets de relations publiques du Qu\u00e9bec et est certifi\u00e9\u00a0A+.<\/span><\/p>\n<p class=\"p1\"><span class=\"s1\">Affili\u00e9 au r\u00e9seau mondial de Cohn &amp; Wolfe, Cohn &amp; Wolfe | Canada est un r\u00e9seau ind\u00e9pendant pr\u00e9sent \u00e0 Montr\u00e9al, Toronto, Calgary et Vancouver. La propri\u00e9t\u00e9 canadienne est d\u00e9tenue par le Groupe conseil RES PUBLICA, une soci\u00e9t\u00e9 de holding et de gestion de grandes firmes de services professionnels.\u00a0<\/span><\/p>\n<p class=\"p1\">\n<div class=\"brdr2\"><\/div>\n<div class=\"likebtn_container\" style=\"clear:both;text-align:center;\"><!-- LikeBtn.com BEGIN --><span class=\"likebtn-wrapper\"  data-identifier=\"post_16908\"  data-site_id=\"5cc1ecd16fd08b776710d1e9\"  data-theme=\"drop\"  data-btn_size=\"100\"  data-icon_l=\"false\"  data-icon_d=\"false\"  data-icon_l_url=\"https:\/\/isarta.com\/infos\/wp-content\/uploads\/2019\/04\/happy.png#64794\"  data-icon_d_url=\"https:\/\/isarta.com\/infos\/wp-content\/uploads\/2019\/04\/sleep.png#64796\"  data-icon_size=\"58\"  data-icon_l_c=\"#771414\"  data-bg_c=\"#ffffff\"  data-bg_c_v=\"#ffffff\"  data-brdr_c=\"#ffffff\"  data-f_size=\"11\"  data-f_family=\"Tahoma\"  data-counter_fs=\"b\"  data-lang=\"fr\"  data-ef_voting=\"wobble\"  data-dislike_enabled=\"false\"  data-counter_type=\"percent\"  data-counter_show=\"false\"  data-tooltip_enabled=\"false\"  data-tooltip_like_show_always=\"true\"  data-white_label=\"true\"  data-i18n_like=\"Aimer \/ Partager\"  data-i18n_dislike=\"Pas aim\u00e9\"  data-style=\"\"  data-unlike_allowed=\"\"  data-show_copyright=\"\"  data-item_url=\"https:\/\/isarta.com\/infos\/nomination-chez-cohn-wolfe-montreal-olivier-gagnon-devient-conseiller\/\"  data-item_title=\"Nomination chez Cohn &amp; Wolfe Montr\u00e9al: Olivier Gagnon devient conseiller\"  data-item_date=\"2015-04-09T08:55:16-04:00\"  data-engine=\"WordPress\"  data-plugin_v=\"2.6.54\"  data-prx=\"https:\/\/isarta.com\/infos\/wp-admin\/admin-ajax.php?action=likebtn_prx\"  data-event_handler=\"likebtn_eh\" ><\/span><!-- LikeBtn.com END --><\/p>\n<hr size=\"3\"><\/div>\n","protected":false},"excerpt":{"rendered":"<p>Andr\u00e9 Bouthillier, associ\u00e9 directeur de Cohn &#038; Wolfe | Montr\u00e9al, est heureux d\u2019annoncer la nomination d\u2019Olivier Gagnon au poste de conseiller.<\/p>\n<div class=\"likebtn_container\" style=\"clear:both;text-align:center;\"><!-- LikeBtn.com BEGIN --><span class=\"likebtn-wrapper\"  data-identifier=\"post_16908\"  data-site_id=\"5cc1ecd16fd08b776710d1e9\"  data-theme=\"drop\"  data-btn_size=\"100\"  data-icon_l=\"false\"  data-icon_d=\"false\"  data-icon_l_url=\"https:\/\/isarta.com\/infos\/wp-content\/uploads\/2019\/04\/happy.png#64794\"  data-icon_d_url=\"https:\/\/isarta.com\/infos\/wp-content\/uploads\/2019\/04\/sleep.png#64796\"  data-icon_size=\"58\"  data-icon_l_c=\"#771414\"  data-bg_c=\"#ffffff\"  data-bg_c_v=\"#ffffff\"  data-brdr_c=\"#ffffff\"  data-f_size=\"11\"  data-f_family=\"Tahoma\"  data-counter_fs=\"b\"  data-lang=\"fr\"  data-ef_voting=\"wobble\"  data-dislike_enabled=\"false\"  data-counter_type=\"percent\"  data-counter_show=\"false\"  data-tooltip_enabled=\"false\"  data-tooltip_like_show_always=\"true\"  data-white_label=\"true\"  data-i18n_like=\"Aimer \/ Partager\"  data-i18n_dislike=\"Pas aim\u00e9\"  data-style=\"\"  data-unlike_allowed=\"\"  data-show_copyright=\"\"  data-item_url=\"https:\/\/isarta.com\/infos\/nomination-chez-cohn-wolfe-montreal-olivier-gagnon-devient-conseiller\/\"  data-item_title=\"Nomination chez Cohn &amp; Wolfe Montr\u00e9al: Olivier Gagnon devient conseiller\"  data-item_date=\"2015-04-09T08:55:16-04:00\"  data-engine=\"WordPress\"  data-plugin_v=\"2.6.54\"  data-prx=\"https:\/\/isarta.com\/infos\/wp-admin\/admin-ajax.php?action=likebtn_prx\"  data-event_handler=\"likebtn_eh\" ><\/span><!-- LikeBtn.com END --><hr size=\"3\"><\/div>","protected":false},"author":23,"featured_media":0,"comment_status":"open","ping_status":"open","sticky":false,"template":"","format":"standard","meta":[],"categories":[117],"tags":[1176],"_links":{"self":[{"href":"https:\/\/isarta.com\/infos\/wp-json\/wp\/v2\/posts\/16908"}],"collection":[{"href":"https:\/\/isarta.com\/infos\/wp-json\/wp\/v2\/posts"}],"about":[{"href":"https:\/\/isarta.com\/infos\/wp-json\/wp\/v2\/types\/post"}],"author":[{"embeddable":true,"href":"https:\/\/isarta.com\/infos\/wp-json\/wp\/v2\/users\/23"}],"replies":[{"embeddable":true,"href":"https:\/\/isarta.com\/infos\/wp-json\/wp\/v2\/comments?post=16908"}],"version-history":[{"count":3,"href":"https:\/\/isarta.com\/infos\/wp-json\/wp\/v2\/posts\/16908\/revisions"}],"predecessor-version":[{"id":16958,"href":"https:\/\/isarta.com\/infos\/wp-json\/wp\/v2\/posts\/16908\/revisions\/16958"}],"wp:attachment":[{"href":"https:\/\/isarta.com\/infos\/wp-json\/wp\/v2\/media?parent=16908"}],"wp:term":[{"taxonomy":"category","embeddable":true,"href":"https:\/\/isarta.com\/infos\/wp-json\/wp\/v2\/categories?post=16908"},{"taxonomy":"post_tag","embeddable":true,"href":"https:\/\/isarta.com\/infos\/wp-json\/wp\/v2\/tags?post=16908"}],"curies":[{"name":"wp","href":"https:\/\/api.w.org\/{rel}","templated":true}]}}