{"id":17790,"date":"2015-04-28T06:15:54","date_gmt":"2015-04-28T10:15:54","guid":{"rendered":"http:\/\/isarta.com\/infos\/?p=17790"},"modified":"2015-04-29T16:09:29","modified_gmt":"2015-04-29T20:09:29","slug":"cossette-signe-le-visuel-du-concours-strat-2015","status":"publish","type":"post","link":"https:\/\/isarta.com\/infos\/cossette-signe-le-visuel-du-concours-strat-2015\/","title":{"rendered":"Cossette signe le visuel du Concours STRAT 2015"},"content":{"rendered":"<p class=\"p1\"><a href=\"http:\/\/isarta.com\/infos\/wp-content\/uploads\/2015\/04\/Strat2015-1-Visuel-principal.jpg\"><img loading=\"lazy\" class=\"aligncenter wp-image-17791 \" src=\"http:\/\/isarta.com\/infos\/wp-content\/uploads\/2015\/04\/Strat2015-1-Visuel-principal.jpg\" alt=\"Strat2015-1 Visuel principal\" width=\"543\" height=\"380\" \/><\/a><\/p>\n<p class=\"p1\"><strong><span class=\"s1\" style=\"color: #000080;\">Le 28 avril 2015 \u2013 <a href=\"http:\/\/cossette.com\/\">Cossette<\/a> a d\u00e9velopp\u00e9 le visuel promotionnel du <span class=\"s2\"><a href=\"http:\/\/concours.infopresse.com\/strat\/presentation\">Concours STRAT 2015<\/a><\/span>, une initiative de l\u2019<a href=\"http:\/\/www.communicationmarketing.org\/index.html\">APCM<\/a>, en collaboration avec Infopresse. <\/span><\/strong><\/p>\n<p class=\"p1\"><span class=\"s1\">Avec l\u2019aide du studio de production et d\u2019effets visuels <a href=\"http:\/\/shedmtl.com\/en\/\">SHED<\/a>, l\u2019agence a livr\u00e9 une ex\u00e9cution d\u00e9voilant les coulisses de l\u2019\u00e9laboration d\u2019une strat\u00e9gie de communication-marketing. Cette pi\u00e8ce met de l\u2019avant le troph\u00e9e officiel en illustrant les crit\u00e8res de s\u00e9lection utilis\u00e9s par les juges pour d\u00e9cerner un prix STRAT.<\/span><\/p>\n<p class=\"p1\"><span class=\"s1\">Rappelons que depuis huit ans, le concours STRAT vise \u00e0 reconna\u00eetre et promouvoir l\u2019excellence et l\u2019efficacit\u00e9 des strat\u00e9gies de communication-marketing au Qu\u00e9bec et d\u2019en valoriser la profession aupr\u00e8s de l\u2019ensemble des intervenants de l\u2019industrie.<\/span><\/p>\n<p class=\"p1\"><a href=\"http:\/\/isarta.com\/infos\/wp-content\/uploads\/2015\/04\/Strat2015-5-D\u00e9tails.jpg\"><img loading=\"lazy\" class=\"aligncenter wp-image-17792 \" src=\"http:\/\/isarta.com\/infos\/wp-content\/uploads\/2015\/04\/Strat2015-5-D\u00e9tails.jpg\" alt=\"Strat2015-5 D\u00e9tails\" width=\"428\" height=\"300\" \/><\/a><\/p>\n<p class=\"p1\"><span class=\"s1\" style=\"color: #000080;\"><b>\u00c0 propos de Cossette\u00a0<\/b><\/span><\/p>\n<p class=\"p2\"><span class=\"s1\"><a href=\"http:\/\/cossette.com\/\">Cossette<\/a> est une agence de communication marketing enti\u00e8rement int\u00e9gr\u00e9e et ind\u00e9pendante qui occupe une position dominante au Canada et qui peut utiliser, au besoin, un r\u00e9seau d\u2019agences sp\u00e9cialis\u00e9es \u0153uvrant \u00e0 l\u2019international. Cossette, c\u2019est une communaut\u00e9 de talents, un rassemblement unique d\u2019expertises et de cr\u00e9ativit\u00e9 qui b\u00e2tit pour ses clients des marques fortes et maintient un dialogue avec les consommateurs. Cossette compte des bureaux \u00e0 Qu\u00e9bec, Montr\u00e9al, Toronto, Vancouver et Halifax.<\/span><\/p>\n<p class=\"p2\">\n<div class=\"brdr2\"><\/div>\n<div class=\"likebtn_container\" style=\"clear:both;text-align:center;\"><!-- LikeBtn.com BEGIN --><span class=\"likebtn-wrapper\"  data-identifier=\"post_17790\"  data-site_id=\"5cc1ecd16fd08b776710d1e9\"  data-theme=\"drop\"  data-btn_size=\"100\"  data-icon_l=\"false\"  data-icon_d=\"false\"  data-icon_l_url=\"https:\/\/isarta.com\/infos\/wp-content\/uploads\/2019\/04\/happy.png#64794\"  data-icon_d_url=\"https:\/\/isarta.com\/infos\/wp-content\/uploads\/2019\/04\/sleep.png#64796\"  data-icon_size=\"58\"  data-icon_l_c=\"#771414\"  data-bg_c=\"#ffffff\"  data-bg_c_v=\"#ffffff\"  data-brdr_c=\"#ffffff\"  data-f_size=\"11\"  data-f_family=\"Tahoma\"  data-counter_fs=\"b\"  data-lang=\"fr\"  data-ef_voting=\"wobble\"  data-dislike_enabled=\"false\"  data-counter_type=\"percent\"  data-counter_show=\"false\"  data-tooltip_enabled=\"false\"  data-tooltip_like_show_always=\"true\"  data-white_label=\"true\"  data-i18n_like=\"Aimer \/ Partager\"  data-i18n_dislike=\"Pas aim\u00e9\"  data-style=\"\"  data-unlike_allowed=\"\"  data-show_copyright=\"\"  data-item_url=\"https:\/\/isarta.com\/infos\/cossette-signe-le-visuel-du-concours-strat-2015\/\"  data-item_title=\"Cossette signe le visuel du Concours STRAT 2015\"  data-item_date=\"2015-04-28T06:15:54-04:00\"  data-engine=\"WordPress\"  data-plugin_v=\"2.6.54\"  data-prx=\"https:\/\/isarta.com\/infos\/wp-admin\/admin-ajax.php?action=likebtn_prx\"  data-event_handler=\"likebtn_eh\" ><\/span><!-- LikeBtn.com END --><\/p>\n<hr size=\"3\"><\/div>\n","protected":false},"excerpt":{"rendered":"<p>Cossette a d\u00e9velopp\u00e9 le visuel promotionnel du Concours STRAT 2015, une initiative de l\u2019APCM, en collaboration avec Infopresse.<\/p>\n<div class=\"likebtn_container\" style=\"clear:both;text-align:center;\"><!-- LikeBtn.com BEGIN --><span class=\"likebtn-wrapper\"  data-identifier=\"post_17790\"  data-site_id=\"5cc1ecd16fd08b776710d1e9\"  data-theme=\"drop\"  data-btn_size=\"100\"  data-icon_l=\"false\"  data-icon_d=\"false\"  data-icon_l_url=\"https:\/\/isarta.com\/infos\/wp-content\/uploads\/2019\/04\/happy.png#64794\"  data-icon_d_url=\"https:\/\/isarta.com\/infos\/wp-content\/uploads\/2019\/04\/sleep.png#64796\"  data-icon_size=\"58\"  data-icon_l_c=\"#771414\"  data-bg_c=\"#ffffff\"  data-bg_c_v=\"#ffffff\"  data-brdr_c=\"#ffffff\"  data-f_size=\"11\"  data-f_family=\"Tahoma\"  data-counter_fs=\"b\"  data-lang=\"fr\"  data-ef_voting=\"wobble\"  data-dislike_enabled=\"false\"  data-counter_type=\"percent\"  data-counter_show=\"false\"  data-tooltip_enabled=\"false\"  data-tooltip_like_show_always=\"true\"  data-white_label=\"true\"  data-i18n_like=\"Aimer \/ Partager\"  data-i18n_dislike=\"Pas aim\u00e9\"  data-style=\"\"  data-unlike_allowed=\"\"  data-show_copyright=\"\"  data-item_url=\"https:\/\/isarta.com\/infos\/cossette-signe-le-visuel-du-concours-strat-2015\/\"  data-item_title=\"Cossette signe le visuel du Concours STRAT 2015\"  data-item_date=\"2015-04-28T06:15:54-04:00\"  data-engine=\"WordPress\"  data-plugin_v=\"2.6.54\"  data-prx=\"https:\/\/isarta.com\/infos\/wp-admin\/admin-ajax.php?action=likebtn_prx\"  data-event_handler=\"likebtn_eh\" ><\/span><!-- LikeBtn.com END --><hr size=\"3\"><\/div>","protected":false},"author":23,"featured_media":0,"comment_status":"open","ping_status":"open","sticky":false,"template":"","format":"standard","meta":[],"categories":[117],"tags":[1176],"_links":{"self":[{"href":"https:\/\/isarta.com\/infos\/wp-json\/wp\/v2\/posts\/17790"}],"collection":[{"href":"https:\/\/isarta.com\/infos\/wp-json\/wp\/v2\/posts"}],"about":[{"href":"https:\/\/isarta.com\/infos\/wp-json\/wp\/v2\/types\/post"}],"author":[{"embeddable":true,"href":"https:\/\/isarta.com\/infos\/wp-json\/wp\/v2\/users\/23"}],"replies":[{"embeddable":true,"href":"https:\/\/isarta.com\/infos\/wp-json\/wp\/v2\/comments?post=17790"}],"version-history":[{"count":4,"href":"https:\/\/isarta.com\/infos\/wp-json\/wp\/v2\/posts\/17790\/revisions"}],"predecessor-version":[{"id":17796,"href":"https:\/\/isarta.com\/infos\/wp-json\/wp\/v2\/posts\/17790\/revisions\/17796"}],"wp:attachment":[{"href":"https:\/\/isarta.com\/infos\/wp-json\/wp\/v2\/media?parent=17790"}],"wp:term":[{"taxonomy":"category","embeddable":true,"href":"https:\/\/isarta.com\/infos\/wp-json\/wp\/v2\/categories?post=17790"},{"taxonomy":"post_tag","embeddable":true,"href":"https:\/\/isarta.com\/infos\/wp-json\/wp\/v2\/tags?post=17790"}],"curies":[{"name":"wp","href":"https:\/\/api.w.org\/{rel}","templated":true}]}}