{"id":18898,"date":"2015-05-28T00:10:18","date_gmt":"2015-05-28T04:10:18","guid":{"rendered":"http:\/\/isarta.com\/infos\/?p=18898"},"modified":"2015-05-27T22:09:07","modified_gmt":"2015-05-28T02:09:07","slug":"le-regroupement-des-commercants-electroniques-du-quebec-senvole-pour-paris","status":"publish","type":"post","link":"https:\/\/isarta.com\/infos\/le-regroupement-des-commercants-electroniques-du-quebec-senvole-pour-paris\/","title":{"rendered":"Le Regroupement des Commer\u00e7ants \u00c9lectroniques du Qu\u00e9bec s\u2019envole pour Paris!"},"content":{"rendered":"<p><a href=\"http:\/\/isarta.com\/infos\/wp-content\/uploads\/2015\/05\/RCEQ-logo.jpg\"><img loading=\"lazy\" class=\"aligncenter wp-image-18899 \" src=\"http:\/\/isarta.com\/infos\/wp-content\/uploads\/2015\/05\/RCEQ-logo-1024x451.jpg\" alt=\"Regroupement des Commer\u00e7ants \u00c9lectroniques du Qu\u00e9bec (Groupe CNW\/Regroupement des Commer\u00e7ants \u00c9lectronique du Qu\u00e9bec - RCEQ)\" width=\"345\" height=\"152\" \/><\/a><\/p>\n<p class=\"p2\"><strong><span style=\"color: #000080;\">Le 28 mai 2015. &#8211; Le Regroupement des Commer\u00e7ants \u00c9lectroniques du Qu\u00e9bec (<a href=\"http:\/\/www.rceq.ca\/\">RCEQ<\/a>) sera pr\u00e9sent au salon <a href=\"http:\/\/www.ecommerceparis.com\/\">E-COMMERCE PARIS<\/a> qui se tiendra du 21 au 23 septembre 2015 au Parc des Expositions de la Porte de Versailles dans le cadre de PARIS RETAIL WEEK.<\/span><\/strong><\/p>\n<p class=\"p2\">Le RCEQ a r\u00e9cemment sign\u00e9 une entente de partenariat avec COMEXPOSIUM, organisateur du salon et de PARIS RETAIL WEEK par ailleurs, afin de repr\u00e9senter le commerce \u00e9lectronique du Qu\u00e9bec lors de l\u2019\u00e9v\u00e8nement.<\/p>\n<blockquote>\n<p class=\"p2\"><span style=\"font-size: 12pt;\">Nous sommes tr\u00e8s fiers de ce partenariat qui va nous permettre, pour la toute premi\u00e8re fois, de parler de notre r\u00e9alit\u00e9 de march\u00e9 \u00e0 l\u2019ext\u00e9rieur de la province \u00bb s\u2019enthousiasme Mathieu Halle, pr\u00e9sident du RCEQ.<\/span><\/p>\n<\/blockquote>\n<p class=\"p2\"><strong><span style=\"color: #000080;\">Conf\u00e9rence et rencontres<\/span><\/strong><\/p>\n<blockquote>\n<p class=\"p2\">N<span style=\"font-size: 12pt;\">ous avons l\u2019habitude de voir des conf\u00e9renciers internationaux dans les \u00e9v\u00e8nements eCommerce et web ici au Qu\u00e9bec nous parler de leur succ\u00e8s. Pour une fois, nous parlerons du n\u00f4tre mais aussi de notre avenir \u00bb. A cet effet, le RCEQ donnera une conf\u00e9rence intitul\u00e9 <span class=\"s2\"><i>\u00ab\u00a0L&rsquo;eCommerce au Qu\u00e9bec &#8211; r\u00e9alit\u00e9 g\u00e9ographique et d\u00e9fis de march\u00e9s.\u00a0\u00bb <\/i><\/span><\/span><\/p>\n<\/blockquote>\n<p class=\"p2\">Un stand sera \u00e9galement mis \u00e0 la disposition du regroupement pour \u00ab rencontrer <span class=\"s3\"><i>l\u2019\u00e9cosyst\u00e8me locale <\/i><\/span>et ainsi apprendre, comprendre et lier de possibles relations d\u2019affaires \u00bb pr\u00e9cise M. Halle.<\/p>\n<p class=\"p2\"><strong><span style=\"color: #000080;\">\u00c0 propos d\u2019E-COMMERCE PARIS <\/span><\/strong><\/p>\n<p class=\"p2\">12\u00e8me \u00e9dition du rendez-vous cross-canal majeur des e-marchands, mix pl\u00e9biscit\u00e9 entre salon, congr\u00e8s et lieu d\u2019\u00e9changes (plus de 300 prises de parole, dont 5 pl\u00e9ni\u00e8res avec intervention de speakers renomm\u00e9s). Toute la cha\u00eene de valeur du commerce connect\u00e9 y sera pr\u00e9sent\u00e9e, pour une offre exhaustive en technologies pour le cross-canal, ainsi qu\u2019en exp\u00e9rience client, en digital marketing et en logistique.<\/p>\n<p class=\"p2\"><a href=\"http:\/\/www.ecommerceparis.com\/\">E-COMMERCE PARIS<\/a> s&rsquo;inscrit dans la dynamique de PARIS RETAIL WEEK, le nouvel \u00e9v\u00e9nement qui r\u00e9unit pour la premi\u00e8re fois la communaut\u00e9 du commerce et du e-commerce. Dans ce cadre, le salon aura lieu du 21 au 23 septembre prochain \u00e0 Paris expo Porte de Versailles, en co-localisation dans le Pavillon 1 avec DIGITAL(in)STORE by Equipmag, le salon d\u00e9di\u00e9 \u00e0 la digitalisation du point de vente. Plus de 35 000 visiteurs et 550 exposants sont attendus pour ce grand rendez-vous du commerce en ligne et en magasin.<\/p>\n<p class=\"p3\">\n<div class=\"brdr2\"><\/div>\n<div class=\"likebtn_container\" style=\"clear:both;text-align:center;\"><!-- LikeBtn.com BEGIN --><span class=\"likebtn-wrapper\"  data-identifier=\"post_18898\"  data-site_id=\"5cc1ecd16fd08b776710d1e9\"  data-theme=\"drop\"  data-btn_size=\"100\"  data-icon_l=\"false\"  data-icon_d=\"false\"  data-icon_l_url=\"https:\/\/isarta.com\/infos\/wp-content\/uploads\/2019\/04\/happy.png#64794\"  data-icon_d_url=\"https:\/\/isarta.com\/infos\/wp-content\/uploads\/2019\/04\/sleep.png#64796\"  data-icon_size=\"58\"  data-icon_l_c=\"#771414\"  data-bg_c=\"#ffffff\"  data-bg_c_v=\"#ffffff\"  data-brdr_c=\"#ffffff\"  data-f_size=\"11\"  data-f_family=\"Tahoma\"  data-counter_fs=\"b\"  data-lang=\"fr\"  data-ef_voting=\"wobble\"  data-dislike_enabled=\"false\"  data-counter_type=\"percent\"  data-counter_show=\"false\"  data-tooltip_enabled=\"false\"  data-tooltip_like_show_always=\"true\"  data-white_label=\"true\"  data-i18n_like=\"Aimer \/ Partager\"  data-i18n_dislike=\"Pas aim\u00e9\"  data-style=\"\"  data-unlike_allowed=\"\"  data-show_copyright=\"\"  data-item_url=\"https:\/\/isarta.com\/infos\/le-regroupement-des-commercants-electroniques-du-quebec-senvole-pour-paris\/\"  data-item_title=\"Le Regroupement des Commer\u00e7ants \u00c9lectroniques du Qu\u00e9bec s\u2019envole pour Paris!\"  data-item_date=\"2015-05-28T00:10:18-04:00\"  data-engine=\"WordPress\"  data-plugin_v=\"2.6.54\"  data-prx=\"https:\/\/isarta.com\/infos\/wp-admin\/admin-ajax.php?action=likebtn_prx\"  data-event_handler=\"likebtn_eh\" ><\/span><!-- LikeBtn.com END --><\/p>\n<hr size=\"3\"><\/div>\n","protected":false},"excerpt":{"rendered":"<p>Le Regroupement des Commer\u00e7ants \u00c9lectroniques du Qu\u00e9bec (RCEQ) sera pr\u00e9sent au salon E-COMMERCE PARIS qui se tiendra du 21 au 23 septembre 2015 au Parc des Expositions de la Porte de Versailles dans le cadre de PARIS RETAIL WEEK.<\/p>\n<div class=\"likebtn_container\" style=\"clear:both;text-align:center;\"><!-- LikeBtn.com BEGIN --><span class=\"likebtn-wrapper\"  data-identifier=\"post_18898\"  data-site_id=\"5cc1ecd16fd08b776710d1e9\"  data-theme=\"drop\"  data-btn_size=\"100\"  data-icon_l=\"false\"  data-icon_d=\"false\"  data-icon_l_url=\"https:\/\/isarta.com\/infos\/wp-content\/uploads\/2019\/04\/happy.png#64794\"  data-icon_d_url=\"https:\/\/isarta.com\/infos\/wp-content\/uploads\/2019\/04\/sleep.png#64796\"  data-icon_size=\"58\"  data-icon_l_c=\"#771414\"  data-bg_c=\"#ffffff\"  data-bg_c_v=\"#ffffff\"  data-brdr_c=\"#ffffff\"  data-f_size=\"11\"  data-f_family=\"Tahoma\"  data-counter_fs=\"b\"  data-lang=\"fr\"  data-ef_voting=\"wobble\"  data-dislike_enabled=\"false\"  data-counter_type=\"percent\"  data-counter_show=\"false\"  data-tooltip_enabled=\"false\"  data-tooltip_like_show_always=\"true\"  data-white_label=\"true\"  data-i18n_like=\"Aimer \/ Partager\"  data-i18n_dislike=\"Pas aim\u00e9\"  data-style=\"\"  data-unlike_allowed=\"\"  data-show_copyright=\"\"  data-item_url=\"https:\/\/isarta.com\/infos\/le-regroupement-des-commercants-electroniques-du-quebec-senvole-pour-paris\/\"  data-item_title=\"Le Regroupement des Commer\u00e7ants \u00c9lectroniques du Qu\u00e9bec s\u2019envole pour Paris!\"  data-item_date=\"2015-05-28T00:10:18-04:00\"  data-engine=\"WordPress\"  data-plugin_v=\"2.6.54\"  data-prx=\"https:\/\/isarta.com\/infos\/wp-admin\/admin-ajax.php?action=likebtn_prx\"  data-event_handler=\"likebtn_eh\" ><\/span><!-- LikeBtn.com END --><hr size=\"3\"><\/div>","protected":false},"author":23,"featured_media":0,"comment_status":"open","ping_status":"open","sticky":false,"template":"","format":"standard","meta":[],"categories":[117],"tags":[1176],"_links":{"self":[{"href":"https:\/\/isarta.com\/infos\/wp-json\/wp\/v2\/posts\/18898"}],"collection":[{"href":"https:\/\/isarta.com\/infos\/wp-json\/wp\/v2\/posts"}],"about":[{"href":"https:\/\/isarta.com\/infos\/wp-json\/wp\/v2\/types\/post"}],"author":[{"embeddable":true,"href":"https:\/\/isarta.com\/infos\/wp-json\/wp\/v2\/users\/23"}],"replies":[{"embeddable":true,"href":"https:\/\/isarta.com\/infos\/wp-json\/wp\/v2\/comments?post=18898"}],"version-history":[{"count":1,"href":"https:\/\/isarta.com\/infos\/wp-json\/wp\/v2\/posts\/18898\/revisions"}],"predecessor-version":[{"id":18900,"href":"https:\/\/isarta.com\/infos\/wp-json\/wp\/v2\/posts\/18898\/revisions\/18900"}],"wp:attachment":[{"href":"https:\/\/isarta.com\/infos\/wp-json\/wp\/v2\/media?parent=18898"}],"wp:term":[{"taxonomy":"category","embeddable":true,"href":"https:\/\/isarta.com\/infos\/wp-json\/wp\/v2\/categories?post=18898"},{"taxonomy":"post_tag","embeddable":true,"href":"https:\/\/isarta.com\/infos\/wp-json\/wp\/v2\/tags?post=18898"}],"curies":[{"name":"wp","href":"https:\/\/api.w.org\/{rel}","templated":true}]}}