{"id":19118,"date":"2015-05-29T00:28:16","date_gmt":"2015-05-29T04:28:16","guid":{"rendered":"http:\/\/isarta.com\/infos\/?p=19118"},"modified":"2015-05-29T10:31:46","modified_gmt":"2015-05-29T14:31:46","slug":"prix-imagein-2015-reitmans-est-couronne-grand-gagnant-et-vero-magazine-remporte-le-choix-des-jeunes","status":"publish","type":"post","link":"https:\/\/isarta.com\/infos\/prix-imagein-2015-reitmans-est-couronne-grand-gagnant-et-vero-magazine-remporte-le-choix-des-jeunes\/","title":{"rendered":"Prix IMAGE\/in 2015 : Reitmans est couronn\u00e9 Grand Gagnant et V\u00e9ro Magazine remporte le Choix des jeunes"},"content":{"rendered":"<p class=\"p1\"><a href=\"http:\/\/isarta.com\/infos\/wp-content\/uploads\/2015\/05\/photo-officielle.png\"><img loading=\"lazy\" class=\"aligncenter wp-image-19138 \" src=\"http:\/\/isarta.com\/infos\/wp-content\/uploads\/2015\/05\/photo-officielle.png\" alt=\"photo officielle\" width=\"435\" height=\"294\" \/><\/a><\/p>\n<p class=\"p1\"><strong><span class=\"s1\" style=\"color: #000080;\">Le 29 mai 2015 &#8211;<\/span><\/strong><span class=\"s1\">\u00a0<strong><span style=\"color: #000080;\">L\u2019organisme <a href=\"http:\/\/www.equilibre.ca\/\">\u00c9quiLibre<\/a> est fier d\u2019annoncer que <a href=\"http:\/\/www.reitmans.com\/\">Reitmans<\/a> a \u00e9t\u00e9 couronn\u00e9 Grand Gagnant du Prix IMAGE\/in 2015 suite au vote de 6\u00a0400 Qu\u00e9b\u00e9cois. <\/span><\/strong><\/span><\/p>\n<p class=\"p1\"><span class=\"s1\">Auparavant r\u00e9serv\u00e9 aux jeunes, le vote a \u00e9t\u00e9 ouvert \u00e0 toute la population cette ann\u00e9e afin de souligner le 5<\/span><span class=\"s2\"><sup>e<\/sup><\/span><span class=\"s1\"> anniversaire du prix et d\u2019encourager une large mobilisation pour remettre en question le mod\u00e8le unique de beaut\u00e9. <\/span><\/p>\n<p class=\"p1\"><span class=\"s1\">Pour sa part, <a href=\"http:\/\/www.veroniquecloutier.com\/\">V\u00e9ro Magazine<\/a> a obtenu la faveur des adolescents en recevant la mention le Choix des jeunes, alors que <a href=\"http:\/\/www.tonpetitlook.com\/fr\">Ton Petit Look<\/a> et <a href=\"http:\/\/www.tplmoms.com\/\">TPL Moms<\/a> sont le Coup de c\u0153ur du jury. Les trois entreprises gagnantes comptaient parmi les cinq finalistes ayant \u00e9t\u00e9 s\u00e9lectionn\u00e9s par un <a href=\"http:\/\/equilibre.ca\/documents\/files\/membres-du-jury-edition-2015.pdf\"><span class=\"s3\">jury<\/span><\/a> compos\u00e9 de jeunes et de repr\u00e9sentants de l\u2019industrie de l\u2019image.<\/span><\/p>\n<blockquote>\n<p class=\"p1\"><span class=\"s1\" style=\"font-size: 12pt;\">Gagner le Prix IMAGE\/in pour Reitmans est une reconnaissance pour la marque et sa philosophie, soit que le style vient en tailles 2 \u00e0 22. C\u2019est la rel\u00e8ve qui nous a mis en nomination, ce qui signifie que cette g\u00e9n\u00e9ration est plus que jamais sensibilis\u00e9e aux standards non r\u00e9alistes de l\u2019industrie. La beaut\u00e9 de la femme ne se limite pas \u00e0 un chiffre, ni \u00e0 une tendance, ni \u00e0 un \u00e2ge sp\u00e9cifique, mais \u00e0 un \u00e9tat d\u2019esprit, un bien-\u00eatre, un \u00e9panouissement dans ce qu\u2019on fait. Reitmans est fi\u00e8re d\u2019accompagner la femme et de lui offrir une option actuelle qui pourra correspondre \u00e0 ses standards \u00e0 elle, et non aux standards de l\u2019industrie \u00bb, s\u2019exclame Caroline Pilon, Chef Marketing chez Reitmans. <\/span><\/p>\n<\/blockquote>\n<p class=\"p1\"><span class=\"s1\">Le d\u00e9taillant de mode \u00e9tait en lice pour sa philosophie d\u2019entreprise en faveur d\u2019une repr\u00e9sentation saine et diversifi\u00e9e du corps et ses efforts afin de pr\u00e9senter les femmes de toutes les silhouettes dans ses publicit\u00e9s. La nomination du magazine V\u00e9ro soulignait quant \u00e0 elle son souci de pr\u00e9senter dans ses pages une belle diversit\u00e9 de silhouettes, de remettre en question le culte de l\u2019apparence et de participer \u00e0 l\u2019\u00e9volution des normes sociales de beaut\u00e9 depuis sa cr\u00e9ation. <\/span><\/p>\n<blockquote>\n<p class=\"p1\"><span class=\"s1\" style=\"font-size: 12pt;\">Remporter le Choix des jeunes est tr\u00e8s important pour nous, et pour les femmes qui nous lisent. Nous avons toutes besoin de mod\u00e8les qui expriment fi\u00e8rement leur beaut\u00e9 et qui misent sur leur personnalit\u00e9 unique. Toute l\u2019\u00e9quipe du magazine V\u00e9ro est honor\u00e9e de pouvoir c\u00e9l\u00e9brer la f\u00e9minit\u00e9 dans toute sa diversit\u00e9! \u00bb, affirme Sylvie Poirier, directrice de marque pour V\u00e9ro Magazine. <\/span><\/p>\n<\/blockquote>\n<p class=\"p1\"><span class=\"s1\">Finalement, le jury compos\u00e9 de jeunes et de repr\u00e9sentants de l\u2019industrie de l\u2019image a choisi de d\u00e9cerner cette ann\u00e9e son Coup de c\u0153ur aux blogues Ton Petit Look et TPL Moms pour leurs multiples textes en faveur de la diversit\u00e9 corporelle et de l\u2019acceptation de soi.<\/span><\/p>\n<p class=\"p2\"><span class=\"s1\">Du 16 mars au 26 avril 2015, des milliers de jeunes et d\u2019adultes (de 11 \u00e0 85 ans!) se sont prononc\u00e9s en faveur de la diversit\u00e9 corporelle en votant pour leur finaliste pr\u00e9f\u00e9r\u00e9. En plus d\u2019inclure une vaste mobilisation des \u00e9coles secondaires, des organismes communautaires et du r\u00e9seau de la sant\u00e9, l\u2019\u00e9dition 2015 du Prix IMAGE\/in \u00e9tait marqu\u00e9e par une <a href=\"http:\/\/www.equilibre.ca\/prix2015\"><span class=\"s3\">strat\u00e9gie publicitaire et m\u00e9diatique percutante<\/span><\/a>. <\/span><\/p>\n<blockquote>\n<p class=\"p2\"><span style=\"font-size: 12pt;\"><span class=\"s1\">En s\u2019associant \u00e0 de gros joueurs comme l\u2019agence Imago, TVA Publications et TC imprimeries transcontinental pour le d\u00e9veloppement et la diffusion de la campagne de cette ann\u00e9e, on peut s\u2019attendre \u00e0 ce que le 5<\/span><span class=\"s2\"><sup>e<\/sup><\/span><span class=\"s1\"> anniversaire du Prix IMAGE\/in ait laiss\u00e9 une trace dans l\u2019\u00e9volution des normes sociales de beaut\u00e9 au Qu\u00e9bec \u00bb affirme avec fiert\u00e9 la directrice g\u00e9n\u00e9rale d\u2019\u00c9quiLibre, Fannie Dagenais.<\/span><\/span><\/p>\n<\/blockquote>\n<p class=\"p2\"><span class=\"s1\">C\u2019est le 28 mai en soir\u00e9e qu\u2019a eu lieu la remise du Prix IMAGE\/in 2015 \u00e0 l\u2019Espace R\u00e9union. En plus d\u2019annoncer les gagnants 2015, \u00c9quiLibre en a profit\u00e9 pour souligner le 5e anniversaire du prix en mettant \u00e0 l\u2019honneur tous les finalistes des \u00e9ditions ant\u00e9rieures. En effet, des affiches g\u00e9antes rappelant les entreprises laur\u00e9ates et finalistes depuis 2011 d\u00e9coraient la salle. <\/span><\/p>\n<p class=\"p2\"><span class=\"s1\">La c\u00e9r\u00e9monie de remise des prix a \u00e9t\u00e9 coanim\u00e9e par l\u2019animatrice Marie-Claude Savard, pr\u00e9sidente du jury, et l\u2019animateur et chroniqueur Nicolas Ouellet, qui avaient tous deux particip\u00e9 \u00e0 la <a href=\"http:\/\/www.votezpourleprix.ca\/\"><span class=\"s3\">vid\u00e9o de pr\u00e9sentation des finalistes 2015<\/span><\/a>. Un divertissant spectacle de danse mettant en vedette 10 jeunes a ouvert la c\u00e9r\u00e9monie, suivi d\u2019allocutions touchantes par quelques jeunes de la troupe.<\/span><\/p>\n<p class=\"p2\"><span style=\"color: #000080;\"><b>Prix IMAGE\/in 2016<\/b><\/span><\/p>\n<p class=\"p2\"><span class=\"s1\">Les jeunes et les adultes peuvent d\u00e8s aujourd\u2019hui soumettre une initiative en faveur de la diversit\u00e9 corporelle pour la prochaine \u00e9dition du Prix IMAGE\/in en se rendant sur le site<a href=\"http:\/\/www.equilibre.ca\/prix\"><span class=\"s3\"> equilibre.ca\/prix<\/span><\/a>. Les entreprises peuvent aussi soumettre leur propre candidature.<\/span><\/p>\n<p class=\"p2\"><span class=\"s1\" style=\"color: #000080;\"><b>\u00c0 propos d\u2019\u00c9quiLibre<\/b><\/span><\/p>\n<p class=\"p2\"><span class=\"s1\"><a href=\"http:\/\/www.equilibre.ca\/\">\u00c9quiLibre<\/a> est un organisme \u00e0 but non lucratif dont la mission est de pr\u00e9venir et de diminuer les probl\u00e8mes li\u00e9s au poids et \u00e0 l\u2019image corporelle, gr\u00e2ce \u00e0 des programmes et \u00e0 des campagnes de sensibilisation dans les \u00e9coles, le r\u00e9seau de la sant\u00e9, les milieux de travail et communautaires. \u00c9quiLibre \u0153uvre \u00e9galement en faveur d\u2019une repr\u00e9sentation saine et diversifi\u00e9e du corps dans le monde de la mode, des m\u00e9dias et de la publicit\u00e9. (<a href=\"http:\/\/www.twitter.com\/groupeequilibre\"><span class=\"s3\">@GroupeEquiLibre<\/span><\/a>)<\/span><\/p>\n<p class=\"p2\"><span class=\"s1\">Le Prix IMAGE\/in 2015 est une initiative d\u2019\u00c9quiLibre rendue possible gr\u00e2ce au soutien et \u00e0 l\u2019appui financier de <a href=\"http:\/\/www.quebecenforme.org\/\"><span class=\"s3\">Qu\u00e9bec en Forme<\/span><\/a>. Le Secr\u00e9tariat \u00e0 la condition f\u00e9minine du Qu\u00e9bec a \u00e9galement contribu\u00e9 \u00e0 la r\u00e9alisation de l\u2019\u00e9v\u00e9nement de remise du prix 2015.<\/span><\/p>\n<p class=\"p1\"><em><span class=\"s1\">Sur la photo, de gauche \u00e0 droite\u00a0: <b>Marie-Claude Savard<\/b>, animatrice t\u00e9l\u00e9 et pr\u00e9sidente du jury du Prix IMAGE\/in,\u00a0<b>Caroline Pilon<\/b>, chef marketing, Reitmans, Grand Gagnant du Prix IMAGE\/in 2015 et\u00a0<b>Fannie Dagenais<\/b>, directrice g\u00e9n\u00e9rale, \u00c9quiLibre. (Cr\u00e9dit\u00a0: <a href=\"http:\/\/zelie.ca\/\"><span class=\"s2\">zelie.ca<\/span><\/a>).<\/span><\/em><\/p>\n<p class=\"p2\">\n<div class=\"brdr2\"><\/div>\n<p class=\"p1\">\n<div class=\"likebtn_container\" style=\"clear:both;text-align:center;\"><!-- LikeBtn.com BEGIN --><span class=\"likebtn-wrapper\"  data-identifier=\"post_19118\"  data-site_id=\"5cc1ecd16fd08b776710d1e9\"  data-theme=\"drop\"  data-btn_size=\"100\"  data-icon_l=\"false\"  data-icon_d=\"false\"  data-icon_l_url=\"https:\/\/isarta.com\/infos\/wp-content\/uploads\/2019\/04\/happy.png#64794\"  data-icon_d_url=\"https:\/\/isarta.com\/infos\/wp-content\/uploads\/2019\/04\/sleep.png#64796\"  data-icon_size=\"58\"  data-icon_l_c=\"#771414\"  data-bg_c=\"#ffffff\"  data-bg_c_v=\"#ffffff\"  data-brdr_c=\"#ffffff\"  data-f_size=\"11\"  data-f_family=\"Tahoma\"  data-counter_fs=\"b\"  data-lang=\"fr\"  data-ef_voting=\"wobble\"  data-dislike_enabled=\"false\"  data-counter_type=\"percent\"  data-counter_show=\"false\"  data-tooltip_enabled=\"false\"  data-tooltip_like_show_always=\"true\"  data-white_label=\"true\"  data-i18n_like=\"Aimer \/ Partager\"  data-i18n_dislike=\"Pas aim\u00e9\"  data-style=\"\"  data-unlike_allowed=\"\"  data-show_copyright=\"\"  data-item_url=\"https:\/\/isarta.com\/infos\/prix-imagein-2015-reitmans-est-couronne-grand-gagnant-et-vero-magazine-remporte-le-choix-des-jeunes\/\"  data-item_title=\"Prix IMAGE\/in 2015 : Reitmans est couronn\u00e9 Grand Gagnant et V\u00e9ro Magazine remporte le Choix des jeunes\"  data-item_date=\"2015-05-29T00:28:16-04:00\"  data-engine=\"WordPress\"  data-plugin_v=\"2.6.54\"  data-prx=\"https:\/\/isarta.com\/infos\/wp-admin\/admin-ajax.php?action=likebtn_prx\"  data-event_handler=\"likebtn_eh\" ><\/span><!-- LikeBtn.com END --><\/p>\n<hr size=\"3\"><\/div>\n","protected":false},"excerpt":{"rendered":"<p>L\u2019organisme \u00c9quiLibre est fier d\u2019annoncer que Reitmans a \u00e9t\u00e9 couronn\u00e9 Grand Gagnant du Prix IMAGE\/in 2015 suite au vote de 6 400 Qu\u00e9b\u00e9cois.<\/p>\n<div class=\"likebtn_container\" style=\"clear:both;text-align:center;\"><!-- LikeBtn.com BEGIN --><span class=\"likebtn-wrapper\"  data-identifier=\"post_19118\"  data-site_id=\"5cc1ecd16fd08b776710d1e9\"  data-theme=\"drop\"  data-btn_size=\"100\"  data-icon_l=\"false\"  data-icon_d=\"false\"  data-icon_l_url=\"https:\/\/isarta.com\/infos\/wp-content\/uploads\/2019\/04\/happy.png#64794\"  data-icon_d_url=\"https:\/\/isarta.com\/infos\/wp-content\/uploads\/2019\/04\/sleep.png#64796\"  data-icon_size=\"58\"  data-icon_l_c=\"#771414\"  data-bg_c=\"#ffffff\"  data-bg_c_v=\"#ffffff\"  data-brdr_c=\"#ffffff\"  data-f_size=\"11\"  data-f_family=\"Tahoma\"  data-counter_fs=\"b\"  data-lang=\"fr\"  data-ef_voting=\"wobble\"  data-dislike_enabled=\"false\"  data-counter_type=\"percent\"  data-counter_show=\"false\"  data-tooltip_enabled=\"false\"  data-tooltip_like_show_always=\"true\"  data-white_label=\"true\"  data-i18n_like=\"Aimer \/ Partager\"  data-i18n_dislike=\"Pas aim\u00e9\"  data-style=\"\"  data-unlike_allowed=\"\"  data-show_copyright=\"\"  data-item_url=\"https:\/\/isarta.com\/infos\/prix-imagein-2015-reitmans-est-couronne-grand-gagnant-et-vero-magazine-remporte-le-choix-des-jeunes\/\"  data-item_title=\"Prix IMAGE\/in 2015 : Reitmans est couronn\u00e9 Grand Gagnant et V\u00e9ro Magazine remporte le Choix des jeunes\"  data-item_date=\"2015-05-29T00:28:16-04:00\"  data-engine=\"WordPress\"  data-plugin_v=\"2.6.54\"  data-prx=\"https:\/\/isarta.com\/infos\/wp-admin\/admin-ajax.php?action=likebtn_prx\"  data-event_handler=\"likebtn_eh\" ><\/span><!-- LikeBtn.com END --><hr size=\"3\"><\/div>","protected":false},"author":23,"featured_media":0,"comment_status":"open","ping_status":"open","sticky":false,"template":"","format":"standard","meta":[],"categories":[117],"tags":[1176],"_links":{"self":[{"href":"https:\/\/isarta.com\/infos\/wp-json\/wp\/v2\/posts\/19118"}],"collection":[{"href":"https:\/\/isarta.com\/infos\/wp-json\/wp\/v2\/posts"}],"about":[{"href":"https:\/\/isarta.com\/infos\/wp-json\/wp\/v2\/types\/post"}],"author":[{"embeddable":true,"href":"https:\/\/isarta.com\/infos\/wp-json\/wp\/v2\/users\/23"}],"replies":[{"embeddable":true,"href":"https:\/\/isarta.com\/infos\/wp-json\/wp\/v2\/comments?post=19118"}],"version-history":[{"count":5,"href":"https:\/\/isarta.com\/infos\/wp-json\/wp\/v2\/posts\/19118\/revisions"}],"predecessor-version":[{"id":19141,"href":"https:\/\/isarta.com\/infos\/wp-json\/wp\/v2\/posts\/19118\/revisions\/19141"}],"wp:attachment":[{"href":"https:\/\/isarta.com\/infos\/wp-json\/wp\/v2\/media?parent=19118"}],"wp:term":[{"taxonomy":"category","embeddable":true,"href":"https:\/\/isarta.com\/infos\/wp-json\/wp\/v2\/categories?post=19118"},{"taxonomy":"post_tag","embeddable":true,"href":"https:\/\/isarta.com\/infos\/wp-json\/wp\/v2\/tags?post=19118"}],"curies":[{"name":"wp","href":"https:\/\/api.w.org\/{rel}","templated":true}]}}