{"id":22338,"date":"2015-09-10T03:05:41","date_gmt":"2015-09-10T07:05:41","guid":{"rendered":"http:\/\/isarta.com\/infos\/?p=22338"},"modified":"2015-09-10T08:06:20","modified_gmt":"2015-09-10T12:06:20","slug":"mark-finney-se-joint-a-bell-media-a-titre-de-vice-president-ventes-strategiques","status":"publish","type":"post","link":"https:\/\/isarta.com\/infos\/mark-finney-se-joint-a-bell-media-a-titre-de-vice-president-ventes-strategiques\/","title":{"rendered":"Mark Finney se joint \u00e0 Bell M\u00e9dia \u00e0 titre de vice-pr\u00e9sident, Ventes strat\u00e9giques"},"content":{"rendered":"<p class=\"p1\"><strong><span class=\"s1\" style=\"color: #000080;\"><a href=\"http:\/\/isarta.com\/infos\/wp-content\/uploads\/2015\/09\/mark-finney.jpg\"><img loading=\"lazy\" class=\"alignleft wp-image-22339 \" src=\"http:\/\/isarta.com\/infos\/wp-content\/uploads\/2015\/09\/mark-finney.jpg\" alt=\"mark-finney\" width=\"194\" height=\"194\" \/><\/a>Le 9 septembre 2015 &#8211; Stuart Garvie, pr\u00e9sident, Ventes m\u00e9dias, <a href=\"http:\/\/www.bellmedia.ca\/\">Bell M\u00e9dia<\/a>, a annonc\u00e9 aujourd&rsquo;hui la nomination de Mark Finney au nouveau poste de vice-pr\u00e9sident, Ventes strat\u00e9giques, avec prise d&rsquo;effet imm\u00e9diate.<\/span><\/strong><\/p>\n<p class=\"p1\"><span class=\"s1\">Relevant de Stuart Garvie, Mark Finney supervisera toutes les \u00e9quipes de langues fran\u00e7aise et anglaise du Marketing des ventes, des Partenariats de marque et du\u00a0Mix de Bell M\u00e9dia, r\u00e9unissant pour la premi\u00e8re fois ces services en un groupe sous la direction d&rsquo;un seul leader. <\/span><\/p>\n<p class=\"p1\"><span class=\"s1\">Il travaillera avec l&rsquo;\u00e9quipe des ventes de Bell M\u00e9dia afin d&rsquo;\u00e9laborer et de mettre en \u0153uvre une approche cibl\u00e9e et exhaustive visant \u00e0 mieux servir les clients et les partenaires, tout en misant sur le portefeuille de marques de premier plan de Bell M\u00e9dia dans les secteurs de la t\u00e9l\u00e9vision, de la radio, de l&rsquo;affichage ext\u00e9rieur et du num\u00e9rique, et en assurant leur vente crois\u00e9e.<\/span><\/p>\n<blockquote>\n<p class=\"p1\"><span class=\"s1\" style=\"font-size: 12pt;\">Je suis tr\u00e8s heureux d&rsquo;accueillir Mark dans notre \u00e9quipe et je suis emball\u00e9 que Bell M\u00e9dia puisse profiter de sa formidable exp\u00e9rience internationale en vente m\u00e9dia. \u00c0 une p\u00e9riode de profonds changements dans l&rsquo;industrie, le parcours remarquable de Mark ainsi que sa vision strat\u00e9gique nous permettront d&rsquo;adopter une nouvelle approche en mati\u00e8re de service \u00e0 nos clients et d&rsquo;optimiser les possibilit\u00e9s que nous offrons \u00e0 ceux-ci\u00bb, a d\u00e9clar\u00e9 Stuart Garvie.<\/span><\/p>\n<\/blockquote>\n<p class=\"p1\">Tout au long de sa carri\u00e8re de 20 ans, Mark Finney a acquis une solide exp\u00e9rience en ventes et en strat\u00e9gie d&rsquo;entreprise au sein de plusieurs organisations de presse de renomm\u00e9e internationale, notamment<i> The Guardian<\/i> et, plus r\u00e9cemment, Star Media Group, qui poss\u00e8de <i>Metro<\/i> et <i>The Toronto Star<\/i>.<\/p>\n<blockquote>\n<p class=\"p1\"><span class=\"s1\"><span style=\"font-size: 12pt;\">C&rsquo;est un honneur de me joindre \u00e0 la premi\u00e8re entreprise canadienne de services multim\u00e9dias. Le secteur des m\u00e9dias est une industrie complexe et fascinante, et je suis emball\u00e9 \u00e0 l&rsquo;id\u00e9e de travailler avec Stuart et son \u00e9quipe afin d&rsquo;affiner notre approche tout en \u00e9laborant un processus collaboratif avec nos clients dans le but d&rsquo;identifier des occasions cibl\u00e9es pouvant \u00eatre exploit\u00e9es de fa\u00e7on naturelle \u00e0 l&rsquo;\u00e9chelle des diff\u00e9rentes marques et plateformes\u00bb, a d\u00e9clar\u00e9 Mark Finney.<\/span>\u00a0<\/span><\/p>\n<\/blockquote>\n<p class=\"p1\"><span class=\"s1\">Dans le cadre de ses fonctions, Mark Finney travaillera aux bureaux du 50,\u00a0Eglinton Avenue \u00e0 Toronto et il soutiendra Anouk Bourassa, directrice g\u00e9n\u00e9rale, Cr\u00e9ativit\u00e9 m\u00e9dia (Qu\u00e9bec), Dave Caporicci, directeur g\u00e9n\u00e9ral, Partenariats de marque, Nathalie Dor\u00e9 et Lucy Collin, vice-pr\u00e9sidentes, Marketing et innovation \u00a0&#8211;\u00a0 ventes int\u00e9gr\u00e9es, pour le Qu\u00e9bec et le Canada anglais, respectivement, ainsi que Michelle LaBarre et Debbie Drutz, vice-pr\u00e9sidentes, Bell M\u00e9dia Mix, pour le Qu\u00e9bec et le Canada anglais, respectivement.<\/span><\/p>\n<p class=\"p1\"><span class=\"s1\">Mark Finney a amorc\u00e9 sa carri\u00e8re chez Express Newspapers au Royaume-Uni en 1993 avant de se joindre au journal de renomm\u00e9e mondiale <i>The Guardian<\/i> en 1997, o\u00f9 il a occup\u00e9 plusieurs postes cl\u00e9s, dont celui de directeur des ventes. \u00c0 ce poste, il a aid\u00e9 \u00e0 cr\u00e9er et \u00e0 diriger des tourn\u00e9es de pr\u00e9sentation auxquelles ont assist\u00e9 plus de 3\u00a0000\u00a0personnes, il a formul\u00e9 et mis en \u0153uvre une strat\u00e9gie de vente exhaustive qui a entra\u00een\u00e9 une augmentation rapide des revenus globaux, et il a dirig\u00e9 l&rsquo;\u00e9quipe qui faisait partie des finalistes pour les Campaign Awards, les IPA Awards et le prix Sales Team of the Year des Media Week\u00a0Awards en 2013. <\/span><\/p>\n<p class=\"p1\"><span class=\"s1\">Il a \u00e9t\u00e9 conf\u00e9rencier dans le cadre des festivals de publicit\u00e9 Lions de Cannes et Lynx de Dubai, ainsi que lor! s de nombreux autres \u00e9v\u00e9nements internationaux. Plus r\u00e9cemment, il a occup\u00e9 le poste de vice-pr\u00e9sident, Bureau de l&rsquo;\u00e9diteur au sein du Star Media Group, o\u00f9 il supervisait la strat\u00e9gie globale d&rsquo;entreprise du groupe.<\/span><\/p>\n<p class=\"p1\"><span class=\"s1\" style=\"color: #000080;\"><b>\u00c0 propos de Bell M\u00e9dia<\/b><\/span><span class=\"s2\"><b><br \/>\n<\/b><\/span><span class=\"s1\">Avec passion et un engagement sans faille envers l&rsquo;excellence, <a href=\"http:\/\/www.bellmedia.ca\/\">Bell M\u00e9dia<\/a> cr\u00e9e des contenus et b\u00e2tit des marques qui divertissent, informent, rallient et inspirent les auditoires sur les plateformes de leur choix. Premi\u00e8re entreprise canadienne de services multim\u00e9dias, Bell M\u00e9dia poss\u00e8de des actifs dans les secteurs de la t\u00e9l\u00e9vision, de la radio, de l&rsquo;affichage et des m\u00e9dias num\u00e9riques. Bell M\u00e9dia d\u00e9tient 30\u00a0cha\u00eenes de t\u00e9l\u00e9vision locales, dont CTV, premier r\u00e9seau de t\u00e9l\u00e9vision du Canada, 34\u00a0cha\u00eenes sp\u00e9cialis\u00e9es, dont RDS et TSN, les cha\u00eenes sp\u00e9cialis\u00e9es les plus regard\u00e9es au Canada en anglais et en fran\u00e7ais, et quatre services de t\u00e9l\u00e9vision payante, y compris Super \u00c9cran et The Movie Network. Bell M\u00e9dia e! st \u00e9galement le plus grand radiodiffuseur au pays, avec 106\u00a0stations de radio autoris\u00e9es dans 54\u00a0march\u00e9s \u00e0 l&rsquo;\u00e9chelle du Canada. Bell M\u00e9dia d\u00e9tient Astral Affichage, l&rsquo;une des entreprises d&rsquo;affichage les plus dynamiques et les plus novatrices du Canada, avec un r\u00e9seau de plus 10\u00a0500\u00a0faces publicitaires en Colombie-Britannique, en Alberta, en Ontario, au Qu\u00e9bec et en Nouvelle-\u00c9cosse. Bell M\u00e9dia exploite aussi plus de 200\u00a0sites Web, offre le service La T\u00e9l\u00e9 Partout via son service de vid\u00e9o en continu sur demande par abonnement de choix CraveTV et ses services novateurs de diffusion vid\u00e9o en continu GO, dont Super \u00c9cran GO, RDS GO et CTV GO, d\u00e9tient une participation dans la jeune entreprise num\u00e9rique Hubub, est partenaire de Cirque du Soleil M\u00e9dia, une coentreprise avec le Cirque du Soleil, et poss\u00e8de Dome Productions Inc., une entreprise de production multiplateforme. Bell M\u00e9dia est d\u00e9tenue par BCE Inc. (TSX, NYSE\u00a0: BCE), la plus grande entreprise de communications du Canada.\u00a0<\/span><\/p>\n<p class=\"p1\">\n<div class=\"brdr2\"><\/div>\n<div class=\"likebtn_container\" style=\"clear:both;text-align:center;\"><!-- LikeBtn.com BEGIN --><span class=\"likebtn-wrapper\"  data-identifier=\"post_22338\"  data-site_id=\"5cc1ecd16fd08b776710d1e9\"  data-theme=\"drop\"  data-btn_size=\"100\"  data-icon_l=\"false\"  data-icon_d=\"false\"  data-icon_l_url=\"https:\/\/isarta.com\/infos\/wp-content\/uploads\/2019\/04\/happy.png#64794\"  data-icon_d_url=\"https:\/\/isarta.com\/infos\/wp-content\/uploads\/2019\/04\/sleep.png#64796\"  data-icon_size=\"58\"  data-icon_l_c=\"#771414\"  data-bg_c=\"#ffffff\"  data-bg_c_v=\"#ffffff\"  data-brdr_c=\"#ffffff\"  data-f_size=\"11\"  data-f_family=\"Tahoma\"  data-counter_fs=\"b\"  data-lang=\"fr\"  data-ef_voting=\"wobble\"  data-dislike_enabled=\"false\"  data-counter_type=\"percent\"  data-counter_show=\"false\"  data-tooltip_enabled=\"false\"  data-tooltip_like_show_always=\"true\"  data-white_label=\"true\"  data-i18n_like=\"Aimer \/ Partager\"  data-i18n_dislike=\"Pas aim\u00e9\"  data-style=\"\"  data-unlike_allowed=\"\"  data-show_copyright=\"\"  data-item_url=\"https:\/\/isarta.com\/infos\/mark-finney-se-joint-a-bell-media-a-titre-de-vice-president-ventes-strategiques\/\"  data-item_title=\"Mark Finney se joint \u00e0 Bell M\u00e9dia \u00e0 titre de vice-pr\u00e9sident, Ventes strat\u00e9giques\"  data-item_date=\"2015-09-10T03:05:41-04:00\"  data-engine=\"WordPress\"  data-plugin_v=\"2.6.54\"  data-prx=\"https:\/\/isarta.com\/infos\/wp-admin\/admin-ajax.php?action=likebtn_prx\"  data-event_handler=\"likebtn_eh\" ><\/span><!-- LikeBtn.com END --><\/p>\n<hr size=\"3\"><\/div>\n","protected":false},"excerpt":{"rendered":"<p>Stuart Garvie, pr\u00e9sident, Ventes m\u00e9dias, Bell M\u00e9dia, a annonc\u00e9 aujourd&rsquo;hui la nomination de Mark Finney au nouveau poste de vice-pr\u00e9sident, Ventes strat\u00e9giques.<\/p>\n<div class=\"likebtn_container\" style=\"clear:both;text-align:center;\"><!-- LikeBtn.com BEGIN --><span class=\"likebtn-wrapper\"  data-identifier=\"post_22338\"  data-site_id=\"5cc1ecd16fd08b776710d1e9\"  data-theme=\"drop\"  data-btn_size=\"100\"  data-icon_l=\"false\"  data-icon_d=\"false\"  data-icon_l_url=\"https:\/\/isarta.com\/infos\/wp-content\/uploads\/2019\/04\/happy.png#64794\"  data-icon_d_url=\"https:\/\/isarta.com\/infos\/wp-content\/uploads\/2019\/04\/sleep.png#64796\"  data-icon_size=\"58\"  data-icon_l_c=\"#771414\"  data-bg_c=\"#ffffff\"  data-bg_c_v=\"#ffffff\"  data-brdr_c=\"#ffffff\"  data-f_size=\"11\"  data-f_family=\"Tahoma\"  data-counter_fs=\"b\"  data-lang=\"fr\"  data-ef_voting=\"wobble\"  data-dislike_enabled=\"false\"  data-counter_type=\"percent\"  data-counter_show=\"false\"  data-tooltip_enabled=\"false\"  data-tooltip_like_show_always=\"true\"  data-white_label=\"true\"  data-i18n_like=\"Aimer \/ Partager\"  data-i18n_dislike=\"Pas aim\u00e9\"  data-style=\"\"  data-unlike_allowed=\"\"  data-show_copyright=\"\"  data-item_url=\"https:\/\/isarta.com\/infos\/mark-finney-se-joint-a-bell-media-a-titre-de-vice-president-ventes-strategiques\/\"  data-item_title=\"Mark Finney se joint \u00e0 Bell M\u00e9dia \u00e0 titre de vice-pr\u00e9sident, Ventes strat\u00e9giques\"  data-item_date=\"2015-09-10T03:05:41-04:00\"  data-engine=\"WordPress\"  data-plugin_v=\"2.6.54\"  data-prx=\"https:\/\/isarta.com\/infos\/wp-admin\/admin-ajax.php?action=likebtn_prx\"  data-event_handler=\"likebtn_eh\" ><\/span><!-- LikeBtn.com END --><hr size=\"3\"><\/div>","protected":false},"author":23,"featured_media":0,"comment_status":"open","ping_status":"open","sticky":false,"template":"","format":"standard","meta":[],"categories":[117],"tags":[314,1176],"_links":{"self":[{"href":"https:\/\/isarta.com\/infos\/wp-json\/wp\/v2\/posts\/22338"}],"collection":[{"href":"https:\/\/isarta.com\/infos\/wp-json\/wp\/v2\/posts"}],"about":[{"href":"https:\/\/isarta.com\/infos\/wp-json\/wp\/v2\/types\/post"}],"author":[{"embeddable":true,"href":"https:\/\/isarta.com\/infos\/wp-json\/wp\/v2\/users\/23"}],"replies":[{"embeddable":true,"href":"https:\/\/isarta.com\/infos\/wp-json\/wp\/v2\/comments?post=22338"}],"version-history":[{"count":1,"href":"https:\/\/isarta.com\/infos\/wp-json\/wp\/v2\/posts\/22338\/revisions"}],"predecessor-version":[{"id":22340,"href":"https:\/\/isarta.com\/infos\/wp-json\/wp\/v2\/posts\/22338\/revisions\/22340"}],"wp:attachment":[{"href":"https:\/\/isarta.com\/infos\/wp-json\/wp\/v2\/media?parent=22338"}],"wp:term":[{"taxonomy":"category","embeddable":true,"href":"https:\/\/isarta.com\/infos\/wp-json\/wp\/v2\/categories?post=22338"},{"taxonomy":"post_tag","embeddable":true,"href":"https:\/\/isarta.com\/infos\/wp-json\/wp\/v2\/tags?post=22338"}],"curies":[{"name":"wp","href":"https:\/\/api.w.org\/{rel}","templated":true}]}}