{"id":22817,"date":"2015-09-23T04:55:37","date_gmt":"2015-09-23T08:55:37","guid":{"rendered":"http:\/\/isarta.com\/infos\/?p=22817"},"modified":"2015-09-23T11:02:54","modified_gmt":"2015-09-23T15:02:54","slug":"batir-sa-marque-employeur-un-defi-rh-et-marketing","status":"publish","type":"post","link":"https:\/\/isarta.com\/infos\/batir-sa-marque-employeur-un-defi-rh-et-marketing\/","title":{"rendered":"B\u00e2tir sa marque-employeur: un d\u00e9fi RH et marketing"},"content":{"rendered":"<p><a href=\"http:\/\/isarta.com\/infos\/wp-content\/uploads\/2015\/09\/Marque-Employeur_Fotolia_84475014_S.jpg\"><img loading=\"lazy\" class=\"aligncenter wp-image-22818 \" src=\"http:\/\/isarta.com\/infos\/wp-content\/uploads\/2015\/09\/Marque-Employeur_Fotolia_84475014_S.jpg\" alt=\"Closeup of businessman and woman with jigsaw puzzle pieces in office\" width=\"383\" height=\"255\" \/><\/a><\/p>\n<p class=\"p1\"><span class=\"s1\" style=\"color: #000080;\"><b>Vieillissement de la population, \u00e9volution dans la fa\u00e7on d&rsquo;appr\u00e9hender son travail, transformations organisationnelles&#8230; Le contexte actuel rend le recrutement et la r\u00e9tention du personnel de plus en plus difficile pour une entreprise. Plus que jamais, la marque employeur permet \u00e0 l&rsquo;entreprise de porter haut ses valeurs et de se diff\u00e9rencier de la concurrence.<\/b><\/span><\/p>\n<p class=\"p3\"><span class=\"s1\">Les choses bougent, en mati\u00e8re de recrutement. <strong>Le concept du \u00ab<em>post and pray<\/em>\u00bb, qui consiste \u00e0 publier une offre d&#8217;emploi et \u00e0 croiser les doigts pour que des candidats se manifestent, ne peut tout simplement plus fonctionner<\/strong>. Aujourd&rsquo;hui, pour attirer de nouveaux talents, une entreprise doit se d\u00e9marquer, se positionner de fa\u00e7on authentique et attrayante, bref: donner envie.<\/span><\/p>\n<p class=\"p3\"><span class=\"s1\" style=\"color: #000080;\"><b>La marque-employeur, une r\u00e9ponse aux d\u00e9fis des entreprises<\/b><\/span><\/p>\n<p class=\"p3\"><span class=\"s1\">La nouvelle g\u00e9n\u00e9ration d&#8217;employ\u00e9s, comme nous l&rsquo;\u00e9voquions dans <a href=\"http:\/\/isarta.com\/infos\/?p=19585\">un pr\u00e9c\u00e9dent article<\/a>, ne se contente plus de regarder le descriptif et le salaire d&rsquo;un poste. Elle s&rsquo;int\u00e9resse \u00e0 la fa\u00e7on dont elle pourra s&rsquo;\u00e9panouir tant professionnellement que personnellement au sein de l&rsquo;entreprise, ainsi qu&rsquo;aux valeurs port\u00e9es par cette derni\u00e8re. La fiert\u00e9 d&rsquo;appartenance doit faire partie du vocabulaire des organisations d&rsquo;aujourd&rsquo;hui.<\/span><\/p>\n<p class=\"p3\"><span class=\"s1\">Par ailleurs, les r\u00e9seaux sociaux ont modifi\u00e9 la fa\u00e7on dont une firme communique, \u00e0 l&rsquo;externe comme en interne. Ils influencent aussi, logiquement, la fa\u00e7on dont elle va recruter son personnel: les professionnels en ressources humaines ont donc eu \u00e0 adopter ces nouveaux outils de communication, et \u00e0 ajuster leurs messages en cons\u00e9quence. <\/span><\/p>\n<p class=\"p3\"><span class=\"s1\">Face \u00e0 ces d\u00e9fis, une r\u00e9ponse se profile: b\u00e2tir une marque employeur. <\/span><\/p>\n<p class=\"p3\"><span class=\"s1\">Selon le site <a href=\"http:\/\/sept24.com\/\">sept24.com<\/a>, <strong>83 % des leaders du recrutement reconnaissent qu&rsquo;elle a une influence significative sur la capacit\u00e9 \u00e0 recruter les meilleurs talents<\/strong>. Un chiffre suffisamment important pour r\u00e9fl\u00e9chir \u00e0 une strat\u00e9gie efficace de d\u00e9ploiement de cette marque ambassadrice de l&rsquo;entreprise.\u00a0<\/span><\/p>\n<p class=\"p3\"><span class=\"s1\" style=\"color: #000080;\"><b>Une responsabilit\u00e9 partag\u00e9e : l\u2019exemple de 2020<\/b><\/span><\/p>\n<p class=\"p3\"><span class=\"s1\">Selon <a href=\"http:\/\/fr.randstad.ca\/\">Randstad<\/a>, la marque employeur peut \u00eatre d\u00e9finie comme suit: une strat\u00e9gie de recrutement compl\u00e8te positionnant l&rsquo;entreprise de fa\u00e7on attrayante, un message d&rsquo;entreprise cibl\u00e9 pour les employ\u00e9s actuels et potentiels, une vision \u00e0 long terme. <\/span><\/p>\n<p class=\"p3\"><span class=\"s1\">Or, pour fonctionner, cette d\u00e9marche ne peut \u00eatre men\u00e9e par les seuls professionnels en ressources humaines: <strong>pour construire une marque employeur forte, authentique et juste, recruteurs et marketeurs doivent travailler de concert, de sorte que les messages soient enlign\u00e9s avec les objectifs et l&rsquo;image de la compagnie<\/strong>. <\/span><\/p>\n<p class=\"p3\"><span class=\"s1\">Cette d\u00e9marche conjointe, l&rsquo;entreprise <a href=\"https:\/\/www.linkedin.com\/company\/409864?trk=vsrp_companies_res_name&amp;trkInfo=VSRPsearchId%3A645707481442927175128%2CVSRPtargetId%3A409864%2CVSRPcmpt%3Aprimary\">2020<\/a>, chef de file mondial pour les solutions logicielles d\u00e9di\u00e9es au design d&rsquo;int\u00e9rieur, l&rsquo;a int\u00e9gr\u00e9e en juillet 2013, lorsqu&rsquo;elle a centralis\u00e9 ses efforts de recrutement international \u00e0 son si\u00e8ge social de Laval. L&rsquo;entreprise, en pleine expansion, a souhait\u00e9 \u00e9tablir une strat\u00e9gie pertinente et solide afin de recruter les ressources n\u00e9cessaires pour supporter sa croissance.<\/span><\/p>\n<p class=\"p3\"><span class=\"s1\">Ainsi que l&rsquo;explique Tara de Jonge, directrice acquisition de talents chez 2020 et forte de plus de 17 ans d\u2019exp\u00e9rience en acquisition de talents et en orientation et d\u00e9veloppement professionnel, son entreprise\u00a0a eu la bonne id\u00e9e de r\u00e9unir autour de la m\u00eame table les services marketing et RH, afin de concevoir des messages coh\u00e9rents, destin\u00e9s \u00e0 la bonne cible, en lien avec le bien-fond\u00e9 de l&rsquo;entreprise. <\/span><\/p>\n<blockquote>\n<p class=\"p3\"><span class=\"s1\" style=\"font-size: 12pt;\">Cette collaboration des deux derni\u00e8res ann\u00e9es comporte, entre autres, la cr\u00e9ation de strat\u00e9gies pour tirer parti des m\u00e9dias sociaux, dont la production d&rsquo;offres d&#8217;emploi attrayantes qui captent l&rsquo;attention de candidats potentiels. Cette strat\u00e9gie a eu pour r\u00e9sultat d\u2019augmenter de plus de 400% le nombre d\u2019internautes qui suivent l\u2019entreprise sur LinkedIn!\u00bb, d\u00e9clare-t-elle.<\/span><\/p>\n<\/blockquote>\n<p class=\"p3\"><strong><span class=\"s1\">\u00c0 la question de savoir qui, des professionnels en recrutement ou en marketing, sont responsables de l&rsquo;image de marque d&rsquo;une entreprise, la r\u00e9ponse est donc: les deux!<\/span><\/strong><\/p>\n<blockquote>\n<p class=\"p3\"><span class=\"s1\" style=\"font-size: 12pt;\">La v\u00e9rit\u00e9 est que dans cette nouvelle \u00e8re des m\u00e9dias sociaux, tout le monde dans l&rsquo;organisation est responsable d&rsquo;\u00e9laborer le message. Les ressources humaines et le marketing doivent maintenant travailler ensemble pour assurer que le message corresponde aux objectifs et \u00e0 l\u2019image de l\u2019entreprise, et qu\u2019il rejoint le bon public\u00bb, conclut Tara de Jonge.<\/span><\/p>\n<\/blockquote>\n<p class=\"p3\">[D\u00e9couvrez la page Carri\u00e8res de l&rsquo;entreprise 2020 <a href=\"http:\/\/www.2020spaces.com\/fr\/propos-de-nous\/carrieres\/\">ici<\/a>]<\/p>\n<p class=\"p3\">\n<div class=\"brdr2\"><\/div>\n<div class=\"likebtn_container\" style=\"clear:both;text-align:center;\"><!-- LikeBtn.com BEGIN --><span class=\"likebtn-wrapper\"  data-identifier=\"post_22817\"  data-site_id=\"5cc1ecd16fd08b776710d1e9\"  data-theme=\"drop\"  data-btn_size=\"100\"  data-icon_l=\"false\"  data-icon_d=\"false\"  data-icon_l_url=\"https:\/\/isarta.com\/infos\/wp-content\/uploads\/2019\/04\/happy.png#64794\"  data-icon_d_url=\"https:\/\/isarta.com\/infos\/wp-content\/uploads\/2019\/04\/sleep.png#64796\"  data-icon_size=\"58\"  data-icon_l_c=\"#771414\"  data-bg_c=\"#ffffff\"  data-bg_c_v=\"#ffffff\"  data-brdr_c=\"#ffffff\"  data-f_size=\"11\"  data-f_family=\"Tahoma\"  data-counter_fs=\"b\"  data-lang=\"fr\"  data-ef_voting=\"wobble\"  data-dislike_enabled=\"false\"  data-counter_type=\"percent\"  data-counter_show=\"false\"  data-tooltip_enabled=\"false\"  data-tooltip_like_show_always=\"true\"  data-white_label=\"true\"  data-i18n_like=\"Aimer \/ Partager\"  data-i18n_dislike=\"Pas aim\u00e9\"  data-style=\"\"  data-unlike_allowed=\"\"  data-show_copyright=\"\"  data-item_url=\"https:\/\/isarta.com\/infos\/batir-sa-marque-employeur-un-defi-rh-et-marketing\/\"  data-item_title=\"B\u00e2tir sa marque-employeur: un d\u00e9fi RH et marketing\"  data-item_date=\"2015-09-23T04:55:37-04:00\"  data-engine=\"WordPress\"  data-plugin_v=\"2.6.54\"  data-prx=\"https:\/\/isarta.com\/infos\/wp-admin\/admin-ajax.php?action=likebtn_prx\"  data-event_handler=\"likebtn_eh\" ><\/span><!-- LikeBtn.com END --><\/p>\n<hr size=\"3\"><\/div>\n","protected":false},"excerpt":{"rendered":"<p>Vieillissement de la population, \u00e9volution dans la fa\u00e7on d&rsquo;appr\u00e9hender son travail, transformations organisationnelles&#8230; Le contexte actuel rend le recrutement et la r\u00e9tention du personnel de plus en plus difficile pour une entreprise. Plus que jamais, la marque employeur permet \u00e0 l&rsquo;entreprise de porter haut ses valeurs et de se diff\u00e9rencier de la concurrence.<\/p>\n<div class=\"likebtn_container\" style=\"clear:both;text-align:center;\"><!-- LikeBtn.com BEGIN --><span class=\"likebtn-wrapper\"  data-identifier=\"post_22817\"  data-site_id=\"5cc1ecd16fd08b776710d1e9\"  data-theme=\"drop\"  data-btn_size=\"100\"  data-icon_l=\"false\"  data-icon_d=\"false\"  data-icon_l_url=\"https:\/\/isarta.com\/infos\/wp-content\/uploads\/2019\/04\/happy.png#64794\"  data-icon_d_url=\"https:\/\/isarta.com\/infos\/wp-content\/uploads\/2019\/04\/sleep.png#64796\"  data-icon_size=\"58\"  data-icon_l_c=\"#771414\"  data-bg_c=\"#ffffff\"  data-bg_c_v=\"#ffffff\"  data-brdr_c=\"#ffffff\"  data-f_size=\"11\"  data-f_family=\"Tahoma\"  data-counter_fs=\"b\"  data-lang=\"fr\"  data-ef_voting=\"wobble\"  data-dislike_enabled=\"false\"  data-counter_type=\"percent\"  data-counter_show=\"false\"  data-tooltip_enabled=\"false\"  data-tooltip_like_show_always=\"true\"  data-white_label=\"true\"  data-i18n_like=\"Aimer \/ Partager\"  data-i18n_dislike=\"Pas aim\u00e9\"  data-style=\"\"  data-unlike_allowed=\"\"  data-show_copyright=\"\"  data-item_url=\"https:\/\/isarta.com\/infos\/batir-sa-marque-employeur-un-defi-rh-et-marketing\/\"  data-item_title=\"B\u00e2tir sa marque-employeur: un d\u00e9fi RH et marketing\"  data-item_date=\"2015-09-23T04:55:37-04:00\"  data-engine=\"WordPress\"  data-plugin_v=\"2.6.54\"  data-prx=\"https:\/\/isarta.com\/infos\/wp-admin\/admin-ajax.php?action=likebtn_prx\"  data-event_handler=\"likebtn_eh\" ><\/span><!-- LikeBtn.com END --><hr size=\"3\"><\/div>","protected":false},"author":1,"featured_media":0,"comment_status":"open","ping_status":"open","sticky":false,"template":"","format":"standard","meta":[],"categories":[137,3],"tags":[314,1176,410,224,1488,1330],"_links":{"self":[{"href":"https:\/\/isarta.com\/infos\/wp-json\/wp\/v2\/posts\/22817"}],"collection":[{"href":"https:\/\/isarta.com\/infos\/wp-json\/wp\/v2\/posts"}],"about":[{"href":"https:\/\/isarta.com\/infos\/wp-json\/wp\/v2\/types\/post"}],"author":[{"embeddable":true,"href":"https:\/\/isarta.com\/infos\/wp-json\/wp\/v2\/users\/1"}],"replies":[{"embeddable":true,"href":"https:\/\/isarta.com\/infos\/wp-json\/wp\/v2\/comments?post=22817"}],"version-history":[{"count":7,"href":"https:\/\/isarta.com\/infos\/wp-json\/wp\/v2\/posts\/22817\/revisions"}],"predecessor-version":[{"id":22874,"href":"https:\/\/isarta.com\/infos\/wp-json\/wp\/v2\/posts\/22817\/revisions\/22874"}],"wp:attachment":[{"href":"https:\/\/isarta.com\/infos\/wp-json\/wp\/v2\/media?parent=22817"}],"wp:term":[{"taxonomy":"category","embeddable":true,"href":"https:\/\/isarta.com\/infos\/wp-json\/wp\/v2\/categories?post=22817"},{"taxonomy":"post_tag","embeddable":true,"href":"https:\/\/isarta.com\/infos\/wp-json\/wp\/v2\/tags?post=22817"}],"curies":[{"name":"wp","href":"https:\/\/api.w.org\/{rel}","templated":true}]}}