{"id":5860,"date":"2014-07-10T11:34:28","date_gmt":"2014-07-10T15:34:28","guid":{"rendered":"http:\/\/isarta.com\/infos\/?p=5860"},"modified":"2014-07-10T13:26:22","modified_gmt":"2014-07-10T17:26:22","slug":"les-echos-de-lindustrie-les-alouettes-de-montreal-sur-siriusxm-pour-les-deux-prochaines-annees-thomas-lecordier-retourne-chez-bcp","status":"publish","type":"post","link":"https:\/\/isarta.com\/infos\/les-echos-de-lindustrie-les-alouettes-de-montreal-sur-siriusxm-pour-les-deux-prochaines-annees-thomas-lecordier-retourne-chez-bcp\/","title":{"rendered":"Les \u00c9chos de l&rsquo;industrie: Les Alouettes de Montr\u00e9al sur SiriusXM pour les deux prochaines ann\u00e9es; Thomas Lecordier retourne chez BCP."},"content":{"rendered":"<p><span style=\"font-size: 12pt;\"><strong><span style=\"color: #000080;\">Les Alouettes de Montr\u00e9al sur SiriusXM pour les deux prochaines ann\u00e9es<\/span><\/strong><\/span><\/p>\n<p style=\"text-align: justify;\"><a href=\"http:\/\/isarta.com\/infos\/wp-content\/uploads\/2014\/07\/les-alouettes-de-montreal-montreal-qc.jpg\"><img loading=\"lazy\" class=\"alignleft wp-image-5862\" src=\"http:\/\/isarta.com\/infos\/wp-content\/uploads\/2014\/07\/les-alouettes-de-montreal-montreal-qc-300x256.jpg\" alt=\"les-alouettes-de-montreal-montreal-qc\" width=\"125\" height=\"107\" srcset=\"https:\/\/isarta.com\/infos\/wp-content\/uploads\/2014\/07\/les-alouettes-de-montreal-montreal-qc-300x256.jpg 300w, https:\/\/isarta.com\/infos\/wp-content\/uploads\/2014\/07\/les-alouettes-de-montreal-montreal-qc.jpg 400w\" sizes=\"(max-width: 125px) 100vw, 125px\" \/><\/a>Jeudi 10 juillet 2014 &#8211; Annonc\u00e9 aujourd&rsquo;hui \u00e0 Toronto, le renouvellement de l&rsquo;entente de radiodiffusion entre l&rsquo;entreprise de divertissement audio SiriusXM et la Ligue canadienne de football permettra \u00e0 tous les abonn\u00e9s nord-am\u00e9ricains de ce r\u00e9seau d&rsquo;\u00e9couter, en fran\u00e7ais et\/ou en anglais, tous les matchs r\u00e9guliers et \u00e9liminatoires pour les saisons 2014 et 2015.<\/p>\n<p style=\"text-align: justify;\"><a href=\"http:\/\/isarta.com\/infos\/wp-content\/uploads\/2014\/07\/51cyHy2LOzL._SL500_AA300_.jpg\"><img loading=\"lazy\" class=\"alignright wp-image-5863\" src=\"http:\/\/isarta.com\/infos\/wp-content\/uploads\/2014\/07\/51cyHy2LOzL._SL500_AA300_-300x300.jpg\" alt=\"51cyHy2LOzL._SL500_AA300_\" width=\"100\" height=\"100\" srcset=\"https:\/\/isarta.com\/infos\/wp-content\/uploads\/2014\/07\/51cyHy2LOzL._SL500_AA300_.jpg 300w, https:\/\/isarta.com\/infos\/wp-content\/uploads\/2014\/07\/51cyHy2LOzL._SL500_AA300_-50x50.jpg 50w, https:\/\/isarta.com\/infos\/wp-content\/uploads\/2014\/07\/51cyHy2LOzL._SL500_AA300_-150x150.jpg 150w\" sizes=\"(max-width: 100px) 100vw, 100px\" \/><\/a>Du c\u00f4t\u00e9 francophone, d&rsquo;abord, les abonn\u00e9s devront syntoniser Influence Franco XM 174 ou Attitude Franco Sirius 164 pour avoir acc\u00e8s aux matchs des Alouettes de Montr\u00e9al et ceux du Rouge et Noir d&rsquo;Ottawa.\u00a0Chez les anglophones, ensuite, la description de tous les matchs de toutes les \u00e9quipes de la ligue se fera par l&rsquo;entremise de la station Canada Talk (poste 167).<\/p>\n<p style=\"text-align: justify;\">Notons enfin que les abonn\u00e9s de la radio satellite pourront \u00e9galement suivre la description des matchs via Internet s&rsquo;ils ajoutent l&rsquo;acc\u00e8s \u00e0\u00a0la Radio Internet SiriusXM \u00e0 leur forfait ou s&rsquo;ils t\u00e9l\u00e9chargent l&rsquo;application.<\/p>\n<p style=\"text-align: justify;\">\n<div class=\"brdr2\"><\/div>\n<p style=\"text-align: justify;\"><span style=\"font-size: 12pt;\"><strong><span style=\"color: #000080;\">Thomas Lecordier retourne chez BCP<\/span><\/strong><\/span><\/p>\n<p style=\"text-align: justify;\"><a href=\"http:\/\/isarta.com\/infos\/wp-content\/uploads\/2014\/07\/058cb31.jpg\"><img loading=\"lazy\" class=\"alignleft wp-image-5869\" src=\"http:\/\/isarta.com\/infos\/wp-content\/uploads\/2014\/07\/058cb31.jpg\" alt=\"058cb31\" width=\"103\" height=\"103\" srcset=\"https:\/\/isarta.com\/infos\/wp-content\/uploads\/2014\/07\/058cb31.jpg 299w, https:\/\/isarta.com\/infos\/wp-content\/uploads\/2014\/07\/058cb31-50x50.jpg 50w, https:\/\/isarta.com\/infos\/wp-content\/uploads\/2014\/07\/058cb31-150x150.jpg 150w\" sizes=\"(max-width: 103px) 100vw, 103px\" \/><\/a>C&rsquo;est ce matin que le chef des op\u00e9rations des compagnies Publicis Worldwide au Qu\u00e9bec, M. Alain Tadros, a annonc\u00e9 le retour du publiciste Thomas Lecordier au sein\u00a0de la bo\u00eete de publicit\u00e9 BCP. Cumulant 20 ann\u00e9es d&rsquo;exp\u00e9rience dans cette industrie dont pr\u00e8s de la moiti\u00e9 chez BCP, M. Lecordier occupera dor\u00e9navant les fonctions de vice-pr\u00e9sident ex\u00e9cutif et sera affect\u00e9 au groupe service \u00e0 la client\u00e8le et int\u00e9gration des diff\u00e9rents services de l&rsquo;agence.<\/p>\n<p style=\"text-align: justify;\">D\u00e9tenteur d&rsquo;un MBA en strat\u00e9gie et marketing de l&rsquo;Universit\u00e9 McGill, M. Lecordier est reconnu pour son expertise en strat\u00e9gie de marque ainsi que pour tout ce qui touche le num\u00e9rique et les nouvelles tendances qui s&rsquo;y rattachent.<\/p>\n<p style=\"text-align: justify;\">\n<div class=\"brdr2\"><\/div>\n<div class=\"likebtn_container\" style=\"clear:both;text-align:center;\"><!-- LikeBtn.com BEGIN --><span class=\"likebtn-wrapper\"  data-identifier=\"post_5860\"  data-site_id=\"5cc1ecd16fd08b776710d1e9\"  data-theme=\"drop\"  data-btn_size=\"100\"  data-icon_l=\"false\"  data-icon_d=\"false\"  data-icon_l_url=\"https:\/\/isarta.com\/infos\/wp-content\/uploads\/2019\/04\/happy.png#64794\"  data-icon_d_url=\"https:\/\/isarta.com\/infos\/wp-content\/uploads\/2019\/04\/sleep.png#64796\"  data-icon_size=\"58\"  data-icon_l_c=\"#771414\"  data-bg_c=\"#ffffff\"  data-bg_c_v=\"#ffffff\"  data-brdr_c=\"#ffffff\"  data-f_size=\"11\"  data-f_family=\"Tahoma\"  data-counter_fs=\"b\"  data-lang=\"fr\"  data-ef_voting=\"wobble\"  data-dislike_enabled=\"false\"  data-counter_type=\"percent\"  data-counter_show=\"false\"  data-tooltip_enabled=\"false\"  data-tooltip_like_show_always=\"true\"  data-white_label=\"true\"  data-i18n_like=\"Aimer \/ Partager\"  data-i18n_dislike=\"Pas aim\u00e9\"  data-style=\"\"  data-unlike_allowed=\"\"  data-show_copyright=\"\"  data-item_url=\"https:\/\/isarta.com\/infos\/les-echos-de-lindustrie-les-alouettes-de-montreal-sur-siriusxm-pour-les-deux-prochaines-annees-thomas-lecordier-retourne-chez-bcp\/\"  data-item_title=\"Les \u00c9chos de l&#039;industrie: Les Alouettes de Montr\u00e9al sur SiriusXM pour les deux prochaines ann\u00e9es; Thomas Lecordier retourne chez BCP.\"  data-item_image=\"https:\/\/isarta.com\/infos\/wp-content\/uploads\/2014\/07\/51cyHy2LOzL._SL500_AA300_.jpg\"  data-item_date=\"2014-07-10T11:34:28-04:00\"  data-engine=\"WordPress\"  data-plugin_v=\"2.6.54\"  data-prx=\"https:\/\/isarta.com\/infos\/wp-admin\/admin-ajax.php?action=likebtn_prx\"  data-event_handler=\"likebtn_eh\" ><\/span><!-- LikeBtn.com END --><\/p>\n<hr size=\"3\"><\/div>\n","protected":false},"excerpt":{"rendered":"<p>Les Alouettes de Montr\u00e9al sur SiriusXM pour les deux prochaines ann\u00e9es Jeudi 10 juillet 2014 &#8211; Annonc\u00e9 aujourd&rsquo;hui \u00e0 Toronto, le renouvellement de l&rsquo;entente de radiodiffusion entre l&rsquo;entreprise de divertissement audio SiriusXM et la Ligue canadienne de football permettra \u00e0 tous les abonn\u00e9s nord-am\u00e9ricains de ce r\u00e9seau d&rsquo;\u00e9couter, en fran\u00e7ais et\/ou en anglais, tous les [&hellip;]<\/p>\n<div class=\"likebtn_container\" style=\"clear:both;text-align:center;\"><!-- LikeBtn.com BEGIN --><span class=\"likebtn-wrapper\"  data-identifier=\"post_5860\"  data-site_id=\"5cc1ecd16fd08b776710d1e9\"  data-theme=\"drop\"  data-btn_size=\"100\"  data-icon_l=\"false\"  data-icon_d=\"false\"  data-icon_l_url=\"https:\/\/isarta.com\/infos\/wp-content\/uploads\/2019\/04\/happy.png#64794\"  data-icon_d_url=\"https:\/\/isarta.com\/infos\/wp-content\/uploads\/2019\/04\/sleep.png#64796\"  data-icon_size=\"58\"  data-icon_l_c=\"#771414\"  data-bg_c=\"#ffffff\"  data-bg_c_v=\"#ffffff\"  data-brdr_c=\"#ffffff\"  data-f_size=\"11\"  data-f_family=\"Tahoma\"  data-counter_fs=\"b\"  data-lang=\"fr\"  data-ef_voting=\"wobble\"  data-dislike_enabled=\"false\"  data-counter_type=\"percent\"  data-counter_show=\"false\"  data-tooltip_enabled=\"false\"  data-tooltip_like_show_always=\"true\"  data-white_label=\"true\"  data-i18n_like=\"Aimer \/ Partager\"  data-i18n_dislike=\"Pas aim\u00e9\"  data-style=\"\"  data-unlike_allowed=\"\"  data-show_copyright=\"\"  data-item_url=\"https:\/\/isarta.com\/infos\/les-echos-de-lindustrie-les-alouettes-de-montreal-sur-siriusxm-pour-les-deux-prochaines-annees-thomas-lecordier-retourne-chez-bcp\/\"  data-item_title=\"Les \u00c9chos de l&#039;industrie: Les Alouettes de Montr\u00e9al sur SiriusXM pour les deux prochaines ann\u00e9es; Thomas Lecordier retourne chez BCP.\"  data-item_image=\"https:\/\/isarta.com\/infos\/wp-content\/uploads\/2014\/07\/51cyHy2LOzL._SL500_AA300_.jpg\"  data-item_date=\"2014-07-10T11:34:28-04:00\"  data-engine=\"WordPress\"  data-plugin_v=\"2.6.54\"  data-prx=\"https:\/\/isarta.com\/infos\/wp-admin\/admin-ajax.php?action=likebtn_prx\"  data-event_handler=\"likebtn_eh\" ><\/span><!-- LikeBtn.com END --><hr size=\"3\"><\/div>","protected":false},"author":31,"featured_media":5863,"comment_status":"open","ping_status":"open","sticky":false,"template":"","format":"standard","meta":[],"categories":[117],"tags":[1176],"_links":{"self":[{"href":"https:\/\/isarta.com\/infos\/wp-json\/wp\/v2\/posts\/5860"}],"collection":[{"href":"https:\/\/isarta.com\/infos\/wp-json\/wp\/v2\/posts"}],"about":[{"href":"https:\/\/isarta.com\/infos\/wp-json\/wp\/v2\/types\/post"}],"author":[{"embeddable":true,"href":"https:\/\/isarta.com\/infos\/wp-json\/wp\/v2\/users\/31"}],"replies":[{"embeddable":true,"href":"https:\/\/isarta.com\/infos\/wp-json\/wp\/v2\/comments?post=5860"}],"version-history":[{"count":7,"href":"https:\/\/isarta.com\/infos\/wp-json\/wp\/v2\/posts\/5860\/revisions"}],"predecessor-version":[{"id":5870,"href":"https:\/\/isarta.com\/infos\/wp-json\/wp\/v2\/posts\/5860\/revisions\/5870"}],"wp:featuredmedia":[{"embeddable":true,"href":"https:\/\/isarta.com\/infos\/wp-json\/wp\/v2\/media\/5863"}],"wp:attachment":[{"href":"https:\/\/isarta.com\/infos\/wp-json\/wp\/v2\/media?parent=5860"}],"wp:term":[{"taxonomy":"category","embeddable":true,"href":"https:\/\/isarta.com\/infos\/wp-json\/wp\/v2\/categories?post=5860"},{"taxonomy":"post_tag","embeddable":true,"href":"https:\/\/isarta.com\/infos\/wp-json\/wp\/v2\/tags?post=5860"}],"curies":[{"name":"wp","href":"https:\/\/api.w.org\/{rel}","templated":true}]}}