{"id":59895,"date":"2018-10-19T15:30:06","date_gmt":"2018-10-19T19:30:06","guid":{"rendered":"https:\/\/isarta.com\/infos\/?p=59895"},"modified":"2018-10-19T15:30:06","modified_gmt":"2018-10-19T19:30:06","slug":"le-porc-du-quebec-impossible-a-oublier-pour-lg2","status":"publish","type":"post","link":"https:\/\/isarta.com\/infos\/le-porc-du-quebec-impossible-a-oublier-pour-lg2\/","title":{"rendered":"Le porc du Qu\u00e9bec : impossible \u00e0 oublier pour lg2"},"content":{"rendered":"<p><img src=\"https:\/\/gallery.mailchimp.com\/8098b86eec25b5d8e1423cfc3\/images\/328f4ae0-967b-404a-b8d2-432315393326.gif\" \/><\/p>\n<p><span style=\"font-size: 12px; color: #999999;\">19 octobre 2018<\/span><\/p>\n<p><span style=\"color: #000080; font-size: 20px;\">Les \u00c9leveurs de porcs du Qu\u00e9bec et lg2 lancent une nouvelle campagne automnale misant sur le caract\u00e8re m\u00e9morable et facile \u00e0 aimer du porc. D\u00e9clin\u00e9e en messages t\u00e9l\u00e9 et web, l\u2019offensive montre comment les recettes \u00e0 base de porc du Qu\u00e9bec sont tout simplement inoubliables, peu importe la situation.<\/span><\/p>\n<p><iframe loading=\"lazy\" src=\"\/\/www.youtube-nocookie.com\/embed\/L40MZLgE7eE\" width=\"560\" height=\"315\" frameborder=\"0\" allowfullscreen=\"allowfullscreen\"><\/iframe><\/p>\n<blockquote><p><span style=\"font-size: 16px;\">Ces derni\u00e8res ann\u00e9es, nous avons invit\u00e9 les Qu\u00e9b\u00e9cois \u00e0 int\u00e9grer le porc du Qu\u00e9bec \u00e0 leur menu en communiquant le c\u00f4t\u00e9 facile \u00e0 cuisiner de cette viande savoureuse. Alors qu\u2019il est de plus en plus consid\u00e9r\u00e9 comme un produit facile \u00e0 cuisiner pour toutes les occasions, le temps \u00e9tait venu de miser sur les \u00e9motions et la m\u00e9morabilit\u00e9 des recettes con\u00e7ues avec le porc du Qu\u00e9bec \u00bb, souligne Danielle Vaillant, directrice du marketing, Les \u00c9leveurs de porcs du Qu\u00e9bec.<\/span><\/p><\/blockquote>\n<p><iframe loading=\"lazy\" src=\"\/\/www.youtube-nocookie.com\/embed\/Vb5tK4Zjue4\" width=\"560\" height=\"315\" frameborder=\"0\" allowfullscreen=\"allowfullscreen\"><\/iframe><\/p>\n<blockquote><p><span style=\"font-size: 16px;\">Choisir le c\u00f4t\u00e9 m\u00e9morable du porc du Qu\u00e9bec comme axe de cr\u00e9ation nous a permis de parler au c\u0153ur des gens et non \u00e0 leur t\u00eate. On peut oublier avec qui on \u00e9tait ou dans quel contexte on se trouvait, mais un bon plat cuisin\u00e9 laisse un souvenir imp\u00e9rissable capable de nous faire revivre le moment \u00e0 nouveau \u00bb, explique Nicolas Dion, associ\u00e9, directeur de cr\u00e9ation, lg2.<\/span><\/p><\/blockquote>\n<p><iframe loading=\"lazy\" src=\"\/\/www.youtube-nocookie.com\/embed\/X1V_52GZGvY\" width=\"560\" height=\"315\" frameborder=\"0\" allowfullscreen=\"allowfullscreen\"><\/iframe><\/p>\n<p>Diffus\u00e9e jusqu\u2019au 9 d\u00e9cembre prochain, la campagne comprend aussi des partenariats de contenu, notamment avec Ricardo, et une pr\u00e9sence ludique dans La Presse+.<\/p>\n<p>&nbsp;<\/p>\n<p><strong><span style=\"color: #000080; font-size: 20px;\">Cr\u00e9dits<\/span><\/strong><\/p>\n<p>CLIENT Les \u00c9leveurs de porcs du Qu\u00e9bec : Danielle Vaillant, Patricia Gagnon<\/p>\n<p>VICE &#8211; PR\u00c9SIDENCE CR\u00c9ATION \/ CONSEIL Fran\u00e7ois Sauv\u00e9, Marie-Christine Cayer<\/p>\n<p>DIRECTION DE CR\u00c9ATION Nicolas Dion<\/p>\n<p>CR\u00c9ATION Val\u00e9rie Wells, Patrick Seymour, L\u00e9a-Laure Bergeron, Thibault Gehard<\/p>\n<p>PLANIFICATION STRAT\u00c9GIQUE William Labelle CONTENU Joannie Fr\u00e9dette<\/p>\n<p>SERVICE &#8211; CONSEIL Thalie Poulin, M\u00e9lanie Ch\u00e2teauneuf, \u00c9lisabeth Desmarais, Justine Guertin<\/p>\n<p>PRODUCTION D\u2019AGENCE Sandra Corbeil<\/p>\n<p>DIRECTION DE LA PHOTOGRAHIE Andr\u00e9 Turpin<\/p>\n<p>PHOTOGRAPHIE Samuel Joubert<\/p>\n<p>R\u00c9ALISATION Emanuel Hoss-Desmarais<\/p>\n<p>MAISON DE PROD. \/ PRODUCTION Gorditos<\/p>\n<p>Productrice : Claudia Lemire<\/p>\n<p>Styliste culinaire : St\u00e9phan Boucher<\/p>\n<p>POST &#8211; PRODUCTION MELS STUDIO DE SON \/ ING\u00c9 NIERIE BLVD ING\u00c9NIEUR DE SON Sylvain Roux<\/p>\n<p>MONTAGE Sylvain Lebel<\/p>\n<p>M\u00c9DIAS Cossette M\u00e9dia : Marie-Christine Simard, Genevi\u00e8ve Marchand, Patrice Larouche, Julien Boucher<\/p>\n<div class=\"likebtn_container\" style=\"clear:both;text-align:center;\"><!-- LikeBtn.com BEGIN --><span class=\"likebtn-wrapper\"  data-identifier=\"post_59895\"  data-site_id=\"5cc1ecd16fd08b776710d1e9\"  data-theme=\"drop\"  data-btn_size=\"100\"  data-icon_l=\"false\"  data-icon_d=\"false\"  data-icon_l_url=\"https:\/\/isarta.com\/infos\/wp-content\/uploads\/2019\/04\/happy.png#64794\"  data-icon_d_url=\"https:\/\/isarta.com\/infos\/wp-content\/uploads\/2019\/04\/sleep.png#64796\"  data-icon_size=\"58\"  data-icon_l_c=\"#771414\"  data-bg_c=\"#ffffff\"  data-bg_c_v=\"#ffffff\"  data-brdr_c=\"#ffffff\"  data-f_size=\"11\"  data-f_family=\"Tahoma\"  data-counter_fs=\"b\"  data-lang=\"fr\"  data-ef_voting=\"wobble\"  data-dislike_enabled=\"false\"  data-counter_type=\"percent\"  data-counter_show=\"false\"  data-tooltip_enabled=\"false\"  data-tooltip_like_show_always=\"true\"  data-white_label=\"true\"  data-i18n_like=\"Aimer \/ Partager\"  data-i18n_dislike=\"Pas aim\u00e9\"  data-style=\"\"  data-unlike_allowed=\"\"  data-show_copyright=\"\"  data-item_url=\"https:\/\/isarta.com\/infos\/le-porc-du-quebec-impossible-a-oublier-pour-lg2\/\"  data-item_title=\"Le porc du Qu\u00e9bec : impossible \u00e0 oublier pour lg2\"  data-item_image=\"https:\/\/isarta.com\/infos\/wp-content\/uploads\/2018\/10\/porc-lg2.png\"  data-item_date=\"2018-10-19T15:30:06-04:00\"  data-engine=\"WordPress\"  data-plugin_v=\"2.6.54\"  data-prx=\"https:\/\/isarta.com\/infos\/wp-admin\/admin-ajax.php?action=likebtn_prx\"  data-event_handler=\"likebtn_eh\" ><\/span><!-- LikeBtn.com END --><\/p>\n<hr size=\"3\"><\/div>\n","protected":false},"excerpt":{"rendered":"<p>Les \u00c9leveurs de porcs du Qu\u00e9bec et lg2 lancent une nouvelle campagne automnale misant sur le caract\u00e8re m\u00e9morable et facile \u00e0 aimer du porc. D\u00e9clin\u00e9e en messages t\u00e9l\u00e9 et web, l\u2019offensive montre comment les recettes \u00e0 base de porc du Qu\u00e9bec sont tout simplement inoubliables, peu importe la situation.<\/p>\n<div class=\"likebtn_container\" style=\"clear:both;text-align:center;\"><!-- LikeBtn.com BEGIN --><span class=\"likebtn-wrapper\"  data-identifier=\"post_59895\"  data-site_id=\"5cc1ecd16fd08b776710d1e9\"  data-theme=\"drop\"  data-btn_size=\"100\"  data-icon_l=\"false\"  data-icon_d=\"false\"  data-icon_l_url=\"https:\/\/isarta.com\/infos\/wp-content\/uploads\/2019\/04\/happy.png#64794\"  data-icon_d_url=\"https:\/\/isarta.com\/infos\/wp-content\/uploads\/2019\/04\/sleep.png#64796\"  data-icon_size=\"58\"  data-icon_l_c=\"#771414\"  data-bg_c=\"#ffffff\"  data-bg_c_v=\"#ffffff\"  data-brdr_c=\"#ffffff\"  data-f_size=\"11\"  data-f_family=\"Tahoma\"  data-counter_fs=\"b\"  data-lang=\"fr\"  data-ef_voting=\"wobble\"  data-dislike_enabled=\"false\"  data-counter_type=\"percent\"  data-counter_show=\"false\"  data-tooltip_enabled=\"false\"  data-tooltip_like_show_always=\"true\"  data-white_label=\"true\"  data-i18n_like=\"Aimer \/ Partager\"  data-i18n_dislike=\"Pas aim\u00e9\"  data-style=\"\"  data-unlike_allowed=\"\"  data-show_copyright=\"\"  data-item_url=\"https:\/\/isarta.com\/infos\/le-porc-du-quebec-impossible-a-oublier-pour-lg2\/\"  data-item_title=\"Le porc du Qu\u00e9bec : impossible \u00e0 oublier pour lg2\"  data-item_image=\"https:\/\/isarta.com\/infos\/wp-content\/uploads\/2018\/10\/porc-lg2.png\"  data-item_date=\"2018-10-19T15:30:06-04:00\"  data-engine=\"WordPress\"  data-plugin_v=\"2.6.54\"  data-prx=\"https:\/\/isarta.com\/infos\/wp-admin\/admin-ajax.php?action=likebtn_prx\"  data-event_handler=\"likebtn_eh\" ><\/span><!-- LikeBtn.com END --><hr size=\"3\"><\/div>","protected":false},"author":1,"featured_media":59898,"comment_status":"open","ping_status":"open","sticky":false,"template":"","format":"standard","meta":[],"categories":[195],"tags":[227,1176],"_links":{"self":[{"href":"https:\/\/isarta.com\/infos\/wp-json\/wp\/v2\/posts\/59895"}],"collection":[{"href":"https:\/\/isarta.com\/infos\/wp-json\/wp\/v2\/posts"}],"about":[{"href":"https:\/\/isarta.com\/infos\/wp-json\/wp\/v2\/types\/post"}],"author":[{"embeddable":true,"href":"https:\/\/isarta.com\/infos\/wp-json\/wp\/v2\/users\/1"}],"replies":[{"embeddable":true,"href":"https:\/\/isarta.com\/infos\/wp-json\/wp\/v2\/comments?post=59895"}],"version-history":[{"count":3,"href":"https:\/\/isarta.com\/infos\/wp-json\/wp\/v2\/posts\/59895\/revisions"}],"predecessor-version":[{"id":59897,"href":"https:\/\/isarta.com\/infos\/wp-json\/wp\/v2\/posts\/59895\/revisions\/59897"}],"wp:featuredmedia":[{"embeddable":true,"href":"https:\/\/isarta.com\/infos\/wp-json\/wp\/v2\/media\/59898"}],"wp:attachment":[{"href":"https:\/\/isarta.com\/infos\/wp-json\/wp\/v2\/media?parent=59895"}],"wp:term":[{"taxonomy":"category","embeddable":true,"href":"https:\/\/isarta.com\/infos\/wp-json\/wp\/v2\/categories?post=59895"},{"taxonomy":"post_tag","embeddable":true,"href":"https:\/\/isarta.com\/infos\/wp-json\/wp\/v2\/tags?post=59895"}],"curies":[{"name":"wp","href":"https:\/\/api.w.org\/{rel}","templated":true}]}}