{"id":6386,"date":"2014-07-30T11:03:59","date_gmt":"2014-07-30T15:03:59","guid":{"rendered":"http:\/\/isarta.com\/infos\/?p=6386"},"modified":"2014-07-31T09:22:07","modified_gmt":"2014-07-31T13:22:07","slug":"dossier-les-musees-a-lere-numerique-3-expositions-virtuelles-et-contenu-web","status":"publish","type":"post","link":"https:\/\/isarta.com\/infos\/dossier-les-musees-a-lere-numerique-3-expositions-virtuelles-et-contenu-web\/","title":{"rendered":"Dossier: les mus\u00e9es \u00e0 l&rsquo;\u00e8re num\u00e9rique. 3- expositions virtuelles et contenu Web"},"content":{"rendered":"<p class=\"p2\" style=\"text-align: justify;\"><span class=\"s1\" style=\"font-size: 13px; color: #000080;\"><b><span class=\"s1\"><b><a href=\"http:\/\/isarta.com\/infos\/wp-content\/uploads\/2014\/07\/printemps_numerique_ban_v2-2_1.png\"><img loading=\"lazy\" class=\"aligncenter wp-image-6064 size-medium\" src=\"http:\/\/isarta.com\/infos\/wp-content\/uploads\/2014\/07\/printemps_numerique_ban_v2-2_1-300x97.png\" alt=\"printemps_numerique_ban_v2-2_\" width=\"300\" height=\"97\" srcset=\"https:\/\/isarta.com\/infos\/wp-content\/uploads\/2014\/07\/printemps_numerique_ban_v2-2_1-300x97.png 300w, https:\/\/isarta.com\/infos\/wp-content\/uploads\/2014\/07\/printemps_numerique_ban_v2-2_1.png 680w\" sizes=\"(max-width: 300px) 100vw, 300px\" \/><\/a>La\u00a0<\/b><span style=\"color: #3366ff;\"><a style=\"color: #217dd3;\" href=\"http:\/\/www.smq.qc.ca\/\" target=\"_blank\"><span class=\"s3\" style=\"color: #3366ff;\"><b>Soci\u00e9t\u00e9 des mus\u00e9es du Qu\u00e9bec<\/b><\/span><\/a><\/span><b><span style=\"color: #3366ff;\">\u00a0<\/span>(SMQ) a convi<\/b><\/span><span class=\"s2\"><b>\u00e9\u00a0<\/b><\/span><span class=\"s1\"><b>ses membres, en\u00a0juin dernier \u00e0 la Soci\u00e9t\u00e9 des arts num\u00e9riques (SAT) de Montr\u00e9al,\u00a0<\/b><\/span><span class=\"s2\"><b>\u00e0\u00a0<\/b><\/span><span class=\"s1\"><b>une importante r<\/b><\/span><span class=\"s2\"><b>\u00e9<\/b><\/span><span class=\"s1\"><b>flexion concernant<i>\u00a0<\/i><\/b><span style=\"color: #3366ff;\"><a style=\"color: #217dd3;\" href=\"http:\/\/calendrier.printempsnumerique.ca\/detail\/423681\" target=\"_blank\"><span class=\"s3\" style=\"color: #3366ff;\"><b>Les mus\u00e9es \u00e0 l\u2019\u00e8re num\u00e9rique<\/b><\/span><\/a><\/span><b>\u00a0dans le cadre du printemps num<\/b><\/span><span class=\"s2\"><b>\u00e9<\/b><\/span><span class=\"s1\"><b>rique.<\/b><\/span><span class=\"s1\"><b>\u00a0La journ<\/b><\/span><span class=\"s2\"><b>\u00e9<\/b><\/span><span class=\"s1\"><b>e, organis<\/b><\/span><span class=\"s2\"><b>\u00e9<\/b><\/span><span class=\"s1\"><b>e au<\/b><\/span><span class=\"s2\"><b>\u00a0<\/b><\/span><span class=\"s1\"><b>quart de tour, a permis aux travailleurs de mus<\/b><\/span><span class=\"s2\"><b>\u00e9<\/b><\/span><span class=\"s1\"><b>es de partager leurs bons coups en plus\u00a0de d<\/b><\/span><span class=\"s2\"><b>\u00e9<\/b><\/span><span class=\"s1\"><b>finir les probl<\/b><\/span><span class=\"s2\"><b>\u00e8<\/b><\/span><span class=\"s1\"><b>mes et les dilemmes auxquels ils font face en mati<\/b><\/span><span class=\"s2\"><b>\u00e8<\/b><\/span><span class=\"s1\"><b>re de technologies num<\/b><\/span><span class=\"s2\"><b>\u00e9<\/b><\/span><span class=\"s1\"><b>riques.<\/b><\/span><span class=\"s2\"><b>\u00a0<\/b><\/span><span class=\"s1\"><b>La rencontre\u00a0<\/b><\/span><span class=\"s2\"><b>\u00e9<\/b><\/span><span class=\"s1\"><b>tait anim<\/b><\/span><span class=\"s2\"><b>\u00e9<\/b><\/span><span class=\"s1\"><b>e par Jean-Hugues Roy, professeur\u00a0<\/b><\/span><span class=\"s2\"><b>\u00e0\u00a0<\/b><\/span><span class=\"s1\"><b>l<\/b><\/span><span class=\"s2\"><b>\u2019\u00c9<\/b><\/span><span class=\"s1\"><b>cole des m<\/b><\/span><span class=\"s2\"><b>\u00e9<\/b><\/span><span class=\"s1\"><b>dias de l<\/b><\/span><span class=\"s2\"><b>\u2019<\/b><\/span><span class=\"s1\"><b>UQAM et ex-journaliste\u00a0<\/b><\/span><span class=\"s2\"><b>\u00e0\u00a0<\/b><\/span><span class=\"s1\"><b>la Soci<\/b><\/span><span class=\"s2\"><b>\u00e9<\/b><\/span><span class=\"s1\"><b>t<\/b><\/span><span class=\"s2\"><b>\u00e9\u00a0<\/b><\/span><span class=\"s1\"><b>Radio-Canada. Trois textes sont ressortis de ce remue-m\u00e9ninges:\u00a0<span style=\"color: #3366ff;\"><a href=\"http:\/\/isarta.com\/infos\/?p=5756\"><span style=\"color: #3366ff;\">1- Int\u00e9gration de la technologie aux expositions<\/span><\/a><\/span>;\u00a0<a href=\"http:\/\/isarta.com\/infos\/?p=6058\"><span style=\"color: #000080;\"><span style=\"color: #3366ff;\">2- Les mus\u00e9es et le Web social<\/span>;<\/span><\/a> <span style=\"color: #000080;\">3- Expositions virtuelles et contenu Web<\/span>.<\/b><\/span><\/b><\/span><\/p>\n<p class=\"p2\" style=\"text-align: justify;\"><span style=\"color: #000080;\"><\/p>\n<div class=\"brdr3\"><\/div>\n<p><\/span><\/p>\n<p class=\"p2\" style=\"text-align: justify;\"><span style=\"color: #000080;\"><span class=\"s1\" style=\"font-size: 13px;\"><b>Nous avons\u00a0beaucoup \u00e9crit de l<\/b><\/span><span class=\"s2\" style=\"font-size: 13px;\"><b>\u2019\u00e8<\/b><\/span><span class=\"s1\" style=\"font-size: 13px;\"><b>re du num<\/b><\/span><span class=\"s2\" style=\"font-size: 13px;\"><b>\u00e9<\/b><\/span><span class=\"s1\" style=\"font-size: 13px;\"><b>rique et des r<\/b><\/span><span class=\"s2\" style=\"font-size: 13px;\"><b>\u00e9<\/b><\/span><span class=\"s1\" style=\"font-size: 13px;\"><b>seaux sociaux dans les deux premiers textes de ce dossier alors la question se pose ici avec acuit\u00e9:\u00a0qu<\/b><\/span><span class=\"s2\" style=\"font-size: 13px;\"><b>\u2019<\/b><\/span><span class=\"s1\" style=\"font-size: 13px;\"><b>en est-il des expositions virtuelles? Les possibilit<\/b><\/span><span class=\"s2\" style=\"font-size: 13px;\"><b>\u00e9<\/b><\/span><span class=\"s1\" style=\"font-size: 13px;\"><b>s se multiplient, notamment lorsqu<\/b><\/span><span class=\"s2\" style=\"font-size: 13px;\"><b>\u2019<\/b><\/span><span class=\"s1\" style=\"font-size: 13px;\"><b>on porte attention <\/b><\/span><span class=\"s2\" style=\"font-size: 13px;\"><b>\u00e0 <\/b><\/span><span class=\"s1\" style=\"font-size: 13px;\"><b>la sortie de produits de r<\/b><\/span><span class=\"s2\" style=\"font-size: 13px;\"><b>\u00e9<\/b><\/span><span class=\"s1\" style=\"font-size: 13px;\"><b>alit<\/b><\/span><span class=\"s2\" style=\"font-size: 13px;\"><b>\u00e9 <\/b><\/span><span class=\"s1\" style=\"font-size: 13px;\"><b>virtuelle comme par exemple les lunettes <\/b><span style=\"color: #3366ff;\"><a href=\"http:\/\/www.oculusvr.com\/\"><span class=\"s3\" style=\"color: #3366ff;\"><b>Oculus Rift<\/b><\/span><\/a><\/span><b>. En ce moment, le Gouvernement du Qu<\/b><\/span><span class=\"s2\" style=\"font-size: 13px;\"><b>\u00e9<\/b><\/span><span class=\"s1\" style=\"font-size: 13px;\"><b>bec d<\/b><\/span><span class=\"s2\" style=\"font-size: 13px;\"><b>\u00e9<\/b><\/span><span class=\"s1\" style=\"font-size: 13px;\"><b>bloque d<\/b><\/span><span class=\"s2\" style=\"font-size: 13px;\"><b>\u2019<\/b><\/span><span class=\"s1\" style=\"font-size: 13px;\"><b>importantes subventions pour la num<\/b><\/span><span class=\"s2\" style=\"font-size: 13px;\"><b>\u00e9<\/b><\/span><span class=\"s1\" style=\"font-size: 13px;\"><b>risation de collections mus<\/b><\/span><span class=\"s2\" style=\"font-size: 13px;\"><b>\u00e9<\/b><\/span><span class=\"s1\" style=\"font-size: 13px;\"><b>ales.\u00a0 Est-ce la quantit<\/b><\/span><span class=\"s2\" style=\"font-size: 13px;\"><b>\u00e9 <\/b><\/span><span class=\"s1\" style=\"font-size: 13px;\"><b>ou la qualit<\/b><\/span><span class=\"s2\" style=\"font-size: 13px;\"><b>\u00e9 <\/b><\/span><span class=\"s1\" style=\"font-size: 13px;\"><b>qui compte? Les pan<\/b><\/span><span class=\"s2\" style=\"font-size: 13px;\"><b>\u00e9<\/b><\/span><span class=\"s1\" style=\"font-size: 13px;\"><b>listes invit<\/b><\/span><span class=\"s2\" style=\"font-size: 13px;\"><b>\u00e9<\/b><\/span><span class=\"s1\" style=\"font-size: 13px;\"><b>s et les participants du forum <\/b><span style=\"color: #3366ff;\"><a href=\"http:\/\/calendrier.printempsnumerique.ca\/detail\/423681\"><span class=\"s3\" style=\"color: #3366ff;\"><b><i>Les mus\u00e9es \u00e0 l\u2019\u00e8re num\u00e9rique<\/i><\/b><\/span><\/a><\/span><b> ont r<\/b><\/span><span class=\"s2\" style=\"font-size: 13px;\"><b>\u00e9<\/b><\/span><span class=\"s1\" style=\"font-size: 13px;\"><b>fl<\/b><\/span><span class=\"s2\" style=\"font-size: 13px;\"><b>\u00e9<\/b><\/span><span class=\"s1\" style=\"font-size: 13px;\"><b>chi <\/b><\/span><span class=\"s2\" style=\"font-size: 13px;\"><b>\u00e0 <\/b><\/span><span class=\"s1\" style=\"font-size: 13px;\"><b>la question<\/b><\/span><span class=\"s2\" style=\"font-size: 13px;\"><b>\u2026<\/b><\/span><\/span><\/p>\n<p class=\"p2\" style=\"text-align: justify;\"><span class=\"s2\">\u00c0 <\/span><span class=\"s1\">l<\/span><span class=\"s2\">\u2019<\/span><span class=\"s1\">heure o<\/span><span class=\"s2\">\u00f9 <\/span><span class=\"s1\">il est possible de trouver de tout sur la toile, le mandat des mus<\/span><span class=\"s2\">\u00e9<\/span><span class=\"s1\">es prend alors tout son sens. <\/span><span class=\"s2\">\u00ab<\/span><span class=\"s1\">Les gens veulent du contenu valid<\/span><span class=\"s2\">\u00e9<\/span><span class=\"s1\">, alors il faut diffuser les expositions virtuelles<\/span><span class=\"s2\">\u00bb<\/span><span class=\"s1\">, croit Ana-Laura Baz, charg<\/span><span class=\"s2\">\u00e9<\/span><span class=\"s1\">e de projets num<\/span><span class=\"s2\">\u00e9<\/span><span class=\"s1\">riques aux Mus<\/span><span class=\"s2\">\u00e9<\/span><span class=\"s1\">es de la civilisation. <\/span><span class=\"s2\">\u00ab<\/span><span class=\"s1\">Il faut <\/span><span class=\"s2\">\u00ea<\/span><span class=\"s1\">tre attentif dans le changement au niveau du citoyen. Le num<\/span><span class=\"s2\">\u00e9<\/span><span class=\"s1\">rique permet le travail collaboratif entre les mus<\/span><span class=\"s2\">\u00e9<\/span><span class=\"s1\">es au Qu<\/span><span class=\"s2\">\u00e9<\/span><span class=\"s1\">bec, mais aussi dans le monde<\/span><span class=\"s2\">\u00bb<\/span><span class=\"s1\">, une opportunit<\/span><span class=\"s2\">\u00e9 <\/span><span class=\"s1\">qu<\/span><span class=\"s2\">\u2019<\/span><span class=\"s1\">il faut absolument saisir pour le bien-<\/span><span class=\"s2\">\u00ea<\/span><span class=\"s1\">tre des mus<\/span><span class=\"s2\">\u00e9<\/span><span class=\"s1\">es, mais aussi pour la culture des citoyens, croit-elle. <\/span><span class=\"s2\">\u00ab<\/span><span class=\"s1\">Lorsqu&rsquo;on met les collections en ligne, les gens sont plus int<\/span><span class=\"s2\">\u00e9<\/span><span class=\"s1\">ress<\/span><span class=\"s2\">\u00e9<\/span><span class=\"s1\">s <\/span><span class=\"s2\">\u00e0 <\/span><span class=\"s1\">venir visiter le mus<\/span><span class=\"s2\">\u00e9<\/span><span class=\"s1\">e<\/span><span class=\"s2\">\u00bb<\/span><span class=\"s1\">, rench<\/span><span class=\"s2\">\u00e9<\/span><span class=\"s1\">rit-elle.\u00a0<\/span><\/p>\n<p class=\"p2\" style=\"text-align: justify;\"><span style=\"color: #000080;\"><span class=\"s1\"><b>Gare au p<\/b><\/span><span class=\"s2\"><b>\u00e9<\/b><\/span><span class=\"s1\"><b>rim<\/b><\/span><span class=\"s2\"><b>\u00e9<\/b><\/span><span class=\"s1\"><b>!<\/b><\/span><\/span><\/p>\n<p class=\"p2\" style=\"font-weight: normal; color: #261626; text-align: justify;\"><span class=\"s1\">Cr<\/span><span class=\"s2\">\u00e9<\/span><span class=\"s1\">er une page web pour une exposition c<\/span><span class=\"s2\">\u2019<\/span><span class=\"s1\">est bien, mais utiliser des outils gratuits pour le faire, c<\/span><span class=\"s2\">\u2019<\/span><span class=\"s1\">est mieux. Nancy Proctor, directrice adjointe de l<\/span><span class=\"s2\">\u2019<\/span><span class=\"s1\">exp<\/span><span class=\"s2\">\u00e9<\/span><span class=\"s1\">rience num<\/span><span class=\"s2\">\u00e9<\/span><span class=\"s1\">rique au Baltimore Museum of Art, prend pour exemple les outils Google qui permet de cr<\/span><span class=\"s2\">\u00e9<\/span><span class=\"s1\">er des pages<\/span><span class=\"s2\">\u00e9<\/span><span class=\"s1\">volutives pour s<\/span><span class=\"s2\">\u2019<\/span><span class=\"s1\">assurer que les expositions aient une longue vie sur le web.\u00a0<\/span><span class=\"s2\">\u00ab<\/span><span class=\"s1\">Si on regarde une page web cr<\/span><span class=\"s2\">\u00e9\u00e9<\/span><span class=\"s1\">e il y a de\u00a0<\/span><span class=\"s2\">\u00e7<\/span><span class=\"s1\">a 10 ans, l<\/span><span class=\"s2\">\u2019<\/span><span class=\"s1\">esth<\/span><span class=\"s2\">\u00e9<\/span><span class=\"s1\">tisme est d<\/span><span class=\"s2\">\u00e9<\/span><span class=\"s1\">j<\/span><span class=\"s2\">\u00e0\u00a0<\/span><span class=\"s1\">largement d<\/span><span class=\"s2\">\u00e9<\/span><span class=\"s1\">pass<\/span><span class=\"s2\">\u00e9e\u00bb<\/span><span class=\"s1\">, lance-t-elle. Jean-Marc Blais, qui est directeur g<\/span><span class=\"s2\">\u00e9<\/span><span class=\"s1\">n<\/span><span class=\"s2\">\u00e9<\/span><span class=\"s1\">ral et vice-pr<\/span><span class=\"s2\">\u00e9<\/span><span class=\"s1\">sident au Mus<\/span><span class=\"s2\">\u00e9<\/span><span class=\"s1\">e canadien de l<\/span><span class=\"s2\">\u2019<\/span><span class=\"s1\">histoire, ajoute que le web peut aller loin et durer longtemps.\u00a0<\/span><span class=\"s2\">\u00ab<\/span><span class=\"s1\">C<\/span><span class=\"s2\">\u2019<\/span><span class=\"s1\">est important de travailler ensemble avec les technologies de l<\/span><span class=\"s2\">\u2019<\/span><span class=\"s1\">informatique, mart<\/span><span class=\"s2\">\u00e8<\/span><span class=\"s1\">le-t-il. Les milieux doivent se rapprocher et faire ensemble des choix qui tiennent\u00a0compte des mandats respectifs \u00e0 r\u00e9aliser<\/span><span class=\"s2\">\u00bb<\/span><span class=\"s1\">.<\/span><\/p>\n<p class=\"p2\" style=\"font-weight: normal; color: #261626; text-align: justify;\"><span class=\"s1\">Car s\u2019il\u00a0<\/span><span class=\"s1\">est pertinent\u00a0de num<\/span><span class=\"s2\">\u00e9<\/span><span class=\"s1\">riser le contenu pour le web,\u00a0encore faut-il\u00a0s<\/span><span class=\"s2\">\u2019<\/span><span class=\"s1\">assurer d<\/span><span class=\"s2\">\u2019<\/span><span class=\"s1\">utiliser le bon support, pr<\/span><span class=\"s2\">\u00e9<\/span><span class=\"s1\">vient Sophie Montreuil, directrice de la recherche et de l<\/span><span class=\"s2\">\u2019\u00e9<\/span><span class=\"s1\">dition\u00a0<\/span><span class=\"s2\">\u00e0\u00a0<\/span><span class=\"s1\">la Biblioth<\/span><span class=\"s2\">\u00e8<\/span><span class=\"s1\">que et Archives nationales du Qu<\/span><span class=\"s2\">\u00e9<\/span><span class=\"s1\">bec (BANQ). Si le support devient d<\/span><span class=\"s2\">\u00e9<\/span><span class=\"s1\">suet, la renum<\/span><span class=\"s2\">\u00e9<\/span><span class=\"s1\">risation du contenu peut repr<\/span><span class=\"s2\">\u00e9<\/span><span class=\"s1\">senter une immense perte de temps.\u00a0<\/span><span class=\"s2\">\u00c0\u00a0<\/span><span class=\"s1\">ce jour, de 2\u00a0<\/span><span class=\"s2\">\u00e0<\/span><span class=\"s1\">3% du million d<\/span><span class=\"s2\">\u2019<\/span><span class=\"s1\">archives patrimoniales sont num<\/span><span class=\"s2\">\u00e9<\/span><span class=\"s1\">ris<\/span><span class=\"s2\">\u00e9<\/span><span class=\"s1\">s\u00a0<\/span><span class=\"s2\">\u00e0\u00a0<\/span><span class=\"s1\">la BANQ.\u00a0<\/span><\/p>\n<p class=\"p2\" style=\"text-align: justify;\"><span class=\"s1\" style=\"color: #000080;\"><span class=\"s1\"><span class=\"s1\"><b>Une visibilit<\/b><\/span><span class=\"s2\"><b>\u00e9 <\/b><\/span><span class=\"s1\"><b>internationale\u00a0<\/b><\/span><\/span><\/span><\/p>\n<p class=\"p2\" style=\"text-align: justify;\"><span class=\"s1\"><span class=\"s1\"><a href=\"http:\/\/isarta.com\/infos\/wp-content\/uploads\/2014\/07\/table_ronde.jpg\"><img loading=\"lazy\" class=\"alignright wp-image-6423\" src=\"http:\/\/isarta.com\/infos\/wp-content\/uploads\/2014\/07\/table_ronde-300x200.jpg\" alt=\"table_ronde\" width=\"186\" height=\"124\" srcset=\"https:\/\/isarta.com\/infos\/wp-content\/uploads\/2014\/07\/table_ronde-300x200.jpg 300w, https:\/\/isarta.com\/infos\/wp-content\/uploads\/2014\/07\/table_ronde-1024x682.jpg 1024w, https:\/\/isarta.com\/infos\/wp-content\/uploads\/2014\/07\/table_ronde.jpg 1800w\" sizes=\"(max-width: 186px) 100vw, 186px\" \/><\/a>Car s&rsquo;il\u00a0<\/span><span class=\"s1\">est pertinent\u00a0de num<\/span><span class=\"s2\">\u00e9<\/span><span class=\"s1\">riser le contenu pour le web,\u00a0encore faut-il\u00a0s<\/span><span class=\"s2\">\u2019<\/span><span class=\"s1\">assurer d<\/span><span class=\"s2\">\u2019<\/span><span class=\"s1\">utiliser le bon support, pr<\/span><span class=\"s2\">\u00e9<\/span><span class=\"s1\">vient Sophie Montreuil, directrice de la recherche et de l<\/span><span class=\"s2\">\u2019\u00e9<\/span><span class=\"s1\">dition <\/span><span class=\"s2\">\u00e0 <\/span><span class=\"s1\">la Biblioth<\/span><span class=\"s2\">\u00e8<\/span><span class=\"s1\">que et Archives nationales du Qu<\/span><span class=\"s2\">\u00e9<\/span><span class=\"s1\">bec (BANQ). Si le support devient d<\/span><span class=\"s2\">\u00e9<\/span><span class=\"s1\">suet, la renum<\/span><span class=\"s2\">\u00e9<\/span><span class=\"s1\">risation du contenu peut repr<\/span><span class=\"s2\">\u00e9<\/span><span class=\"s1\">senter une immense perte de temps. <\/span><span class=\"s2\">\u00c0 <\/span><span class=\"s1\">ce jour, de 2 <\/span><span class=\"s2\">\u00e0 <\/span><span class=\"s1\">3% du million d<\/span><span class=\"s2\">\u2019<\/span><span class=\"s1\">archives patrimoniales sont num<\/span><span class=\"s2\">\u00e9<\/span><span class=\"s1\">ris<\/span><span class=\"s2\">\u00e9<\/span><span class=\"s1\">s <\/span><span class=\"s2\">\u00e0 <\/span><span class=\"s1\">la BANQ. \u00a0<\/span>Cr<\/span><span class=\"s2\">\u00e9<\/span><span class=\"s1\">er une page web pour une exposition c<\/span><span class=\"s2\">\u2019<\/span><span class=\"s1\">est bien, mais utiliser des outils gratuits pour le faire, c<\/span><span class=\"s2\">\u2019<\/span><span class=\"s1\">est mieux. Nancy Proctor, directrice adjointe de l<\/span><span class=\"s2\">\u2019<\/span><span class=\"s1\">exp<\/span><span class=\"s2\">\u00e9<\/span><span class=\"s1\">rience num<\/span><span class=\"s2\">\u00e9<\/span><span class=\"s1\">rique au Baltimore Museum of Art, prend pour exemple les outils Google qui permet de cr<\/span><span class=\"s2\">\u00e9<\/span><span class=\"s1\">er des pages <\/span><span class=\"s2\">\u00e9<\/span><span class=\"s1\">volutives pour s<\/span><span class=\"s2\">\u2019<\/span><span class=\"s1\">assurer que les expositions aient une longue vie sur le web. <\/span><span class=\"s2\">\u00ab<\/span><span class=\"s1\">Si on regarde une page web cr<\/span><span class=\"s2\">\u00e9\u00e9<\/span><span class=\"s1\">e il y a de <\/span><span class=\"s2\">\u00e7<\/span><span class=\"s1\">a 10 ans, l<\/span><span class=\"s2\">\u2019<\/span><span class=\"s1\">esth<\/span><span class=\"s2\">\u00e9<\/span><span class=\"s1\">tisme est d<\/span><span class=\"s2\">\u00e9<\/span><span class=\"s1\">j<\/span><span class=\"s2\">\u00e0 <\/span><span class=\"s1\">largement d<\/span><span class=\"s2\">\u00e9<\/span><span class=\"s1\">pass<\/span><span class=\"s2\">\u00e9e\u00bb<\/span><span class=\"s1\">, lance-t-elle. Jean-Marc Blais, qui est directeur g<\/span><span class=\"s2\">\u00e9<\/span><span class=\"s1\">n<\/span><span class=\"s2\">\u00e9<\/span><span class=\"s1\">ral et vice-pr<\/span><span class=\"s2\">\u00e9<\/span><span class=\"s1\">sident au Mus<\/span><span class=\"s2\">\u00e9<\/span><span class=\"s1\">e canadien de l<\/span><span class=\"s2\">\u2019<\/span><span class=\"s1\">histoire, ajoute que le web peut aller loin et durer longtemps. <\/span><span class=\"s2\">\u00ab<\/span><span class=\"s1\">C<\/span><span class=\"s2\">\u2019<\/span><span class=\"s1\">est important de travailler ensemble avec les technologies de l<\/span><span class=\"s2\">\u2019<\/span><span class=\"s1\">informatique, mart<\/span><span class=\"s2\">\u00e8<\/span><span class=\"s1\">le-t-il. Les milieux doivent se rapprocher et faire ensemble des choix qui tiennent\u00a0compte des mandats respectifs \u00e0 r\u00e9aliser<\/span><span class=\"s2\">\u00bb<\/span><span class=\"s1\">.<\/span><\/p>\n<p class=\"p2\" style=\"text-align: justify;\"><span class=\"s1\">Au mus<\/span><span class=\"s2\">\u00e9<\/span><span class=\"s1\">e McCord, 65% des visites uniques sur le site web passent par la collection num<\/span><span class=\"s2\">\u00e9<\/span><span class=\"s1\">ris<\/span><span class=\"s2\">\u00e9<\/span><span class=\"s1\">e. St<\/span><span class=\"s2\">\u00e9<\/span><span class=\"s1\">phanie Poisson, charg<\/span><span class=\"s2\">\u00e9<\/span><span class=\"s1\">e de projet web et multim<\/span><span class=\"s2\">\u00e9<\/span><span class=\"s1\">dia \u00e0 ce mus<\/span><span class=\"s2\">\u00e9<\/span><span class=\"s1\">e montr\u00e9alais, explique l<\/span><span class=\"s2\">\u2019<\/span><span class=\"s1\">importance de l<\/span><span class=\"s2\">\u2019<\/span><span class=\"s1\">attribution de pages uniques URL pour qu<\/span><span class=\"s2\">\u2019<\/span><span class=\"s1\">elles soient indexables sur les moteurs de recherche comme Google. Cela offre un revenu pour la vente de photos en ligne et un rayonnement international. <\/span><span class=\"s2\">\u00ab<\/span><span class=\"s1\">Mais comment pouvons-nous contr<\/span><span class=\"s2\">\u00f4<\/span><span class=\"s1\">ler l<\/span><span class=\"s2\">\u2019<\/span><span class=\"s1\">usage des nos collections?, demande-t-elle. Sommes-nous pr<\/span><span class=\"s2\">\u00ea<\/span><span class=\"s1\">ts <\/span><span class=\"s2\">\u00e0 <\/span><span class=\"s1\">sacrifier la somme et le rayonnement pour garder le contr<\/span><span class=\"s2\">\u00f4<\/span><span class=\"s1\">le?<\/span><span class=\"s2\">\u00bb<\/span><span class=\"s1\">.<\/span><\/p>\n<p class=\"p2\" style=\"text-align: justify;\"><span class=\"s1\">Le num<\/span><span class=\"s2\">\u00e9<\/span><span class=\"s1\">rique provoque \u00e9galement le d<\/span><span class=\"s2\">\u00e9<\/span><span class=\"s1\">cloisonnement des institutions. Les professionnels des mus<\/span><span class=\"s2\">\u00e9<\/span><span class=\"s1\">es r<\/span><span class=\"s2\">\u00e9<\/span><span class=\"s1\">unis au forum se sont donc mis d&rsquo;accord\u00a0pour accorder une importance grandissante au partage entre les mus<\/span><span class=\"s2\">\u00e9<\/span><span class=\"s1\">es. Une\u00a0collaboration active\u00a0avec les chercheurs universitaires<\/span><span class=\"s1\">\u00a0&#8211; afin de d\u00e9cloisonner le\u00a0monde mus<\/span><span class=\"s2\">\u00e9<\/span><span class=\"s1\">al &#8211; et l&rsquo;aide aux\u00a0plus petites institutions ont \u00e9galement\u00a0fait l&rsquo;objet d&rsquo;un consensus<\/span><span class=\"s1\">.\u00a0<\/span><\/p>\n<p class=\"p2\" style=\"text-align: justify;\">\n<div class=\"brdr2\"><\/div>\n<p style=\"text-align: justify;\">\n<div class=\"likebtn_container\" style=\"clear:both;text-align:center;\"><!-- LikeBtn.com BEGIN --><span class=\"likebtn-wrapper\"  data-identifier=\"post_6386\"  data-site_id=\"5cc1ecd16fd08b776710d1e9\"  data-theme=\"drop\"  data-btn_size=\"100\"  data-icon_l=\"false\"  data-icon_d=\"false\"  data-icon_l_url=\"https:\/\/isarta.com\/infos\/wp-content\/uploads\/2019\/04\/happy.png#64794\"  data-icon_d_url=\"https:\/\/isarta.com\/infos\/wp-content\/uploads\/2019\/04\/sleep.png#64796\"  data-icon_size=\"58\"  data-icon_l_c=\"#771414\"  data-bg_c=\"#ffffff\"  data-bg_c_v=\"#ffffff\"  data-brdr_c=\"#ffffff\"  data-f_size=\"11\"  data-f_family=\"Tahoma\"  data-counter_fs=\"b\"  data-lang=\"fr\"  data-ef_voting=\"wobble\"  data-dislike_enabled=\"false\"  data-counter_type=\"percent\"  data-counter_show=\"false\"  data-tooltip_enabled=\"false\"  data-tooltip_like_show_always=\"true\"  data-white_label=\"true\"  data-i18n_like=\"Aimer \/ Partager\"  data-i18n_dislike=\"Pas aim\u00e9\"  data-style=\"\"  data-unlike_allowed=\"\"  data-show_copyright=\"\"  data-item_url=\"https:\/\/isarta.com\/infos\/dossier-les-musees-a-lere-numerique-3-expositions-virtuelles-et-contenu-web\/\"  data-item_title=\"Dossier: les mus\u00e9es \u00e0 l&#039;\u00e8re num\u00e9rique. 3- expositions virtuelles et contenu Web\"  data-item_image=\"https:\/\/isarta.com\/infos\/wp-content\/uploads\/2014\/07\/printemps_numerique_ban_v2-2_1.png\"  data-item_date=\"2014-07-30T11:03:59-04:00\"  data-engine=\"WordPress\"  data-plugin_v=\"2.6.54\"  data-prx=\"https:\/\/isarta.com\/infos\/wp-admin\/admin-ajax.php?action=likebtn_prx\"  data-event_handler=\"likebtn_eh\" ><\/span><!-- LikeBtn.com END --><\/p>\n<hr size=\"3\"><\/div>\n","protected":false},"excerpt":{"rendered":"<p>La\u00a0Soci\u00e9t\u00e9 des mus\u00e9es du Qu\u00e9bec\u00a0(SMQ) a convi\u00e9\u00a0ses membres, en\u00a0juin dernier \u00e0 la Soci\u00e9t\u00e9 des arts num\u00e9riques (SAT) de Montr\u00e9al,\u00a0\u00e0\u00a0une importante r\u00e9flexion concernant\u00a0Les mus\u00e9es \u00e0 l\u2019\u00e8re num\u00e9rique\u00a0dans le cadre du printemps num\u00e9rique.\u00a0La journ\u00e9e, organis\u00e9e au\u00a0quart de tour, a permis aux travailleurs de mus\u00e9es de partager leurs bons coups en plus\u00a0de d\u00e9finir les probl\u00e8mes et les dilemmes [&hellip;]<\/p>\n<div class=\"likebtn_container\" style=\"clear:both;text-align:center;\"><!-- LikeBtn.com BEGIN --><span class=\"likebtn-wrapper\"  data-identifier=\"post_6386\"  data-site_id=\"5cc1ecd16fd08b776710d1e9\"  data-theme=\"drop\"  data-btn_size=\"100\"  data-icon_l=\"false\"  data-icon_d=\"false\"  data-icon_l_url=\"https:\/\/isarta.com\/infos\/wp-content\/uploads\/2019\/04\/happy.png#64794\"  data-icon_d_url=\"https:\/\/isarta.com\/infos\/wp-content\/uploads\/2019\/04\/sleep.png#64796\"  data-icon_size=\"58\"  data-icon_l_c=\"#771414\"  data-bg_c=\"#ffffff\"  data-bg_c_v=\"#ffffff\"  data-brdr_c=\"#ffffff\"  data-f_size=\"11\"  data-f_family=\"Tahoma\"  data-counter_fs=\"b\"  data-lang=\"fr\"  data-ef_voting=\"wobble\"  data-dislike_enabled=\"false\"  data-counter_type=\"percent\"  data-counter_show=\"false\"  data-tooltip_enabled=\"false\"  data-tooltip_like_show_always=\"true\"  data-white_label=\"true\"  data-i18n_like=\"Aimer \/ Partager\"  data-i18n_dislike=\"Pas aim\u00e9\"  data-style=\"\"  data-unlike_allowed=\"\"  data-show_copyright=\"\"  data-item_url=\"https:\/\/isarta.com\/infos\/dossier-les-musees-a-lere-numerique-3-expositions-virtuelles-et-contenu-web\/\"  data-item_title=\"Dossier: les mus\u00e9es \u00e0 l&#039;\u00e8re num\u00e9rique. 3- expositions virtuelles et contenu Web\"  data-item_image=\"https:\/\/isarta.com\/infos\/wp-content\/uploads\/2014\/07\/printemps_numerique_ban_v2-2_1.png\"  data-item_date=\"2014-07-30T11:03:59-04:00\"  data-engine=\"WordPress\"  data-plugin_v=\"2.6.54\"  data-prx=\"https:\/\/isarta.com\/infos\/wp-admin\/admin-ajax.php?action=likebtn_prx\"  data-event_handler=\"likebtn_eh\" ><\/span><!-- LikeBtn.com END --><hr size=\"3\"><\/div>","protected":false},"author":34,"featured_media":6064,"comment_status":"open","ping_status":"open","sticky":false,"template":"","format":"standard","meta":[],"categories":[1],"tags":[206],"_links":{"self":[{"href":"https:\/\/isarta.com\/infos\/wp-json\/wp\/v2\/posts\/6386"}],"collection":[{"href":"https:\/\/isarta.com\/infos\/wp-json\/wp\/v2\/posts"}],"about":[{"href":"https:\/\/isarta.com\/infos\/wp-json\/wp\/v2\/types\/post"}],"author":[{"embeddable":true,"href":"https:\/\/isarta.com\/infos\/wp-json\/wp\/v2\/users\/34"}],"replies":[{"embeddable":true,"href":"https:\/\/isarta.com\/infos\/wp-json\/wp\/v2\/comments?post=6386"}],"version-history":[{"count":15,"href":"https:\/\/isarta.com\/infos\/wp-json\/wp\/v2\/posts\/6386\/revisions"}],"predecessor-version":[{"id":6461,"href":"https:\/\/isarta.com\/infos\/wp-json\/wp\/v2\/posts\/6386\/revisions\/6461"}],"wp:featuredmedia":[{"embeddable":true,"href":"https:\/\/isarta.com\/infos\/wp-json\/wp\/v2\/media\/6064"}],"wp:attachment":[{"href":"https:\/\/isarta.com\/infos\/wp-json\/wp\/v2\/media?parent=6386"}],"wp:term":[{"taxonomy":"category","embeddable":true,"href":"https:\/\/isarta.com\/infos\/wp-json\/wp\/v2\/categories?post=6386"},{"taxonomy":"post_tag","embeddable":true,"href":"https:\/\/isarta.com\/infos\/wp-json\/wp\/v2\/tags?post=6386"}],"curies":[{"name":"wp","href":"https:\/\/api.w.org\/{rel}","templated":true}]}}