{"id":63951,"date":"2019-03-28T12:05:56","date_gmt":"2019-03-28T16:05:56","guid":{"rendered":"https:\/\/isarta.com\/infos\/?p=63951"},"modified":"2019-03-28T12:13:37","modified_gmt":"2019-03-28T16:13:37","slug":"les-nouvelles-de-lindustrie-a-savoir-aujourdhui-59","status":"publish","type":"post","link":"https:\/\/isarta.com\/infos\/les-nouvelles-de-lindustrie-a-savoir-aujourdhui-59\/","title":{"rendered":"Les nouvelles de l&rsquo;industrie \u00e0 savoir aujourd&rsquo;hui"},"content":{"rendered":"<p><span style=\"font-size: 12px; color: #999999;\">28 mars 2019<\/span><\/p>\n<ul>\n<li class=\"cat_article_title\"><span style=\"color: #000080;\"><a style=\"color: #000080;\" href=\"https:\/\/isarta.com\/infos\/?p=64009\">Nouvelle offensive des Producteurs de lait du Que\u0301bec avec notamment Marilou, Claude Julien, Marc Bergevin et Anthony Kavanagh<\/a><\/span><\/li>\n<\/ul>\n<p><img loading=\"lazy\" class=\"alignleft size-medium wp-image-64012\" src=\"https:\/\/isarta.com\/infos\/wp-content\/uploads\/2019\/03\/Fromage-lg2-300x156.png\" alt=\"\" width=\"300\" height=\"156\" srcset=\"https:\/\/isarta.com\/infos\/wp-content\/uploads\/2019\/03\/Fromage-lg2-300x156.png 300w, https:\/\/isarta.com\/infos\/wp-content\/uploads\/2019\/03\/Fromage-lg2-768x399.png 768w, https:\/\/isarta.com\/infos\/wp-content\/uploads\/2019\/03\/Fromage-lg2.png 912w\" sizes=\"(max-width: 300px) 100vw, 300px\" \/>Souhaitant capitaliser sur la pre\u0301fe\u0301rence pour les fromages d\u2019ici et la volonte\u0301 d\u2019acheter des produits locaux, les Producteurs de lait du Que\u0301bec (PLQ) lancent une nouvelle campagne pour inciter les consommateurs a\u0300 ve\u0301rifier la provenance de ceux-ci au moment de l\u2019achat. Des personnalite\u0301s que\u0301be\u0301coises bien connues comme Marilou, Claude Julien et Marc Bergevin se joignent a\u0300 Anthony Kavanagh pour de\u0301montrer qu\u2019il est possible de savourer les 600 fromages d\u2019ici dans autant d\u2019occasions<\/p>\n<p>Pour lire la suite, <span style=\"color: #3366ff;\"><a style=\"color: #3366ff;\" href=\"https:\/\/isarta.com\/infos\/?p=64009\" target=\"_blank\" rel=\"noopener\">cliquez ici<\/a>.<\/span><\/p>\n<div class=\"brdr2\"><\/div>\n<ul>\n<li class=\"cat_article_title\"><span style=\"color: #000080;\"><a style=\"color: #000080;\" href=\"https:\/\/isarta.com\/infos\/?p=64033\">\u00ab Aussi proche qu\u2019un voisin \u00bb : Havas Montr\u00e9al revisite le voisinage avec Couche-Tard<\/a><\/span><\/li>\n<\/ul>\n<p><img loading=\"lazy\" class=\"alignleft wp-image-64034\" src=\"https:\/\/isarta.com\/infos\/wp-content\/uploads\/2019\/03\/Couche-tard-300x158.png\" alt=\"\" width=\"258\" height=\"136\" srcset=\"https:\/\/isarta.com\/infos\/wp-content\/uploads\/2019\/03\/Couche-tard-300x158.png 300w, https:\/\/isarta.com\/infos\/wp-content\/uploads\/2019\/03\/Couche-tard-768x406.png 768w, https:\/\/isarta.com\/infos\/wp-content\/uploads\/2019\/03\/Couche-tard.png 937w\" sizes=\"(max-width: 258px) 100vw, 258px\" \/>Havas Montr\u00e9al et Couche-Tard reviennent avec deux nouvelles ex\u00e9cutions pr\u00e9sentant la vari\u00e9t\u00e9 de l\u2019offre des magasins sur la plateforme<\/p>\n<p>Pour lire la suite, <span style=\"color: #3366ff;\"><a style=\"color: #3366ff;\" href=\"https:\/\/isarta.com\/infos\/?p=64033\" target=\"_blank\" rel=\"noopener\">cliquez ici<\/a>.<\/span><\/p>\n<div class=\"brdr2\"><\/div>\n<ul>\n<li class=\"cat_article_title\"><span style=\"color: #000080;\"><a style=\"color: #000080;\" href=\"https:\/\/isarta.com\/infos\/?p=63997\">L\u2019agence BLVD s\u2019associe \u00e0 Polymorf Strat\u00e9gies et devient BLVD Agence cr\u00e9ative<\/a><\/span><\/li>\n<\/ul>\n<p><img loading=\"lazy\" class=\"alignleft wp-image-63998\" src=\"https:\/\/isarta.com\/infos\/wp-content\/uploads\/2019\/03\/BLVD-300x211.png\" alt=\"\" width=\"208\" height=\"146\" srcset=\"https:\/\/isarta.com\/infos\/wp-content\/uploads\/2019\/03\/BLVD-300x211.png 300w, https:\/\/isarta.com\/infos\/wp-content\/uploads\/2019\/03\/BLVD.png 703w\" sizes=\"(max-width: 208px) 100vw, 208px\" \/>L\u2019agence BLVD, firme de production \u00e9v\u00e9nementielle et Polymorf Strat\u00e9gies, services-conseils en strat\u00e9gie et cr\u00e9ation s\u2019unissent sous une toute nouvelle enseigne\u00a0: BLVD Agence Cr\u00e9ative.<\/p>\n<p>Pour lire la suite, <span style=\"color: #3366ff;\"><a style=\"color: #3366ff;\" href=\"https:\/\/isarta.com\/infos\/?p=63997\" target=\"_blank\" rel=\"noopener\">cliquez ici<\/a>.<\/span><\/p>\n<div class=\"brdr2\"><\/div>\n<ul>\n<li class=\"cat_article_title\"><span style=\"color: #000080;\"><a style=\"color: #000080;\" href=\"https:\/\/isarta.com\/infos\/?p=64001\">La Capitale choisit Hamak comme agence m\u00e9dia num\u00e9rique<\/a><\/span><\/li>\n<\/ul>\n<p><img loading=\"lazy\" class=\"alignleft size-medium wp-image-64003\" src=\"https:\/\/isarta.com\/infos\/wp-content\/uploads\/2019\/03\/LaCapitale_Hamak_2-300x157.jpg\" alt=\"\" width=\"300\" height=\"157\" srcset=\"https:\/\/isarta.com\/infos\/wp-content\/uploads\/2019\/03\/LaCapitale_Hamak_2-300x157.jpg 300w, https:\/\/isarta.com\/infos\/wp-content\/uploads\/2019\/03\/LaCapitale_Hamak_2-768x402.jpg 768w, https:\/\/isarta.com\/infos\/wp-content\/uploads\/2019\/03\/LaCapitale_Hamak_2-1024x536.jpg 1024w, https:\/\/isarta.com\/infos\/wp-content\/uploads\/2019\/03\/LaCapitale_Hamak_2.jpg 1200w\" sizes=\"(max-width: 300px) 100vw, 300px\" \/>Hamak soutiendra La Capitale dans ses efforts d\u2019achats m\u00e9dia en 2019. Pour ce mandat, l&rsquo;agence misera sur son esprit cr\u00e9atif et sa ma\u00eetrise des plus r\u00e9centes technologies marketing pour maximiser la performance num\u00e9rique de La Capitale<\/p>\n<p>Pour lire la suite, <span style=\"color: #3366ff;\"><a style=\"color: #3366ff;\" href=\"https:\/\/isarta.com\/infos\/?p=64001\" target=\"_blank\" rel=\"noopener\">cliquez ici<\/a>.<\/span><\/p>\n<div class=\"brdr2\"><\/div>\n<ul>\n<li class=\"cat_article_title\"><span style=\"color: #000080;\"><a style=\"color: #000080;\" href=\"https:\/\/isarta.com\/infos\/?p=63994\">L\u2019exp\u00e9rience client comme levier strat\u00e9gique : le nouveau positionnement de Tink profitabilit\u00e9 num\u00e9rique<\/a><\/span><\/li>\n<\/ul>\n<p><img loading=\"lazy\" class=\"alignleft wp-image-63995\" src=\"https:\/\/isarta.com\/infos\/wp-content\/uploads\/2019\/03\/PilliersServices_Tink-300x242.png\" alt=\"\" width=\"167\" height=\"135\" srcset=\"https:\/\/isarta.com\/infos\/wp-content\/uploads\/2019\/03\/PilliersServices_Tink-300x242.png 300w, https:\/\/isarta.com\/infos\/wp-content\/uploads\/2019\/03\/PilliersServices_Tink-768x620.png 768w, https:\/\/isarta.com\/infos\/wp-content\/uploads\/2019\/03\/PilliersServices_Tink-1024x827.png 1024w, https:\/\/isarta.com\/infos\/wp-content\/uploads\/2019\/03\/PilliersServices_Tink.png 1115w\" sizes=\"(max-width: 167px) 100vw, 167px\" \/>Tink profitabilit\u00e9 num\u00e9rique d\u00e9voile son nouveau positionnement\u00a0: la transformation num\u00e9rique centr\u00e9e sur l&rsquo;exp\u00e9rience client. Celle-ci s&rsquo;articule autour de quatre grandes familles d&rsquo;expertise\u00a0: conseil et strat\u00e9gie, cr\u00e9ation d\u2019exp\u00e9rience, technologie et op\u00e9rations et intelligence client.<\/p>\n<p>Pour lire la suite, <span style=\"color: #3366ff;\"><a style=\"color: #3366ff;\" href=\"https:\/\/isarta.com\/infos\/?p=63994\" target=\"_blank\" rel=\"noopener\">cliquez ici<\/a>.<\/span><\/p>\n<div class=\"brdr2\"><\/div>\n<ul>\n<li class=\"cat_article_title\"><span style=\"color: #000080;\"><a style=\"color: #000080;\" href=\"https:\/\/isarta.com\/infos\/?p=63981\">L\u2019A2C d\u00e9voile les laur\u00e9ats 2019 de son Temple de la renomme\u0301e<\/a><\/span><\/li>\n<\/ul>\n<p><img loading=\"lazy\" class=\"alignleft size-medium wp-image-63982\" src=\"https:\/\/isarta.com\/infos\/wp-content\/uploads\/2019\/03\/a2c-renommee-temple-2019-300x158.png\" alt=\"\" width=\"300\" height=\"158\" srcset=\"https:\/\/isarta.com\/infos\/wp-content\/uploads\/2019\/03\/a2c-renommee-temple-2019-300x158.png 300w, https:\/\/isarta.com\/infos\/wp-content\/uploads\/2019\/03\/a2c-renommee-temple-2019-768x403.png 768w, https:\/\/isarta.com\/infos\/wp-content\/uploads\/2019\/03\/a2c-renommee-temple-2019-1024x538.png 1024w\" sizes=\"(max-width: 300px) 100vw, 300px\" \/>Les carri\u00e8res de Franc\u0327ois Duffar (profil Ba\u0302tisseur), Jean-Jacques Stre\u0301liski (profil Phare) et Pierre Lalande (profil Allie\u0301) seront c\u00e9l\u00e9br\u00e9es le 7 mai prochain. Cette initiative annuelle vise a\u0300 souligner les carrie\u0300res de grands visionnaires ayant contribue\u0301 de fac\u0327on exceptionnelle a\u0300 l\u2019excellence et a\u0300 la vitalite\u0301 de l\u2019industrie de la communication marketing e\u0301largie au Que\u0301bec. Les re\u0301cipiendaires ont e\u0301te\u0301 se\u0301lectionne\u0301s par le conseil d\u2019administration de l\u2019A2C.<\/p>\n<p>Pour lire la suite, <span style=\"color: #3366ff;\"><a style=\"color: #3366ff;\" href=\"https:\/\/isarta.com\/infos\/?p=63981\" target=\"_blank\" rel=\"noopener\">cliquez ici<\/a>.<\/span><\/p>\n<div class=\"brdr2\"><\/div>\n<ul>\n<li class=\"cat_article_title\"><span style=\"color: #000080;\"><a style=\"color: #000080;\" href=\"https:\/\/isarta.com\/infos\/?p=63979\">FX Innovation fait confiance \u00e0 l\u2019agence Braque<\/a><\/span><\/li>\n<\/ul>\n<p><img loading=\"lazy\" class=\"alignleft size-medium wp-image-57929\" src=\"https:\/\/isarta.com\/infos\/wp-content\/uploads\/2018\/08\/Agence-Braque-300x161.png\" alt=\"\" width=\"300\" height=\"161\" srcset=\"https:\/\/isarta.com\/infos\/wp-content\/uploads\/2018\/08\/Agence-Braque-300x161.png 300w, https:\/\/isarta.com\/infos\/wp-content\/uploads\/2018\/08\/Agence-Braque-768x411.png 768w, https:\/\/isarta.com\/infos\/wp-content\/uploads\/2018\/08\/Agence-Braque-1024x548.png 1024w, https:\/\/isarta.com\/infos\/wp-content\/uploads\/2018\/08\/Agence-Braque.png 1773w\" sizes=\"(max-width: 300px) 100vw, 300px\" \/>Braque est heureuse d\u2019accueillir FX Innovation\u00a0parmi sa client\u00e8le. La\u00a0firme montr\u00e9alaise de technologies de l&rsquo;information,\u00a0r\u00e9cemment reconnue comme chef de file de\u00a0son domaine par la Caisse de d\u00e9p\u00f4t,\u00a0s&rsquo;appuie sur sa maitrise de l&rsquo;infonuagique et de\u00a0l&rsquo;automatisation de la gestion\u00a0des TI pour rayonner au Qu\u00e9bec comme \u00e0 l\u2019international.<\/p>\n<p>Pour lire la suite, <span style=\"color: #3366ff;\"><a style=\"color: #3366ff;\" href=\"https:\/\/isarta.com\/infos\/?p=63979\" target=\"_blank\" rel=\"noopener\">cliquez ici<\/a>.<\/span><\/p>\n<div class=\"brdr2\"><\/div>\n<ul>\n<li class=\"cat_article_title\"><span style=\"color: #000080;\"><a style=\"color: #000080;\" href=\"https:\/\/isarta.com\/infos\/?p=63905\">E\u0301lixir Marketing Olfactif signe une sce\u0301narisation immersive novatrice pour le souper d\u2019ouverture de Vision PDG<\/a><\/span><\/li>\n<\/ul>\n<p><img loading=\"lazy\" class=\"alignleft wp-image-63906\" src=\"https:\/\/isarta.com\/infos\/wp-content\/uploads\/2019\/03\/elixir_banque_national_medias_sociaux_final-300x300.jpg\" alt=\"\" width=\"234\" height=\"234\" srcset=\"https:\/\/isarta.com\/infos\/wp-content\/uploads\/2019\/03\/elixir_banque_national_medias_sociaux_final-300x300.jpg 300w, https:\/\/isarta.com\/infos\/wp-content\/uploads\/2019\/03\/elixir_banque_national_medias_sociaux_final-144x144.jpg 144w, https:\/\/isarta.com\/infos\/wp-content\/uploads\/2019\/03\/elixir_banque_national_medias_sociaux_final.jpg 750w\" sizes=\"(max-width: 234px) 100vw, 234px\" \/>Le 20 fe\u0301vrier dernier, E\u0301lixir Marketing Olfactif a fait vivre a\u0300 plus de 150 leaders de l\u2019industrie des technologies une immersion sensorielle 4D qu\u2019ils ne sont pas pre\u0300s d\u2019oublier ! Le tour de force ? Conjuguer aromachologie et \u0153nologie lors d\u2019une de\u0301gustation de vins avec la sommelie\u0300re et confe\u0301rencie\u0300re Jessica Harnois.<\/p>\n<p>Pour lire la suite, <span style=\"color: #3366ff;\"><a style=\"color: #3366ff;\" href=\"https:\/\/isarta.com\/infos\/?p=63905\" target=\"_blank\" rel=\"noopener\">cliquez ici<\/a>.<\/span><\/p>\n<div class=\"brdr2\"><\/div>\n<div class=\"likebtn_container\" style=\"clear:both;text-align:center;\"><!-- LikeBtn.com BEGIN --><span class=\"likebtn-wrapper\"  data-identifier=\"post_63951\"  data-site_id=\"5cc1ecd16fd08b776710d1e9\"  data-theme=\"drop\"  data-btn_size=\"100\"  data-icon_l=\"false\"  data-icon_d=\"false\"  data-icon_l_url=\"https:\/\/isarta.com\/infos\/wp-content\/uploads\/2019\/04\/happy.png#64794\"  data-icon_d_url=\"https:\/\/isarta.com\/infos\/wp-content\/uploads\/2019\/04\/sleep.png#64796\"  data-icon_size=\"58\"  data-icon_l_c=\"#771414\"  data-bg_c=\"#ffffff\"  data-bg_c_v=\"#ffffff\"  data-brdr_c=\"#ffffff\"  data-f_size=\"11\"  data-f_family=\"Tahoma\"  data-counter_fs=\"b\"  data-lang=\"fr\"  data-ef_voting=\"wobble\"  data-dislike_enabled=\"false\"  data-counter_type=\"percent\"  data-counter_show=\"false\"  data-tooltip_enabled=\"false\"  data-tooltip_like_show_always=\"true\"  data-white_label=\"true\"  data-i18n_like=\"Aimer \/ Partager\"  data-i18n_dislike=\"Pas aim\u00e9\"  data-style=\"\"  data-unlike_allowed=\"\"  data-show_copyright=\"\"  data-item_url=\"https:\/\/isarta.com\/infos\/les-nouvelles-de-lindustrie-a-savoir-aujourdhui-59\/\"  data-item_title=\"Les nouvelles de l&#039;industrie \u00e0 savoir aujourd&#039;hui\"  data-item_image=\"https:\/\/isarta.com\/infos\/wp-content\/uploads\/2019\/03\/Fromage-lg2.png\"  data-item_date=\"2019-03-28T12:05:56-04:00\"  data-engine=\"WordPress\"  data-plugin_v=\"2.6.54\"  data-prx=\"https:\/\/isarta.com\/infos\/wp-admin\/admin-ajax.php?action=likebtn_prx\"  data-event_handler=\"likebtn_eh\" ><\/span><!-- LikeBtn.com END --><\/p>\n<hr size=\"3\"><\/div>\n","protected":false},"excerpt":{"rendered":"<p>&#8211; Nouvelle offensive des Producteurs de lait du Que\u0301bec avec notamment Marilou, Claude Julien, Marc Bergevin et Anthony Kavanagh <br \/>\n&#8211; \u00ab Aussi proche qu\u2019un voisin \u00bb : Havas Montr\u00e9al revisite le voisinage avec Couche-Tard <br \/>\n&#8211; L\u2019agence BLVD s\u2019associe \u00e0 Polymorf Strat\u00e9gies et devient BLVD Agence cr\u00e9ative <br \/>\n&#8211; La Capitale choisit Hamak comme agence m\u00e9dia num\u00e9rique <br \/>\n&#8211; L\u2019exp\u00e9rience client comme levier strat\u00e9gique : le nouveau positionnement de Tink profitabilit\u00e9 num\u00e9rique <br \/>\n&#8211; L\u2019A2C d\u00e9voile les laur\u00e9ats 2019 de son Temple de la renomme\u0301e <\/p>\n<div class=\"likebtn_container\" style=\"clear:both;text-align:center;\"><!-- LikeBtn.com BEGIN --><span class=\"likebtn-wrapper\"  data-identifier=\"post_63951\"  data-site_id=\"5cc1ecd16fd08b776710d1e9\"  data-theme=\"drop\"  data-btn_size=\"100\"  data-icon_l=\"false\"  data-icon_d=\"false\"  data-icon_l_url=\"https:\/\/isarta.com\/infos\/wp-content\/uploads\/2019\/04\/happy.png#64794\"  data-icon_d_url=\"https:\/\/isarta.com\/infos\/wp-content\/uploads\/2019\/04\/sleep.png#64796\"  data-icon_size=\"58\"  data-icon_l_c=\"#771414\"  data-bg_c=\"#ffffff\"  data-bg_c_v=\"#ffffff\"  data-brdr_c=\"#ffffff\"  data-f_size=\"11\"  data-f_family=\"Tahoma\"  data-counter_fs=\"b\"  data-lang=\"fr\"  data-ef_voting=\"wobble\"  data-dislike_enabled=\"false\"  data-counter_type=\"percent\"  data-counter_show=\"false\"  data-tooltip_enabled=\"false\"  data-tooltip_like_show_always=\"true\"  data-white_label=\"true\"  data-i18n_like=\"Aimer \/ Partager\"  data-i18n_dislike=\"Pas aim\u00e9\"  data-style=\"\"  data-unlike_allowed=\"\"  data-show_copyright=\"\"  data-item_url=\"https:\/\/isarta.com\/infos\/les-nouvelles-de-lindustrie-a-savoir-aujourdhui-59\/\"  data-item_title=\"Les nouvelles de l&#039;industrie \u00e0 savoir aujourd&#039;hui\"  data-item_image=\"https:\/\/isarta.com\/infos\/wp-content\/uploads\/2019\/03\/Fromage-lg2.png\"  data-item_date=\"2019-03-28T12:05:56-04:00\"  data-engine=\"WordPress\"  data-plugin_v=\"2.6.54\"  data-prx=\"https:\/\/isarta.com\/infos\/wp-admin\/admin-ajax.php?action=likebtn_prx\"  data-event_handler=\"likebtn_eh\" ><\/span><!-- LikeBtn.com END --><hr size=\"3\"><\/div>","protected":false},"author":1,"featured_media":64012,"comment_status":"open","ping_status":"open","sticky":false,"template":"","format":"standard","meta":[],"categories":[175,117,137],"tags":[314,1176],"_links":{"self":[{"href":"https:\/\/isarta.com\/infos\/wp-json\/wp\/v2\/posts\/63951"}],"collection":[{"href":"https:\/\/isarta.com\/infos\/wp-json\/wp\/v2\/posts"}],"about":[{"href":"https:\/\/isarta.com\/infos\/wp-json\/wp\/v2\/types\/post"}],"author":[{"embeddable":true,"href":"https:\/\/isarta.com\/infos\/wp-json\/wp\/v2\/users\/1"}],"replies":[{"embeddable":true,"href":"https:\/\/isarta.com\/infos\/wp-json\/wp\/v2\/comments?post=63951"}],"version-history":[{"count":4,"href":"https:\/\/isarta.com\/infos\/wp-json\/wp\/v2\/posts\/63951\/revisions"}],"predecessor-version":[{"id":64079,"href":"https:\/\/isarta.com\/infos\/wp-json\/wp\/v2\/posts\/63951\/revisions\/64079"}],"wp:featuredmedia":[{"embeddable":true,"href":"https:\/\/isarta.com\/infos\/wp-json\/wp\/v2\/media\/64012"}],"wp:attachment":[{"href":"https:\/\/isarta.com\/infos\/wp-json\/wp\/v2\/media?parent=63951"}],"wp:term":[{"taxonomy":"category","embeddable":true,"href":"https:\/\/isarta.com\/infos\/wp-json\/wp\/v2\/categories?post=63951"},{"taxonomy":"post_tag","embeddable":true,"href":"https:\/\/isarta.com\/infos\/wp-json\/wp\/v2\/tags?post=63951"}],"curies":[{"name":"wp","href":"https:\/\/api.w.org\/{rel}","templated":true}]}}