{"id":64042,"date":"2019-03-26T17:12:12","date_gmt":"2019-03-26T21:12:12","guid":{"rendered":"https:\/\/isarta.com\/infos\/?p=64042"},"modified":"2019-03-26T17:12:12","modified_gmt":"2019-03-26T21:12:12","slug":"nominations-phil-jones-devient-directeur-de-creation-de-lagence-braque","status":"publish","type":"post","link":"https:\/\/isarta.com\/infos\/nominations-phil-jones-devient-directeur-de-creation-de-lagence-braque\/","title":{"rendered":"[Nominations] Phil Jones devient directeur de cr\u00e9ation de l&rsquo;agence Braque"},"content":{"rendered":"<div id=\"attachment_64043\" style=\"width: 634px\" class=\"wp-caption aligncenter\"><img aria-describedby=\"caption-attachment-64043\" loading=\"lazy\" class=\"wp-image-64043\" src=\"https:\/\/isarta.com\/infos\/wp-content\/uploads\/2019\/03\/Braque-nomination-jones-300x162.png\" alt=\"\" width=\"624\" height=\"337\" srcset=\"https:\/\/isarta.com\/infos\/wp-content\/uploads\/2019\/03\/Braque-nomination-jones-300x162.png 300w, https:\/\/isarta.com\/infos\/wp-content\/uploads\/2019\/03\/Braque-nomination-jones.png 744w\" sizes=\"(max-width: 624px) 100vw, 624px\" \/><\/p>\n<p id=\"caption-attachment-64043\" class=\"wp-caption-text\"><span style=\"font-size: 12px;\"><em>Photo : Pierre Manning shootstudio.ca<\/em><\/span><\/p>\n<\/div>\n<p class=\"p1\"><span class=\"s1\" style=\"font-size: 12px; color: #999999;\">26 mars 2019<\/span><\/p>\n<p class=\"p1\"><strong><span class=\"s1\" style=\"color: #000080; font-size: 20px;\">L\u2019<span style=\"color: #3366ff;\"><a style=\"color: #3366ff;\" href=\"http:\/\/braque.ca\" target=\"_blank\" rel=\"noopener\">Agence Braque<\/a><\/span> vient d\u2019annoncer la nomination de Phil Jones comme directeur de cr\u00e9ation. Apr\u00e8s deux ans comme directeur artistique au sein de l\u2019\u00e9quipe de cr\u00e9ation, Braque lui confie la responsabilit\u00e9 du produit cr\u00e9atif de l\u2019agence et du rayonnement des marques de ses clients.<\/span><\/strong><\/p>\n<p class=\"p1\"><span class=\"s1\">\u00a0<\/span><span class=\"s1\">Le bachelier en Arts de l\u2019UQAM a cumul\u00e9 des fonctions cr\u00e9atives chez Cossette, Bleu Blanc Rouge et Cri en plus d\u2019avoir collabor\u00e9 comme pigiste aupr\u00e8s de plusieurs agences montr\u00e9alaises dont Bob l\u2019agence, DDB Canada et Les \u00c9vad\u00e9s avant de joindre les rangs de l\u2019agence du Vieux-Montr\u00e9al en 2017.<\/span><\/p>\n<blockquote>\n<p class=\"p1\"><span class=\"s1\" style=\"font-size: 16px;\">Phil a su rapidement capter la personnalit\u00e9 cr\u00e9ative de l\u2019agence et s\u2019est d\u00e9marqu\u00e9 comme leader pour voir \u00e0 son \u00e9volution. \u00c0 l\u2019image de Braque, Phil est un communicateur multicanal qui sait composer avec les r\u00e9alit\u00e9s marketing d\u2019aujourd\u2019hui. Son caract\u00e8re entrepreneurial a \u00e9galement attir\u00e9 notre attention\u2009\u00bb, souligne Jean-Marc Demers, pr\u00e9sident-directeur g\u00e9n\u00e9ral de Braque. \u00ab\u2009Nous avons h\u00e2te de mettre \u00e0 profit sa cr\u00e9ativit\u00e9 dans toutes les facettes de notre vie d\u2019agence, et pas seulement pour le produit cr\u00e9atif\u2009\u00bb, ajoute-t-il.<\/span><\/p>\n<\/blockquote>\n<p class=\"p1\"><span class=\"s1\">Le nouveau directeur de cr\u00e9ation a toujours \u00e9t\u00e9 anim\u00e9 par la recherche de la grande id\u00e9e, guid\u00e9 par des mentors qui l\u2019ont inspir\u00e9 \u00e0 atteindre ses nouvelles fonctions chez Braque :<\/span><\/p>\n<blockquote>\n<p class=\"p1\"><span class=\"s1\" style=\"font-size: 16px;\">\u00c0 travers les ann\u00e9es, j\u2019ai eu la chance d\u2019apprendre de plusieurs directeurs de cr\u00e9ation de renom qui ont su m\u2019emmener \u00e0 me surpasser sur une base quotidienne. Je suis extr\u00eamement reconnaissant envers chacun d\u2019eux.\u2009\u00bb Et c\u2019est la t\u00eate pleine de projets pour l\u2019agence qu\u2019il aborde ce nouveau d\u00e9fi : \u00ab\u2009Je suis tr\u00e8s choy\u00e9 par cette nomination et je compte en profiter pour faire de Braque une agence cr\u00e9ative qui saura attirer de nouveaux clients, mais aussi une rel\u00e8ve talentueuse. Braque entre dans une nouvelle \u00e8re de croissance et toute l\u2019\u00e9quipe est motiv\u00e9e par ce qui s\u2019en vient\u2009\u00bb, conclut Phil Jones.<\/span><\/p>\n<\/blockquote>\n<p class=\"p1\"><span class=\"s1\">L\u2019agence, situ\u00e9e dans le Vieux-Montr\u00e9al, offre un service de communications int\u00e9gr\u00e9es qui comprend strat\u00e9gie, cr\u00e9ation,\u00a0design, m\u00e9dia, marketing de contenu et num\u00e9rique. Elle compte parmi sa client\u00e8le Choice Hotels Canada, Aliments Ouimet-Cordon Bleu, Johnsonville Sausage, FX Innovation, Mito Sushi, Emballage Cartier, Gardium, Total Canada, \u00c9rabli\u00e8re Les Sucreries d&rsquo;Or,\u00a0Transplant Qu\u00e9bec, SBK T\u00e9l\u00e9com et Odessa Poissonnier.<\/span><\/p>\n<div class=\"likebtn_container\" style=\"clear:both;text-align:center;\"><!-- LikeBtn.com BEGIN --><span class=\"likebtn-wrapper\"  data-identifier=\"post_64042\"  data-site_id=\"5cc1ecd16fd08b776710d1e9\"  data-theme=\"drop\"  data-btn_size=\"100\"  data-icon_l=\"false\"  data-icon_d=\"false\"  data-icon_l_url=\"https:\/\/isarta.com\/infos\/wp-content\/uploads\/2019\/04\/happy.png#64794\"  data-icon_d_url=\"https:\/\/isarta.com\/infos\/wp-content\/uploads\/2019\/04\/sleep.png#64796\"  data-icon_size=\"58\"  data-icon_l_c=\"#771414\"  data-bg_c=\"#ffffff\"  data-bg_c_v=\"#ffffff\"  data-brdr_c=\"#ffffff\"  data-f_size=\"11\"  data-f_family=\"Tahoma\"  data-counter_fs=\"b\"  data-lang=\"fr\"  data-ef_voting=\"wobble\"  data-dislike_enabled=\"false\"  data-counter_type=\"percent\"  data-counter_show=\"false\"  data-tooltip_enabled=\"false\"  data-tooltip_like_show_always=\"true\"  data-white_label=\"true\"  data-i18n_like=\"Aimer \/ Partager\"  data-i18n_dislike=\"Pas aim\u00e9\"  data-style=\"\"  data-unlike_allowed=\"\"  data-show_copyright=\"\"  data-item_url=\"https:\/\/isarta.com\/infos\/nominations-phil-jones-devient-directeur-de-creation-de-lagence-braque\/\"  data-item_title=\"[Nominations] Phil Jones devient directeur de cr\u00e9ation de l&#039;agence Braque\"  data-item_image=\"https:\/\/isarta.com\/infos\/wp-content\/uploads\/2019\/03\/Braque-nomination-jones.png\"  data-item_date=\"2019-03-26T17:12:12-04:00\"  data-engine=\"WordPress\"  data-plugin_v=\"2.6.54\"  data-prx=\"https:\/\/isarta.com\/infos\/wp-admin\/admin-ajax.php?action=likebtn_prx\"  data-event_handler=\"likebtn_eh\" ><\/span><!-- LikeBtn.com END --><\/p>\n<hr size=\"3\"><\/div>\n","protected":false},"excerpt":{"rendered":"<p>L\u2019Agence Braque vient d\u2019annoncer la nomination de Phil Jones comme directeur de cr\u00e9ation. Apr\u00e8s deux ans comme directeur artistique au sein de l\u2019\u00e9quipe de cr\u00e9ation, Braque lui confie la responsabilit\u00e9 du produit cr\u00e9atif de l\u2019agence et du rayonnement des marques de ses clients.<\/p>\n<div class=\"likebtn_container\" style=\"clear:both;text-align:center;\"><!-- LikeBtn.com BEGIN --><span class=\"likebtn-wrapper\"  data-identifier=\"post_64042\"  data-site_id=\"5cc1ecd16fd08b776710d1e9\"  data-theme=\"drop\"  data-btn_size=\"100\"  data-icon_l=\"false\"  data-icon_d=\"false\"  data-icon_l_url=\"https:\/\/isarta.com\/infos\/wp-content\/uploads\/2019\/04\/happy.png#64794\"  data-icon_d_url=\"https:\/\/isarta.com\/infos\/wp-content\/uploads\/2019\/04\/sleep.png#64796\"  data-icon_size=\"58\"  data-icon_l_c=\"#771414\"  data-bg_c=\"#ffffff\"  data-bg_c_v=\"#ffffff\"  data-brdr_c=\"#ffffff\"  data-f_size=\"11\"  data-f_family=\"Tahoma\"  data-counter_fs=\"b\"  data-lang=\"fr\"  data-ef_voting=\"wobble\"  data-dislike_enabled=\"false\"  data-counter_type=\"percent\"  data-counter_show=\"false\"  data-tooltip_enabled=\"false\"  data-tooltip_like_show_always=\"true\"  data-white_label=\"true\"  data-i18n_like=\"Aimer \/ Partager\"  data-i18n_dislike=\"Pas aim\u00e9\"  data-style=\"\"  data-unlike_allowed=\"\"  data-show_copyright=\"\"  data-item_url=\"https:\/\/isarta.com\/infos\/nominations-phil-jones-devient-directeur-de-creation-de-lagence-braque\/\"  data-item_title=\"[Nominations] Phil Jones devient directeur de cr\u00e9ation de l&#039;agence Braque\"  data-item_image=\"https:\/\/isarta.com\/infos\/wp-content\/uploads\/2019\/03\/Braque-nomination-jones.png\"  data-item_date=\"2019-03-26T17:12:12-04:00\"  data-engine=\"WordPress\"  data-plugin_v=\"2.6.54\"  data-prx=\"https:\/\/isarta.com\/infos\/wp-admin\/admin-ajax.php?action=likebtn_prx\"  data-event_handler=\"likebtn_eh\" ><\/span><!-- LikeBtn.com END --><hr size=\"3\"><\/div>","protected":false},"author":1,"featured_media":64043,"comment_status":"open","ping_status":"open","sticky":false,"template":"","format":"standard","meta":[],"categories":[195],"tags":[281,1176,225],"_links":{"self":[{"href":"https:\/\/isarta.com\/infos\/wp-json\/wp\/v2\/posts\/64042"}],"collection":[{"href":"https:\/\/isarta.com\/infos\/wp-json\/wp\/v2\/posts"}],"about":[{"href":"https:\/\/isarta.com\/infos\/wp-json\/wp\/v2\/types\/post"}],"author":[{"embeddable":true,"href":"https:\/\/isarta.com\/infos\/wp-json\/wp\/v2\/users\/1"}],"replies":[{"embeddable":true,"href":"https:\/\/isarta.com\/infos\/wp-json\/wp\/v2\/comments?post=64042"}],"version-history":[{"count":1,"href":"https:\/\/isarta.com\/infos\/wp-json\/wp\/v2\/posts\/64042\/revisions"}],"predecessor-version":[{"id":64044,"href":"https:\/\/isarta.com\/infos\/wp-json\/wp\/v2\/posts\/64042\/revisions\/64044"}],"wp:featuredmedia":[{"embeddable":true,"href":"https:\/\/isarta.com\/infos\/wp-json\/wp\/v2\/media\/64043"}],"wp:attachment":[{"href":"https:\/\/isarta.com\/infos\/wp-json\/wp\/v2\/media?parent=64042"}],"wp:term":[{"taxonomy":"category","embeddable":true,"href":"https:\/\/isarta.com\/infos\/wp-json\/wp\/v2\/categories?post=64042"},{"taxonomy":"post_tag","embeddable":true,"href":"https:\/\/isarta.com\/infos\/wp-json\/wp\/v2\/tags?post=64042"}],"curies":[{"name":"wp","href":"https:\/\/api.w.org\/{rel}","templated":true}]}}