{"id":64221,"date":"2019-04-02T13:37:20","date_gmt":"2019-04-02T17:37:20","guid":{"rendered":"https:\/\/isarta.com\/infos\/?p=64221"},"modified":"2019-04-02T13:37:20","modified_gmt":"2019-04-02T17:37:20","slug":"nomination-blvd-agence-creative-accueille-emilie-roy","status":"publish","type":"post","link":"https:\/\/isarta.com\/infos\/nomination-blvd-agence-creative-accueille-emilie-roy\/","title":{"rendered":"[Nomination] BLVD Agence Cr\u00e9ative accueille \u00c9milie Roy\u00a0"},"content":{"rendered":"<p><img loading=\"lazy\" class=\"aligncenter  wp-image-64222\" src=\"https:\/\/isarta.com\/infos\/wp-content\/uploads\/2019\/04\/BLVD-300x230.png\" alt=\"\" width=\"633\" height=\"485\" srcset=\"https:\/\/isarta.com\/infos\/wp-content\/uploads\/2019\/04\/BLVD-300x230.png 300w, https:\/\/isarta.com\/infos\/wp-content\/uploads\/2019\/04\/BLVD-768x589.png 768w, https:\/\/isarta.com\/infos\/wp-content\/uploads\/2019\/04\/BLVD.png 866w\" sizes=\"(max-width: 633px) 100vw, 633px\" \/><\/p>\n<p><span style=\"color: #999999; font-size: 12px;\">2 avril 2019<\/span><\/p>\n<p class=\"p1\"><span style=\"font-size: 20px;\"><strong><span class=\"s1\"><span style=\"color: #000080;\">En r\u00e9ponse \u00e0 la croissance soutenue de ses op\u00e9rations et poursuivant sa strat\u00e9gie d\u2019attraction des meilleurs talents, l\u2019\u00e9quipe de BLVD Agence Cr\u00e9ative vient d\u2019accueillir \u00c9milie Roy (anciennement Conseill\u00e8re \u00e9v\u00e9nements marketing &#8211; TELUS Sant\u00e9 et Charg\u00e9e de projets Campagne annuelle &#8211; LEUCAN Mont\u00e9r\u00e9gie).<\/span> <\/span><\/strong><\/span><\/p>\n<p class=\"p1\"><span class=\"s1\">Ses 15 ann\u00e9es d\u2019exp\u00e9rience en Direction de projet d\u2019\u00e9v\u00e9nements corporatifs, strat\u00e9giques, commerciaux et grand public font d\u2019elle une LEADER \/ OP\u00c9RATION &amp; LOGISTIQUE comp\u00e9tente, proactive et inspirante.<\/span><\/p>\n<p class=\"p1\"><span class=\"s1\">Sa vision \u00e9clair\u00e9e des mod\u00e8les de production et sa passion pour l\u2019innovation contribueront significativement \u00e0 l\u2019expansion de l\u2019agence. \u00c9milie Roy rejoint Mich\u00e8le Bertrand, Mathieu Gosselin et Jean-S\u00e9bastien Girard \u00e0 l\u2019ex\u00e9cutif de l\u2019agence.\u00a0\u00a0\u00a0<\/span><\/p>\n<div class=\"likebtn_container\" style=\"clear:both;text-align:center;\"><!-- LikeBtn.com BEGIN --><span class=\"likebtn-wrapper\"  data-identifier=\"post_64221\"  data-site_id=\"5cc1ecd16fd08b776710d1e9\"  data-theme=\"drop\"  data-btn_size=\"100\"  data-icon_l=\"false\"  data-icon_d=\"false\"  data-icon_l_url=\"https:\/\/isarta.com\/infos\/wp-content\/uploads\/2019\/04\/happy.png#64794\"  data-icon_d_url=\"https:\/\/isarta.com\/infos\/wp-content\/uploads\/2019\/04\/sleep.png#64796\"  data-icon_size=\"58\"  data-icon_l_c=\"#771414\"  data-bg_c=\"#ffffff\"  data-bg_c_v=\"#ffffff\"  data-brdr_c=\"#ffffff\"  data-f_size=\"11\"  data-f_family=\"Tahoma\"  data-counter_fs=\"b\"  data-lang=\"fr\"  data-ef_voting=\"wobble\"  data-dislike_enabled=\"false\"  data-counter_type=\"percent\"  data-counter_show=\"false\"  data-tooltip_enabled=\"false\"  data-tooltip_like_show_always=\"true\"  data-white_label=\"true\"  data-i18n_like=\"Aimer \/ Partager\"  data-i18n_dislike=\"Pas aim\u00e9\"  data-style=\"\"  data-unlike_allowed=\"\"  data-show_copyright=\"\"  data-item_url=\"https:\/\/isarta.com\/infos\/nomination-blvd-agence-creative-accueille-emilie-roy\/\"  data-item_title=\"[Nomination] BLVD Agence Cr\u00e9ative accueille \u00c9milie Roy\u00a0\"  data-item_image=\"https:\/\/isarta.com\/infos\/wp-content\/uploads\/2019\/04\/BLVD.png\"  data-item_date=\"2019-04-02T13:37:20-04:00\"  data-engine=\"WordPress\"  data-plugin_v=\"2.6.54\"  data-prx=\"https:\/\/isarta.com\/infos\/wp-admin\/admin-ajax.php?action=likebtn_prx\"  data-event_handler=\"likebtn_eh\" ><\/span><!-- LikeBtn.com END --><\/p>\n<hr size=\"3\"><\/div>\n","protected":false},"excerpt":{"rendered":"<p>En r\u00e9ponse \u00e0 la croissance soutenue de ses op\u00e9rations et poursuivant sa strat\u00e9gie d\u2019attraction des meilleurs talents, l\u2019\u00e9quipe de BLVD Agence Cr\u00e9ative vient d\u2019accueillir \u00c9milie Roy (anciennement Conseill\u00e8re \u00e9v\u00e9nements marketing &#8211; TELUS Sant\u00e9 et Charg\u00e9e de projets Campagne annuelle &#8211; LEUCAN Mont\u00e9r\u00e9gie).<\/p>\n<div class=\"likebtn_container\" style=\"clear:both;text-align:center;\"><!-- LikeBtn.com BEGIN --><span class=\"likebtn-wrapper\"  data-identifier=\"post_64221\"  data-site_id=\"5cc1ecd16fd08b776710d1e9\"  data-theme=\"drop\"  data-btn_size=\"100\"  data-icon_l=\"false\"  data-icon_d=\"false\"  data-icon_l_url=\"https:\/\/isarta.com\/infos\/wp-content\/uploads\/2019\/04\/happy.png#64794\"  data-icon_d_url=\"https:\/\/isarta.com\/infos\/wp-content\/uploads\/2019\/04\/sleep.png#64796\"  data-icon_size=\"58\"  data-icon_l_c=\"#771414\"  data-bg_c=\"#ffffff\"  data-bg_c_v=\"#ffffff\"  data-brdr_c=\"#ffffff\"  data-f_size=\"11\"  data-f_family=\"Tahoma\"  data-counter_fs=\"b\"  data-lang=\"fr\"  data-ef_voting=\"wobble\"  data-dislike_enabled=\"false\"  data-counter_type=\"percent\"  data-counter_show=\"false\"  data-tooltip_enabled=\"false\"  data-tooltip_like_show_always=\"true\"  data-white_label=\"true\"  data-i18n_like=\"Aimer \/ Partager\"  data-i18n_dislike=\"Pas aim\u00e9\"  data-style=\"\"  data-unlike_allowed=\"\"  data-show_copyright=\"\"  data-item_url=\"https:\/\/isarta.com\/infos\/nomination-blvd-agence-creative-accueille-emilie-roy\/\"  data-item_title=\"[Nomination] BLVD Agence Cr\u00e9ative accueille \u00c9milie Roy\u00a0\"  data-item_image=\"https:\/\/isarta.com\/infos\/wp-content\/uploads\/2019\/04\/BLVD.png\"  data-item_date=\"2019-04-02T13:37:20-04:00\"  data-engine=\"WordPress\"  data-plugin_v=\"2.6.54\"  data-prx=\"https:\/\/isarta.com\/infos\/wp-admin\/admin-ajax.php?action=likebtn_prx\"  data-event_handler=\"likebtn_eh\" ><\/span><!-- LikeBtn.com END --><hr size=\"3\"><\/div>","protected":false},"author":1,"featured_media":64222,"comment_status":"open","ping_status":"open","sticky":false,"template":"","format":"standard","meta":[],"categories":[195],"tags":[441,1176,225],"_links":{"self":[{"href":"https:\/\/isarta.com\/infos\/wp-json\/wp\/v2\/posts\/64221"}],"collection":[{"href":"https:\/\/isarta.com\/infos\/wp-json\/wp\/v2\/posts"}],"about":[{"href":"https:\/\/isarta.com\/infos\/wp-json\/wp\/v2\/types\/post"}],"author":[{"embeddable":true,"href":"https:\/\/isarta.com\/infos\/wp-json\/wp\/v2\/users\/1"}],"replies":[{"embeddable":true,"href":"https:\/\/isarta.com\/infos\/wp-json\/wp\/v2\/comments?post=64221"}],"version-history":[{"count":1,"href":"https:\/\/isarta.com\/infos\/wp-json\/wp\/v2\/posts\/64221\/revisions"}],"predecessor-version":[{"id":64223,"href":"https:\/\/isarta.com\/infos\/wp-json\/wp\/v2\/posts\/64221\/revisions\/64223"}],"wp:featuredmedia":[{"embeddable":true,"href":"https:\/\/isarta.com\/infos\/wp-json\/wp\/v2\/media\/64222"}],"wp:attachment":[{"href":"https:\/\/isarta.com\/infos\/wp-json\/wp\/v2\/media?parent=64221"}],"wp:term":[{"taxonomy":"category","embeddable":true,"href":"https:\/\/isarta.com\/infos\/wp-json\/wp\/v2\/categories?post=64221"},{"taxonomy":"post_tag","embeddable":true,"href":"https:\/\/isarta.com\/infos\/wp-json\/wp\/v2\/tags?post=64221"}],"curies":[{"name":"wp","href":"https:\/\/api.w.org\/{rel}","templated":true}]}}