{"id":64635,"date":"2019-04-18T09:43:00","date_gmt":"2019-04-18T13:43:00","guid":{"rendered":"https:\/\/isarta.com\/infos\/?p=64635"},"modified":"2019-04-18T09:43:00","modified_gmt":"2019-04-18T13:43:00","slug":"la-federation-des-chambres-immobilieres-du-quebec-fciq-choisit-publicis","status":"publish","type":"post","link":"https:\/\/isarta.com\/infos\/la-federation-des-chambres-immobilieres-du-quebec-fciq-choisit-publicis\/","title":{"rendered":"La F\u00e9d\u00e9ration des chambres immobili\u00e8res du Qu\u00e9bec (FCIQ) choisit Publicis"},"content":{"rendered":"<p><img loading=\"lazy\" class=\" wp-image-64636 aligncenter\" src=\"https:\/\/isarta.com\/infos\/wp-content\/uploads\/2019\/04\/Immobilier-Quebec-300x124.png\" alt=\"\" width=\"726\" height=\"300\" srcset=\"https:\/\/isarta.com\/infos\/wp-content\/uploads\/2019\/04\/Immobilier-Quebec-300x124.png 300w, https:\/\/isarta.com\/infos\/wp-content\/uploads\/2019\/04\/Immobilier-Quebec-768x318.png 768w, https:\/\/isarta.com\/infos\/wp-content\/uploads\/2019\/04\/Immobilier-Quebec-1024x424.png 1024w, https:\/\/isarta.com\/infos\/wp-content\/uploads\/2019\/04\/Immobilier-Quebec.png 1214w\" sizes=\"(max-width: 726px) 100vw, 726px\" \/><\/p>\n<p class=\"p2\"><span class=\"s1\" style=\"font-size: 12px; color: #999999;\">18 avril 2019<\/span><\/p>\n<p class=\"p2\"><span style=\"color: #000080; font-size: 20px;\"><strong><span class=\"s1\">La F\u00e9d\u00e9ration des chambres immobili\u00e8res du Qu\u00e9bec a choisi l\u2019agence Publicis pour sa prochaine campagne de notori\u00e9t\u00e9 et d\u2019image.\u00a0\u00a0<\/span><\/strong><\/span><\/p>\n<p class=\"p2\"><span class=\"s1\">Publicis aura comme mandat d\u2019offrir un accompagnement strat\u00e9gique et cr\u00e9atif, en plus de cr\u00e9er et de d\u00e9ployer la campagne d\u00e9velopp\u00e9e. Spark Foundry, une division de Publicis Media, sera responsable de la planification m\u00e9dia.<\/span><\/p>\n<p class=\"p2\"><span class=\"s1\">Ce mandat est abord\u00e9 avec la nouvelle fa\u00e7on de travailler, plus agile et flexible de Publicis assurant une quantit\u00e9 de contenu pertinent \u00e0 co\u00fbt abordable.<\/span><\/p>\n<blockquote>\n<p class=\"p2\"><span class=\"s1\" style=\"font-size: 16px;\">Nos \u00e9quipes de strat\u00e9gie, de cr\u00e9ation, et de contenu num\u00e9rique travailleront \u00e0 mettre de l\u2019avant la pertinence du courtier, principalement en contexte de premi\u00e8res transactions pour les acheteurs et les vendeurs. Pour ce faire, on se doit de pr\u00f4ner les codes de notre cible, et ce, sur les plateformes les plus adapt\u00e9es. Toute l&rsquo;\u00e9quipe de Publicis est enthousiaste \u00e0 l\u2019id\u00e9e de travailler \u00e0 la valorisation d\u2019un m\u00e9tier tout en exploitant une approche ax\u00e9e sur l\u2019utilisation du num\u00e9rique et des nouvelles technologies. \u00bb, explique Ariane Renaud-Br\u00fbl\u00e9, directrice Contenu.<\/span><\/p>\n<\/blockquote>\n<div class=\"likebtn_container\" style=\"clear:both;text-align:center;\"><!-- LikeBtn.com BEGIN --><span class=\"likebtn-wrapper\"  data-identifier=\"post_64635\"  data-site_id=\"5cc1ecd16fd08b776710d1e9\"  data-theme=\"drop\"  data-btn_size=\"100\"  data-icon_l=\"false\"  data-icon_d=\"false\"  data-icon_l_url=\"https:\/\/isarta.com\/infos\/wp-content\/uploads\/2019\/04\/happy.png#64794\"  data-icon_d_url=\"https:\/\/isarta.com\/infos\/wp-content\/uploads\/2019\/04\/sleep.png#64796\"  data-icon_size=\"58\"  data-icon_l_c=\"#771414\"  data-bg_c=\"#ffffff\"  data-bg_c_v=\"#ffffff\"  data-brdr_c=\"#ffffff\"  data-f_size=\"11\"  data-f_family=\"Tahoma\"  data-counter_fs=\"b\"  data-lang=\"fr\"  data-ef_voting=\"wobble\"  data-dislike_enabled=\"false\"  data-counter_type=\"percent\"  data-counter_show=\"false\"  data-tooltip_enabled=\"false\"  data-tooltip_like_show_always=\"true\"  data-white_label=\"true\"  data-i18n_like=\"Aimer \/ Partager\"  data-i18n_dislike=\"Pas aim\u00e9\"  data-style=\"\"  data-unlike_allowed=\"\"  data-show_copyright=\"\"  data-item_url=\"https:\/\/isarta.com\/infos\/la-federation-des-chambres-immobilieres-du-quebec-fciq-choisit-publicis\/\"  data-item_title=\"La F\u00e9d\u00e9ration des chambres immobili\u00e8res du Qu\u00e9bec (FCIQ) choisit Publicis\"  data-item_image=\"https:\/\/isarta.com\/infos\/wp-content\/uploads\/2019\/04\/Immobilier-Quebec-1024x424.png\"  data-item_date=\"2019-04-18T09:43:00-04:00\"  data-engine=\"WordPress\"  data-plugin_v=\"2.6.54\"  data-prx=\"https:\/\/isarta.com\/infos\/wp-admin\/admin-ajax.php?action=likebtn_prx\"  data-event_handler=\"likebtn_eh\" ><\/span><!-- LikeBtn.com END --><\/p>\n<hr size=\"3\"><\/div>\n","protected":false},"excerpt":{"rendered":"<p>La F\u00e9d\u00e9ration des chambres immobili\u00e8res du Qu\u00e9bec a choisi l\u2019agence Publicis pour sa prochaine campagne de notori\u00e9t\u00e9 et d\u2019image.\u00a0\u00a0<\/p>\n<div class=\"likebtn_container\" style=\"clear:both;text-align:center;\"><!-- LikeBtn.com BEGIN --><span class=\"likebtn-wrapper\"  data-identifier=\"post_64635\"  data-site_id=\"5cc1ecd16fd08b776710d1e9\"  data-theme=\"drop\"  data-btn_size=\"100\"  data-icon_l=\"false\"  data-icon_d=\"false\"  data-icon_l_url=\"https:\/\/isarta.com\/infos\/wp-content\/uploads\/2019\/04\/happy.png#64794\"  data-icon_d_url=\"https:\/\/isarta.com\/infos\/wp-content\/uploads\/2019\/04\/sleep.png#64796\"  data-icon_size=\"58\"  data-icon_l_c=\"#771414\"  data-bg_c=\"#ffffff\"  data-bg_c_v=\"#ffffff\"  data-brdr_c=\"#ffffff\"  data-f_size=\"11\"  data-f_family=\"Tahoma\"  data-counter_fs=\"b\"  data-lang=\"fr\"  data-ef_voting=\"wobble\"  data-dislike_enabled=\"false\"  data-counter_type=\"percent\"  data-counter_show=\"false\"  data-tooltip_enabled=\"false\"  data-tooltip_like_show_always=\"true\"  data-white_label=\"true\"  data-i18n_like=\"Aimer \/ Partager\"  data-i18n_dislike=\"Pas aim\u00e9\"  data-style=\"\"  data-unlike_allowed=\"\"  data-show_copyright=\"\"  data-item_url=\"https:\/\/isarta.com\/infos\/la-federation-des-chambres-immobilieres-du-quebec-fciq-choisit-publicis\/\"  data-item_title=\"La F\u00e9d\u00e9ration des chambres immobili\u00e8res du Qu\u00e9bec (FCIQ) choisit Publicis\"  data-item_image=\"https:\/\/isarta.com\/infos\/wp-content\/uploads\/2019\/04\/Immobilier-Quebec-1024x424.png\"  data-item_date=\"2019-04-18T09:43:00-04:00\"  data-engine=\"WordPress\"  data-plugin_v=\"2.6.54\"  data-prx=\"https:\/\/isarta.com\/infos\/wp-admin\/admin-ajax.php?action=likebtn_prx\"  data-event_handler=\"likebtn_eh\" ><\/span><!-- LikeBtn.com END --><hr size=\"3\"><\/div>","protected":false},"author":1,"featured_media":64636,"comment_status":"open","ping_status":"open","sticky":false,"template":"","format":"standard","meta":[],"categories":[195],"tags":[231],"_links":{"self":[{"href":"https:\/\/isarta.com\/infos\/wp-json\/wp\/v2\/posts\/64635"}],"collection":[{"href":"https:\/\/isarta.com\/infos\/wp-json\/wp\/v2\/posts"}],"about":[{"href":"https:\/\/isarta.com\/infos\/wp-json\/wp\/v2\/types\/post"}],"author":[{"embeddable":true,"href":"https:\/\/isarta.com\/infos\/wp-json\/wp\/v2\/users\/1"}],"replies":[{"embeddable":true,"href":"https:\/\/isarta.com\/infos\/wp-json\/wp\/v2\/comments?post=64635"}],"version-history":[{"count":1,"href":"https:\/\/isarta.com\/infos\/wp-json\/wp\/v2\/posts\/64635\/revisions"}],"predecessor-version":[{"id":64637,"href":"https:\/\/isarta.com\/infos\/wp-json\/wp\/v2\/posts\/64635\/revisions\/64637"}],"wp:featuredmedia":[{"embeddable":true,"href":"https:\/\/isarta.com\/infos\/wp-json\/wp\/v2\/media\/64636"}],"wp:attachment":[{"href":"https:\/\/isarta.com\/infos\/wp-json\/wp\/v2\/media?parent=64635"}],"wp:term":[{"taxonomy":"category","embeddable":true,"href":"https:\/\/isarta.com\/infos\/wp-json\/wp\/v2\/categories?post=64635"},{"taxonomy":"post_tag","embeddable":true,"href":"https:\/\/isarta.com\/infos\/wp-json\/wp\/v2\/tags?post=64635"}],"curies":[{"name":"wp","href":"https:\/\/api.w.org\/{rel}","templated":true}]}}