{"id":65282,"date":"2019-05-16T12:05:41","date_gmt":"2019-05-16T16:05:41","guid":{"rendered":"https:\/\/isarta.com\/infos\/?p=65282"},"modified":"2019-05-16T13:07:26","modified_gmt":"2019-05-16T17:07:26","slug":"les-nouvelles-de-lindustrie-a-savoir-aujourdhui-73","status":"publish","type":"post","link":"https:\/\/isarta.com\/infos\/les-nouvelles-de-lindustrie-a-savoir-aujourdhui-73\/","title":{"rendered":"Les nouvelles de l&rsquo;industrie \u00e0 savoir aujourd&rsquo;hui"},"content":{"rendered":"<p><span style=\"font-size: 12px; color: #999999;\">16 mai 2019<\/span><\/p>\n<ul>\n<li class=\"cat_article_title\"><span style=\"color: #000080;\"><strong><a style=\"color: #000080;\" href=\"https:\/\/isarta.com\/infos\/bruno-guglielminetti-rejoint-le-cefrio-qui-renouvelle-son-equipe\/\">Bruno Guglielminetti rejoint le CEFRIO, qui renouvelle son \u00e9quipe<\/a><\/strong><\/span><\/li>\n<\/ul>\n<p><img loading=\"lazy\" class=\" wp-image-65398 alignleft\" src=\"https:\/\/isarta.com\/infos\/wp-content\/uploads\/2019\/05\/Bruno-Guglielminetti-300x225.jpg\" alt=\"\" width=\"235\" height=\"176\" srcset=\"https:\/\/isarta.com\/infos\/wp-content\/uploads\/2019\/05\/Bruno-Guglielminetti-300x225.jpg 300w, https:\/\/isarta.com\/infos\/wp-content\/uploads\/2019\/05\/Bruno-Guglielminetti-768x576.jpg 768w, https:\/\/isarta.com\/infos\/wp-content\/uploads\/2019\/05\/Bruno-Guglielminetti.jpg 800w\" sizes=\"(max-width: 235px) 100vw, 235px\" \/>M. Michel Langelier, pr\u00e9sident-directeur g\u00e9n\u00e9ral du CEFRIO, vient d&rsquo;annoncer que de nouveaux joueurs se joignent \u00e0 son \u00e9quipe, pour l&rsquo;appuyer dans sa mission d&rsquo;acc\u00e9l\u00e9rer la transformation num\u00e9rique des PME et des organisations du Qu\u00e9bec.<\/p>\n<p>Pour lire la suite, <span style=\"color: #3366ff;\"><a style=\"color: #3366ff;\" href=\"https:\/\/isarta.com\/infos\/bruno-guglielminetti-rejoint-le-cefrio-qui-renouvelle-son-equipe\/\" target=\"_blank\" rel=\"noopener\">cliquez ici<\/a>.<\/span><\/p>\n<div class=\"brdr2\"><\/div>\n<ul>\n<li class=\"cat_article_title\"><span style=\"color: #000080;\"><a style=\"color: #000080;\" href=\"https:\/\/isarta.com\/infos\/nomination-gaelle-cayrol-nommee-a-la-vice-presidence-de-havas-montreal\/\">Ga\u00eblle Cayrol nomm\u00e9e \u00e0 la vice-pr\u00e9sidence de Havas Montr\u00e9al<\/a><\/span><\/li>\n<\/ul>\n<p><img loading=\"lazy\" class=\"alignleft wp-image-65311\" src=\"https:\/\/isarta.com\/infos\/wp-content\/uploads\/2019\/05\/Gaelle_Cayrol-havas-montreal-300x200.jpg\" alt=\"\" width=\"221\" height=\"147\" srcset=\"https:\/\/isarta.com\/infos\/wp-content\/uploads\/2019\/05\/Gaelle_Cayrol-havas-montreal-300x200.jpg 300w, https:\/\/isarta.com\/infos\/wp-content\/uploads\/2019\/05\/Gaelle_Cayrol-havas-montreal-768x512.jpg 768w, https:\/\/isarta.com\/infos\/wp-content\/uploads\/2019\/05\/Gaelle_Cayrol-havas-montreal-1024x683.jpg 1024w, https:\/\/isarta.com\/infos\/wp-content\/uploads\/2019\/05\/Gaelle_Cayrol-havas-montreal-272x182.jpg 272w\" sizes=\"(max-width: 221px) 100vw, 221px\" \/>Apr\u00e8s 3 ans chez Havas Montr\u00e9al en tant que directrice, groupe conseil, Ga\u00eblle Cayrol rejoint la direction de l\u2019agence au titre de Vice-pr\u00e9sidente, service-conseil.<\/p>\n<p>Pour lire la suite, <span style=\"color: #3366ff;\"><a style=\"color: #3366ff;\" href=\"https:\/\/isarta.com\/infos\/nomination-gaelle-cayrol-nommee-a-la-vice-presidence-de-havas-montreal\/\" target=\"_blank\" rel=\"noopener\">cliquez ici<\/a>.<\/span><\/p>\n<div class=\"brdr2\"><\/div>\n<ul>\n<li class=\"cat_article_title\"><span style=\"color: #000080;\"><a style=\"color: #000080;\" href=\"https:\/\/isarta.com\/infos\/35-000-recoltes-lors-de-la-7e-edition-du-bal-en-noir-du-bec\/\">35 000 $ r\u00e9colt\u00e9s lors de la 7e \u00e9dition du Bal en Noir du BEC<\/a><\/span><\/li>\n<\/ul>\n<p><img loading=\"lazy\" class=\"alignleft size-medium wp-image-65340\" src=\"https:\/\/isarta.com\/infos\/wp-content\/uploads\/2019\/05\/Bal-en-noir-BEC-300x200.jpg\" alt=\"\" width=\"300\" height=\"200\" srcset=\"https:\/\/isarta.com\/infos\/wp-content\/uploads\/2019\/05\/Bal-en-noir-BEC-300x200.jpg 300w, https:\/\/isarta.com\/infos\/wp-content\/uploads\/2019\/05\/Bal-en-noir-BEC-768x512.jpg 768w, https:\/\/isarta.com\/infos\/wp-content\/uploads\/2019\/05\/Bal-en-noir-BEC-1024x683.jpg 1024w, https:\/\/isarta.com\/infos\/wp-content\/uploads\/2019\/05\/Bal-en-noir-BEC-272x182.jpg 272w, https:\/\/isarta.com\/infos\/wp-content\/uploads\/2019\/05\/Bal-en-noir-BEC.jpg 2048w\" sizes=\"(max-width: 300px) 100vw, 300px\" \/>Les professionnels des communications et du marketing, rassembl\u00e9s le 9 mai dernier aux Entrep\u00f4ts Dominion pour la 7e \u00e9dition du d\u00e9sormais traditionnel Bal en Noir, ont permis d\u2019amasser un montant de 35 000 $, au b\u00e9n\u00e9fice du\u00a0B\u00e9n\u00e9volat aux communicateurs (BEC).<\/p>\n<p>Pour lire la suite, <span style=\"color: #3366ff;\"><a style=\"color: #3366ff;\" href=\"https:\/\/isarta.com\/infos\/35-000-recoltes-lors-de-la-7e-edition-du-bal-en-noir-du-bec\/\" target=\"_blank\" rel=\"noopener\">cliquez ici<\/a>.<\/span><\/p>\n<div class=\"brdr2\"><\/div>\n<ul>\n<li class=\"cat_article_title\"><span style=\"color: #000080;\"><a style=\"color: #000080;\" href=\"https:\/\/isarta.com\/infos\/nomination-julie-brault-devient-vice-presidente-et-directrice-generale-de-u92-et-alice-smith\/\">Julie Brault devient Vice-pre\u0301sidente et Directrice ge\u0301ne\u0301rale de U92 et Alice &amp; Smith<\/a><\/span><\/li>\n<\/ul>\n<p><img loading=\"lazy\" class=\"alignleft size-medium wp-image-65320\" src=\"https:\/\/isarta.com\/infos\/wp-content\/uploads\/2019\/05\/Julie-Brault-ug2-nomination-300x200.jpg\" alt=\"\" width=\"300\" height=\"200\" srcset=\"https:\/\/isarta.com\/infos\/wp-content\/uploads\/2019\/05\/Julie-Brault-ug2-nomination-300x200.jpg 300w, https:\/\/isarta.com\/infos\/wp-content\/uploads\/2019\/05\/Julie-Brault-ug2-nomination-768x513.jpg 768w, https:\/\/isarta.com\/infos\/wp-content\/uploads\/2019\/05\/Julie-Brault-ug2-nomination-1024x683.jpg 1024w, https:\/\/isarta.com\/infos\/wp-content\/uploads\/2019\/05\/Julie-Brault-ug2-nomination-272x182.jpg 272w, https:\/\/isarta.com\/infos\/wp-content\/uploads\/2019\/05\/Julie-Brault-ug2-nomination.jpg 1500w\" sizes=\"(max-width: 300px) 100vw, 300px\" \/>L\u2019agence d\u2019e\u0301cosyste\u0300mes nume\u0301riques U92 et le studio de ludification Alice &amp; Smith viennent d\u2019annoncer la nomination de Julie Brault en tant que Vice-pre\u0301sidente et Directrice ge\u0301ne\u0301rale. Elle aura pour principale mission de poursuivre la croissance des deux entreprises au sein du collectif Humanise .<\/p>\n<p>Pour lire la suite, <span style=\"color: #3366ff;\"><a style=\"color: #3366ff;\" href=\"https:\/\/isarta.com\/infos\/nomination-julie-brault-devient-vice-presidente-et-directrice-generale-de-u92-et-alice-smith\/\" target=\"_blank\" rel=\"noopener\">cliquez ici<\/a>.<\/span><\/p>\n<div class=\"brdr2\"><\/div>\n<ul>\n<li class=\"cat_article_title\"><span style=\"color: #000080;\"><a style=\"color: #000080;\" href=\"https:\/\/isarta.com\/infos\/agendapr-devoile-sa-nouvelle-plateforme\/\">AgendaPR d\u00e9voile sa nouvelle plateforme<\/a><\/span><\/li>\n<\/ul>\n<p><img loading=\"lazy\" class=\"alignleft wp-image-65345\" src=\"https:\/\/isarta.com\/infos\/wp-content\/uploads\/2019\/05\/AgendaPR-300x259.png\" alt=\"\" width=\"176\" height=\"152\" srcset=\"https:\/\/isarta.com\/infos\/wp-content\/uploads\/2019\/05\/AgendaPR-300x259.png 300w, https:\/\/isarta.com\/infos\/wp-content\/uploads\/2019\/05\/AgendaPR.png 581w\" sizes=\"(max-width: 176px) 100vw, 176px\" \/>Apr\u00e8s 4 ans d\u2019activit\u00e9, le meilleur ami des relationnistes, AgendaPR,\u00a0lance sa nouvelle plateforme \u00e0 la fine pointe de la technologie\u00a0encore plus performante pour les #PRpeople!\u00a0 La fa\u00e7on id\u00e9ale, efficace et gratuite d\u2019\u00e9viter les conflits d\u2019horaire dans l\u2019industrie!<\/p>\n<p>Pour lire la suite, <span style=\"color: #3366ff;\"><a style=\"color: #3366ff;\" href=\"https:\/\/isarta.com\/infos\/agendapr-devoile-sa-nouvelle-plateforme\/\" target=\"_blank\" rel=\"noopener\">cliquez ici<\/a>.<\/span><\/p>\n<div class=\"brdr2\"><\/div>\n<ul>\n<li class=\"cat_article_title\"><span style=\"color: #000080;\"><a style=\"color: #000080;\" href=\"https:\/\/isarta.com\/infos\/kryzalid-signe-le-nouveau-site-web-dinteract\/\">Kryzalid signe le nouveau site Web d\u2019INTERACT<\/a><\/span><\/li>\n<\/ul>\n<p><img loading=\"lazy\" class=\"alignleft wp-image-65317\" src=\"https:\/\/isarta.com\/infos\/wp-content\/uploads\/2019\/05\/Interact-communications-03-300x225.jpg\" alt=\"\" width=\"232\" height=\"174\" srcset=\"https:\/\/isarta.com\/infos\/wp-content\/uploads\/2019\/05\/Interact-communications-03-300x225.jpg 300w, https:\/\/isarta.com\/infos\/wp-content\/uploads\/2019\/05\/Interact-communications-03-768x576.jpg 768w, https:\/\/isarta.com\/infos\/wp-content\/uploads\/2019\/05\/Interact-communications-03-1024x768.jpg 1024w, https:\/\/isarta.com\/infos\/wp-content\/uploads\/2019\/05\/Interact-communications-03.jpg 1200w\" sizes=\"(max-width: 232px) 100vw, 232px\" \/>L\u2019agence web Kryzalid a proce\u0301de\u0301 a\u0300 la refonte du site web d&rsquo;INTERACT avec comme objectif de simplifier le partage de l&rsquo;information sur le programme de recherche en centralisant celle-ci, tout en facilitant l\u2019acce\u0300s aux autres plateformes de communication et de recherche (portail e\u0301tudiant, me\u0301dias sociaux, articles de recherche, pre\u0301sentations, outils et donne\u0301es).<\/p>\n<p>Pour lire la suite, <span style=\"color: #3366ff;\"><a style=\"color: #3366ff;\" href=\"https:\/\/isarta.com\/infos\/kryzalid-signe-le-nouveau-site-web-dinteract\/\" target=\"_blank\" rel=\"noopener\">cliquez ici<\/a>.<\/span><\/p>\n<div class=\"brdr2\"><\/div>\n<ul>\n<li class=\"cat_article_title\"><span style=\"color: #000080;\"><a style=\"color: #000080;\" href=\"https:\/\/isarta.com\/infos\/nomination-deux-nouvelles-recrues-pour-lagence-numerique-hamak\/\">Deux nouvelles recrues pour l\u2019agence num\u00e9rique Hamak<\/a><\/span><\/li>\n<\/ul>\n<p><img loading=\"lazy\" class=\"alignleft wp-image-65262\" src=\"https:\/\/isarta.com\/infos\/wp-content\/uploads\/2019\/05\/HAMAK_MarinaBrisset-e1557760846309-300x234.jpg\" alt=\"\" width=\"160\" height=\"125\" srcset=\"https:\/\/isarta.com\/infos\/wp-content\/uploads\/2019\/05\/HAMAK_MarinaBrisset-e1557760846309-300x234.jpg 300w, https:\/\/isarta.com\/infos\/wp-content\/uploads\/2019\/05\/HAMAK_MarinaBrisset-e1557760846309-768x599.jpg 768w, https:\/\/isarta.com\/infos\/wp-content\/uploads\/2019\/05\/HAMAK_MarinaBrisset-e1557760846309.jpg 800w\" sizes=\"(max-width: 160px) 100vw, 160px\" \/>Hamak annonce l\u2019arriv\u00e9e de Marina Brisset et Mathilde Gaillard au sein de son \u00e9quipe.<\/p>\n<p>Pour lire la suite, <span style=\"color: #3366ff;\"><a style=\"color: #3366ff;\" href=\"https:\/\/isarta.com\/infos\/nomination-deux-nouvelles-recrues-pour-lagence-numerique-hamak\/\" target=\"_blank\" rel=\"noopener\">cliquez ici<\/a>.<\/span><\/p>\n<div class=\"brdr2\"><\/div>\n<ul>\n<li class=\"cat_article_title\"><span style=\"color: #000080;\"><a style=\"color: #000080;\" href=\"https:\/\/isarta.com\/infos\/nomination-rob-booth-rejoint-konversion\/\">Rob Booth rejoint Konversion<\/a><\/span><\/li>\n<\/ul>\n<p><img loading=\"lazy\" class=\"alignleft wp-image-65259\" src=\"https:\/\/isarta.com\/infos\/wp-content\/uploads\/2019\/05\/Rob-Booth-Konversion-nomination-300x179.png\" alt=\"\" width=\"228\" height=\"136\" srcset=\"https:\/\/isarta.com\/infos\/wp-content\/uploads\/2019\/05\/Rob-Booth-Konversion-nomination-300x179.png 300w, https:\/\/isarta.com\/infos\/wp-content\/uploads\/2019\/05\/Rob-Booth-Konversion-nomination.png 519w\" sizes=\"(max-width: 228px) 100vw, 228px\" \/>Fort de plus de vingt ans d\u2019exp\u00e9rience en m\u00e9dias interactifs, Rob Booth a rejoint l\u2019\u00e9quipe service-conseil de Konversion (une division d\u2019Accenture Interactive).<\/p>\n<p>Pour lire la suite, <span style=\"color: #3366ff;\"><a style=\"color: #3366ff;\" href=\"https:\/\/isarta.com\/infos\/nomination-rob-booth-rejoint-konversion\/\" target=\"_blank\" rel=\"noopener\">cliquez ici<\/a>.<\/span><\/p>\n<div class=\"brdr2\"><\/div>\n<ul>\n<li class=\"cat_article_title\"><span style=\"color: #000080;\"><a style=\"color: #000080;\" href=\"https:\/\/isarta.com\/infos\/quebecor-partenaire-media-de-la-derniere-campagne-multiplateformes-daliments-du-quebec\/\">Qu\u00e9becor partenaire m\u00e9dia de la derni\u00e8re campagne multiplateformes d\u2019Aliments du Que\u0301bec<\/a><\/span><\/li>\n<\/ul>\n<p><img loading=\"lazy\" class=\"alignleft wp-image-65248\" src=\"https:\/\/isarta.com\/infos\/wp-content\/uploads\/2019\/05\/Quebecor-aliments-du-quebec-235x300.png\" alt=\"\" width=\"126\" height=\"161\" srcset=\"https:\/\/isarta.com\/infos\/wp-content\/uploads\/2019\/05\/Quebecor-aliments-du-quebec-235x300.png 235w, https:\/\/isarta.com\/infos\/wp-content\/uploads\/2019\/05\/Quebecor-aliments-du-quebec.png 439w\" sizes=\"(max-width: 126px) 100vw, 126px\" \/>Aliments du Que\u0301bec a choisi Que\u0301becor comme partenaire me\u0301dia afin de de\u0301ployer Aliments du Que\u0301bec vole la vedette. L\u2019objectif de cette campagne est d\u2019aller au-dela\u0300 d\u2019une visibilite\u0301 ge\u0301ne\u0301rique en incitant les Que\u0301be\u0301cois a\u0300 consommer plus de produits d\u2019ici. Pour les faire connai\u0302tre, on y met en valeur diffe\u0301rentes marques certifie\u0301es d\u2019Aliments du Que\u0301bec, confirmant ainsi la provenance locale des produits.<\/p>\n<p>Pour lire la suite, <span style=\"color: #3366ff;\"><a style=\"color: #3366ff;\" href=\"https:\/\/isarta.com\/infos\/quebecor-partenaire-media-de-la-derniere-campagne-multiplateformes-daliments-du-quebec\/\" target=\"_blank\" rel=\"noopener\">cliquez ici<\/a>.<\/span><\/p>\n<div class=\"brdr2\"><\/div>\n<div class=\"likebtn_container\" style=\"clear:both;text-align:center;\"><!-- LikeBtn.com BEGIN --><span class=\"likebtn-wrapper\"  data-identifier=\"post_65282\"  data-site_id=\"5cc1ecd16fd08b776710d1e9\"  data-theme=\"drop\"  data-btn_size=\"100\"  data-icon_l=\"false\"  data-icon_d=\"false\"  data-icon_l_url=\"https:\/\/isarta.com\/infos\/wp-content\/uploads\/2019\/04\/happy.png#64794\"  data-icon_d_url=\"https:\/\/isarta.com\/infos\/wp-content\/uploads\/2019\/04\/sleep.png#64796\"  data-icon_size=\"58\"  data-icon_l_c=\"#771414\"  data-bg_c=\"#ffffff\"  data-bg_c_v=\"#ffffff\"  data-brdr_c=\"#ffffff\"  data-f_size=\"11\"  data-f_family=\"Tahoma\"  data-counter_fs=\"b\"  data-lang=\"fr\"  data-ef_voting=\"wobble\"  data-dislike_enabled=\"false\"  data-counter_type=\"percent\"  data-counter_show=\"false\"  data-tooltip_enabled=\"false\"  data-tooltip_like_show_always=\"true\"  data-white_label=\"true\"  data-i18n_like=\"Aimer \/ Partager\"  data-i18n_dislike=\"Pas aim\u00e9\"  data-style=\"\"  data-unlike_allowed=\"\"  data-show_copyright=\"\"  data-item_url=\"https:\/\/isarta.com\/infos\/les-nouvelles-de-lindustrie-a-savoir-aujourdhui-73\/\"  data-item_title=\"Les nouvelles de l&#039;industrie \u00e0 savoir aujourd&#039;hui\"  data-item_image=\"https:\/\/isarta.com\/infos\/wp-content\/uploads\/2019\/05\/Bruno-Guglielminetti.jpg\"  data-item_date=\"2019-05-16T12:05:41-04:00\"  data-engine=\"WordPress\"  data-plugin_v=\"2.6.54\"  data-prx=\"https:\/\/isarta.com\/infos\/wp-admin\/admin-ajax.php?action=likebtn_prx\"  data-event_handler=\"likebtn_eh\" ><\/span><!-- LikeBtn.com END --><\/p>\n<hr size=\"3\"><\/div>\n","protected":false},"excerpt":{"rendered":"<p>&#8211; Bruno Guglielminetti rejoint le CEFRIO, qui renouvelle son \u00e9quipe <br \/>\n&#8211; Ga\u00eblle Cayrol nomm\u00e9e \u00e0 la vice-pr\u00e9sidence de Havas Montr\u00e9al <br \/>\n&#8211; 35 000 $ r\u00e9colt\u00e9s lors de la 7e \u00e9dition du Bal en Noir du BEC <br \/>\n&#8211; Julie Brault devient Vice-pre\u0301sidente et Directrice ge\u0301ne\u0301rale de U92 et Alice &#038; Smith <br \/>\n&#8211; AgendaPR d\u00e9voile sa nouvelle plateforme <br \/>\n&#8211; Kryzalid signe le nouveau site Web d\u2019INTERACT <br \/>\n&#8211; Deux nouvelles recrues pour l\u2019agence num\u00e9rique Hamak <\/p>\n<div class=\"likebtn_container\" style=\"clear:both;text-align:center;\"><!-- LikeBtn.com BEGIN --><span class=\"likebtn-wrapper\"  data-identifier=\"post_65282\"  data-site_id=\"5cc1ecd16fd08b776710d1e9\"  data-theme=\"drop\"  data-btn_size=\"100\"  data-icon_l=\"false\"  data-icon_d=\"false\"  data-icon_l_url=\"https:\/\/isarta.com\/infos\/wp-content\/uploads\/2019\/04\/happy.png#64794\"  data-icon_d_url=\"https:\/\/isarta.com\/infos\/wp-content\/uploads\/2019\/04\/sleep.png#64796\"  data-icon_size=\"58\"  data-icon_l_c=\"#771414\"  data-bg_c=\"#ffffff\"  data-bg_c_v=\"#ffffff\"  data-brdr_c=\"#ffffff\"  data-f_size=\"11\"  data-f_family=\"Tahoma\"  data-counter_fs=\"b\"  data-lang=\"fr\"  data-ef_voting=\"wobble\"  data-dislike_enabled=\"false\"  data-counter_type=\"percent\"  data-counter_show=\"false\"  data-tooltip_enabled=\"false\"  data-tooltip_like_show_always=\"true\"  data-white_label=\"true\"  data-i18n_like=\"Aimer \/ Partager\"  data-i18n_dislike=\"Pas aim\u00e9\"  data-style=\"\"  data-unlike_allowed=\"\"  data-show_copyright=\"\"  data-item_url=\"https:\/\/isarta.com\/infos\/les-nouvelles-de-lindustrie-a-savoir-aujourdhui-73\/\"  data-item_title=\"Les nouvelles de l&#039;industrie \u00e0 savoir aujourd&#039;hui\"  data-item_image=\"https:\/\/isarta.com\/infos\/wp-content\/uploads\/2019\/05\/Bruno-Guglielminetti.jpg\"  data-item_date=\"2019-05-16T12:05:41-04:00\"  data-engine=\"WordPress\"  data-plugin_v=\"2.6.54\"  data-prx=\"https:\/\/isarta.com\/infos\/wp-admin\/admin-ajax.php?action=likebtn_prx\"  data-event_handler=\"likebtn_eh\" ><\/span><!-- LikeBtn.com END --><hr size=\"3\"><\/div>","protected":false},"author":1,"featured_media":65398,"comment_status":"open","ping_status":"open","sticky":false,"template":"","format":"standard","meta":[],"categories":[175,137],"tags":[229,1176],"_links":{"self":[{"href":"https:\/\/isarta.com\/infos\/wp-json\/wp\/v2\/posts\/65282"}],"collection":[{"href":"https:\/\/isarta.com\/infos\/wp-json\/wp\/v2\/posts"}],"about":[{"href":"https:\/\/isarta.com\/infos\/wp-json\/wp\/v2\/types\/post"}],"author":[{"embeddable":true,"href":"https:\/\/isarta.com\/infos\/wp-json\/wp\/v2\/users\/1"}],"replies":[{"embeddable":true,"href":"https:\/\/isarta.com\/infos\/wp-json\/wp\/v2\/comments?post=65282"}],"version-history":[{"count":6,"href":"https:\/\/isarta.com\/infos\/wp-json\/wp\/v2\/posts\/65282\/revisions"}],"predecessor-version":[{"id":65402,"href":"https:\/\/isarta.com\/infos\/wp-json\/wp\/v2\/posts\/65282\/revisions\/65402"}],"wp:featuredmedia":[{"embeddable":true,"href":"https:\/\/isarta.com\/infos\/wp-json\/wp\/v2\/media\/65398"}],"wp:attachment":[{"href":"https:\/\/isarta.com\/infos\/wp-json\/wp\/v2\/media?parent=65282"}],"wp:term":[{"taxonomy":"category","embeddable":true,"href":"https:\/\/isarta.com\/infos\/wp-json\/wp\/v2\/categories?post=65282"},{"taxonomy":"post_tag","embeddable":true,"href":"https:\/\/isarta.com\/infos\/wp-json\/wp\/v2\/tags?post=65282"}],"curies":[{"name":"wp","href":"https:\/\/api.w.org\/{rel}","templated":true}]}}