{"id":65310,"date":"2019-05-14T12:03:23","date_gmt":"2019-05-14T16:03:23","guid":{"rendered":"https:\/\/isarta.com\/infos\/?p=65310"},"modified":"2019-05-14T12:03:51","modified_gmt":"2019-05-14T16:03:51","slug":"nomination-gaelle-cayrol-nommee-a-la-vice-presidence-de-havas-montreal","status":"publish","type":"post","link":"https:\/\/isarta.com\/infos\/nomination-gaelle-cayrol-nommee-a-la-vice-presidence-de-havas-montreal\/","title":{"rendered":"[Nomination] Ga\u00eblle Cayrol nomm\u00e9e \u00e0 la vice-pr\u00e9sidence de Havas Montr\u00e9al"},"content":{"rendered":"<p><img loading=\"lazy\" class=\"aligncenter  wp-image-65311\" src=\"https:\/\/isarta.com\/infos\/wp-content\/uploads\/2019\/05\/Gaelle_Cayrol-havas-montreal-300x200.jpg\" alt=\"\" width=\"1037\" height=\"691\" srcset=\"https:\/\/isarta.com\/infos\/wp-content\/uploads\/2019\/05\/Gaelle_Cayrol-havas-montreal-300x200.jpg 300w, https:\/\/isarta.com\/infos\/wp-content\/uploads\/2019\/05\/Gaelle_Cayrol-havas-montreal-768x512.jpg 768w, https:\/\/isarta.com\/infos\/wp-content\/uploads\/2019\/05\/Gaelle_Cayrol-havas-montreal-1024x683.jpg 1024w, https:\/\/isarta.com\/infos\/wp-content\/uploads\/2019\/05\/Gaelle_Cayrol-havas-montreal-272x182.jpg 272w\" sizes=\"(max-width: 1037px) 100vw, 1037px\" \/><\/p>\n<p class=\"p3\"><span class=\"s1\" style=\"font-size: 12px; color: #999999;\">14 mai 2019<\/span><\/p>\n<p class=\"p3\"><span style=\"font-size: 20px;\"><strong><span class=\"s1\" style=\"color: #000080;\">Apr\u00e8s 3 ans chez <a href=\"http:\/\/mtl.havas.com\/\" target=\"_blank\" rel=\"noopener\"><span style=\"color: #3366ff;\">Havas Montr\u00e9al<\/span><\/a> en tant que directrice, groupe conseil, Ga\u00eblle Cayrol rejoint la direction de l\u2019agence au titre de Vice-pr\u00e9sidente, service-conseil.<\/span><\/strong><\/span><\/p>\n<p class=\"p3\"><span class=\"s1\">Forte de 15 ans d\u2019exp\u00e9rience en publicit\u00e9, Ga\u00eblle est une communicatrice chevronn\u00e9e et une leader rassembleuse. Ces qualit\u00e9s, combin\u00e9es \u00e0 sa grande \u00e9coute, lui permettent de motiver ses \u00e9quipes pour mener \u00e0 bien de grandes campagnes. Elle dirige les projets en \u00e9troite collaboration avec ses clients, avec qui elle r\u00e9ussit toujours \u00e0 d\u00e9velopper une complicit\u00e9 et une relation durable bas\u00e9e sur l\u2019ouverture et le respect.<\/span><\/p>\n<blockquote>\n<p class=\"p3\"><span class=\"s1\" style=\"font-size: 16px;\">C\u2019\u00e9tait une \u00e9vidence, explique Jan-Nicolas Vanderveken,\u00a0pr\u00e9sident et chef de la direction de Havas Montr\u00e9al. Ga\u00eblle est une joueuse d\u2019\u00e9quipe avec un esprit d\u2019entrepreneure; elle a activement contribu\u00e9 \u00e0 la croissance de l\u2019agence au cours des derniers mois, et sa nomination vient confirmer son r\u00f4le de leader au sein de l\u2019\u00e9quipe Havas.\u00a0\u00bb<\/span><\/p>\n<\/blockquote>\n<p class=\"p3\"><span class=\"s1\">Cette nouvelle parle avant tout du d\u00e9veloppement r\u00e9cent de l\u2019agence, <a href=\"https:\/\/isarta.com\/infos\/nomination-carle-coppens-ex-brad-nouveau-directeur-de-la-creation-dhavas-montreal\/\" target=\"_blank\" rel=\"noopener\"><span style=\"color: #3366ff;\">dont t\u00e9moigne l\u2019arriv\u00e9e de Carles Coppens<\/span><\/a> en septembre dernier.<\/span><\/p>\n<blockquote>\n<p class=\"p3\"><span class=\"s1\" style=\"font-size: 16px;\">Je suis tr\u00e8s reconnaissante, confie quant \u00e0 elle Ga\u00eblle Cayrol. Havas est connue pour faire grandir ses talents \u00e0 l\u2019interne et mon nouveau r\u00f4le est en continuit\u00e9 avec les accomplissements de ces derni\u00e8res ann\u00e9es.\u00a0\u00bb<\/span><\/p>\n<\/blockquote>\n<blockquote>\n<p class=\"p3\"><span class=\"s1\" style=\"font-size: 16px;\">J\u2019ai de grandes ambitions pour nos marques, dit-elle en concluant, et je suis ravie que cette philosophie s\u2019applique \u00e0 tout le d\u00e9veloppement d\u2019affaires.\u00a0\u00bb<\/span><\/p>\n<\/blockquote>\n<p class=\"p3\"><span class=\"s1\">Le Groupe Havas est pr\u00e9sent dans plus de 100\u00a0pays. Havas\u00a0Montr\u00e9al regroupe 80\u00a0sp\u00e9cialistes des communications offrant des services de cr\u00e9ation, de conception, de strat\u00e9gie et de production, ainsi qu\u2019une expertise m\u00e9diatique \u00e0 un large \u00e9ventail de marques locales et internationales. La Banque Nationale, Couche-Tard, Flair Airlines, Fromageries Bel, Irving Oil, Qu\u00e9bec en forme et Richter comptent parmi ses principaux clients.<\/span><\/p>\n<div class=\"likebtn_container\" style=\"clear:both;text-align:center;\"><!-- LikeBtn.com BEGIN --><span class=\"likebtn-wrapper\"  data-identifier=\"post_65310\"  data-site_id=\"5cc1ecd16fd08b776710d1e9\"  data-theme=\"drop\"  data-btn_size=\"100\"  data-icon_l=\"false\"  data-icon_d=\"false\"  data-icon_l_url=\"https:\/\/isarta.com\/infos\/wp-content\/uploads\/2019\/04\/happy.png#64794\"  data-icon_d_url=\"https:\/\/isarta.com\/infos\/wp-content\/uploads\/2019\/04\/sleep.png#64796\"  data-icon_size=\"58\"  data-icon_l_c=\"#771414\"  data-bg_c=\"#ffffff\"  data-bg_c_v=\"#ffffff\"  data-brdr_c=\"#ffffff\"  data-f_size=\"11\"  data-f_family=\"Tahoma\"  data-counter_fs=\"b\"  data-lang=\"fr\"  data-ef_voting=\"wobble\"  data-dislike_enabled=\"false\"  data-counter_type=\"percent\"  data-counter_show=\"false\"  data-tooltip_enabled=\"false\"  data-tooltip_like_show_always=\"true\"  data-white_label=\"true\"  data-i18n_like=\"Aimer \/ Partager\"  data-i18n_dislike=\"Pas aim\u00e9\"  data-style=\"\"  data-unlike_allowed=\"\"  data-show_copyright=\"\"  data-item_url=\"https:\/\/isarta.com\/infos\/nomination-gaelle-cayrol-nommee-a-la-vice-presidence-de-havas-montreal\/\"  data-item_title=\"[Nomination] Ga\u00eblle Cayrol nomm\u00e9e \u00e0 la vice-pr\u00e9sidence de Havas Montr\u00e9al\"  data-item_image=\"https:\/\/isarta.com\/infos\/wp-content\/uploads\/2019\/05\/Gaelle_Cayrol-havas-montreal-1024x683.jpg\"  data-item_date=\"2019-05-14T12:03:23-04:00\"  data-engine=\"WordPress\"  data-plugin_v=\"2.6.54\"  data-prx=\"https:\/\/isarta.com\/infos\/wp-admin\/admin-ajax.php?action=likebtn_prx\"  data-event_handler=\"likebtn_eh\" ><\/span><!-- LikeBtn.com END --><\/p>\n<hr size=\"3\"><\/div>\n","protected":false},"excerpt":{"rendered":"<p>Apr\u00e8s 3 ans chez Havas Montr\u00e9al en tant que directrice, groupe conseil, Ga\u00eblle Cayrol rejoint la direction de l\u2019agence au titre de Vice-pr\u00e9sidente, service-conseil.<\/p>\n<div class=\"likebtn_container\" style=\"clear:both;text-align:center;\"><!-- LikeBtn.com BEGIN --><span class=\"likebtn-wrapper\"  data-identifier=\"post_65310\"  data-site_id=\"5cc1ecd16fd08b776710d1e9\"  data-theme=\"drop\"  data-btn_size=\"100\"  data-icon_l=\"false\"  data-icon_d=\"false\"  data-icon_l_url=\"https:\/\/isarta.com\/infos\/wp-content\/uploads\/2019\/04\/happy.png#64794\"  data-icon_d_url=\"https:\/\/isarta.com\/infos\/wp-content\/uploads\/2019\/04\/sleep.png#64796\"  data-icon_size=\"58\"  data-icon_l_c=\"#771414\"  data-bg_c=\"#ffffff\"  data-bg_c_v=\"#ffffff\"  data-brdr_c=\"#ffffff\"  data-f_size=\"11\"  data-f_family=\"Tahoma\"  data-counter_fs=\"b\"  data-lang=\"fr\"  data-ef_voting=\"wobble\"  data-dislike_enabled=\"false\"  data-counter_type=\"percent\"  data-counter_show=\"false\"  data-tooltip_enabled=\"false\"  data-tooltip_like_show_always=\"true\"  data-white_label=\"true\"  data-i18n_like=\"Aimer \/ Partager\"  data-i18n_dislike=\"Pas aim\u00e9\"  data-style=\"\"  data-unlike_allowed=\"\"  data-show_copyright=\"\"  data-item_url=\"https:\/\/isarta.com\/infos\/nomination-gaelle-cayrol-nommee-a-la-vice-presidence-de-havas-montreal\/\"  data-item_title=\"[Nomination] Ga\u00eblle Cayrol nomm\u00e9e \u00e0 la vice-pr\u00e9sidence de Havas Montr\u00e9al\"  data-item_image=\"https:\/\/isarta.com\/infos\/wp-content\/uploads\/2019\/05\/Gaelle_Cayrol-havas-montreal-1024x683.jpg\"  data-item_date=\"2019-05-14T12:03:23-04:00\"  data-engine=\"WordPress\"  data-plugin_v=\"2.6.54\"  data-prx=\"https:\/\/isarta.com\/infos\/wp-admin\/admin-ajax.php?action=likebtn_prx\"  data-event_handler=\"likebtn_eh\" ><\/span><!-- LikeBtn.com END --><hr size=\"3\"><\/div>","protected":false},"author":1,"featured_media":65311,"comment_status":"open","ping_status":"open","sticky":false,"template":"","format":"standard","meta":[],"categories":[195],"tags":[310,225],"_links":{"self":[{"href":"https:\/\/isarta.com\/infos\/wp-json\/wp\/v2\/posts\/65310"}],"collection":[{"href":"https:\/\/isarta.com\/infos\/wp-json\/wp\/v2\/posts"}],"about":[{"href":"https:\/\/isarta.com\/infos\/wp-json\/wp\/v2\/types\/post"}],"author":[{"embeddable":true,"href":"https:\/\/isarta.com\/infos\/wp-json\/wp\/v2\/users\/1"}],"replies":[{"embeddable":true,"href":"https:\/\/isarta.com\/infos\/wp-json\/wp\/v2\/comments?post=65310"}],"version-history":[{"count":2,"href":"https:\/\/isarta.com\/infos\/wp-json\/wp\/v2\/posts\/65310\/revisions"}],"predecessor-version":[{"id":65313,"href":"https:\/\/isarta.com\/infos\/wp-json\/wp\/v2\/posts\/65310\/revisions\/65313"}],"wp:featuredmedia":[{"embeddable":true,"href":"https:\/\/isarta.com\/infos\/wp-json\/wp\/v2\/media\/65311"}],"wp:attachment":[{"href":"https:\/\/isarta.com\/infos\/wp-json\/wp\/v2\/media?parent=65310"}],"wp:term":[{"taxonomy":"category","embeddable":true,"href":"https:\/\/isarta.com\/infos\/wp-json\/wp\/v2\/categories?post=65310"},{"taxonomy":"post_tag","embeddable":true,"href":"https:\/\/isarta.com\/infos\/wp-json\/wp\/v2\/tags?post=65310"}],"curies":[{"name":"wp","href":"https:\/\/api.w.org\/{rel}","templated":true}]}}