{"id":65758,"date":"2019-05-30T12:05:24","date_gmt":"2019-05-30T16:05:24","guid":{"rendered":"https:\/\/isarta.com\/infos\/?p=65758"},"modified":"2019-05-30T14:27:16","modified_gmt":"2019-05-30T18:27:16","slug":"les-nouvelles-de-lindustrie-a-savoir-aujourdhui-77","status":"publish","type":"post","link":"https:\/\/isarta.com\/infos\/les-nouvelles-de-lindustrie-a-savoir-aujourdhui-77\/","title":{"rendered":"Les nouvelles de l&rsquo;industrie \u00e0 savoir aujourd&rsquo;hui"},"content":{"rendered":"<p><span style=\"font-size: 12px; color: #999999;\">30 mai 2019<\/span><\/p>\n<ul>\n<li class=\"cat_article_title\"><strong><span style=\"color: #000080;\"><a style=\"color: #000080;\" href=\"https:\/\/isarta.com\/infos\/gala-arista-2019-qui-sont-les-11-membres-de-la-releve-daffaires-quebecoise-recompenses\/\" target=\"_blank\" rel=\"noopener\">Gala ARISTA 2019 : Qui sont les 11 membres de la rele\u0300ve d\u2019affaires que\u0301be\u0301coise re\u0301compense\u0301s ?<\/a><\/span><\/strong><\/li>\n<\/ul>\n<p><img loading=\"lazy\" class=\"alignleft  wp-image-65705\" src=\"https:\/\/isarta.com\/infos\/wp-content\/uploads\/2019\/05\/Jeune-chambre-quebec-arista-300x100.jpg\" alt=\"\" width=\"408\" height=\"136\" srcset=\"https:\/\/isarta.com\/infos\/wp-content\/uploads\/2019\/05\/Jeune-chambre-quebec-arista-300x100.jpg 300w, https:\/\/isarta.com\/infos\/wp-content\/uploads\/2019\/05\/Jeune-chambre-quebec-arista-768x256.jpg 768w, https:\/\/isarta.com\/infos\/wp-content\/uploads\/2019\/05\/Jeune-chambre-quebec-arista-1024x341.jpg 1024w\" sizes=\"(max-width: 408px) 100vw, 408px\" \/>La Jeune Chambre de commerce de Montre\u0301al vient de de\u0301voiler les laure\u0301ats du 42e concours ARISTA. Pre\u0301sente\u0301 par BMO Groupe financier et pre\u0301side\u0301 cette anne\u0301e par M. Kheng Ly, pre\u0301sident et chef de la direction du Groupe Brivia, ce concours met de l\u2019avant le talent de jeunes entrepreneurs et professionnels des quatre coins du Que\u0301bec, tout en leur offrant un re\u0301seau et des possibilite\u0301s de rayonnement exceptionnelles.<\/p>\n<p>Pour lire la suite, <span style=\"color: #3366ff;\"><a style=\"color: #3366ff;\" href=\"https:\/\/isarta.com\/infos\/gala-arista-2019-qui-sont-les-11-membres-de-la-releve-daffaires-quebecoise-recompenses\/\" target=\"_blank\" rel=\"noopener\">cliquez ici<\/a>.<\/span><\/p>\n<div class=\"brdr2\"><\/div>\n<ul>\n<li class=\"cat_article_title\"><strong><span style=\"color: #000080;\"><a style=\"color: #000080;\" href=\"https:\/\/isarta.com\/infos\/lg2-signe-la-nouvelle-campagne-laidpendant-laitapres-des-producteurs-de-lait-du-quebec\/\" target=\"_blank\" rel=\"noopener\">Lg2 signe la nouvelle campagne #LaidPendant #LaitApre\u0300s des producteurs de lait du Que\u0301bec<\/a><\/span><\/strong><\/li>\n<\/ul>\n<p><img loading=\"lazy\" class=\"alignleft size-medium wp-image-65674\" src=\"https:\/\/isarta.com\/infos\/wp-content\/uploads\/2019\/05\/3-lg2_LaitAuChocolat_VisuelConcours_LaidPendantLaitApres-300x169.jpeg\" alt=\"\" width=\"300\" height=\"169\" srcset=\"https:\/\/isarta.com\/infos\/wp-content\/uploads\/2019\/05\/3-lg2_LaitAuChocolat_VisuelConcours_LaidPendantLaitApres-300x169.jpeg 300w, https:\/\/isarta.com\/infos\/wp-content\/uploads\/2019\/05\/3-lg2_LaitAuChocolat_VisuelConcours_LaidPendantLaitApres-768x432.jpeg 768w, https:\/\/isarta.com\/infos\/wp-content\/uploads\/2019\/05\/3-lg2_LaitAuChocolat_VisuelConcours_LaidPendantLaitApres-1024x576.jpeg 1024w, https:\/\/isarta.com\/infos\/wp-content\/uploads\/2019\/05\/3-lg2_LaitAuChocolat_VisuelConcours_LaidPendantLaitApres.jpeg 1920w\" sizes=\"(max-width: 300px) 100vw, 300px\" \/>Les Producteurs de lait du Que\u0301bec, en collaboration avec lg2, lancent la campagne #LaidPendant #LaitApre\u0300s pour rappeler sur un ton humoristique que le lait au chocolat est une option de choix pour bien re\u0301cupe\u0301rer apre\u0300s un entrai\u0302nement physique intense. Le Lait au chocolat invite a\u0300 s\u2019afficher dans toute sa laideur en plein entrai\u0302nement et peu importe le sport, car quand on donne tout, on est souvent #LaidPendant.<\/p>\n<p>Pour lire la suite, <span style=\"color: #3366ff;\"><a style=\"color: #3366ff;\" href=\"https:\/\/isarta.com\/infos\/lg2-signe-la-nouvelle-campagne-laidpendant-laitapres-des-producteurs-de-lait-du-quebec\/\" target=\"_blank\" rel=\"noopener\">cliquez ici<\/a>.<\/span><\/p>\n<div class=\"brdr2\"><\/div>\n<ul>\n<li class=\"cat_article_title\"><strong><span style=\"color: #000080;\"><a style=\"color: #000080;\" href=\"https:\/\/isarta.com\/infos\/nomination-marie-eve-kurth-nouvelle-directrice-de-comptes-au-sein-de-lequipe-des-ventes-tele-de-bell-media-a-montreal\/\" target=\"_blank\" rel=\"noopener\">Marie-\u00c8ve Kurth nouvelle Directrice de comptes au sein de l\u2019\u00e9quipe des ventes t\u00e9l\u00e9 de Bell M\u00e9dia \u00e0 Montr\u00e9al<\/a><\/span><\/strong><\/li>\n<\/ul>\n<p><img loading=\"lazy\" class=\"alignleft size-medium wp-image-65702\" src=\"https:\/\/isarta.com\/infos\/wp-content\/uploads\/2019\/05\/Bell-Media-Marie-Eve-Kurth-300x200.png\" alt=\"\" width=\"300\" height=\"200\" srcset=\"https:\/\/isarta.com\/infos\/wp-content\/uploads\/2019\/05\/Bell-Media-Marie-Eve-Kurth-300x200.png 300w, https:\/\/isarta.com\/infos\/wp-content\/uploads\/2019\/05\/Bell-Media-Marie-Eve-Kurth-768x513.png 768w, https:\/\/isarta.com\/infos\/wp-content\/uploads\/2019\/05\/Bell-Media-Marie-Eve-Kurth-272x182.png 272w, https:\/\/isarta.com\/infos\/wp-content\/uploads\/2019\/05\/Bell-Media-Marie-Eve-Kurth.png 864w\" sizes=\"(max-width: 300px) 100vw, 300px\" \/>Bell M\u00e9dia annonce la nomination de Marie-\u00c8ve Kurth \u00e0 titre de Directrice de comptes, t\u00e9l\u00e9vision francophone sp\u00e9cialis\u00e9e et RDS. Elle rel\u00e8vera de Pascal Tanguay, Directeur des ventes, t\u00e9l\u00e9vision francophone sp\u00e9cialis\u00e9e et RDS.<\/p>\n<p>Pour lire la suite, <span style=\"color: #3366ff;\"><a style=\"color: #3366ff;\" href=\"https:\/\/isarta.com\/infos\/nomination-marie-eve-kurth-nouvelle-directrice-de-comptes-au-sein-de-lequipe-des-ventes-tele-de-bell-media-a-montreal\/\" target=\"_blank\" rel=\"noopener\">cliquez ici<\/a>.<\/span><\/p>\n<div class=\"brdr2\"><\/div>\n<ul>\n<li class=\"cat_article_title\"><span style=\"color: #000080;\"><strong><a style=\"color: #000080;\" href=\"https:\/\/isarta.com\/infos\/le-comite-generation-w-lance-un-appel-a-candidatures-aux-jeunes-femmes-inspirantes\/\">Le comit\u00e9 G\u00e9n\u00e9ration W lance un appel \u00e0 candidatures aux jeunes femmes inspirantes<\/a><\/strong><\/span><\/li>\n<\/ul>\n<p><img loading=\"lazy\" class=\"alignleft size-full wp-image-65669\" src=\"https:\/\/isarta.com\/infos\/wp-content\/uploads\/2019\/05\/Generation-W.png\" alt=\"\" width=\"200\" height=\"132\" \/>Cr\u00e9\u00e9 en 2015, le comit\u00e9 G\u00e9n\u00e9ration W regroupe des jeunes philanthropes d\u00e9di\u00e9s \u00e0 faire rayonner et soutenir financi\u00e8rement, \u00e0 travers ses \u00e9v\u00e9nements, le\u00a0Y des femmes de Montr\u00e9al. Dans le cadre de la\u00a0Soir\u00e9e InspirationnELLE, un appel \u00e0 candidature de jeunes femmes inspirantes est lanc\u00e9. .<\/p>\n<p>Pour lire la suite, <span style=\"color: #3366ff;\"><a style=\"color: #3366ff;\" href=\"https:\/\/isarta.com\/infos\/le-comite-generation-w-lance-un-appel-a-candidatures-aux-jeunes-femmes-inspirantes\/\" target=\"_blank\" rel=\"noopener\">cliquez ici<\/a>.<\/span><\/p>\n<div class=\"brdr2\"><\/div>\n<ul>\n<li class=\"cat_article_title\"><strong><span style=\"color: #000080;\"><a style=\"color: #000080;\" href=\"https:\/\/isarta.com\/infos\/bdo-canada-llp-choisit-iprospect-comme-nouvelle-agence-de-coordination\/\" target=\"_blank\" rel=\"noopener\">BDO Canada LLP choisit iProspect comme nouvelle agence de coordination<\/a><\/span><\/strong><\/li>\n<\/ul>\n<p><img loading=\"lazy\" class=\"alignleft size-medium wp-image-65665\" src=\"https:\/\/isarta.com\/infos\/wp-content\/uploads\/2019\/05\/iProspect-300x158.png\" alt=\"\" width=\"300\" height=\"158\" srcset=\"https:\/\/isarta.com\/infos\/wp-content\/uploads\/2019\/05\/iProspect-300x158.png 300w, https:\/\/isarta.com\/infos\/wp-content\/uploads\/2019\/05\/iProspect-768x403.png 768w, https:\/\/isarta.com\/infos\/wp-content\/uploads\/2019\/05\/iProspect-1024x538.png 1024w, https:\/\/isarta.com\/infos\/wp-content\/uploads\/2019\/05\/iProspect.png 1200w\" sizes=\"(max-width: 300px) 100vw, 300px\" \/>BDO Canada LPP (BDO) se tourne vers iProspect, membre de Dentsu Aegis Network, pour mettre en \u0153uvre une strat\u00e9gie novatrice de marketing sur le rendement ax\u00e9 sur les donn\u00e9es afin de se positionner davantage comme chef de file de l\u2019industrie gr\u00e2ce \u00e0 une visibilit\u00e9 accrue de ses divers secteurs de service aupr\u00e8s de plusieurs industries au Canada.<\/p>\n<p>Pour lire la suite, <span style=\"color: #3366ff;\"><a style=\"color: #3366ff;\" href=\"https:\/\/isarta.com\/infos\/bdo-canada-llp-choisit-iprospect-comme-nouvelle-agence-de-coordination\/\" target=\"_blank\" rel=\"noopener\">cliquez ici<\/a>.<\/span><\/p>\n<div class=\"brdr2\"><\/div>\n<ul>\n<li class=\"cat_article_title\"><strong><span style=\"color: #000080;\"><a style=\"color: #000080;\" href=\"https:\/\/isarta.com\/infos\/marie-letourneau-communications-decroche-de-nouveaux-mandats\/\" target=\"_blank\" rel=\"noopener\">Marie L\u00e9tourneau Communications\u00a0d\u00e9croche de nouveaux mandats<\/a><\/span><\/strong><\/li>\n<\/ul>\n<p><img loading=\"lazy\" class=\"alignleft  wp-image-65614\" src=\"https:\/\/isarta.com\/infos\/wp-content\/uploads\/2019\/05\/Marie-Letourneau-300x168.png\" alt=\"\" width=\"239\" height=\"134\" srcset=\"https:\/\/isarta.com\/infos\/wp-content\/uploads\/2019\/05\/Marie-Letourneau-300x168.png 300w, https:\/\/isarta.com\/infos\/wp-content\/uploads\/2019\/05\/Marie-Letourneau-768x429.png 768w, https:\/\/isarta.com\/infos\/wp-content\/uploads\/2019\/05\/Marie-Letourneau.png 870w\" sizes=\"(max-width: 239px) 100vw, 239px\" \/>Marie L\u00e9tourneau Communications pr\u00e9sente ses nouveaux mandats, notamment en relations de presse.<\/p>\n<p>Pour lire la suite, <span style=\"color: #3366ff;\"><a style=\"color: #3366ff;\" href=\"https:\/\/isarta.com\/infos\/la-publicite-de-sid-lee-pour-lotto-max-remporte-la-5e-edition-de-cest-dans-cannes\/\" target=\"_blank\" rel=\"noopener\">cliquez ici<\/a>.<\/span><\/p>\n<div class=\"brdr2\"><\/div>\n<ul>\n<li class=\"cat_article_title\"><strong><span style=\"color: #000080;\"><a style=\"color: #000080;\" href=\"https:\/\/isarta.com\/infos\/nominations-vague-de-croissance-chez-erod-agence-creative\/\" target=\"_blank\" rel=\"noopener\">Vague de croissance chez Erod, agence cr\u00e9ative<\/a><\/span><\/strong><\/li>\n<\/ul>\n<div><img loading=\"lazy\" class=\"alignleft  wp-image-65611\" src=\"https:\/\/isarta.com\/infos\/wp-content\/uploads\/2019\/05\/Mosaique_Nouveaux-Erod-300x232.jpg\" alt=\"\" width=\"179\" height=\"138\" srcset=\"https:\/\/isarta.com\/infos\/wp-content\/uploads\/2019\/05\/Mosaique_Nouveaux-Erod-300x232.jpg 300w, https:\/\/isarta.com\/infos\/wp-content\/uploads\/2019\/05\/Mosaique_Nouveaux-Erod-768x593.jpg 768w, https:\/\/isarta.com\/infos\/wp-content\/uploads\/2019\/05\/Mosaique_Nouveaux-Erod-1024x791.jpg 1024w, https:\/\/isarta.com\/infos\/wp-content\/uploads\/2019\/05\/Mosaique_Nouveaux-Erod.jpg 1650w\" sizes=\"(max-width: 179px) 100vw, 179px\" \/>Ce\u0301le\u0301brant cette anne\u0301e son 16e anniversaire, Erod, agence cre\u0301ative amorce une pousse\u0301e de croissance importante, ponctue\u0301e par la cre\u0301ation de nouveaux postes et la nomination de membres internes.<\/div>\n<p>Pour lire la suite, <span style=\"color: #3366ff;\"><a style=\"color: #3366ff;\" href=\"https:\/\/isarta.com\/infos\/nominations-vague-de-croissance-chez-erod-agence-creative\/\" target=\"_blank\" rel=\"noopener\">cliquez ici<\/a>.<\/span><\/p>\n<div class=\"brdr2\"><\/div>\n<ul>\n<li class=\"cat_article_title\"><strong><span style=\"color: #000080;\"><a style=\"color: #000080;\" href=\"https:\/\/isarta.com\/infos\/productions-chaumont-devoile-une-campagne-dauto-promotion-pour-les-agences-completement-decalee\/\" target=\"_blank\" rel=\"noopener\">Productions Chaumont d\u00e9voile une campagne d\u2019auto-promotion pour les agences compl\u00e8tement d\u00e9cal\u00e9e<\/a><\/span><\/strong><\/li>\n<\/ul>\n<p><img loading=\"lazy\" class=\"alignleft size-medium wp-image-65595\" src=\"https:\/\/isarta.com\/infos\/wp-content\/uploads\/2019\/05\/Chaumont-mange-ta-pub-300x146.png\" alt=\"\" width=\"300\" height=\"146\" srcset=\"https:\/\/isarta.com\/infos\/wp-content\/uploads\/2019\/05\/Chaumont-mange-ta-pub-300x146.png 300w, https:\/\/isarta.com\/infos\/wp-content\/uploads\/2019\/05\/Chaumont-mange-ta-pub.png 636w\" sizes=\"(max-width: 300px) 100vw, 300px\" \/>Productions Chaumont d\u00e9voile le concept de Mange Ta Pub, quatre quiz sur l\u2019univers de la publicit\u00e9 envoy\u00e9s \u00e0 des contacts cibl\u00e9s \u00e0 une centaine d\u2019agences par la poste. Les destinataires pouvaient ensuite jouer au quiz sous forme de questions\/r\u00e9ponses avec leurs coll\u00e8gues pendant leur pause, d\u2019o\u00f9 le slogan \u00ab\u00a0c\u2019est la pause, mange ta pub\u00a0\u00bb.<\/p>\n<p>Pour lire la suite, <span style=\"color: #3366ff;\"><a style=\"color: #3366ff;\" href=\"https:\/\/isarta.com\/infos\/productions-chaumont-devoile-une-campagne-dauto-promotion-pour-les-agences-completement-decalee\/\" target=\"_blank\" rel=\"noopener\">cliquez ici<\/a>.<\/span><\/p>\n<div class=\"brdr2\"><\/div>\n<ul>\n<li class=\"cat_article_title\"><strong><span style=\"color: #000080;\"><a style=\"color: #000080;\" href=\"https:\/\/isarta.com\/infos\/groundz-et-son-programme-rev-en-soutien-a-lassociation-des-camps-du-quebec\/\" target=\"_blank\" rel=\"noopener\">GROUNDZ et son Programme REV en soutien \u00e0 l\u2019Association des camps du Qu\u00e9bec<\/a><\/span><\/strong><\/li>\n<\/ul>\n<p><img loading=\"lazy\" class=\"alignleft size-medium wp-image-65661\" src=\"https:\/\/isarta.com\/infos\/wp-content\/uploads\/2019\/05\/GROUNDZ_RDSE_Light-300x76.png\" alt=\"\" width=\"300\" height=\"76\" srcset=\"https:\/\/isarta.com\/infos\/wp-content\/uploads\/2019\/05\/GROUNDZ_RDSE_Light-300x76.png 300w, https:\/\/isarta.com\/infos\/wp-content\/uploads\/2019\/05\/GROUNDZ_RDSE_Light-768x195.png 768w, https:\/\/isarta.com\/infos\/wp-content\/uploads\/2019\/05\/GROUNDZ_RDSE_Light-1024x259.png 1024w, https:\/\/isarta.com\/infos\/wp-content\/uploads\/2019\/05\/GROUNDZ_RDSE_Light.png 1500w\" sizes=\"(max-width: 300px) 100vw, 300px\" \/>GROUNDZ d\u00e9voile un nouveau partenariat pour son Programme REV.<\/p>\n<p>Pour lire la suite, <span style=\"color: #3366ff;\"><a style=\"color: #3366ff;\" href=\"https:\/\/isarta.com\/infos\/groundz-et-son-programme-rev-en-soutien-a-lassociation-des-camps-du-quebec\/\" target=\"_blank\" rel=\"noopener\">cliquez ici<\/a>.<\/span><\/p>\n<div class=\"brdr2\"><\/div>\n<div class=\"likebtn_container\" style=\"clear:both;text-align:center;\"><!-- LikeBtn.com BEGIN --><span class=\"likebtn-wrapper\"  data-identifier=\"post_65758\"  data-site_id=\"5cc1ecd16fd08b776710d1e9\"  data-theme=\"drop\"  data-btn_size=\"100\"  data-icon_l=\"false\"  data-icon_d=\"false\"  data-icon_l_url=\"https:\/\/isarta.com\/infos\/wp-content\/uploads\/2019\/04\/happy.png#64794\"  data-icon_d_url=\"https:\/\/isarta.com\/infos\/wp-content\/uploads\/2019\/04\/sleep.png#64796\"  data-icon_size=\"58\"  data-icon_l_c=\"#771414\"  data-bg_c=\"#ffffff\"  data-bg_c_v=\"#ffffff\"  data-brdr_c=\"#ffffff\"  data-f_size=\"11\"  data-f_family=\"Tahoma\"  data-counter_fs=\"b\"  data-lang=\"fr\"  data-ef_voting=\"wobble\"  data-dislike_enabled=\"false\"  data-counter_type=\"percent\"  data-counter_show=\"false\"  data-tooltip_enabled=\"false\"  data-tooltip_like_show_always=\"true\"  data-white_label=\"true\"  data-i18n_like=\"Aimer \/ Partager\"  data-i18n_dislike=\"Pas aim\u00e9\"  data-style=\"\"  data-unlike_allowed=\"\"  data-show_copyright=\"\"  data-item_url=\"https:\/\/isarta.com\/infos\/les-nouvelles-de-lindustrie-a-savoir-aujourdhui-77\/\"  data-item_title=\"Les nouvelles de l&#039;industrie \u00e0 savoir aujourd&#039;hui\"  data-item_image=\"https:\/\/isarta.com\/infos\/wp-content\/uploads\/2019\/05\/Jeune-chambre-quebec-arista-1024x341.jpg\"  data-item_date=\"2019-05-30T12:05:24-04:00\"  data-engine=\"WordPress\"  data-plugin_v=\"2.6.54\"  data-prx=\"https:\/\/isarta.com\/infos\/wp-admin\/admin-ajax.php?action=likebtn_prx\"  data-event_handler=\"likebtn_eh\" ><\/span><!-- LikeBtn.com END --><\/p>\n<hr size=\"3\"><\/div>\n","protected":false},"excerpt":{"rendered":"<p>Que s&rsquo;est-il pass\u00e9 dans l&rsquo;industrie des communications et du marketing au Qu\u00e9bec ces derniers jours ? Nominations, campagnes, r\u00e9compenses, nouveaux mandats&#8230; On vous fait la synth\u00e8se ici.<\/p>\n<div class=\"likebtn_container\" style=\"clear:both;text-align:center;\"><!-- LikeBtn.com BEGIN --><span class=\"likebtn-wrapper\"  data-identifier=\"post_65758\"  data-site_id=\"5cc1ecd16fd08b776710d1e9\"  data-theme=\"drop\"  data-btn_size=\"100\"  data-icon_l=\"false\"  data-icon_d=\"false\"  data-icon_l_url=\"https:\/\/isarta.com\/infos\/wp-content\/uploads\/2019\/04\/happy.png#64794\"  data-icon_d_url=\"https:\/\/isarta.com\/infos\/wp-content\/uploads\/2019\/04\/sleep.png#64796\"  data-icon_size=\"58\"  data-icon_l_c=\"#771414\"  data-bg_c=\"#ffffff\"  data-bg_c_v=\"#ffffff\"  data-brdr_c=\"#ffffff\"  data-f_size=\"11\"  data-f_family=\"Tahoma\"  data-counter_fs=\"b\"  data-lang=\"fr\"  data-ef_voting=\"wobble\"  data-dislike_enabled=\"false\"  data-counter_type=\"percent\"  data-counter_show=\"false\"  data-tooltip_enabled=\"false\"  data-tooltip_like_show_always=\"true\"  data-white_label=\"true\"  data-i18n_like=\"Aimer \/ Partager\"  data-i18n_dislike=\"Pas aim\u00e9\"  data-style=\"\"  data-unlike_allowed=\"\"  data-show_copyright=\"\"  data-item_url=\"https:\/\/isarta.com\/infos\/les-nouvelles-de-lindustrie-a-savoir-aujourdhui-77\/\"  data-item_title=\"Les nouvelles de l&#039;industrie \u00e0 savoir aujourd&#039;hui\"  data-item_image=\"https:\/\/isarta.com\/infos\/wp-content\/uploads\/2019\/05\/Jeune-chambre-quebec-arista-1024x341.jpg\"  data-item_date=\"2019-05-30T12:05:24-04:00\"  data-engine=\"WordPress\"  data-plugin_v=\"2.6.54\"  data-prx=\"https:\/\/isarta.com\/infos\/wp-admin\/admin-ajax.php?action=likebtn_prx\"  data-event_handler=\"likebtn_eh\" ><\/span><!-- LikeBtn.com END --><hr size=\"3\"><\/div>","protected":false},"author":1,"featured_media":65705,"comment_status":"open","ping_status":"open","sticky":false,"template":"","format":"standard","meta":[],"categories":[175,137],"tags":[243,1176],"_links":{"self":[{"href":"https:\/\/isarta.com\/infos\/wp-json\/wp\/v2\/posts\/65758"}],"collection":[{"href":"https:\/\/isarta.com\/infos\/wp-json\/wp\/v2\/posts"}],"about":[{"href":"https:\/\/isarta.com\/infos\/wp-json\/wp\/v2\/types\/post"}],"author":[{"embeddable":true,"href":"https:\/\/isarta.com\/infos\/wp-json\/wp\/v2\/users\/1"}],"replies":[{"embeddable":true,"href":"https:\/\/isarta.com\/infos\/wp-json\/wp\/v2\/comments?post=65758"}],"version-history":[{"count":3,"href":"https:\/\/isarta.com\/infos\/wp-json\/wp\/v2\/posts\/65758\/revisions"}],"predecessor-version":[{"id":65762,"href":"https:\/\/isarta.com\/infos\/wp-json\/wp\/v2\/posts\/65758\/revisions\/65762"}],"wp:featuredmedia":[{"embeddable":true,"href":"https:\/\/isarta.com\/infos\/wp-json\/wp\/v2\/media\/65705"}],"wp:attachment":[{"href":"https:\/\/isarta.com\/infos\/wp-json\/wp\/v2\/media?parent=65758"}],"wp:term":[{"taxonomy":"category","embeddable":true,"href":"https:\/\/isarta.com\/infos\/wp-json\/wp\/v2\/categories?post=65758"},{"taxonomy":"post_tag","embeddable":true,"href":"https:\/\/isarta.com\/infos\/wp-json\/wp\/v2\/tags?post=65758"}],"curies":[{"name":"wp","href":"https:\/\/api.w.org\/{rel}","templated":true}]}}