{"id":65895,"date":"2019-06-06T12:05:36","date_gmt":"2019-06-06T16:05:36","guid":{"rendered":"https:\/\/isarta.com\/infos\/?p=65895"},"modified":"2019-06-05T14:49:32","modified_gmt":"2019-06-05T18:49:32","slug":"les-nouvelles-de-lindustrie-a-savoir-aujourdhui-79","status":"publish","type":"post","link":"https:\/\/isarta.com\/infos\/les-nouvelles-de-lindustrie-a-savoir-aujourdhui-79\/","title":{"rendered":"Les nouvelles de l&rsquo;industrie \u00e0 savoir aujourd&rsquo;hui"},"content":{"rendered":"<p><span style=\"color: #999999; font-size: 12px;\">6 juin 2019<\/span><\/p>\n<ul>\n<li class=\"cat_article_title\"><strong><span style=\"color: #000080;\"><a style=\"color: #000080;\" href=\"https:\/\/isarta.com\/infos\/le-groupe-nissan-gabriel-devient-le-partenaire-media-principal-de-qub-radio\/\" target=\"_blank\" rel=\"noopener\">Le Groupe Nissan Gabriel devient le partenaire me\u0301dia principal de QUB radio<\/a><\/span><\/strong><\/li>\n<\/ul>\n<p><img loading=\"lazy\" class=\"alignleft  wp-image-65875\" src=\"https:\/\/isarta.com\/infos\/wp-content\/uploads\/2019\/06\/Nissan-QUB-radio-300x106.png\" alt=\"\" width=\"410\" height=\"145\" srcset=\"https:\/\/isarta.com\/infos\/wp-content\/uploads\/2019\/06\/Nissan-QUB-radio-300x106.png 300w, https:\/\/isarta.com\/infos\/wp-content\/uploads\/2019\/06\/Nissan-QUB-radio.png 679w\" sizes=\"(max-width: 410px) 100vw, 410px\" \/>QUB radio, la radio nume\u0301rique de Que\u0301becor, vient d\u2019annoncer un partenariat strate\u0301gique avec Groupe Nissan Gabriel, faisant de cet important concessionnaire son partenaire me\u0301dia principal. Misant sur une strate\u0301gie multiplateforme, le de\u0301ploiement de la marque s\u2019inte\u0300gre de plusieurs fac\u0327ons et permet de rejoindre la cliente\u0300le vise\u0301e.<\/p>\n<p>Pour lire la suite, <span style=\"color: #3366ff;\"><a style=\"color: #3366ff;\" href=\"https:\/\/isarta.com\/infos\/le-groupe-nissan-gabriel-devient-le-partenaire-media-principal-de-qub-radio\/\" target=\"_blank\" rel=\"noopener\">cliquez ici<\/a>.<\/span><\/p>\n<div class=\"brdr2\"><\/div>\n<ul>\n<li class=\"cat_article_title\"><strong><span style=\"color: #000080;\"><a style=\"color: #000080;\" href=\"https:\/\/isarta.com\/infos\/destination-laval-devoilement-de-la-nouvelle-video-qui-presente-les-attraits-de-laval\/\" target=\"_blank\" rel=\"noopener\">Destination Laval : d\u00e9voilement de la nouvelle vid\u00e9o qui pr\u00e9sente les attraits de Laval<\/a><\/span><\/strong><\/li>\n<\/ul>\n<p><img loading=\"lazy\" class=\"alignleft size-medium wp-image-65870\" src=\"https:\/\/isarta.com\/infos\/wp-content\/uploads\/2019\/06\/Laval-video-tourisme-300x159.png\" alt=\"\" width=\"300\" height=\"159\" srcset=\"https:\/\/isarta.com\/infos\/wp-content\/uploads\/2019\/06\/Laval-video-tourisme-300x159.png 300w, https:\/\/isarta.com\/infos\/wp-content\/uploads\/2019\/06\/Laval-video-tourisme-768x408.png 768w, https:\/\/isarta.com\/infos\/wp-content\/uploads\/2019\/06\/Laval-video-tourisme.png 955w\" sizes=\"(max-width: 300px) 100vw, 300px\" \/>Tourisme Laval et la Ville de Laval ont d\u00e9voil\u00e9 aujourd\u2019hui la vid\u00e9o Destination Laval, qui met en valeur la grande diversit\u00e9 de l\u2019offre touristique lavalloise, \u00e0 l\u2019image de la vitalit\u00e9, du dynamisme et de la personnalit\u00e9 unique de la r\u00e9gion.<\/p>\n<p>Pour lire la suite, <span style=\"color: #3366ff;\"><a style=\"color: #3366ff;\" href=\"https:\/\/isarta.com\/infos\/destination-laval-devoilement-de-la-nouvelle-video-qui-presente-les-attraits-de-laval\/\" target=\"_blank\" rel=\"noopener\">cliquez ici<\/a>.<\/span><\/p>\n<div class=\"brdr2\"><\/div>\n<ul>\n<li class=\"cat_article_title\"><strong><span style=\"color: #000080;\"><a style=\"color: #000080;\" href=\"https:\/\/isarta.com\/infos\/image-motion-signe-limage-de-marque-de-premium-soccer\/\" target=\"_blank\" rel=\"noopener\">IMAGE MOTION signe l\u2019image de marque de Premium Soccer<\/a><\/span><\/strong><\/li>\n<\/ul>\n<p><img loading=\"lazy\" class=\"alignleft size-medium wp-image-65850\" src=\"https:\/\/isarta.com\/infos\/wp-content\/uploads\/2019\/06\/Premium-Soccer-Showcase_05-300x216.jpg\" alt=\"\" width=\"300\" height=\"216\" srcset=\"https:\/\/isarta.com\/infos\/wp-content\/uploads\/2019\/06\/Premium-Soccer-Showcase_05-300x216.jpg 300w, https:\/\/isarta.com\/infos\/wp-content\/uploads\/2019\/06\/Premium-Soccer-Showcase_05-768x554.jpg 768w, https:\/\/isarta.com\/infos\/wp-content\/uploads\/2019\/06\/Premium-Soccer-Showcase_05-1024x738.jpg 1024w, https:\/\/isarta.com\/infos\/wp-content\/uploads\/2019\/06\/Premium-Soccer-Showcase_05.jpg 2048w\" sizes=\"(max-width: 300px) 100vw, 300px\" \/>IMAGE MOTION vient d\u2019annoncer sa collaboration avec la nouvelle boutique spe\u0301cialise\u0301e Premium Soccer, qui a ouvert ses portes le 25 mai au 7135 route Transcanadienne. Premium Soccer est un espace de 7000 pieds carre\u0301s entie\u0300rement de\u0301die\u0301 au soccer et qui offre des ve\u0302tements et des accessoires pour toute la famille.<\/p>\n<p>Pour lire la suite, <span style=\"color: #3366ff;\"><a style=\"color: #3366ff;\" href=\"https:\/\/isarta.com\/infos\/image-motion-signe-limage-de-marque-de-premium-soccer\/\" target=\"_blank\" rel=\"noopener\">cliquez ici<\/a>.<\/span><\/p>\n<div class=\"brdr2\"><\/div>\n<ul>\n<li class=\"cat_article_title\"><span style=\"color: #000080;\"><strong><a style=\"color: #000080;\" href=\"https:\/\/isarta.com\/infos\/anomaly-un-nouvel-espace-de-coworking-ouvre-dans-le-mile-end\/\" target=\"_blank\" rel=\"noopener\">Anomaly : un nouvel espace de coworking ouvre dans le Mile End<\/a><\/strong><\/span><\/li>\n<\/ul>\n<p><img loading=\"lazy\" class=\"alignleft size-medium wp-image-65830\" src=\"https:\/\/isarta.com\/infos\/wp-content\/uploads\/2019\/06\/Anomaly-coworking-Mile-End-Montreal-300x200.jpg\" alt=\"\" width=\"300\" height=\"200\" srcset=\"https:\/\/isarta.com\/infos\/wp-content\/uploads\/2019\/06\/Anomaly-coworking-Mile-End-Montreal-300x200.jpg 300w, https:\/\/isarta.com\/infos\/wp-content\/uploads\/2019\/06\/Anomaly-coworking-Mile-End-Montreal-768x511.jpg 768w, https:\/\/isarta.com\/infos\/wp-content\/uploads\/2019\/06\/Anomaly-coworking-Mile-End-Montreal-1024x681.jpg 1024w, https:\/\/isarta.com\/infos\/wp-content\/uploads\/2019\/06\/Anomaly-coworking-Mile-End-Montreal-272x182.jpg 272w\" sizes=\"(max-width: 300px) 100vw, 300px\" \/>Anomaly est un espace de travail collaboratif, \u00e9v\u00e9nementiel et de conf\u00e9rence, con\u00e7u en tenant compte de la nature, qui a ouvert ses portes ce lundi 3 juin 2019. Situ\u00e9 dans le quartier branch\u00e9 et anim\u00e9 de Mile End \u00e0 Montr\u00e9al, Anomaly est con\u00e7u pour la communaut\u00e9 grandissante de pigistes et des entreprises en d\u00e9marrage \u00e9tablis \u00e0 Montr\u00e9al, leur fournissant un espace pour \u00e9changer des id\u00e9es et de l&rsquo;information.<\/p>\n<p>Pour lire la suite, <span style=\"color: #3366ff;\"><a style=\"color: #3366ff;\" href=\"https:\/\/isarta.com\/infos\/anomaly-un-nouvel-espace-de-coworking-ouvre-dans-le-mile-end\/\" target=\"_blank\" rel=\"noopener\">cliquez ici<\/a>.<\/span><\/p>\n<div class=\"brdr2\"><\/div>\n<ul>\n<li class=\"cat_article_title\"><strong><span style=\"color: #000080;\"><a style=\"color: #000080;\" href=\"https:\/\/isarta.com\/infos\/peintures-mf-devoile-sa-nouvelle-image-signee-tolle\/\" target=\"_blank\" rel=\"noopener\">Peintures MF d\u00e9voile sa nouvelle image sign\u00e9e Toll\u00e9<\/a><\/span><\/strong><\/li>\n<\/ul>\n<p><img loading=\"lazy\" class=\"alignleft size-medium wp-image-65826\" src=\"https:\/\/isarta.com\/infos\/wp-content\/uploads\/2019\/06\/Tolle-peintures-MF-300x129.jpg\" alt=\"\" width=\"300\" height=\"129\" srcset=\"https:\/\/isarta.com\/infos\/wp-content\/uploads\/2019\/06\/Tolle-peintures-MF-300x129.jpg 300w, https:\/\/isarta.com\/infos\/wp-content\/uploads\/2019\/06\/Tolle-peintures-MF-768x329.jpg 768w, https:\/\/isarta.com\/infos\/wp-content\/uploads\/2019\/06\/Tolle-peintures-MF-1024x439.jpg 1024w, https:\/\/isarta.com\/infos\/wp-content\/uploads\/2019\/06\/Tolle-peintures-MF.jpg 1400w\" sizes=\"(max-width: 300px) 100vw, 300px\" \/>Toll\u00e9 a eu comme mandat de revamper l\u2019identit\u00e9 visuelle et de concevoir le site Web de Peintures MF. La nouvelle image de la compagnie qu\u00e9b\u00e9coise a \u00e9t\u00e9 pr\u00e9sent\u00e9e le 7 mai dernier avec la mise en ligne officielle de son tout nouveau site Web.<\/p>\n<p>Pour lire la suite, <span style=\"color: #3366ff;\"><a style=\"color: #3366ff;\" href=\"https:\/\/isarta.com\/infos\/peintures-mf-devoile-sa-nouvelle-image-signee-tolle\/\" target=\"_blank\" rel=\"noopener\">cliquez ici<\/a>.<\/span><\/p>\n<div class=\"brdr2\"><\/div>\n<ul>\n<li class=\"cat_article_title\"><strong><span style=\"color: #000080;\"><a style=\"color: #000080;\" href=\"https:\/\/isarta.com\/infos\/la-campagne-dair-transat-pour-decouvrir-barcelone-avec-une-de-ses-directrices-de-vol\/\" target=\"_blank\" rel=\"noopener\">La campagne d\u2019Air Transat pour d\u00e9couvrir Barcelone avec une de ses directrices de vol<\/a><\/span><\/strong><\/li>\n<\/ul>\n<p><img loading=\"lazy\" class=\"alignleft size-medium wp-image-65823\" src=\"https:\/\/isarta.com\/infos\/wp-content\/uploads\/2019\/06\/Barcelone-transat-300x200.jpg\" alt=\"\" width=\"300\" height=\"200\" srcset=\"https:\/\/isarta.com\/infos\/wp-content\/uploads\/2019\/06\/Barcelone-transat-300x200.jpg 300w, https:\/\/isarta.com\/infos\/wp-content\/uploads\/2019\/06\/Barcelone-transat-768x512.jpg 768w, https:\/\/isarta.com\/infos\/wp-content\/uploads\/2019\/06\/Barcelone-transat-1024x683.jpg 1024w, https:\/\/isarta.com\/infos\/wp-content\/uploads\/2019\/06\/Barcelone-transat-272x182.jpg 272w\" sizes=\"(max-width: 300px) 100vw, 300px\" \/>Air Transat invite les voyageurs canadiens \u00e0 d\u00e9couvrir Barcelone en compagnie de Camila, l\u2019une de ses directrices de vol. Dans une s\u00e9rie de vid\u00e9os et de publications sur les m\u00e9dias sociaux, l\u2019employ\u00e9e d\u2019Air Transat partage son enthousiasme pour cette ville color\u00e9e et cosmopolite \u00e0 l\u2019architecture tant\u00f4t gothique, tant\u00f4t moderne. Elle propose aussi des astuces pour visiter la destination, qui figure toujours parmi les plus populaires d\u2019Europe.<\/p>\n<p>Pour lire la suite, <span style=\"color: #3366ff;\"><a style=\"color: #3366ff;\" href=\"https:\/\/isarta.com\/infos\/la-campagne-dair-transat-pour-decouvrir-barcelone-avec-une-de-ses-directrices-de-vol\/\" target=\"_blank\" rel=\"noopener\">cliquez ici<\/a>.<\/span><\/p>\n<div class=\"brdr2\"><\/div>\n<ul>\n<li class=\"cat_article_title\"><strong><span style=\"color: #000080;\"><a style=\"color: #000080;\" href=\"https:\/\/isarta.com\/infos\/le-bac-part-en-campagne-contre-la-distraction-au-volant-avec-cossette\/\" target=\"_blank\" rel=\"noopener\">Le BAC part en campagne contre la distraction au volant avec Cossette<\/a><\/span><\/strong><\/li>\n<\/ul>\n<p><img loading=\"lazy\" class=\"alignleft  wp-image-65820\" src=\"https:\/\/isarta.com\/infos\/wp-content\/uploads\/2019\/06\/BAC-cossette-volant-300x250.png\" alt=\"\" width=\"210\" height=\"175\" srcset=\"https:\/\/isarta.com\/infos\/wp-content\/uploads\/2019\/06\/BAC-cossette-volant-300x250.png 300w, https:\/\/isarta.com\/infos\/wp-content\/uploads\/2019\/06\/BAC-cossette-volant-180x150.png 180w, https:\/\/isarta.com\/infos\/wp-content\/uploads\/2019\/06\/BAC-cossette-volant.png 503w\" sizes=\"(max-width: 210px) 100vw, 210px\" \/>Le chiffre est impressionnant : 75 % des conducteurs de\u0301clarent avoir e\u0301te\u0301 distraits au volant au cours des 6 derniers mois*. Pourtant, 90 % des conducteurs ont conscience que les accidents cause\u0301s en raison de la distraction peuvent faire augmenter les primes d\u2019assurance automobile. Le BAC souhaite sensibiliser les conducteurs aux comportements a\u0300 adopter au volant avec une campagne touchante et dro\u0302le, de\u0301veloppe\u0301e avec Cossette Me\u0301dia.<\/p>\n<p>Pour lire la suite, <span style=\"color: #3366ff;\"><a style=\"color: #3366ff;\" href=\"https:\/\/isarta.com\/infos\/le-bac-part-en-campagne-contre-la-distraction-au-volant-avec-cossette\/\" target=\"_blank\" rel=\"noopener\">cliquez ici<\/a>.<\/span><\/p>\n<div class=\"brdr2\"><\/div>\n<div class=\"likebtn_container\" style=\"clear:both;text-align:center;\"><!-- LikeBtn.com BEGIN --><span class=\"likebtn-wrapper\"  data-identifier=\"post_65895\"  data-site_id=\"5cc1ecd16fd08b776710d1e9\"  data-theme=\"drop\"  data-btn_size=\"100\"  data-icon_l=\"false\"  data-icon_d=\"false\"  data-icon_l_url=\"https:\/\/isarta.com\/infos\/wp-content\/uploads\/2019\/04\/happy.png#64794\"  data-icon_d_url=\"https:\/\/isarta.com\/infos\/wp-content\/uploads\/2019\/04\/sleep.png#64796\"  data-icon_size=\"58\"  data-icon_l_c=\"#771414\"  data-bg_c=\"#ffffff\"  data-bg_c_v=\"#ffffff\"  data-brdr_c=\"#ffffff\"  data-f_size=\"11\"  data-f_family=\"Tahoma\"  data-counter_fs=\"b\"  data-lang=\"fr\"  data-ef_voting=\"wobble\"  data-dislike_enabled=\"false\"  data-counter_type=\"percent\"  data-counter_show=\"false\"  data-tooltip_enabled=\"false\"  data-tooltip_like_show_always=\"true\"  data-white_label=\"true\"  data-i18n_like=\"Aimer \/ Partager\"  data-i18n_dislike=\"Pas aim\u00e9\"  data-style=\"\"  data-unlike_allowed=\"\"  data-show_copyright=\"\"  data-item_url=\"https:\/\/isarta.com\/infos\/les-nouvelles-de-lindustrie-a-savoir-aujourdhui-79\/\"  data-item_title=\"Les nouvelles de l&#039;industrie \u00e0 savoir aujourd&#039;hui\"  data-item_image=\"https:\/\/isarta.com\/infos\/wp-content\/uploads\/2019\/06\/Anomaly-coworking-Mile-End-Montreal-1024x681.jpg\"  data-item_date=\"2019-06-06T12:05:36-04:00\"  data-engine=\"WordPress\"  data-plugin_v=\"2.6.54\"  data-prx=\"https:\/\/isarta.com\/infos\/wp-admin\/admin-ajax.php?action=likebtn_prx\"  data-event_handler=\"likebtn_eh\" ><\/span><!-- LikeBtn.com END --><\/p>\n<hr size=\"3\"><\/div>\n","protected":false},"excerpt":{"rendered":"<p>Que s&rsquo;est-il pass\u00e9 dans l&rsquo;industrie des communications et du marketing au Qu\u00e9bec ces derniers jours ? Nominations, campagnes, r\u00e9compenses, nouveaux mandats&#8230; On vous fait la synth\u00e8se ici.<\/p>\n<div class=\"likebtn_container\" style=\"clear:both;text-align:center;\"><!-- LikeBtn.com BEGIN --><span class=\"likebtn-wrapper\"  data-identifier=\"post_65895\"  data-site_id=\"5cc1ecd16fd08b776710d1e9\"  data-theme=\"drop\"  data-btn_size=\"100\"  data-icon_l=\"false\"  data-icon_d=\"false\"  data-icon_l_url=\"https:\/\/isarta.com\/infos\/wp-content\/uploads\/2019\/04\/happy.png#64794\"  data-icon_d_url=\"https:\/\/isarta.com\/infos\/wp-content\/uploads\/2019\/04\/sleep.png#64796\"  data-icon_size=\"58\"  data-icon_l_c=\"#771414\"  data-bg_c=\"#ffffff\"  data-bg_c_v=\"#ffffff\"  data-brdr_c=\"#ffffff\"  data-f_size=\"11\"  data-f_family=\"Tahoma\"  data-counter_fs=\"b\"  data-lang=\"fr\"  data-ef_voting=\"wobble\"  data-dislike_enabled=\"false\"  data-counter_type=\"percent\"  data-counter_show=\"false\"  data-tooltip_enabled=\"false\"  data-tooltip_like_show_always=\"true\"  data-white_label=\"true\"  data-i18n_like=\"Aimer \/ Partager\"  data-i18n_dislike=\"Pas aim\u00e9\"  data-style=\"\"  data-unlike_allowed=\"\"  data-show_copyright=\"\"  data-item_url=\"https:\/\/isarta.com\/infos\/les-nouvelles-de-lindustrie-a-savoir-aujourdhui-79\/\"  data-item_title=\"Les nouvelles de l&#039;industrie \u00e0 savoir aujourd&#039;hui\"  data-item_image=\"https:\/\/isarta.com\/infos\/wp-content\/uploads\/2019\/06\/Anomaly-coworking-Mile-End-Montreal-1024x681.jpg\"  data-item_date=\"2019-06-06T12:05:36-04:00\"  data-engine=\"WordPress\"  data-plugin_v=\"2.6.54\"  data-prx=\"https:\/\/isarta.com\/infos\/wp-admin\/admin-ajax.php?action=likebtn_prx\"  data-event_handler=\"likebtn_eh\" ><\/span><!-- LikeBtn.com END --><hr size=\"3\"><\/div>","protected":false},"author":1,"featured_media":65830,"comment_status":"open","ping_status":"open","sticky":false,"template":"","format":"standard","meta":[],"categories":[175,117],"tags":[243],"_links":{"self":[{"href":"https:\/\/isarta.com\/infos\/wp-json\/wp\/v2\/posts\/65895"}],"collection":[{"href":"https:\/\/isarta.com\/infos\/wp-json\/wp\/v2\/posts"}],"about":[{"href":"https:\/\/isarta.com\/infos\/wp-json\/wp\/v2\/types\/post"}],"author":[{"embeddable":true,"href":"https:\/\/isarta.com\/infos\/wp-json\/wp\/v2\/users\/1"}],"replies":[{"embeddable":true,"href":"https:\/\/isarta.com\/infos\/wp-json\/wp\/v2\/comments?post=65895"}],"version-history":[{"count":3,"href":"https:\/\/isarta.com\/infos\/wp-json\/wp\/v2\/posts\/65895\/revisions"}],"predecessor-version":[{"id":65899,"href":"https:\/\/isarta.com\/infos\/wp-json\/wp\/v2\/posts\/65895\/revisions\/65899"}],"wp:featuredmedia":[{"embeddable":true,"href":"https:\/\/isarta.com\/infos\/wp-json\/wp\/v2\/media\/65830"}],"wp:attachment":[{"href":"https:\/\/isarta.com\/infos\/wp-json\/wp\/v2\/media?parent=65895"}],"wp:term":[{"taxonomy":"category","embeddable":true,"href":"https:\/\/isarta.com\/infos\/wp-json\/wp\/v2\/categories?post=65895"},{"taxonomy":"post_tag","embeddable":true,"href":"https:\/\/isarta.com\/infos\/wp-json\/wp\/v2\/tags?post=65895"}],"curies":[{"name":"wp","href":"https:\/\/api.w.org\/{rel}","templated":true}]}}