{"id":65896,"date":"2019-06-10T12:05:38","date_gmt":"2019-06-10T16:05:38","guid":{"rendered":"https:\/\/isarta.com\/infos\/?p=65896"},"modified":"2019-06-10T12:56:15","modified_gmt":"2019-06-10T16:56:15","slug":"les-nouvelles-de-lindustrie-a-savoir-aujourdhui-80","status":"publish","type":"post","link":"https:\/\/isarta.com\/infos\/les-nouvelles-de-lindustrie-a-savoir-aujourdhui-80\/","title":{"rendered":"Les nouvelles de l&rsquo;industrie \u00e0 savoir aujourd&rsquo;hui"},"content":{"rendered":"<p><span style=\"color: #999999; font-size: 12px;\">10 juin 2019<\/span><\/p>\n<ul>\n<li class=\"cat_article_title\"><strong><span style=\"color: #000080;\"><a style=\"color: #000080;\" href=\"https:\/\/isarta.com\/infos\/nomination-sylvie-charette-nouvelle-vice-presidente-commercialisation-et-experience-client-de-fizz\/\" target=\"_blank\" rel=\"noopener\">Sylvie Charette, nouvelle vice-pr\u00e9sidente, Commercialisation et exp\u00e9rience client de Fizz<\/a><\/span><\/strong><\/li>\n<\/ul>\n<p><img loading=\"lazy\" class=\"size-medium wp-image-65917 alignleft\" src=\"https:\/\/isarta.com\/infos\/wp-content\/uploads\/2019\/06\/Photo-officielle_Sylvie-Charette-Fizz-videotron-300x200.jpg\" alt=\"\" width=\"300\" height=\"200\" srcset=\"https:\/\/isarta.com\/infos\/wp-content\/uploads\/2019\/06\/Photo-officielle_Sylvie-Charette-Fizz-videotron-300x200.jpg 300w, https:\/\/isarta.com\/infos\/wp-content\/uploads\/2019\/06\/Photo-officielle_Sylvie-Charette-Fizz-videotron-768x512.jpg 768w, https:\/\/isarta.com\/infos\/wp-content\/uploads\/2019\/06\/Photo-officielle_Sylvie-Charette-Fizz-videotron-1024x683.jpg 1024w, https:\/\/isarta.com\/infos\/wp-content\/uploads\/2019\/06\/Photo-officielle_Sylvie-Charette-Fizz-videotron-272x182.jpg 272w\" sizes=\"(max-width: 300px) 100vw, 300px\" \/>Vid\u00e9otron vient d\u2019annoncer la nomination de Sylvie Charette \u00e0 titre de vice-pr\u00e9sidente, Commercialisation et exp\u00e9rience client de Fizz. Cumulant plus de 25 ans d\u2019exp\u00e9rience en communication marketing, elle joint une \u00e9quipe \u00e0 son image\u00a0: aguerrie et avide d\u2019innovation.<\/p>\n<p>Pour lire la suite, <span style=\"color: #3366ff;\"><a style=\"color: #3366ff;\" href=\"https:\/\/isarta.com\/infos\/nomination-sylvie-charette-nouvelle-vice-presidente-commercialisation-et-experience-client-de-fizz\/\" target=\"_blank\" rel=\"noopener\">cliquez ici<\/a>.<\/span><\/p>\n<div class=\"brdr2\"><\/div>\n<ul>\n<li class=\"cat_article_title\"><strong><span style=\"color: #000080;\"><a style=\"color: #000080;\" href=\"https:\/\/isarta.com\/infos\/nomination-christine-latour-nouvelle-vice-presidente-marketing-et-communications-de-solotech\/\" target=\"_blank\" rel=\"noopener\">Christine Latour, nouvelle vice-pr\u00e9sidente, Marketing et Communications de Solotech<\/a><\/span><\/strong><\/li>\n<\/ul>\n<p><img loading=\"lazy\" class=\" wp-image-65976 alignleft\" src=\"https:\/\/isarta.com\/infos\/wp-content\/uploads\/2019\/06\/nomination_christine_latour_Solotech-300x224.jpg\" alt=\"\" width=\"220\" height=\"164\" srcset=\"https:\/\/isarta.com\/infos\/wp-content\/uploads\/2019\/06\/nomination_christine_latour_Solotech-300x224.jpg 300w, https:\/\/isarta.com\/infos\/wp-content\/uploads\/2019\/06\/nomination_christine_latour_Solotech.jpg 693w\" sizes=\"(max-width: 220px) 100vw, 220px\" \/>Martin Tremblay, pr\u00e9sident et chef de la direction de Solotech, vient d\u2019annoncer la nomination de Christine Latour en tant que vice-pr\u00e9sidente, Marketing et Communications.<\/p>\n<p>Pour lire la suite, <span style=\"color: #3366ff;\"><a style=\"color: #3366ff;\" href=\"https:\/\/isarta.com\/infos\/nomination-christine-latour-nouvelle-vice-presidente-marketing-et-communications-de-solotech\/\" target=\"_blank\" rel=\"noopener\">cliquez ici<\/a>.<\/span><\/p>\n<div class=\"brdr2\"><\/div>\n<ul>\n<li class=\"cat_article_title\"><strong><span style=\"color: #000080;\"><a style=\"color: #000080;\" href=\"https:\/\/isarta.com\/infos\/tillit-officialise-son-alliance-strategique-avec-le-site\/\" target=\"_blank\" rel=\"noopener\">Tillit officialise son alliance strat\u00e9gique avec Le Site<\/a><\/span><\/strong><\/li>\n<\/ul>\n<p><img loading=\"lazy\" class=\"alignleft size-medium wp-image-65893\" src=\"https:\/\/isarta.com\/infos\/wp-content\/uploads\/2019\/06\/Tillit-300x139.png\" alt=\"\" width=\"300\" height=\"139\" srcset=\"https:\/\/isarta.com\/infos\/wp-content\/uploads\/2019\/06\/Tillit-300x139.png 300w, https:\/\/isarta.com\/infos\/wp-content\/uploads\/2019\/06\/Tillit-768x355.png 768w, https:\/\/isarta.com\/infos\/wp-content\/uploads\/2019\/06\/Tillit-1024x474.png 1024w, https:\/\/isarta.com\/infos\/wp-content\/uploads\/2019\/06\/Tillit.png 1848w\" sizes=\"(max-width: 300px) 100vw, 300px\" \/>Pr\u00e8s de six mois apr\u00e8s avoir investi dans Le Site, une entreprise montr\u00e9alaise num\u00e9rique sp\u00e9cialis\u00e9e dans le commerce \u00e9lectronique, la strat\u00e9gie Web, le d\u00e9veloppement Magento et le marketing de marque, tillit\u00a0constate que cette alliance strat\u00e9gique avec son nouveau partenaire a largement d\u00e9pass\u00e9 leurs objectifs respectifs.<\/p>\n<p>Pour lire la suite, <span style=\"color: #3366ff;\"><a style=\"color: #3366ff;\" href=\"https:\/\/isarta.com\/infos\/tillit-officialise-son-alliance-strategique-avec-le-site\/\" target=\"_blank\" rel=\"noopener\">cliquez ici<\/a>.<\/span><\/p>\n<div class=\"brdr2\"><\/div>\n<ul>\n<li class=\"cat_article_title\"><span style=\"color: #000080;\"><strong><a style=\"color: #000080;\" href=\"https:\/\/isarta.com\/infos\/parkour3-devient-une-agence-partenaire-hubspot\/\" target=\"_blank\" rel=\"noopener\">Parkour3 devient une agence partenaire Hubspot<\/a><\/strong><\/span><\/li>\n<\/ul>\n<p><img loading=\"lazy\" class=\"alignleft size-medium wp-image-65878\" src=\"https:\/\/isarta.com\/infos\/wp-content\/uploads\/2019\/06\/parkour3-hubspot-300x158.png\" alt=\"\" width=\"300\" height=\"158\" srcset=\"https:\/\/isarta.com\/infos\/wp-content\/uploads\/2019\/06\/parkour3-hubspot-300x158.png 300w, https:\/\/isarta.com\/infos\/wp-content\/uploads\/2019\/06\/parkour3-hubspot-768x403.png 768w, https:\/\/isarta.com\/infos\/wp-content\/uploads\/2019\/06\/parkour3-hubspot-1024x538.png 1024w, https:\/\/isarta.com\/infos\/wp-content\/uploads\/2019\/06\/parkour3-hubspot.png 1200w\" sizes=\"(max-width: 300px) 100vw, 300px\" \/>Parkour3 vient d\u2019annoncer un\u00a0partenariat avec Hubspot, un logiciel d&rsquo;inbound marketing, de vente et de service qui aide les entreprises \u00e0 attirer les visiteurs, \u00e0 convertir les prospects et \u00e0 fid\u00e9liser leurs clients.<\/p>\n<p>Pour lire la suite, <span style=\"color: #3366ff;\"><a style=\"color: #3366ff;\" href=\"https:\/\/isarta.com\/infos\/parkour3-devient-une-agence-partenaire-hubspot\/\" target=\"_blank\" rel=\"noopener\">cliquez ici<\/a>.<\/span><\/p>\n<div class=\"brdr2\"><\/div>\n<ul>\n<li class=\"cat_article_title\"><strong><span style=\"color: #000080;\"><a style=\"color: #000080;\" href=\"https:\/\/isarta.com\/infos\/triade-marketing-produit-une-affiche-comestible-pour-la-boite-a-pain\/\" target=\"_blank\" rel=\"noopener\">Triade Marketing produit une affiche\u2026 comestible pour la Bo\u00eete \u00e0 pain<\/a><\/span><\/strong><\/li>\n<\/ul>\n<p><img loading=\"lazy\" class=\"alignleft size-medium wp-image-65859\" src=\"https:\/\/isarta.com\/infos\/wp-content\/uploads\/2019\/06\/abribus_mockup_pixelpain-300x291.jpg\" alt=\"\" width=\"300\" height=\"291\" srcset=\"https:\/\/isarta.com\/infos\/wp-content\/uploads\/2019\/06\/abribus_mockup_pixelpain-300x291.jpg 300w, https:\/\/isarta.com\/infos\/wp-content\/uploads\/2019\/06\/abribus_mockup_pixelpain-768x745.jpg 768w, https:\/\/isarta.com\/infos\/wp-content\/uploads\/2019\/06\/abribus_mockup_pixelpain-1024x994.jpg 1024w, https:\/\/isarta.com\/infos\/wp-content\/uploads\/2019\/06\/abribus_mockup_pixelpain.jpg 1513w\" sizes=\"(max-width: 300px) 100vw, 300px\" \/>Pour la Boi\u0302te a\u0300 Pain, tout moment&#8230;est un moment a\u0300 savourer. La boulangerie artisanale de Que\u0301bec le de\u0301montre d\u2019ailleurs habilement et avec originalite\u0301 en cre\u0301ant une affiche \u2013 comple\u0300tement comestible ! \u2013 produite entie\u0300rement de bouche\u0301es de pain.<\/p>\n<p>Pour lire la suite, <span style=\"color: #3366ff;\"><a style=\"color: #3366ff;\" href=\"https:\/\/isarta.com\/infos\/triade-marketing-produit-une-affiche-comestible-pour-la-boite-a-pain\/\" target=\"_blank\" rel=\"noopener\">cliquez ici<\/a>.<\/span><\/p>\n<div class=\"brdr2\"><\/div>\n<ul>\n<li class=\"cat_article_title\"><strong><span style=\"color: #000080;\"><a style=\"color: #000080;\" href=\"https:\/\/isarta.com\/infos\/la-maison-w-havas-montreal-deviennent-trash-pour-les-printemps-du-mac\/\" target=\"_blank\" rel=\"noopener\">La Maison W\u2014Havas Montr\u00e9al deviennent trash pour Les Printemps du MAC<\/a><\/span><\/strong><\/li>\n<\/ul>\n<p><img loading=\"lazy\" class=\"alignleft size-medium wp-image-65843\" src=\"https:\/\/isarta.com\/infos\/wp-content\/uploads\/2019\/06\/Havas-MAC-2019-300x181.jpg\" alt=\"\" width=\"300\" height=\"181\" srcset=\"https:\/\/isarta.com\/infos\/wp-content\/uploads\/2019\/06\/Havas-MAC-2019-300x181.jpg 300w, https:\/\/isarta.com\/infos\/wp-content\/uploads\/2019\/06\/Havas-MAC-2019-768x464.jpg 768w, https:\/\/isarta.com\/infos\/wp-content\/uploads\/2019\/06\/Havas-MAC-2019-1024x618.jpg 1024w, https:\/\/isarta.com\/infos\/wp-content\/uploads\/2019\/06\/Havas-MAC-2019.jpg 1400w\" sizes=\"(max-width: 300px) 100vw, 300px\" \/>Pour une deuxi\u00e8me ann\u00e9e cons\u00e9cutive, La Maison W, le studio de design de Havas Montr\u00e9al, a d\u00e9velopp\u00e9 l\u2019identit\u00e9 des Printemps du MAC. Le th\u00e8me de cet \u00e9v\u00e9nement du printemps \u2013 qui est indiscutablement l\u2019une des f\u00eates phare de l\u2019ann\u00e9e \u2013, \u00e9tait Clash Kids, inspir\u00e9 du Berlin des ann\u00e9es 90.<\/p>\n<p>Pour lire la suite, <span style=\"color: #3366ff;\"><a style=\"color: #3366ff;\" href=\"https:\/\/isarta.com\/infos\/la-maison-w-havas-montreal-deviennent-trash-pour-les-printemps-du-mac\/\" target=\"_blank\" rel=\"noopener\">cliquez ici<\/a>.<\/span><\/p>\n<div class=\"brdr2\"><\/div>\n<ul>\n<li class=\"cat_article_title\"><span style=\"color: #000080;\"><strong><a style=\"color: #000080;\" href=\"https:\/\/isarta.com\/infos\/pierre-bruneau-se-fait-tatouer-pour-la-fondation-charles-bruneau\/\" target=\"_blank\" rel=\"noopener\">Pierre Bruneau se fait tatouer pour la Fondation Charles-Bruneau<\/a><\/strong><\/span><\/li>\n<\/ul>\n<p><img loading=\"lazy\" class=\"alignleft size-medium wp-image-65834\" src=\"https:\/\/isarta.com\/infos\/wp-content\/uploads\/2019\/06\/IGA_SidLee_PierreBruneau_Photo-300x145.png\" alt=\"\" width=\"300\" height=\"145\" srcset=\"https:\/\/isarta.com\/infos\/wp-content\/uploads\/2019\/06\/IGA_SidLee_PierreBruneau_Photo-300x145.png 300w, https:\/\/isarta.com\/infos\/wp-content\/uploads\/2019\/06\/IGA_SidLee_PierreBruneau_Photo-768x370.png 768w, https:\/\/isarta.com\/infos\/wp-content\/uploads\/2019\/06\/IGA_SidLee_PierreBruneau_Photo.png 931w\" sizes=\"(max-width: 300px) 100vw, 300px\" \/>IGA lance les tatouages anime\u0301s des durs a\u0300 cuire au profit de la Fondation Charles-Bruneau, une re\u0301alisation de Sid Lee. Jusqu\u2019au 12 juin, ils seront vendus en e\u0301picerie afin de financer la recherche contre les cancers infantiles.<\/p>\n<p>Pour lire la suite, <span style=\"color: #3366ff;\"><a style=\"color: #3366ff;\" href=\"https:\/\/isarta.com\/infos\/pierre-bruneau-se-fait-tatouer-pour-la-fondation-charles-bruneau\/\" target=\"_blank\" rel=\"noopener\">cliquez ici<\/a>.<\/span><\/p>\n<div class=\"brdr2\"><\/div>\n<div class=\"likebtn_container\" style=\"clear:both;text-align:center;\"><!-- LikeBtn.com BEGIN --><span class=\"likebtn-wrapper\"  data-identifier=\"post_65896\"  data-site_id=\"5cc1ecd16fd08b776710d1e9\"  data-theme=\"drop\"  data-btn_size=\"100\"  data-icon_l=\"false\"  data-icon_d=\"false\"  data-icon_l_url=\"https:\/\/isarta.com\/infos\/wp-content\/uploads\/2019\/04\/happy.png#64794\"  data-icon_d_url=\"https:\/\/isarta.com\/infos\/wp-content\/uploads\/2019\/04\/sleep.png#64796\"  data-icon_size=\"58\"  data-icon_l_c=\"#771414\"  data-bg_c=\"#ffffff\"  data-bg_c_v=\"#ffffff\"  data-brdr_c=\"#ffffff\"  data-f_size=\"11\"  data-f_family=\"Tahoma\"  data-counter_fs=\"b\"  data-lang=\"fr\"  data-ef_voting=\"wobble\"  data-dislike_enabled=\"false\"  data-counter_type=\"percent\"  data-counter_show=\"false\"  data-tooltip_enabled=\"false\"  data-tooltip_like_show_always=\"true\"  data-white_label=\"true\"  data-i18n_like=\"Aimer \/ Partager\"  data-i18n_dislike=\"Pas aim\u00e9\"  data-style=\"\"  data-unlike_allowed=\"\"  data-show_copyright=\"\"  data-item_url=\"https:\/\/isarta.com\/infos\/les-nouvelles-de-lindustrie-a-savoir-aujourdhui-80\/\"  data-item_title=\"Les nouvelles de l&#039;industrie \u00e0 savoir aujourd&#039;hui\"  data-item_image=\"https:\/\/isarta.com\/infos\/wp-content\/uploads\/2019\/06\/Photo-officielle_Sylvie-Charette-Fizz-videotron-1024x683.jpg\"  data-item_date=\"2019-06-10T12:05:38-04:00\"  data-engine=\"WordPress\"  data-plugin_v=\"2.6.54\"  data-prx=\"https:\/\/isarta.com\/infos\/wp-admin\/admin-ajax.php?action=likebtn_prx\"  data-event_handler=\"likebtn_eh\" ><\/span><!-- LikeBtn.com END --><\/p>\n<hr size=\"3\"><\/div>\n","protected":false},"excerpt":{"rendered":"<p>Que s&rsquo;est-il pass\u00e9 dans l&rsquo;industrie des communications et du marketing au Qu\u00e9bec ces derniers jours ? Nominations, campagnes, r\u00e9compenses, nouveaux mandats&#8230; On vous fait la synth\u00e8se ici.<\/p>\n<div class=\"likebtn_container\" style=\"clear:both;text-align:center;\"><!-- LikeBtn.com BEGIN --><span class=\"likebtn-wrapper\"  data-identifier=\"post_65896\"  data-site_id=\"5cc1ecd16fd08b776710d1e9\"  data-theme=\"drop\"  data-btn_size=\"100\"  data-icon_l=\"false\"  data-icon_d=\"false\"  data-icon_l_url=\"https:\/\/isarta.com\/infos\/wp-content\/uploads\/2019\/04\/happy.png#64794\"  data-icon_d_url=\"https:\/\/isarta.com\/infos\/wp-content\/uploads\/2019\/04\/sleep.png#64796\"  data-icon_size=\"58\"  data-icon_l_c=\"#771414\"  data-bg_c=\"#ffffff\"  data-bg_c_v=\"#ffffff\"  data-brdr_c=\"#ffffff\"  data-f_size=\"11\"  data-f_family=\"Tahoma\"  data-counter_fs=\"b\"  data-lang=\"fr\"  data-ef_voting=\"wobble\"  data-dislike_enabled=\"false\"  data-counter_type=\"percent\"  data-counter_show=\"false\"  data-tooltip_enabled=\"false\"  data-tooltip_like_show_always=\"true\"  data-white_label=\"true\"  data-i18n_like=\"Aimer \/ Partager\"  data-i18n_dislike=\"Pas aim\u00e9\"  data-style=\"\"  data-unlike_allowed=\"\"  data-show_copyright=\"\"  data-item_url=\"https:\/\/isarta.com\/infos\/les-nouvelles-de-lindustrie-a-savoir-aujourdhui-80\/\"  data-item_title=\"Les nouvelles de l&#039;industrie \u00e0 savoir aujourd&#039;hui\"  data-item_image=\"https:\/\/isarta.com\/infos\/wp-content\/uploads\/2019\/06\/Photo-officielle_Sylvie-Charette-Fizz-videotron-1024x683.jpg\"  data-item_date=\"2019-06-10T12:05:38-04:00\"  data-engine=\"WordPress\"  data-plugin_v=\"2.6.54\"  data-prx=\"https:\/\/isarta.com\/infos\/wp-admin\/admin-ajax.php?action=likebtn_prx\"  data-event_handler=\"likebtn_eh\" ><\/span><!-- LikeBtn.com END --><hr size=\"3\"><\/div>","protected":false},"author":1,"featured_media":65917,"comment_status":"open","ping_status":"open","sticky":false,"template":"","format":"standard","meta":[],"categories":[175,117,137],"tags":[229,1176,818],"_links":{"self":[{"href":"https:\/\/isarta.com\/infos\/wp-json\/wp\/v2\/posts\/65896"}],"collection":[{"href":"https:\/\/isarta.com\/infos\/wp-json\/wp\/v2\/posts"}],"about":[{"href":"https:\/\/isarta.com\/infos\/wp-json\/wp\/v2\/types\/post"}],"author":[{"embeddable":true,"href":"https:\/\/isarta.com\/infos\/wp-json\/wp\/v2\/users\/1"}],"replies":[{"embeddable":true,"href":"https:\/\/isarta.com\/infos\/wp-json\/wp\/v2\/comments?post=65896"}],"version-history":[{"count":3,"href":"https:\/\/isarta.com\/infos\/wp-json\/wp\/v2\/posts\/65896\/revisions"}],"predecessor-version":[{"id":65987,"href":"https:\/\/isarta.com\/infos\/wp-json\/wp\/v2\/posts\/65896\/revisions\/65987"}],"wp:featuredmedia":[{"embeddable":true,"href":"https:\/\/isarta.com\/infos\/wp-json\/wp\/v2\/media\/65917"}],"wp:attachment":[{"href":"https:\/\/isarta.com\/infos\/wp-json\/wp\/v2\/media?parent=65896"}],"wp:term":[{"taxonomy":"category","embeddable":true,"href":"https:\/\/isarta.com\/infos\/wp-json\/wp\/v2\/categories?post=65896"},{"taxonomy":"post_tag","embeddable":true,"href":"https:\/\/isarta.com\/infos\/wp-json\/wp\/v2\/tags?post=65896"}],"curies":[{"name":"wp","href":"https:\/\/api.w.org\/{rel}","templated":true}]}}