{"id":66100,"date":"2019-06-13T12:05:53","date_gmt":"2019-06-13T16:05:53","guid":{"rendered":"https:\/\/isarta.com\/infos\/?p=66100"},"modified":"2019-06-13T11:29:32","modified_gmt":"2019-06-13T15:29:32","slug":"les-nouvelles-de-lindustrie-a-savoir-aujourdhui-81","status":"publish","type":"post","link":"https:\/\/isarta.com\/infos\/les-nouvelles-de-lindustrie-a-savoir-aujourdhui-81\/","title":{"rendered":"Les nouvelles de l&rsquo;industrie \u00e0 savoir aujourd&rsquo;hui"},"content":{"rendered":"<p><span style=\"color: #999999; font-size: 12px;\">13 juin 2019<\/span><\/p>\n<ul>\n<li class=\"cat_article_title\"><strong><span style=\"color: #000080;\"><a style=\"color: #000080;\" href=\"https:\/\/isarta.com\/infos\/nomination-olivier-racette-nouvel-associe-de-lagence-4-pieds-11\/\" target=\"_blank\" rel=\"noopener\">Olivier Racette, nouvel associ\u00e9 de l\u2019agence 4 pieds 11<\/a><\/span><\/strong><\/li>\n<\/ul>\n<p><img loading=\"lazy\" class=\"alignleft  wp-image-66041\" src=\"https:\/\/isarta.com\/infos\/wp-content\/uploads\/2019\/06\/OlivierRacette-4pieds11-web-couleur-300x300.png\" alt=\"\" width=\"188\" height=\"188\" srcset=\"https:\/\/isarta.com\/infos\/wp-content\/uploads\/2019\/06\/OlivierRacette-4pieds11-web-couleur-300x300.png 300w, https:\/\/isarta.com\/infos\/wp-content\/uploads\/2019\/06\/OlivierRacette-4pieds11-web-couleur-768x766.png 768w, https:\/\/isarta.com\/infos\/wp-content\/uploads\/2019\/06\/OlivierRacette-4pieds11-web-couleur-1024x1021.png 1024w, https:\/\/isarta.com\/infos\/wp-content\/uploads\/2019\/06\/OlivierRacette-4pieds11-web-couleur-144x144.png 144w, https:\/\/isarta.com\/infos\/wp-content\/uploads\/2019\/06\/OlivierRacette-4pieds11-web-couleur.png 1554w\" sizes=\"(max-width: 188px) 100vw, 188px\" \/>L\u2019agence de communication et de marketing 4 pieds 11 vient d\u2019annoncer l\u2019arrive\u0301e d\u2019Olivier Racette a\u0300 titre d\u2019associe\u0301. En tant que professionnel des communications et des relations publiques comptant pre\u0300s de 15 ans d\u2019expe\u0301rience, Olivier mettra a\u0300 profit son expertise, notamment en matie\u0300re de communications corporatives et de relations publiques, au service de la cliente\u0300le actuelle et future de l\u2019agence en pleine croissance.<\/p>\n<p>Pour lire la suite, <span style=\"color: #3366ff;\"><a style=\"color: #3366ff;\" href=\"https:\/\/isarta.com\/infos\/nomination-olivier-racette-nouvel-associe-de-lagence-4-pieds-11\/\" target=\"_blank\" rel=\"noopener\">cliquez ici<\/a>.<\/span><\/p>\n<div class=\"brdr2\"><\/div>\n<ul>\n<li class=\"cat_article_title\"><span style=\"color: #000080;\"><strong><a style=\"color: #000080;\" href=\"https:\/\/isarta.com\/infos\/jean-marc-fournier-se-joint-a-syrus\/\" target=\"_blank\" rel=\"noopener\">Jean-Marc Fournier, nouveau conseiller strat\u00e9gique chez SYRUS<\/a><\/strong><\/span><\/li>\n<\/ul>\n<p><img loading=\"lazy\" class=\"alignleft size-medium wp-image-65992\" src=\"https:\/\/isarta.com\/infos\/wp-content\/uploads\/2019\/06\/Fournier-Syrus-nomination-300x211.png\" alt=\"\" width=\"300\" height=\"211\" srcset=\"https:\/\/isarta.com\/infos\/wp-content\/uploads\/2019\/06\/Fournier-Syrus-nomination-300x211.png 300w, https:\/\/isarta.com\/infos\/wp-content\/uploads\/2019\/06\/Fournier-Syrus-nomination.png 711w\" sizes=\"(max-width: 300px) 100vw, 300px\" \/>Apr\u00e8s une carri\u00e8re politique bien remplie lors de laquelle il a su laisser sa marque, Jean-Marc Fournier se joint au cabinet SYRUS \u00e0 titre de conseiller strat\u00e9gique. Sa venue ajoutera profondeur et exp\u00e9rience au cabinet qui offre \u00e0 ses clients un accompagnement strat\u00e9gique en affaires et en communications<\/p>\n<p>Pour lire la suite, <span style=\"color: #3366ff;\"><a style=\"color: #3366ff;\" href=\"https:\/\/isarta.com\/infos\/jean-marc-fournier-se-joint-a-syrus\/\" target=\"_blank\" rel=\"noopener\">cliquez ici<\/a>.<\/span><\/p>\n<div class=\"brdr2\"><\/div>\n<ul>\n<li class=\"cat_article_title\"><span style=\"color: #000080;\"><strong><a style=\"color: #000080;\" href=\"https:\/\/isarta.com\/infos\/nomination-valerie-selway-nouvelle-conseillere-chez-bob\/\" target=\"_blank\" rel=\"noopener\">Vale\u0301rie Selway, nouvelle conseill\u00e8re chez Bob<\/a><\/strong><\/span><\/li>\n<\/ul>\n<p><img loading=\"lazy\" class=\"alignleft  wp-image-66037\" src=\"https:\/\/isarta.com\/infos\/wp-content\/uploads\/2019\/06\/Valerie-Bob-300x150.png\" alt=\"\" width=\"248\" height=\"124\" srcset=\"https:\/\/isarta.com\/infos\/wp-content\/uploads\/2019\/06\/Valerie-Bob-300x150.png 300w, https:\/\/isarta.com\/infos\/wp-content\/uploads\/2019\/06\/Valerie-Bob-768x384.png 768w, https:\/\/isarta.com\/infos\/wp-content\/uploads\/2019\/06\/Valerie-Bob-1024x512.png 1024w, https:\/\/isarta.com\/infos\/wp-content\/uploads\/2019\/06\/Valerie-Bob.png 1920w\" sizes=\"(max-width: 248px) 100vw, 248px\" \/>Vale\u0301rie Selway accepte un nouveau ro\u0302le a\u0300 titre de conseille\u0300re apre\u0300s plus de 5 ans au sein de l\u2019agence.<\/p>\n<p>Pour lire la suite, <span style=\"color: #3366ff;\"><a style=\"color: #3366ff;\" href=\"https:\/\/isarta.com\/infos\/nomination-valerie-selway-nouvelle-conseillere-chez-bob\/\" target=\"_blank\" rel=\"noopener\">cliquez ici<\/a>.<\/span><\/p>\n<div class=\"brdr2\"><\/div>\n<ul>\n<li class=\"cat_article_title\"><strong><span style=\"color: #000080;\"><a style=\"color: #000080;\" href=\"https:\/\/isarta.com\/infos\/nominations-7-nouveaux-venus-chez-lagence-numerique-montrealaise-bloom\/\" target=\"_blank\" rel=\"noopener\">7 nouveaux venus chez l\u2019agence num\u00e9rique montr\u00e9alaise BLOOM<\/a><\/span><\/strong><\/li>\n<\/ul>\n<p><img loading=\"lazy\" class=\"alignleft size-medium wp-image-65967\" src=\"https:\/\/isarta.com\/infos\/wp-content\/uploads\/2019\/06\/Bloom-nominations-300x156.png\" alt=\"\" width=\"300\" height=\"156\" srcset=\"https:\/\/isarta.com\/infos\/wp-content\/uploads\/2019\/06\/Bloom-nominations-300x156.png 300w, https:\/\/isarta.com\/infos\/wp-content\/uploads\/2019\/06\/Bloom-nominations.png 562w\" sizes=\"(max-width: 300px) 100vw, 300px\" \/>Les experts Jean-Alain St-Louis, Jeremy Szynkarsky, Yoana Pehlyova, Astrid Rutten, Zoe Kerrick,\u00a0Claire Robert et Eric Liu joignent les rangs de BLOOM.<\/p>\n<p>Pour lire la suite, <span style=\"color: #3366ff;\"><a style=\"color: #3366ff;\" href=\"https:\/\/isarta.com\/infos\/nominations-7-nouveaux-venus-chez-lagence-numerique-montrealaise-bloom\/\" target=\"_blank\" rel=\"noopener\">cliquez ici<\/a>.<\/span><\/p>\n<div class=\"brdr2\"><\/div>\n<ul>\n<li class=\"cat_article_title\"><strong><span style=\"color: #000080;\"><a style=\"color: #000080;\" href=\"https:\/\/isarta.com\/infos\/voisin-lance-deux-nouvelles-offensives-tout-en-fraicheur-signees-camden\/\" target=\"_blank\" rel=\"noopener\">Voisin lance deux nouvelles offensives tout en fra\u00eecheur, sign\u00e9es Camden<\/a><\/span><\/strong><\/li>\n<\/ul>\n<p><img loading=\"lazy\" class=\"alignleft size-medium wp-image-65985\" src=\"https:\/\/isarta.com\/infos\/wp-content\/uploads\/2019\/06\/Voisin-camden-campagne-300x140.png\" alt=\"\" width=\"300\" height=\"140\" srcset=\"https:\/\/isarta.com\/infos\/wp-content\/uploads\/2019\/06\/Voisin-camden-campagne-300x140.png 300w, https:\/\/isarta.com\/infos\/wp-content\/uploads\/2019\/06\/Voisin-camden-campagne.png 611w\" sizes=\"(max-width: 300px) 100vw, 300px\" \/>Cette ann\u00e9e, les marchands Voisin d\u00e9siraient r\u00e9affirmer leur offre unique de pr\u00eat-\u00e0-manger pr\u00e9par\u00e9 sur place et promouvoir leurs nouveaux sandwichs vedettes aux saveurs du monde.\u00a0Pour y arriver, Camden a mis sur pied une campagne multiplateforme d\u00e9clin\u00e9e autour du message \u00ab\u2009Soyez pr\u00eat-\u00e0-voyager gr\u00e2ce au pr\u00eat-\u00e0-manger\u2009\u00bb.<\/p>\n<p>Pour lire la suite, <span style=\"color: #3366ff;\"><a style=\"color: #3366ff;\" href=\"https:\/\/isarta.com\/infos\/voisin-lance-deux-nouvelles-offensives-tout-en-fraicheur-signees-camden\/\" target=\"_blank\" rel=\"noopener\">cliquez ici<\/a>.<\/span><\/p>\n<div class=\"brdr2\"><\/div>\n<ul>\n<li class=\"cat_article_title\"><strong><span style=\"color: #000080;\"><a style=\"color: #000080;\" href=\"https:\/\/isarta.com\/infos\/erod-signe-la-nouvelle-campagne-pour-promouvoir-lemploi-dans-les-laurentides\/\" target=\"_blank\" rel=\"noopener\">Erod signe la nouvelle campagne pour promouvoir l\u2019emploi dans les Laurentides<\/a><\/span><\/strong><\/li>\n<\/ul>\n<p><img loading=\"lazy\" class=\"alignleft size-medium wp-image-65979\" src=\"https:\/\/isarta.com\/infos\/wp-content\/uploads\/2019\/06\/Erod-TaH-300x194.jpg\" alt=\"\" width=\"300\" height=\"194\" srcset=\"https:\/\/isarta.com\/infos\/wp-content\/uploads\/2019\/06\/Erod-TaH-300x194.jpg 300w, https:\/\/isarta.com\/infos\/wp-content\/uploads\/2019\/06\/Erod-TaH-768x495.jpg 768w, https:\/\/isarta.com\/infos\/wp-content\/uploads\/2019\/06\/Erod-TaH-1024x660.jpg 1024w\" sizes=\"(max-width: 300px) 100vw, 300px\" \/>Erod, agence cre\u0301ative pre\u0301sente sa nouvelle collaboration avec les MRC de la re\u0301gion des Laurentides, Emploi-Que\u0301bec et le Centre inte\u0301gre\u0301 de sante\u0301 et de services sociaux (CISSS) des Laurentides, alors qu\u2019est lance\u0301e la campagne re\u0301gionale pour l\u2019employabilite\u0301 Laurentides en emploi.<\/p>\n<p>Pour lire la suite, <span style=\"color: #3366ff;\"><a style=\"color: #3366ff;\" href=\"https:\/\/isarta.com\/infos\/erod-signe-la-nouvelle-campagne-pour-promouvoir-lemploi-dans-les-laurentides\/\" target=\"_blank\" rel=\"noopener\">cliquez ici<\/a>.<\/span><\/p>\n<div class=\"brdr2\"><\/div>\n<ul>\n<li class=\"cat_article_title\"><strong><span style=\"color: #000080;\"><a style=\"color: #000080;\" href=\"https:\/\/isarta.com\/infos\/code-%cf%80-un-nouveau-projet-pour-mieux-encadrer-et-reconnaitre-le-marketing-dinfluence\/\" target=\"_blank\" rel=\"noopener\">Code \u03c0 :\u00a0Un nouveau projet pour mieux encadrer et reconna\u00eetre le marketing d\u2019influence<\/a><\/span><\/strong><\/li>\n<\/ul>\n<p><img loading=\"lazy\" class=\"alignleft size-medium wp-image-65973\" src=\"https:\/\/isarta.com\/infos\/wp-content\/uploads\/2019\/06\/Code-Pi-influenceur-300x169.jpg\" alt=\"\" width=\"300\" height=\"169\" srcset=\"https:\/\/isarta.com\/infos\/wp-content\/uploads\/2019\/06\/Code-Pi-influenceur-300x169.jpg 300w, https:\/\/isarta.com\/infos\/wp-content\/uploads\/2019\/06\/Code-Pi-influenceur-768x432.jpg 768w, https:\/\/isarta.com\/infos\/wp-content\/uploads\/2019\/06\/Code-Pi-influenceur-1024x576.jpg 1024w, https:\/\/isarta.com\/infos\/wp-content\/uploads\/2019\/06\/Code-Pi-influenceur.jpg 1080w\" sizes=\"(max-width: 300px) 100vw, 300px\" \/>Coralie-Jade Fournier, Anne-Marie Caron et Rachel Desbiens-Despr\u00e9s f\u00e9d\u00e8rent l\u2019industrie en cr\u00e9ant une cellule de concertation vou\u00e9e \u00e0 la r\u00e9solution des enjeux du marketing d\u2019influence.<\/p>\n<p>Pour lire la suite, <span style=\"color: #3366ff;\"><a style=\"color: #3366ff;\" href=\"https:\/\/isarta.com\/infos\/code-%cf%80-un-nouveau-projet-pour-mieux-encadrer-et-reconnaitre-le-marketing-dinfluence\/\" target=\"_blank\" rel=\"noopener\">cliquez ici<\/a>.<\/span><\/p>\n<div class=\"brdr2\"><\/div>\n<ul>\n<li class=\"cat_article_title\"><strong><span style=\"color: #000080;\"><a style=\"color: #000080;\" href=\"https:\/\/isarta.com\/infos\/havas-media-nouvelle-agence-de-reference-de-corby-spiritueux-et-vins-limitee-absolut-vodka-j-p-wisers\/\" target=\"_blank\" rel=\"noopener\">Havas M\u00e9dia, nouvelle agence de r\u00e9f\u00e9rence de Corby Spiritueux et vins Limit\u00e9e (Absolut Vodka, J.P. Wiser\u2019s\u2026)<\/a><\/span><\/strong><\/li>\n<\/ul>\n<p><img loading=\"lazy\" class=\"alignleft size-medium wp-image-65970\" src=\"https:\/\/isarta.com\/infos\/wp-content\/uploads\/2019\/06\/Havas-mandat-absolut-300x179.png\" alt=\"\" width=\"300\" height=\"179\" srcset=\"https:\/\/isarta.com\/infos\/wp-content\/uploads\/2019\/06\/Havas-mandat-absolut-300x179.png 300w, https:\/\/isarta.com\/infos\/wp-content\/uploads\/2019\/06\/Havas-mandat-absolut-768x459.png 768w, https:\/\/isarta.com\/infos\/wp-content\/uploads\/2019\/06\/Havas-mandat-absolut-1024x612.png 1024w, https:\/\/isarta.com\/infos\/wp-content\/uploads\/2019\/06\/Havas-mandat-absolut.png 1119w\" sizes=\"(max-width: 300px) 100vw, 300px\" \/>Corby Spiritueux et vins Limit\u00e9e, chef de fil de la production, de la commercialisation et de la distribution de spiritueux et de vins au Canada, vient d&rsquo;annoncer la nomination de Havas M\u00e9dia comme son agence de r\u00e9f\u00e9rence \u00e0 l\u2019issue d\u2019un processus d\u2019appel d\u2019offres.<\/p>\n<p>Pour lire la suite, <span style=\"color: #3366ff;\"><a style=\"color: #3366ff;\" href=\"https:\/\/isarta.com\/infos\/havas-media-nouvelle-agence-de-reference-de-corby-spiritueux-et-vins-limitee-absolut-vodka-j-p-wisers\/\" target=\"_blank\" rel=\"noopener\">cliquez ici<\/a>.<\/span><\/p>\n<div class=\"brdr2\"><\/div>\n<p>&nbsp;<\/p>\n<div class=\"likebtn_container\" style=\"clear:both;text-align:center;\"><!-- LikeBtn.com BEGIN --><span class=\"likebtn-wrapper\"  data-identifier=\"post_66100\"  data-site_id=\"5cc1ecd16fd08b776710d1e9\"  data-theme=\"drop\"  data-btn_size=\"100\"  data-icon_l=\"false\"  data-icon_d=\"false\"  data-icon_l_url=\"https:\/\/isarta.com\/infos\/wp-content\/uploads\/2019\/04\/happy.png#64794\"  data-icon_d_url=\"https:\/\/isarta.com\/infos\/wp-content\/uploads\/2019\/04\/sleep.png#64796\"  data-icon_size=\"58\"  data-icon_l_c=\"#771414\"  data-bg_c=\"#ffffff\"  data-bg_c_v=\"#ffffff\"  data-brdr_c=\"#ffffff\"  data-f_size=\"11\"  data-f_family=\"Tahoma\"  data-counter_fs=\"b\"  data-lang=\"fr\"  data-ef_voting=\"wobble\"  data-dislike_enabled=\"false\"  data-counter_type=\"percent\"  data-counter_show=\"false\"  data-tooltip_enabled=\"false\"  data-tooltip_like_show_always=\"true\"  data-white_label=\"true\"  data-i18n_like=\"Aimer \/ Partager\"  data-i18n_dislike=\"Pas aim\u00e9\"  data-style=\"\"  data-unlike_allowed=\"\"  data-show_copyright=\"\"  data-item_url=\"https:\/\/isarta.com\/infos\/les-nouvelles-de-lindustrie-a-savoir-aujourdhui-81\/\"  data-item_title=\"Les nouvelles de l&#039;industrie \u00e0 savoir aujourd&#039;hui\"  data-item_image=\"https:\/\/isarta.com\/infos\/wp-content\/uploads\/2019\/06\/Fournier-Syrus-nomination.png\"  data-item_date=\"2019-06-13T12:05:53-04:00\"  data-engine=\"WordPress\"  data-plugin_v=\"2.6.54\"  data-prx=\"https:\/\/isarta.com\/infos\/wp-admin\/admin-ajax.php?action=likebtn_prx\"  data-event_handler=\"likebtn_eh\" ><\/span><!-- LikeBtn.com END --><\/p>\n<hr size=\"3\"><\/div>\n","protected":false},"excerpt":{"rendered":"<p>Que s&rsquo;est-il pass\u00e9 dans l&rsquo;industrie des communications et du marketing au Qu\u00e9bec ces derniers jours ? Nominations, campagnes, r\u00e9compenses, nouveaux mandats&#8230; On vous fait la synth\u00e8se ici.<\/p>\n<div class=\"likebtn_container\" style=\"clear:both;text-align:center;\"><!-- LikeBtn.com BEGIN --><span class=\"likebtn-wrapper\"  data-identifier=\"post_66100\"  data-site_id=\"5cc1ecd16fd08b776710d1e9\"  data-theme=\"drop\"  data-btn_size=\"100\"  data-icon_l=\"false\"  data-icon_d=\"false\"  data-icon_l_url=\"https:\/\/isarta.com\/infos\/wp-content\/uploads\/2019\/04\/happy.png#64794\"  data-icon_d_url=\"https:\/\/isarta.com\/infos\/wp-content\/uploads\/2019\/04\/sleep.png#64796\"  data-icon_size=\"58\"  data-icon_l_c=\"#771414\"  data-bg_c=\"#ffffff\"  data-bg_c_v=\"#ffffff\"  data-brdr_c=\"#ffffff\"  data-f_size=\"11\"  data-f_family=\"Tahoma\"  data-counter_fs=\"b\"  data-lang=\"fr\"  data-ef_voting=\"wobble\"  data-dislike_enabled=\"false\"  data-counter_type=\"percent\"  data-counter_show=\"false\"  data-tooltip_enabled=\"false\"  data-tooltip_like_show_always=\"true\"  data-white_label=\"true\"  data-i18n_like=\"Aimer \/ Partager\"  data-i18n_dislike=\"Pas aim\u00e9\"  data-style=\"\"  data-unlike_allowed=\"\"  data-show_copyright=\"\"  data-item_url=\"https:\/\/isarta.com\/infos\/les-nouvelles-de-lindustrie-a-savoir-aujourdhui-81\/\"  data-item_title=\"Les nouvelles de l&#039;industrie \u00e0 savoir aujourd&#039;hui\"  data-item_image=\"https:\/\/isarta.com\/infos\/wp-content\/uploads\/2019\/06\/Fournier-Syrus-nomination.png\"  data-item_date=\"2019-06-13T12:05:53-04:00\"  data-engine=\"WordPress\"  data-plugin_v=\"2.6.54\"  data-prx=\"https:\/\/isarta.com\/infos\/wp-admin\/admin-ajax.php?action=likebtn_prx\"  data-event_handler=\"likebtn_eh\" ><\/span><!-- LikeBtn.com END --><hr size=\"3\"><\/div>","protected":false},"author":1,"featured_media":65992,"comment_status":"open","ping_status":"open","sticky":false,"template":"","format":"standard","meta":[],"categories":[175,117,137],"tags":[314,1176,818],"_links":{"self":[{"href":"https:\/\/isarta.com\/infos\/wp-json\/wp\/v2\/posts\/66100"}],"collection":[{"href":"https:\/\/isarta.com\/infos\/wp-json\/wp\/v2\/posts"}],"about":[{"href":"https:\/\/isarta.com\/infos\/wp-json\/wp\/v2\/types\/post"}],"author":[{"embeddable":true,"href":"https:\/\/isarta.com\/infos\/wp-json\/wp\/v2\/users\/1"}],"replies":[{"embeddable":true,"href":"https:\/\/isarta.com\/infos\/wp-json\/wp\/v2\/comments?post=66100"}],"version-history":[{"count":2,"href":"https:\/\/isarta.com\/infos\/wp-json\/wp\/v2\/posts\/66100\/revisions"}],"predecessor-version":[{"id":66105,"href":"https:\/\/isarta.com\/infos\/wp-json\/wp\/v2\/posts\/66100\/revisions\/66105"}],"wp:featuredmedia":[{"embeddable":true,"href":"https:\/\/isarta.com\/infos\/wp-json\/wp\/v2\/media\/65992"}],"wp:attachment":[{"href":"https:\/\/isarta.com\/infos\/wp-json\/wp\/v2\/media?parent=66100"}],"wp:term":[{"taxonomy":"category","embeddable":true,"href":"https:\/\/isarta.com\/infos\/wp-json\/wp\/v2\/categories?post=66100"},{"taxonomy":"post_tag","embeddable":true,"href":"https:\/\/isarta.com\/infos\/wp-json\/wp\/v2\/tags?post=66100"}],"curies":[{"name":"wp","href":"https:\/\/api.w.org\/{rel}","templated":true}]}}