{"id":66748,"date":"2019-07-09T14:07:48","date_gmt":"2019-07-09T18:07:48","guid":{"rendered":"https:\/\/isarta.com\/infos\/?p=66748"},"modified":"2019-07-09T14:07:48","modified_gmt":"2019-07-09T18:07:48","slug":"triple-nomination-chez-braque-qui-realigne-une-parte-de-son-equipe-vers-lalimentation-et-le-voyage","status":"publish","type":"post","link":"https:\/\/isarta.com\/infos\/triple-nomination-chez-braque-qui-realigne-une-parte-de-son-equipe-vers-lalimentation-et-le-voyage\/","title":{"rendered":"Triple nomination chez Braque, qui r\u00e9aligne une parte de son \u00e9quipe vers l&rsquo;alimentation et le voyage"},"content":{"rendered":"<div id=\"attachment_66749\" style=\"width: 714px\" class=\"wp-caption aligncenter\"><img aria-describedby=\"caption-attachment-66749\" loading=\"lazy\" class=\"wp-image-66749\" src=\"https:\/\/isarta.com\/infos\/wp-content\/uploads\/2019\/07\/Braque-nomination-300x190.png\" alt=\"\" width=\"704\" height=\"446\" srcset=\"https:\/\/isarta.com\/infos\/wp-content\/uploads\/2019\/07\/Braque-nomination-300x190.png 300w, https:\/\/isarta.com\/infos\/wp-content\/uploads\/2019\/07\/Braque-nomination-768x485.png 768w, https:\/\/isarta.com\/infos\/wp-content\/uploads\/2019\/07\/Braque-nomination.png 894w\" sizes=\"(max-width: 704px) 100vw, 704px\" \/><\/p>\n<p id=\"caption-attachment-66749\" class=\"wp-caption-text\"><span style=\"font-size: 12px;\"><em>De gauche \u00e0 droite : Jessica d\u2019Anjou, Kelly Taylor, Caroline Graf<\/em><\/span><\/p>\n<\/div>\n<p class=\"p1\"><span class=\"s1\" style=\"font-size: 12px; color: #999999;\">9 juillet 2019<\/span><\/p>\n<p class=\"p1\"><span style=\"font-size: 20px;\"><strong><span class=\"s1\">Au cours des derni\u00e8res ann\u00e9es, <a href=\"http:\/\/braque.ca\/\" target=\"_blank\" rel=\"noopener\"><span style=\"color: #3366ff;\">Braque<\/span><\/a> a su d\u00e9velopper une forte expertise dans les secteurs de l\u2019alimentation et du voyage. Afin de valoriser ces sp\u00e9cialit\u00e9s et de mieux r\u00e9pondre aux besoins de ses clients, l\u2019agence a r\u00e9cemment r\u00e9align\u00e9 une\u00a0<\/span>partie de son \u00e9quipe client autour de ces deux verticaux.\u00a0<\/strong><\/span><\/p>\n<p class=\"p1\"><span class=\"s1\">Ce\u00a0<\/span>r\u00e9alignement se traduit par une fusion des \u00e9quipes conseil et op\u00e9rations ainsi qu\u2019une triple nomination au sein de l\u2019agence. Kelly Taylor, charg\u00e9e de comptes chez Braque depuis les cinq derni\u00e8res ann\u00e9es, se voit promue au poste de directrice conseil. Ses principales fonctions seront d\u2019accompagner les charg\u00e9es de comptes en planification strat\u00e9gique, de faire \u00e9voluer les relations avec les clients et de contribuer plus activement au d\u00e9veloppement de l\u2019agence.<\/p>\n<p class=\"p1\">Caroline Graf, aussi charg\u00e9e de comptes chez Braque depuis cinq ans, se voit confier la pratique en alimentation et Jessica d\u2019Anjou, anciennement charg\u00e9e de projets, se voit nomm\u00e9e charg\u00e9e de comptes, responsable de la section voyage.<\/p>\n<p class=\"p1\">L\u2019\u00e9quipe client est sous la supervision de Marie-Jos\u00e9e Bourque, vice-pr\u00e9sidente, Service-conseil, qui demeure responsable de l\u2019ensemble des comptes.<\/p>\n<p class=\"p1\"><span style=\"color: #000080;\"><span class=\"s1\"><b>S\u2019adapter\u00a0<\/b><\/span><b>aux besoins des industries<\/b><\/span><\/p>\n<p class=\"p1\"><span class=\"s1\">Avec\u00a0<\/span>cette r\u00e9organisation, l\u2019agence s\u2019assure de r\u00e9pondre aux besoins sp\u00e9cifiques des industries de l\u2019alimentation et du voyage en permettant aux membres de son \u00e9quipe de s\u2019y consacrer pleinement. Cette initiative vise \u00e9galement \u00e0 permettre une plus grande fluidit\u00e9 dans les communications et dans l\u2019ex\u00e9cution des mandats.<\/p>\n<p class=\"p1\"><span class=\"s1\">Au-del\u00e0\u00a0<\/span>de la r\u00e9organisation, Braque continue de collaborer avec d\u2019autres client\u00e8les de secteurs vari\u00e9s, incluant la technologie, la sant\u00e9 et les services professionnels.<\/p>\n<p class=\"p1\"><span class=\"s1\">L\u2019agence,\u00a0<\/span>situ\u00e9e dans le Vieux-Montr\u00e9al, offre un service de communications int\u00e9gr\u00e9es qui comprend strat\u00e9gie, cr\u00e9ation, design, m\u00e9dia, marketing de contenu et num\u00e9rique. Elle compte parmi sa client\u00e8le Choice Hotels Canada, Aliments Ouimet-Cordon Bleu, Johnsonville Sausage,<\/p>\n<p class=\"p1\"><span class=\"s1\"> FX Innovation, Mito Sushi, Emballage Cartier, Gardium S\u00e9curit\u00e9, Expo Entrepreneurs, Total Canada, \u00c9rabli\u00e8re Les Sucreries d&rsquo;Or, Transplant Qu\u00e9bec, SBK T\u00e9l\u00e9com et Odessa Poissonnier.<\/span><\/p>\n<div class=\"likebtn_container\" style=\"clear:both;text-align:center;\"><!-- LikeBtn.com BEGIN --><span class=\"likebtn-wrapper\"  data-identifier=\"post_66748\"  data-site_id=\"5cc1ecd16fd08b776710d1e9\"  data-theme=\"drop\"  data-btn_size=\"100\"  data-icon_l=\"false\"  data-icon_d=\"false\"  data-icon_l_url=\"https:\/\/isarta.com\/infos\/wp-content\/uploads\/2019\/04\/happy.png#64794\"  data-icon_d_url=\"https:\/\/isarta.com\/infos\/wp-content\/uploads\/2019\/04\/sleep.png#64796\"  data-icon_size=\"58\"  data-icon_l_c=\"#771414\"  data-bg_c=\"#ffffff\"  data-bg_c_v=\"#ffffff\"  data-brdr_c=\"#ffffff\"  data-f_size=\"11\"  data-f_family=\"Tahoma\"  data-counter_fs=\"b\"  data-lang=\"fr\"  data-ef_voting=\"wobble\"  data-dislike_enabled=\"false\"  data-counter_type=\"percent\"  data-counter_show=\"false\"  data-tooltip_enabled=\"false\"  data-tooltip_like_show_always=\"true\"  data-white_label=\"true\"  data-i18n_like=\"Aimer \/ Partager\"  data-i18n_dislike=\"Pas aim\u00e9\"  data-style=\"\"  data-unlike_allowed=\"\"  data-show_copyright=\"\"  data-item_url=\"https:\/\/isarta.com\/infos\/triple-nomination-chez-braque-qui-realigne-une-parte-de-son-equipe-vers-lalimentation-et-le-voyage\/\"  data-item_title=\"Triple nomination chez Braque, qui r\u00e9aligne une parte de son \u00e9quipe vers l&#039;alimentation et le voyage\"  data-item_image=\"https:\/\/isarta.com\/infos\/wp-content\/uploads\/2019\/07\/Braque-nomination.png\"  data-item_date=\"2019-07-09T14:07:48-04:00\"  data-engine=\"WordPress\"  data-plugin_v=\"2.6.54\"  data-prx=\"https:\/\/isarta.com\/infos\/wp-admin\/admin-ajax.php?action=likebtn_prx\"  data-event_handler=\"likebtn_eh\" ><\/span><!-- LikeBtn.com END --><\/p>\n<hr size=\"3\"><\/div>\n","protected":false},"excerpt":{"rendered":"<p>Au cours des derni\u00e8res ann\u00e9es, Braque a su d\u00e9velopper une forte expertise dans les secteurs de l\u2019alimentation et du voyage. Afin de valoriser ces sp\u00e9cialit\u00e9s et de mieux r\u00e9pondre aux besoins de ses clients, l\u2019agence a r\u00e9cemment r\u00e9align\u00e9 une\u00a0partie de son \u00e9quipe client autour de ces deux verticaux.\u00a0<\/p>\n<div class=\"likebtn_container\" style=\"clear:both;text-align:center;\"><!-- LikeBtn.com BEGIN --><span class=\"likebtn-wrapper\"  data-identifier=\"post_66748\"  data-site_id=\"5cc1ecd16fd08b776710d1e9\"  data-theme=\"drop\"  data-btn_size=\"100\"  data-icon_l=\"false\"  data-icon_d=\"false\"  data-icon_l_url=\"https:\/\/isarta.com\/infos\/wp-content\/uploads\/2019\/04\/happy.png#64794\"  data-icon_d_url=\"https:\/\/isarta.com\/infos\/wp-content\/uploads\/2019\/04\/sleep.png#64796\"  data-icon_size=\"58\"  data-icon_l_c=\"#771414\"  data-bg_c=\"#ffffff\"  data-bg_c_v=\"#ffffff\"  data-brdr_c=\"#ffffff\"  data-f_size=\"11\"  data-f_family=\"Tahoma\"  data-counter_fs=\"b\"  data-lang=\"fr\"  data-ef_voting=\"wobble\"  data-dislike_enabled=\"false\"  data-counter_type=\"percent\"  data-counter_show=\"false\"  data-tooltip_enabled=\"false\"  data-tooltip_like_show_always=\"true\"  data-white_label=\"true\"  data-i18n_like=\"Aimer \/ Partager\"  data-i18n_dislike=\"Pas aim\u00e9\"  data-style=\"\"  data-unlike_allowed=\"\"  data-show_copyright=\"\"  data-item_url=\"https:\/\/isarta.com\/infos\/triple-nomination-chez-braque-qui-realigne-une-parte-de-son-equipe-vers-lalimentation-et-le-voyage\/\"  data-item_title=\"Triple nomination chez Braque, qui r\u00e9aligne une parte de son \u00e9quipe vers l&#039;alimentation et le voyage\"  data-item_image=\"https:\/\/isarta.com\/infos\/wp-content\/uploads\/2019\/07\/Braque-nomination.png\"  data-item_date=\"2019-07-09T14:07:48-04:00\"  data-engine=\"WordPress\"  data-plugin_v=\"2.6.54\"  data-prx=\"https:\/\/isarta.com\/infos\/wp-admin\/admin-ajax.php?action=likebtn_prx\"  data-event_handler=\"likebtn_eh\" ><\/span><!-- LikeBtn.com END --><hr size=\"3\"><\/div>","protected":false},"author":1,"featured_media":66749,"comment_status":"open","ping_status":"open","sticky":false,"template":"","format":"standard","meta":[],"categories":[195],"tags":[281,1176,225],"_links":{"self":[{"href":"https:\/\/isarta.com\/infos\/wp-json\/wp\/v2\/posts\/66748"}],"collection":[{"href":"https:\/\/isarta.com\/infos\/wp-json\/wp\/v2\/posts"}],"about":[{"href":"https:\/\/isarta.com\/infos\/wp-json\/wp\/v2\/types\/post"}],"author":[{"embeddable":true,"href":"https:\/\/isarta.com\/infos\/wp-json\/wp\/v2\/users\/1"}],"replies":[{"embeddable":true,"href":"https:\/\/isarta.com\/infos\/wp-json\/wp\/v2\/comments?post=66748"}],"version-history":[{"count":4,"href":"https:\/\/isarta.com\/infos\/wp-json\/wp\/v2\/posts\/66748\/revisions"}],"predecessor-version":[{"id":66753,"href":"https:\/\/isarta.com\/infos\/wp-json\/wp\/v2\/posts\/66748\/revisions\/66753"}],"wp:featuredmedia":[{"embeddable":true,"href":"https:\/\/isarta.com\/infos\/wp-json\/wp\/v2\/media\/66749"}],"wp:attachment":[{"href":"https:\/\/isarta.com\/infos\/wp-json\/wp\/v2\/media?parent=66748"}],"wp:term":[{"taxonomy":"category","embeddable":true,"href":"https:\/\/isarta.com\/infos\/wp-json\/wp\/v2\/categories?post=66748"},{"taxonomy":"post_tag","embeddable":true,"href":"https:\/\/isarta.com\/infos\/wp-json\/wp\/v2\/tags?post=66748"}],"curies":[{"name":"wp","href":"https:\/\/api.w.org\/{rel}","templated":true}]}}