{"id":67565,"date":"2019-08-19T13:53:21","date_gmt":"2019-08-19T17:53:21","guid":{"rendered":"https:\/\/isarta.com\/infos\/?p=67565"},"modified":"2019-08-19T13:53:21","modified_gmt":"2019-08-19T17:53:21","slug":"la-banque-nationale-lance-sa-campagne-de-promotion-de-la-diversite","status":"publish","type":"post","link":"https:\/\/isarta.com\/infos\/la-banque-nationale-lance-sa-campagne-de-promotion-de-la-diversite\/","title":{"rendered":"La Banque Nationale lance sa campagne de promotion de la diversit\u00e9"},"content":{"rendered":"<div id=\"attachment_67566\" style=\"width: 736px\" class=\"wp-caption aligncenter\"><img aria-describedby=\"caption-attachment-67566\" loading=\"lazy\" class=\"wp-image-67566\" src=\"https:\/\/isarta.com\/infos\/wp-content\/uploads\/2019\/08\/Banque-nationale-300x200.png\" alt=\"\" width=\"726\" height=\"484\" srcset=\"https:\/\/isarta.com\/infos\/wp-content\/uploads\/2019\/08\/Banque-nationale-300x200.png 300w, https:\/\/isarta.com\/infos\/wp-content\/uploads\/2019\/08\/Banque-nationale-768x512.png 768w, https:\/\/isarta.com\/infos\/wp-content\/uploads\/2019\/08\/Banque-nationale-1024x682.png 1024w, https:\/\/isarta.com\/infos\/wp-content\/uploads\/2019\/08\/Banque-nationale-272x182.png 272w, https:\/\/isarta.com\/infos\/wp-content\/uploads\/2019\/08\/Banque-nationale.png 1280w\" sizes=\"(max-width: 726px) 100vw, 726px\" \/><\/p>\n<p id=\"caption-attachment-67566\" class=\"wp-caption-text\"><em><span style=\"font-size: 10px;\">*De gauche \u00e0 droite: Louis Vachon (pr\u00e9sident et directeur g\u00e9n\u00e9ral de la Banque Nationale), Patrick Desmarais (pr\u00e9sident de la Fondation \u00c9mergence), Lucie Blanchet (Premi\u00e8re vice-pr\u00e9sidente \u00e0 la direction, Particuliers et Marketing \u00e0 la Banque Nationale), Martin Gagnon (premier vice-pr\u00e9sident \u00e0 la direction, Gestion de Patrimoine et pr\u00e9sident du comit\u00e9 ex\u00e9cutif diversit\u00e9 et inclusion \u00e0 la Banque Nationale) et Laurent Breault (directeur g\u00e9n\u00e9ral et vice-pr\u00e9sident de la Fondation \u00c9mergence) &#8211;\u00a0<span class=\"s1\">\u00a0cr\u00e9dit photo: Sid Lee\u00a0<\/span><\/span><\/em><\/p>\n<\/div>\n<p><span style=\"font-size: 12px; color: #999999;\">19 ao\u00fbt 2019<\/span><\/p>\n<p class=\"p1\"><span style=\"font-size: 20px;\"><strong><span class=\"s1\">La Banque Nationale a proc\u00e9d\u00e9 le 15 ao\u00fbt dernier \u00e0 l\u2019inauguration d\u2019une palissade de plus de 300 pieds entourant le chantier de son prochain si\u00e8ge social, \u00e0 l\u2019angle du boulevard Robert-Bourassa et de la rue Saint-Jacques. C\u2019est en pr\u00e9sence de Louis Vachon, pr\u00e9sident et chef de la direction de la Banque Nationale, ainsi que de plusieurs membres de la haute direction, de partenaires et d\u2019employ\u00e9s que la campagne\u00a0#AffichonsNotreDiversit\u00e9\u00a0a officiellement \u00e9t\u00e9 lanc\u00e9e.\u00a0<\/span><\/strong><\/span><\/p>\n<p><span class=\"s1\">La campagne\u00a0<b>#AffichonsNotreDiversit\u00e9\u00a0<\/b>a \u00e9t\u00e9 lanc\u00e9e au profit de\u00a0<a href=\"https:\/\/www.fondationemergence.org\/\"><span class=\"s2\"><b><span style=\"color: #3366ff;\">la Fondation \u00c9mergence<\/span><\/b><\/span><\/a>, qui a pour mission de favoriser l\u2019inclusion des personnes LGBTQ+ dans la soci\u00e9t\u00e9; de contrer l\u2019homophobie, la transphobie et leur discrimination; de promouvoir leur \u00e9galit\u00e9 juridique et sociale et le respect de leurs droits; et d\u2019identifier les enjeux et les besoins \u00e9mergents afin d\u2019y r\u00e9pondre.<\/span><\/p>\n<p><span class=\"s1\">Pour chaque photo prise devant la palissade et partag\u00e9e sur les m\u00e9dias sociaux avec les mots-clics #AffichonsNotreDiversit\u00e9 et #donbnc,\u00a0<\/span><span class=\"s3\">1$ sera remis \u00e0 la Fondation \u00c9mergence\u00a0<\/span><span class=\"s1\">jusqu\u2019\u00e0 concurrence de 25\u00a0000$, ou jusqu\u2019\u00e0 la fin de la campagne le 1<\/span><span class=\"s4\"><sup>er<\/sup><\/span><span class=\"s1\">octobre.\u00a0\u00a0<\/span><\/p>\n<p><span class=\"s1\">La Banque Nationale souhaite profiter de l\u2019emplacement privil\u00e9gi\u00e9 \u00e0 l\u2019entr\u00e9e du centre-ville o\u00f9 circulent plus de\u00a0<\/span><span class=\"s3\">32 000 passants quotidiennement\u00a0<\/span><span class=\"s1\">pour lancer un appel \u00e0 poser un geste simple en faveur de la diversit\u00e9 et l\u2019inclusion, des valeurs fondamentales pour la Banque. Cette palissade vient \u00e9galement embellir le paysage urbain en habillant un chantier de construction \u00e0 haut trafic pi\u00e9tonnier et automobile.<\/span><\/p>\n<div id=\"attachment_67567\" style=\"width: 714px\" class=\"wp-caption aligncenter\"><img aria-describedby=\"caption-attachment-67567\" loading=\"lazy\" class=\"wp-image-67567\" src=\"https:\/\/isarta.com\/infos\/wp-content\/uploads\/2019\/08\/Banque-nationale-diversite-300x200.jpg\" alt=\"\" width=\"704\" height=\"469\" srcset=\"https:\/\/isarta.com\/infos\/wp-content\/uploads\/2019\/08\/Banque-nationale-diversite-300x200.jpg 300w, https:\/\/isarta.com\/infos\/wp-content\/uploads\/2019\/08\/Banque-nationale-diversite-768x512.jpg 768w, https:\/\/isarta.com\/infos\/wp-content\/uploads\/2019\/08\/Banque-nationale-diversite-1024x683.jpg 1024w, https:\/\/isarta.com\/infos\/wp-content\/uploads\/2019\/08\/Banque-nationale-diversite-272x182.jpg 272w\" sizes=\"(max-width: 704px) 100vw, 704px\" \/><\/p>\n<p id=\"caption-attachment-67567\" class=\"wp-caption-text\"><span style=\"font-size: 8px;\"><em> (cr\u00e9dit photo: Sid Lee) <\/em><\/span><\/p>\n<\/div>\n<div class=\"likebtn_container\" style=\"clear:both;text-align:center;\"><!-- LikeBtn.com BEGIN --><span class=\"likebtn-wrapper\"  data-identifier=\"post_67565\"  data-site_id=\"5cc1ecd16fd08b776710d1e9\"  data-theme=\"drop\"  data-btn_size=\"100\"  data-icon_l=\"false\"  data-icon_d=\"false\"  data-icon_l_url=\"https:\/\/isarta.com\/infos\/wp-content\/uploads\/2019\/04\/happy.png#64794\"  data-icon_d_url=\"https:\/\/isarta.com\/infos\/wp-content\/uploads\/2019\/04\/sleep.png#64796\"  data-icon_size=\"58\"  data-icon_l_c=\"#771414\"  data-bg_c=\"#ffffff\"  data-bg_c_v=\"#ffffff\"  data-brdr_c=\"#ffffff\"  data-f_size=\"11\"  data-f_family=\"Tahoma\"  data-counter_fs=\"b\"  data-lang=\"fr\"  data-ef_voting=\"wobble\"  data-dislike_enabled=\"false\"  data-counter_type=\"percent\"  data-counter_show=\"false\"  data-tooltip_enabled=\"false\"  data-tooltip_like_show_always=\"true\"  data-white_label=\"true\"  data-i18n_like=\"Aimer \/ Partager\"  data-i18n_dislike=\"Pas aim\u00e9\"  data-style=\"\"  data-unlike_allowed=\"\"  data-show_copyright=\"\"  data-item_url=\"https:\/\/isarta.com\/infos\/la-banque-nationale-lance-sa-campagne-de-promotion-de-la-diversite\/\"  data-item_title=\"La Banque Nationale lance sa campagne de promotion de la diversit\u00e9\"  data-item_image=\"https:\/\/isarta.com\/infos\/wp-content\/uploads\/2019\/08\/Banque-nationale-1024x682.png\"  data-item_date=\"2019-08-19T13:53:21-04:00\"  data-engine=\"WordPress\"  data-plugin_v=\"2.6.54\"  data-prx=\"https:\/\/isarta.com\/infos\/wp-admin\/admin-ajax.php?action=likebtn_prx\"  data-event_handler=\"likebtn_eh\" ><\/span><!-- LikeBtn.com END --><\/p>\n<hr size=\"3\"><\/div>\n","protected":false},"excerpt":{"rendered":"<p>La Banque Nationale a proc\u00e9d\u00e9 le 15 ao\u00fbt dernier \u00e0 l\u2019inauguration d\u2019une palissade de plus de 300 pieds entourant le chantier de son prochain si\u00e8ge social, \u00e0 l\u2019angle du boulevard Robert-Bourassa et de la rue Saint-Jacques. C\u2019est en pr\u00e9sence de Louis Vachon, pr\u00e9sident et chef de la direction de la Banque Nationale, ainsi que de plusieurs membres de la haute direction, de partenaires et d\u2019employ\u00e9s que la campagne\u00a0#AffichonsNotreDiversit\u00e9\u00a0a officiellement \u00e9t\u00e9 lanc\u00e9e.\u00a0<\/p>\n<div class=\"likebtn_container\" style=\"clear:both;text-align:center;\"><!-- LikeBtn.com BEGIN --><span class=\"likebtn-wrapper\"  data-identifier=\"post_67565\"  data-site_id=\"5cc1ecd16fd08b776710d1e9\"  data-theme=\"drop\"  data-btn_size=\"100\"  data-icon_l=\"false\"  data-icon_d=\"false\"  data-icon_l_url=\"https:\/\/isarta.com\/infos\/wp-content\/uploads\/2019\/04\/happy.png#64794\"  data-icon_d_url=\"https:\/\/isarta.com\/infos\/wp-content\/uploads\/2019\/04\/sleep.png#64796\"  data-icon_size=\"58\"  data-icon_l_c=\"#771414\"  data-bg_c=\"#ffffff\"  data-bg_c_v=\"#ffffff\"  data-brdr_c=\"#ffffff\"  data-f_size=\"11\"  data-f_family=\"Tahoma\"  data-counter_fs=\"b\"  data-lang=\"fr\"  data-ef_voting=\"wobble\"  data-dislike_enabled=\"false\"  data-counter_type=\"percent\"  data-counter_show=\"false\"  data-tooltip_enabled=\"false\"  data-tooltip_like_show_always=\"true\"  data-white_label=\"true\"  data-i18n_like=\"Aimer \/ Partager\"  data-i18n_dislike=\"Pas aim\u00e9\"  data-style=\"\"  data-unlike_allowed=\"\"  data-show_copyright=\"\"  data-item_url=\"https:\/\/isarta.com\/infos\/la-banque-nationale-lance-sa-campagne-de-promotion-de-la-diversite\/\"  data-item_title=\"La Banque Nationale lance sa campagne de promotion de la diversit\u00e9\"  data-item_image=\"https:\/\/isarta.com\/infos\/wp-content\/uploads\/2019\/08\/Banque-nationale-1024x682.png\"  data-item_date=\"2019-08-19T13:53:21-04:00\"  data-engine=\"WordPress\"  data-plugin_v=\"2.6.54\"  data-prx=\"https:\/\/isarta.com\/infos\/wp-admin\/admin-ajax.php?action=likebtn_prx\"  data-event_handler=\"likebtn_eh\" ><\/span><!-- LikeBtn.com END --><hr size=\"3\"><\/div>","protected":false},"author":1,"featured_media":67566,"comment_status":"open","ping_status":"open","sticky":false,"template":"","format":"standard","meta":[],"categories":[195],"tags":[252,229,1176,251],"_links":{"self":[{"href":"https:\/\/isarta.com\/infos\/wp-json\/wp\/v2\/posts\/67565"}],"collection":[{"href":"https:\/\/isarta.com\/infos\/wp-json\/wp\/v2\/posts"}],"about":[{"href":"https:\/\/isarta.com\/infos\/wp-json\/wp\/v2\/types\/post"}],"author":[{"embeddable":true,"href":"https:\/\/isarta.com\/infos\/wp-json\/wp\/v2\/users\/1"}],"replies":[{"embeddable":true,"href":"https:\/\/isarta.com\/infos\/wp-json\/wp\/v2\/comments?post=67565"}],"version-history":[{"count":1,"href":"https:\/\/isarta.com\/infos\/wp-json\/wp\/v2\/posts\/67565\/revisions"}],"predecessor-version":[{"id":67568,"href":"https:\/\/isarta.com\/infos\/wp-json\/wp\/v2\/posts\/67565\/revisions\/67568"}],"wp:featuredmedia":[{"embeddable":true,"href":"https:\/\/isarta.com\/infos\/wp-json\/wp\/v2\/media\/67566"}],"wp:attachment":[{"href":"https:\/\/isarta.com\/infos\/wp-json\/wp\/v2\/media?parent=67565"}],"wp:term":[{"taxonomy":"category","embeddable":true,"href":"https:\/\/isarta.com\/infos\/wp-json\/wp\/v2\/categories?post=67565"},{"taxonomy":"post_tag","embeddable":true,"href":"https:\/\/isarta.com\/infos\/wp-json\/wp\/v2\/tags?post=67565"}],"curies":[{"name":"wp","href":"https:\/\/api.w.org\/{rel}","templated":true}]}}