{"id":68264,"date":"2019-09-16T12:20:59","date_gmt":"2019-09-16T16:20:59","guid":{"rendered":"https:\/\/isarta.com\/infos\/?p=68264"},"modified":"2019-09-16T13:01:49","modified_gmt":"2019-09-16T17:01:49","slug":"les-producteurs-de-lait-du-quebec-lancent-un-telaitroman","status":"publish","type":"post","link":"https:\/\/isarta.com\/infos\/les-producteurs-de-lait-du-quebec-lancent-un-telaitroman\/","title":{"rendered":"Les Producteurs de lait du Que\u0301bec lancent un Te\u0301laitroman"},"content":{"rendered":"<div class=\"page\" title=\"Page 1\">\n<div class=\"layoutArea\">\n<div class=\"column\">\n<p><img loading=\"lazy\" class=\" wp-image-68267 aligncenter\" src=\"https:\/\/isarta.com\/infos\/wp-content\/uploads\/2019\/09\/02_lg2_PLQ_Telaitroman_panneau-300x184.jpg\" alt=\"\" width=\"638\" height=\"391\" srcset=\"https:\/\/isarta.com\/infos\/wp-content\/uploads\/2019\/09\/02_lg2_PLQ_Telaitroman_panneau-300x184.jpg 300w, https:\/\/isarta.com\/infos\/wp-content\/uploads\/2019\/09\/02_lg2_PLQ_Telaitroman_panneau-768x471.jpg 768w, https:\/\/isarta.com\/infos\/wp-content\/uploads\/2019\/09\/02_lg2_PLQ_Telaitroman_panneau-1024x628.jpg 1024w\" sizes=\"(max-width: 638px) 100vw, 638px\" \/><\/p>\n<p><span style=\"font-size: 12px; color: #999999;\">13 septembre 2019<\/span><\/p>\n<p><span style=\"font-size: 20px;\"><strong>Pour leur nouvelle offensive, les Producteurs de lait du Que\u0301bec innovent en lanc\u0327ant une se\u0301rie en 16 e\u0301pisodes. La formule \u00ab beurre\u0301 e\u0301pais \u00bb permet de souligner a\u0300 quel point le lait de\u0301borde de bienfaits, en plus de faire valoir l\u2019e\u0301volution des me\u0301thodes de production et la multitude d\u2019occasions de consommation du produit.<\/strong><\/span><\/p>\n<p>De\u0301ploye\u0301 a\u0300 la manie\u0300re d\u2019une quotidienne, le Te\u0301laitroman sera de\u0301voile\u0301 a\u0300 la te\u0301le\u0301vision et sur le web avec un e\u0301pisode diffe\u0301rent chaque jour, du dimanche au mercredi, pendant 4 semaines. Nous y vivrons avec une e\u0301tonnante famille de producteurs laitiers d\u2019ici les petits et grands moments du quotidien.<\/p>\n<blockquote><p><span style=\"font-size: 16px;\">Ce format publicitaire ine\u0301dit a pour objectif d\u2019interpeller davantage les consommateurs et de leur donner envie de suivre l\u2019entie\u0300rete\u0301 de la se\u0301rie. En adoptant un code tre\u0300s appre\u0301cie\u0301 des Que\u0301be\u0301cois, le te\u0301le\u0301roman, et en mettant de l\u2019avant artistes et artisans d\u2019ici, on s\u2019inse\u0300re dans la culture, tout comme le lait est inse\u0301re\u0301 dans la culture du Que\u0301bec. La pre\u0301sence de la se\u0301rie sur Tou.tv, a\u0300 la manie\u0300re d\u2019un vrai te\u0301le\u0301roman, permet d\u2019incarner le code te\u0301le\u0301visuel jusqu\u2019au bout \u00bb, explique Franc\u0327ois Sauve\u0301, vice-pre\u0301sident, cre\u0301ation, lg2.<\/span><\/p><\/blockquote>\n<blockquote><p><span style=\"font-size: 16px;\">Depuis 2016, nous avons entrepris un virage strate\u0301gique plus rationnel mettant en valeur les be\u0301ne\u0301fices nutritionnels du lait, tout en de\u0301boulonnant les mythes entourant sa production. Cette anne\u0301e, nous poursuivons dans cette voie en ce\u0301le\u0301brant la consommation de lait sous toutes ses formes, dans une tonalite\u0301 humoristique ou\u0300 on ne se prend pas au se\u0301rieux \u00bb, mentionne Julie Ge\u0301linas, directrice du marketing des Producteurs de lait du Que\u0301bec. \u00ab Dans l\u2019espace me\u0301diatique sature\u0301 de notre e\u0301poque, il faut rivaliser d&rsquo;originalite\u0301 pour attirer l\u2019attention des consommateurs. En s\u2019appuyant sur des acteurs, des sujets et des re\u0301fe\u0301rences qui rejoignent diffe\u0301rentes ge\u0301ne\u0301rations, on souhaite que cette offensive touche tous les Que\u0301be\u0301cois, le tout en ade\u0301quation avec l\u2019ADN de la marque \u00bb, ajoute-t-elle.<\/span><\/p><\/blockquote>\n<p><img loading=\"lazy\" class=\" wp-image-68268 aligncenter\" src=\"https:\/\/isarta.com\/infos\/wp-content\/uploads\/2019\/09\/03_lg2_PLQ_Telairoman_lumiquai-300x300.jpg\" alt=\"\" width=\"423\" height=\"423\" srcset=\"https:\/\/isarta.com\/infos\/wp-content\/uploads\/2019\/09\/03_lg2_PLQ_Telairoman_lumiquai-300x300.jpg 300w, https:\/\/isarta.com\/infos\/wp-content\/uploads\/2019\/09\/03_lg2_PLQ_Telairoman_lumiquai-768x768.jpg 768w, https:\/\/isarta.com\/infos\/wp-content\/uploads\/2019\/09\/03_lg2_PLQ_Telairoman_lumiquai-1024x1024.jpg 1024w, https:\/\/isarta.com\/infos\/wp-content\/uploads\/2019\/09\/03_lg2_PLQ_Telairoman_lumiquai-144x144.jpg 144w, https:\/\/isarta.com\/infos\/wp-content\/uploads\/2019\/09\/03_lg2_PLQ_Telairoman_lumiquai.jpg 2000w\" sizes=\"(max-width: 423px) 100vw, 423px\" \/><\/p>\n<p>Le Te\u0301laitroman compte 15 e\u0301pisodes de 45 secondes et culmine avec une grande finale de 120 secondes. Une campagne de lancement comprenant de l\u2019affichage \u2013 panneaux routiers, abribus \u2013 un volet web ainsi qu\u2019une bande-annonce a e\u0301te\u0301 de\u0301ploye\u0301e pour en annoncer la sortie.<\/p>\n<p>Les e\u0301pisodes seront de\u0301pose\u0301s au fur et a\u0300 mesure sur la plateforme tou.tv : ici.tou.tv\/telaitroman, sur tva.ca ainsi que sur telaitroman.com<\/p>\n<p><img loading=\"lazy\" class=\"size-medium wp-image-68269 aligncenter\" src=\"https:\/\/isarta.com\/infos\/wp-content\/uploads\/2019\/09\/04_lg2_PLQ_Telairoman_abribus-186x300.jpg\" alt=\"\" width=\"186\" height=\"300\" srcset=\"https:\/\/isarta.com\/infos\/wp-content\/uploads\/2019\/09\/04_lg2_PLQ_Telairoman_abribus-186x300.jpg 186w, https:\/\/isarta.com\/infos\/wp-content\/uploads\/2019\/09\/04_lg2_PLQ_Telairoman_abribus-768x1240.jpg 768w, https:\/\/isarta.com\/infos\/wp-content\/uploads\/2019\/09\/04_lg2_PLQ_Telairoman_abribus-634x1024.jpg 634w, https:\/\/isarta.com\/infos\/wp-content\/uploads\/2019\/09\/04_lg2_PLQ_Telairoman_abribus.jpg 1500w\" sizes=\"(max-width: 186px) 100vw, 186px\" \/><\/p>\n<p><strong><span style=\"color: #000080;\">Cr\u00e9dits<\/span><\/strong><\/p>\n<ul>\n<li>Client :\u00a0Les Producteurs de lait du Qu\u00e9bec \u2013 Julie G\u00e9linas, Sara Bujold<\/li>\n<li>Vice-pr\u00e9sident cr\u00e9ation :\u00a0Fran\u00e7ois Sauv\u00e9<\/li>\n<li>Cr\u00e9ation :\u00a0Guillaume Bergeron, Marc Guilbault, Dominique Audet<\/li>\n<li>Chefferie de contenu :\u00a0Martina Djogo<\/li>\n<li>Planification strat\u00e9gique :\u00a0Philippe Goudreault<\/li>\n<li>Vice-pr\u00e9sidence, service-conseil :\u00a0Marie-Christine Cayer<\/li>\n<li>Service-conseil :\u00a0\u00a0Karine Payette, F\u00e9eniscya Roy, Joannie B\u00e9langer, Camille Breton<\/li>\n<li>Production d&rsquo;agence :\u00a0Val\u00e9rie Lapointe<\/li>\n<li>Maison de production :\u00a0BLVD \/ \u00c9milie Heckmann, Jason Breton<\/li>\n<li>R\u00e9alisation :\u00a0Fran\u00e7ois St-Amant<\/li>\n<li>Direction photo :\u00a0Genevi\u00e8ve Perron<\/li>\n<li>Post-production :\u00a0\u00c9ric Lavoie<\/li>\n<li>Montage :\u00a0Olivier Binette, Guillaume Choquette<\/li>\n<li>Musique :\u00a0Antoine Becks, Fred B\u00e9gin<\/li>\n<li>Studio de son \/ Ing\u00e9nierie :\u00a0BLVD \/ Olivier Rivard<\/li>\n<li>Artiste Latt\u00e9 :\u00a0Jean Landry<\/li>\n<li>Photographe :\u00a0Jocelyn Michel<\/li>\n<li>Maison de production photo :\u00a0Consulat<\/li>\n<li>Charg\u00e9e de projet (imprim\u00e9 et num\u00e9rique) :\u00a0Marie-Elisabeth Fouquet-Bouchard, Emmanuelle Gauthier-Laquerre, Anne Sophie Forget Leroux<\/li>\n<li>Production graphique (imprim\u00e9 et num\u00e9rique) :\u00a0Manon R\u00e9millard, Fran\u00e7ois Plourde, Sylvain Fortier<\/li>\n<li>Design &#8211; Page d&rsquo;atterrissage :\u00a0Nicolas Baldovini, Chantal Bernard<\/li>\n<li>D\u00e9veloppement &#8211; Page d&rsquo;atterrissage :\u00a0Fran\u00e7ois Perreault, C\u00e9dric Givord, Charles Patoine<\/li>\n<li>M\u00e9dias :\u00a0Touch\u00e9! \u2013 Martin Soubeyran, Maeva Tepea, Gabrielle C\u00f4t\u00e9, Camille Lavoie, Maxime Mourot<\/li>\n<\/ul>\n<\/div>\n<\/div>\n<\/div>\n<div class=\"likebtn_container\" style=\"clear:both;text-align:center;\"><!-- LikeBtn.com BEGIN --><span class=\"likebtn-wrapper\"  data-identifier=\"post_68264\"  data-site_id=\"5cc1ecd16fd08b776710d1e9\"  data-theme=\"drop\"  data-btn_size=\"100\"  data-icon_l=\"false\"  data-icon_d=\"false\"  data-icon_l_url=\"https:\/\/isarta.com\/infos\/wp-content\/uploads\/2019\/04\/happy.png#64794\"  data-icon_d_url=\"https:\/\/isarta.com\/infos\/wp-content\/uploads\/2019\/04\/sleep.png#64796\"  data-icon_size=\"58\"  data-icon_l_c=\"#771414\"  data-bg_c=\"#ffffff\"  data-bg_c_v=\"#ffffff\"  data-brdr_c=\"#ffffff\"  data-f_size=\"11\"  data-f_family=\"Tahoma\"  data-counter_fs=\"b\"  data-lang=\"fr\"  data-ef_voting=\"wobble\"  data-dislike_enabled=\"false\"  data-counter_type=\"percent\"  data-counter_show=\"false\"  data-tooltip_enabled=\"false\"  data-tooltip_like_show_always=\"true\"  data-white_label=\"true\"  data-i18n_like=\"Aimer \/ Partager\"  data-i18n_dislike=\"Pas aim\u00e9\"  data-style=\"\"  data-unlike_allowed=\"\"  data-show_copyright=\"\"  data-item_url=\"https:\/\/isarta.com\/infos\/les-producteurs-de-lait-du-quebec-lancent-un-telaitroman\/\"  data-item_title=\"Les Producteurs de lait du Que\u0301bec lancent un Te\u0301laitroman\"  data-item_image=\"https:\/\/isarta.com\/infos\/wp-content\/uploads\/2019\/09\/02_lg2_PLQ_Telaitroman_panneau-1024x628.jpg\"  data-item_date=\"2019-09-16T12:20:59-04:00\"  data-engine=\"WordPress\"  data-plugin_v=\"2.6.54\"  data-prx=\"https:\/\/isarta.com\/infos\/wp-admin\/admin-ajax.php?action=likebtn_prx\"  data-event_handler=\"likebtn_eh\" ><\/span><!-- LikeBtn.com END --><\/p>\n<hr size=\"3\"><\/div>\n","protected":false},"excerpt":{"rendered":"<p>Pour leur nouvelle offensive, les Producteurs de lait du Que\u0301bec innovent en lanc\u0327ant une se\u0301rie en 16 e\u0301pisodes. La formule \u00ab beurre\u0301 e\u0301pais \u00bb permet de souligner a\u0300 quel point le lait de\u0301borde de bienfaits, en plus de faire valoir l\u2019e\u0301volution des me\u0301thodes de production et la multitude d\u2019occasions de consommation du produit.<\/p>\n<div class=\"likebtn_container\" style=\"clear:both;text-align:center;\"><!-- LikeBtn.com BEGIN --><span class=\"likebtn-wrapper\"  data-identifier=\"post_68264\"  data-site_id=\"5cc1ecd16fd08b776710d1e9\"  data-theme=\"drop\"  data-btn_size=\"100\"  data-icon_l=\"false\"  data-icon_d=\"false\"  data-icon_l_url=\"https:\/\/isarta.com\/infos\/wp-content\/uploads\/2019\/04\/happy.png#64794\"  data-icon_d_url=\"https:\/\/isarta.com\/infos\/wp-content\/uploads\/2019\/04\/sleep.png#64796\"  data-icon_size=\"58\"  data-icon_l_c=\"#771414\"  data-bg_c=\"#ffffff\"  data-bg_c_v=\"#ffffff\"  data-brdr_c=\"#ffffff\"  data-f_size=\"11\"  data-f_family=\"Tahoma\"  data-counter_fs=\"b\"  data-lang=\"fr\"  data-ef_voting=\"wobble\"  data-dislike_enabled=\"false\"  data-counter_type=\"percent\"  data-counter_show=\"false\"  data-tooltip_enabled=\"false\"  data-tooltip_like_show_always=\"true\"  data-white_label=\"true\"  data-i18n_like=\"Aimer \/ Partager\"  data-i18n_dislike=\"Pas aim\u00e9\"  data-style=\"\"  data-unlike_allowed=\"\"  data-show_copyright=\"\"  data-item_url=\"https:\/\/isarta.com\/infos\/les-producteurs-de-lait-du-quebec-lancent-un-telaitroman\/\"  data-item_title=\"Les Producteurs de lait du Que\u0301bec lancent un Te\u0301laitroman\"  data-item_image=\"https:\/\/isarta.com\/infos\/wp-content\/uploads\/2019\/09\/02_lg2_PLQ_Telaitroman_panneau-1024x628.jpg\"  data-item_date=\"2019-09-16T12:20:59-04:00\"  data-engine=\"WordPress\"  data-plugin_v=\"2.6.54\"  data-prx=\"https:\/\/isarta.com\/infos\/wp-admin\/admin-ajax.php?action=likebtn_prx\"  data-event_handler=\"likebtn_eh\" ><\/span><!-- LikeBtn.com END --><hr size=\"3\"><\/div>","protected":false},"author":1,"featured_media":68267,"comment_status":"open","ping_status":"open","sticky":false,"template":"","format":"standard","meta":[],"categories":[175,117],"tags":[388,227,1176],"_links":{"self":[{"href":"https:\/\/isarta.com\/infos\/wp-json\/wp\/v2\/posts\/68264"}],"collection":[{"href":"https:\/\/isarta.com\/infos\/wp-json\/wp\/v2\/posts"}],"about":[{"href":"https:\/\/isarta.com\/infos\/wp-json\/wp\/v2\/types\/post"}],"author":[{"embeddable":true,"href":"https:\/\/isarta.com\/infos\/wp-json\/wp\/v2\/users\/1"}],"replies":[{"embeddable":true,"href":"https:\/\/isarta.com\/infos\/wp-json\/wp\/v2\/comments?post=68264"}],"version-history":[{"count":3,"href":"https:\/\/isarta.com\/infos\/wp-json\/wp\/v2\/posts\/68264\/revisions"}],"predecessor-version":[{"id":68270,"href":"https:\/\/isarta.com\/infos\/wp-json\/wp\/v2\/posts\/68264\/revisions\/68270"}],"wp:featuredmedia":[{"embeddable":true,"href":"https:\/\/isarta.com\/infos\/wp-json\/wp\/v2\/media\/68267"}],"wp:attachment":[{"href":"https:\/\/isarta.com\/infos\/wp-json\/wp\/v2\/media?parent=68264"}],"wp:term":[{"taxonomy":"category","embeddable":true,"href":"https:\/\/isarta.com\/infos\/wp-json\/wp\/v2\/categories?post=68264"},{"taxonomy":"post_tag","embeddable":true,"href":"https:\/\/isarta.com\/infos\/wp-json\/wp\/v2\/tags?post=68264"}],"curies":[{"name":"wp","href":"https:\/\/api.w.org\/{rel}","templated":true}]}}