{"id":68455,"date":"2019-09-19T12:21:47","date_gmt":"2019-09-19T16:21:47","guid":{"rendered":"https:\/\/isarta.com\/infos\/?p=68455"},"modified":"2019-09-19T15:26:21","modified_gmt":"2019-09-19T19:26:21","slug":"francine-marcotte-prend-sa-retraite-de-cossette-media","status":"publish","type":"post","link":"https:\/\/isarta.com\/infos\/francine-marcotte-prend-sa-retraite-de-cossette-media\/","title":{"rendered":"Francine Marcotte prend sa retraite de Cossette M\u00e9dia"},"content":{"rendered":"<p><img loading=\"lazy\" class=\"aligncenter wp-image-68456\" src=\"https:\/\/isarta.com\/infos\/wp-content\/uploads\/2019\/09\/francine_marcotte-300x300.jpg\" alt=\"\" width=\"748\" height=\"748\" srcset=\"https:\/\/isarta.com\/infos\/wp-content\/uploads\/2019\/09\/francine_marcotte-300x300.jpg 300w, https:\/\/isarta.com\/infos\/wp-content\/uploads\/2019\/09\/francine_marcotte-768x768.jpg 768w, https:\/\/isarta.com\/infos\/wp-content\/uploads\/2019\/09\/francine_marcotte-1024x1024.jpg 1024w, https:\/\/isarta.com\/infos\/wp-content\/uploads\/2019\/09\/francine_marcotte-144x144.jpg 144w, https:\/\/isarta.com\/infos\/wp-content\/uploads\/2019\/09\/francine_marcotte.jpg 1080w\" sizes=\"(max-width: 748px) 100vw, 748px\" \/><\/p>\n<p><span style=\"font-size: 12px; color: #999999;\">19 septembre 2019<\/span><\/p>\n<p class=\"p2\"><span style=\"font-size: 20px;\"><strong><span class=\"s1\"><a href=\"https:\/\/isarta.com\/infos\/tag\/cossette\/\" target=\"_blank\" rel=\"noopener\"><span style=\"color: #3366ff;\">Cossette M\u00e9dia<\/span><\/a> annonce aujourd\u2019hui le d\u00e9part \u00e0 la retraite de Francine Marcotte, vice-pr\u00e9sidente, directrice m\u00e9dia de Cossette M\u00e9dia, qui a travaill\u00e9 au sein de l\u2019agence pendant 37 ans. Pierre Delagrave, directeur du Groupe Innovation de Vision7, Joseph Leon, chef de la direction de Vision7 M\u00e9dia et pr\u00e9sident de Cossette M\u00e9dia et Axel Dumont, vice-pr\u00e9sident principal et directeur g\u00e9n\u00e9ral, Qu\u00e9bec et Est canadien chez Cossette M\u00e9dia, <a href=\"http:\/\/www.cossette.com\/fr\/nouvelles\/francine-marcotte-prend-sa-retraite-de-cossette-m-dia\" target=\"_blank\" rel=\"noopener\"><span style=\"color: #3366ff;\">lui rendent hommage avec le texte ci-dessous<\/span><\/a>.<\/span><\/strong><\/span><\/p>\n<p class=\"p2\"><span class=\"s1\">D\u00e8s qu\u2019il a rencontr\u00e9 Francine Marcotte, Pierre Delagrave a d\u00e9cel\u00e9 imm\u00e9diatement son talent unique. \u00c0 l\u2019\u00e9poque, Pierre dirigeait l\u2019\u00e9quipe m\u00e9dia de Cossette qui allait \u00e9ventuellement devenir l\u2019agence sp\u00e9cialis\u00e9e Cossette M\u00e9dia. L\u2019approche unique de Francine n\u2019a pas tard\u00e9 \u00e0 am\u00e9liorer nos pratiques en mati\u00e8re d\u2019achats m\u00e9dias. Toutefois, m\u00eame un visionnaire comme Pierre n\u2019aurait pu se douter que Francine passerait pr\u00e8s de 40 ans au sein de notre agence et qu\u2019elle influencerait la fa\u00e7on de travailler non seulement chez Cossette M\u00e9dia, mais dans l\u2019ensemble de l\u2019industrie.<\/span><\/p>\n<p class=\"p2\"><span class=\"s1\">Depuis son arriv\u00e9e en 1982, Francine a v\u00e9cu de pr\u00e8s les grands changements qui ont transform\u00e9 \u00e0 la fois le monde et notre travail. Elle a su renouveler son approche et ses m\u00e9thodes en fonction de l\u2019essor de la c\u00e2blodistribution, de l\u2019arriv\u00e9e d\u2019Internet et de l\u2019\u00e9mergence des m\u00e9gadonn\u00e9es. Tr\u00e8s souvent, les gens qui ont acquis une bonne ma\u00eetrise de leur travail vivent un d\u00e9chirement profond entre le d\u00e9sir de pr\u00e9server leur expertise et la n\u00e9cessit\u00e9 d\u2019\u00e9voluer. Francine n\u2019a jamais ressenti cela. Au contraire, elle a toujours cherch\u00e9 \u00e0 se r\u00e9inventer et comptait souvent parmi les pionniers du changement, servant ainsi d\u2019exemple \u00e0 quiconque souhaite r\u00e9ussir dans l\u2019industrie des m\u00e9dias.<\/span><\/p>\n<p class=\"p2\"><span class=\"s1\">Comme peuvent en t\u00e9moigner les gens qui ont travaill\u00e9 avec elle, en plus d\u2019avoir une grande capacit\u00e9 d\u2019adaptation, Francine est une leader incroyable, une mentore attentionn\u00e9e et une source intarissable d\u2019\u00e9nergie positive qui am\u00e8ne les gens \u00e0 se d\u00e9passer. Elle a su cr\u00e9er des liens durables et s\u2019est forg\u00e9 une r\u00e9putation exceptionnelle qui d\u00e9passe les fronti\u00e8res r\u00e9gionales, contribuant grandement \u00e0 la notori\u00e9t\u00e9 de Cossette M\u00e9dia au Canada. De surcro\u00eet, elle a relev\u00e9 ces d\u00e9fis le sourire aux l\u00e8vres, ce qui faisait d\u2019elle une collaboratrice des plus agr\u00e9ables.<\/span><\/p>\n<p class=\"p2\"><span class=\"s1\">Mais surtout, tout au long de sa carri\u00e8re, Francine a fait preuve d\u2019une loyaut\u00e9 ind\u00e9fectible non seulement envers ses amis, ses proches et Cossette M\u00e9dia, mais aussi envers l\u2019ensemble de l\u2019industrie au pays. Elle a su transmettre \u00e0 de nombreux leaders qu\u00e9b\u00e9cois et canadiens des valeurs indispensables \u00e0 leur r\u00e9ussite, soit l\u2019importance d\u2019entretenir des liens durables et \u00e9quitables, de pr\u00e9parer la rel\u00e8ve et, surtout, de s\u2019adapter au changement et de se r\u00e9inventer, contribuant ainsi \u00e0 fa\u00e7onner l\u2019industrie actuelle.<\/span><\/p>\n<p class=\"p2\"><span class=\"s1\">\u00a0<\/span><span class=\"s1\">Francine, au nom de toute l\u2019\u00e9quipe de Cossette M\u00e9dia, nous te remercions pour tout. Continue de profiter pleinement de la vie et n\u2019oublie pas que tu feras toujours partie de la famille de Cossette M\u00e9dia.<\/span><\/p>\n<p class=\"p2\"><span class=\"s1\">Pierre, Joseph et Axel<\/span><\/p>\n<div class=\"likebtn_container\" style=\"clear:both;text-align:center;\"><!-- LikeBtn.com BEGIN --><span class=\"likebtn-wrapper\"  data-identifier=\"post_68455\"  data-site_id=\"5cc1ecd16fd08b776710d1e9\"  data-theme=\"drop\"  data-btn_size=\"100\"  data-icon_l=\"false\"  data-icon_d=\"false\"  data-icon_l_url=\"https:\/\/isarta.com\/infos\/wp-content\/uploads\/2019\/04\/happy.png#64794\"  data-icon_d_url=\"https:\/\/isarta.com\/infos\/wp-content\/uploads\/2019\/04\/sleep.png#64796\"  data-icon_size=\"58\"  data-icon_l_c=\"#771414\"  data-bg_c=\"#ffffff\"  data-bg_c_v=\"#ffffff\"  data-brdr_c=\"#ffffff\"  data-f_size=\"11\"  data-f_family=\"Tahoma\"  data-counter_fs=\"b\"  data-lang=\"fr\"  data-ef_voting=\"wobble\"  data-dislike_enabled=\"false\"  data-counter_type=\"percent\"  data-counter_show=\"false\"  data-tooltip_enabled=\"false\"  data-tooltip_like_show_always=\"true\"  data-white_label=\"true\"  data-i18n_like=\"Aimer \/ Partager\"  data-i18n_dislike=\"Pas aim\u00e9\"  data-style=\"\"  data-unlike_allowed=\"\"  data-show_copyright=\"\"  data-item_url=\"https:\/\/isarta.com\/infos\/francine-marcotte-prend-sa-retraite-de-cossette-media\/\"  data-item_title=\"Francine Marcotte prend sa retraite de Cossette M\u00e9dia\"  data-item_image=\"https:\/\/isarta.com\/infos\/wp-content\/uploads\/2019\/09\/francine_marcotte-1024x1024.jpg\"  data-item_date=\"2019-09-19T12:21:47-04:00\"  data-engine=\"WordPress\"  data-plugin_v=\"2.6.54\"  data-prx=\"https:\/\/isarta.com\/infos\/wp-admin\/admin-ajax.php?action=likebtn_prx\"  data-event_handler=\"likebtn_eh\" ><\/span><!-- LikeBtn.com END --><\/p>\n<hr size=\"3\"><\/div>\n","protected":false},"excerpt":{"rendered":"<p>Cossette M\u00e9dia annonce aujourd\u2019hui le d\u00e9part \u00e0 la retraite de Francine Marcotte, vice-pr\u00e9sidente, directrice m\u00e9dia de Cossette M\u00e9dia, qui a travaill\u00e9 au sein de l\u2019agence pendant 37 ans. Pierre Delagrave, directeur du Groupe Innovation de Vision7, Joseph Leon, chef de la direction de Vision7 M\u00e9dia et pr\u00e9sident de Cossette M\u00e9dia et Axel Dumont, vice-pr\u00e9sident principal et directeur g\u00e9n\u00e9ral, Qu\u00e9bec et Est canadien chez Cossette M\u00e9dia, lui rendent hommage avec le texte ci-dessous.<\/p>\n<div class=\"likebtn_container\" style=\"clear:both;text-align:center;\"><!-- LikeBtn.com BEGIN --><span class=\"likebtn-wrapper\"  data-identifier=\"post_68455\"  data-site_id=\"5cc1ecd16fd08b776710d1e9\"  data-theme=\"drop\"  data-btn_size=\"100\"  data-icon_l=\"false\"  data-icon_d=\"false\"  data-icon_l_url=\"https:\/\/isarta.com\/infos\/wp-content\/uploads\/2019\/04\/happy.png#64794\"  data-icon_d_url=\"https:\/\/isarta.com\/infos\/wp-content\/uploads\/2019\/04\/sleep.png#64796\"  data-icon_size=\"58\"  data-icon_l_c=\"#771414\"  data-bg_c=\"#ffffff\"  data-bg_c_v=\"#ffffff\"  data-brdr_c=\"#ffffff\"  data-f_size=\"11\"  data-f_family=\"Tahoma\"  data-counter_fs=\"b\"  data-lang=\"fr\"  data-ef_voting=\"wobble\"  data-dislike_enabled=\"false\"  data-counter_type=\"percent\"  data-counter_show=\"false\"  data-tooltip_enabled=\"false\"  data-tooltip_like_show_always=\"true\"  data-white_label=\"true\"  data-i18n_like=\"Aimer \/ Partager\"  data-i18n_dislike=\"Pas aim\u00e9\"  data-style=\"\"  data-unlike_allowed=\"\"  data-show_copyright=\"\"  data-item_url=\"https:\/\/isarta.com\/infos\/francine-marcotte-prend-sa-retraite-de-cossette-media\/\"  data-item_title=\"Francine Marcotte prend sa retraite de Cossette M\u00e9dia\"  data-item_image=\"https:\/\/isarta.com\/infos\/wp-content\/uploads\/2019\/09\/francine_marcotte-1024x1024.jpg\"  data-item_date=\"2019-09-19T12:21:47-04:00\"  data-engine=\"WordPress\"  data-plugin_v=\"2.6.54\"  data-prx=\"https:\/\/isarta.com\/infos\/wp-admin\/admin-ajax.php?action=likebtn_prx\"  data-event_handler=\"likebtn_eh\" ><\/span><!-- LikeBtn.com END --><hr size=\"3\"><\/div>","protected":false},"author":1,"featured_media":68456,"comment_status":"open","ping_status":"open","sticky":false,"template":"","format":"standard","meta":[],"categories":[175,117],"tags":[314,230],"_links":{"self":[{"href":"https:\/\/isarta.com\/infos\/wp-json\/wp\/v2\/posts\/68455"}],"collection":[{"href":"https:\/\/isarta.com\/infos\/wp-json\/wp\/v2\/posts"}],"about":[{"href":"https:\/\/isarta.com\/infos\/wp-json\/wp\/v2\/types\/post"}],"author":[{"embeddable":true,"href":"https:\/\/isarta.com\/infos\/wp-json\/wp\/v2\/users\/1"}],"replies":[{"embeddable":true,"href":"https:\/\/isarta.com\/infos\/wp-json\/wp\/v2\/comments?post=68455"}],"version-history":[{"count":2,"href":"https:\/\/isarta.com\/infos\/wp-json\/wp\/v2\/posts\/68455\/revisions"}],"predecessor-version":[{"id":68459,"href":"https:\/\/isarta.com\/infos\/wp-json\/wp\/v2\/posts\/68455\/revisions\/68459"}],"wp:featuredmedia":[{"embeddable":true,"href":"https:\/\/isarta.com\/infos\/wp-json\/wp\/v2\/media\/68456"}],"wp:attachment":[{"href":"https:\/\/isarta.com\/infos\/wp-json\/wp\/v2\/media?parent=68455"}],"wp:term":[{"taxonomy":"category","embeddable":true,"href":"https:\/\/isarta.com\/infos\/wp-json\/wp\/v2\/categories?post=68455"},{"taxonomy":"post_tag","embeddable":true,"href":"https:\/\/isarta.com\/infos\/wp-json\/wp\/v2\/tags?post=68455"}],"curies":[{"name":"wp","href":"https:\/\/api.w.org\/{rel}","templated":true}]}}