{"id":68662,"date":"2019-09-26T12:05:22","date_gmt":"2019-09-26T16:05:22","guid":{"rendered":"https:\/\/isarta.com\/infos\/?p=68662"},"modified":"2019-09-26T10:57:08","modified_gmt":"2019-09-26T14:57:08","slug":"les-nouvelles-de-lindustrie-a-savoir-aujourdhui-108","status":"publish","type":"post","link":"https:\/\/isarta.com\/infos\/les-nouvelles-de-lindustrie-a-savoir-aujourdhui-108\/","title":{"rendered":"Les nouvelles de l\u2019industrie \u00e0 savoir aujourd\u2019hui"},"content":{"rendered":"<p><span style=\"font-size: 12px; color: #999999;\">26 septembre 2019<\/span><\/p>\n<h2 class=\"cat_article_title\"><strong><span style=\"color: #000080;\"><a style=\"color: #000080;\" href=\"https:\/\/isarta.com\/infos\/lg2-double-son-equipe-dediee-au-contenu\/\" target=\"_blank\" rel=\"noopener\">lg2 double son \u00e9quipe d\u00e9di\u00e9e au contenu<\/a><\/span><\/strong><\/h2>\n<p><img loading=\"lazy\" class=\"alignleft  wp-image-68527\" src=\"https:\/\/isarta.com\/infos\/wp-content\/uploads\/2019\/09\/lg2_EquipeContenu_1920x1080-300x169.jpg\" alt=\"\" width=\"426\" height=\"240\" srcset=\"https:\/\/isarta.com\/infos\/wp-content\/uploads\/2019\/09\/lg2_EquipeContenu_1920x1080-300x169.jpg 300w, https:\/\/isarta.com\/infos\/wp-content\/uploads\/2019\/09\/lg2_EquipeContenu_1920x1080-768x432.jpg 768w, https:\/\/isarta.com\/infos\/wp-content\/uploads\/2019\/09\/lg2_EquipeContenu_1920x1080-1024x576.jpg 1024w, https:\/\/isarta.com\/infos\/wp-content\/uploads\/2019\/09\/lg2_EquipeContenu_1920x1080.jpg 1920w\" sizes=\"(max-width: 426px) 100vw, 426px\" \/>Avec des embauches re\u0301centes, lg2 voit son e\u0301quipe de\u0301die\u0301e au contenu de marque doubler. La croissance de cette offre de services n\u2019est pas e\u0301trange\u0300re a\u0300 la vision transversale de l\u2019agence en contenu de marque. En effet, l\u2019agence croit fermement au contenu qui alimente toutes les autres expertises a\u0300 l\u2019interne, qui divertit, e\u0301duque et connecte, tout en re\u0301pondant au volume grandissant des besoins clients, afin de saisir les opportunite\u0301s qui se pre\u0301sentent en chemin.<\/p>\n<p>Pour lire la suite, <span style=\"color: #3366ff;\"><a style=\"color: #3366ff;\" href=\"https:\/\/isarta.com\/infos\/lg2-double-son-equipe-dediee-au-contenu\/\" target=\"_blank\" rel=\"noopener\">cliquez ici<\/a>.<\/span><\/p>\n<div class=\"brdr2\"><\/div>\n<h2 class=\"cat_article_title\"><strong><span style=\"color: #000080;\"><a style=\"color: #000080;\" href=\"https:\/\/isarta.com\/infos\/nomination-reflector-entertainment-marc-olivier-paquet-nouveau-directeur-general-en-plus-de-trois-nouvelles-recrues\/\" target=\"_blank\" rel=\"noopener\">Reflector Entertainment : Marc-Olivier Paquet nouveau directeur ge\u0301ne\u0301ral, en plus de trois nouvelles recrues<\/a><\/span><\/strong><\/h2>\n<p><img loading=\"lazy\" class=\"alignleft wp-image-68532\" src=\"https:\/\/isarta.com\/infos\/wp-content\/uploads\/2019\/09\/Reflector-Entertainment-marc-olivier-paquet-246x300.png\" alt=\"\" width=\"144\" height=\"176\" srcset=\"https:\/\/isarta.com\/infos\/wp-content\/uploads\/2019\/09\/Reflector-Entertainment-marc-olivier-paquet-246x300.png 246w, https:\/\/isarta.com\/infos\/wp-content\/uploads\/2019\/09\/Reflector-Entertainment-marc-olivier-paquet.png 500w\" sizes=\"(max-width: 144px) 100vw, 144px\" \/>Reflector Entertainment vient d&rsquo;annoncer la nomination de Marc-Olivier Paquet a\u0300 titre de directeur ge\u0301ne\u0301ral. Dans le cadre de ses nouvelles fonctions, Marc-Olivier a pour mission de faire de Reflector un chef de file de l\u2019industrie en jouant un ro\u0302le cle\u0301 dans la strate\u0301gie ope\u0301rationnelle de l\u2019entreprise, en mettant en place des processus efficaces et en contribuant a\u0300 un environnement qui permet une croissance rapide.<\/p>\n<p>Pour lire la suite, <span style=\"color: #3366ff;\"><a style=\"color: #3366ff;\" href=\"https:\/\/isarta.com\/infos\/nomination-reflector-entertainment-marc-olivier-paquet-nouveau-directeur-general-en-plus-de-trois-nouvelles-recrues\/\" target=\"_blank\" rel=\"noopener\">cliquez ici<\/a>.<\/span><\/p>\n<div class=\"brdr2\"><\/div>\n<h2 class=\"cat_article_title\"><strong><span style=\"color: #000080;\"><a style=\"color: #000080;\" href=\"https:\/\/isarta.com\/infos\/loto-quebec-devoile-son-tout-premier-billet-a-gratter-et-a-texter-developpe-avec-cossette\/\" target=\"_blank\" rel=\"noopener\">Loto-Qu\u00e9bec d\u00e9voile son tout premier billet \u00e0 gratter et \u00e0 texter, d\u00e9velopp\u00e9 avec Cossette<\/a><\/span><\/strong><\/h2>\n<p><img loading=\"lazy\" class=\"alignleft size-medium wp-image-68506\" src=\"https:\/\/isarta.com\/infos\/wp-content\/uploads\/2019\/09\/loto-quebec-cossette-300x154.png\" alt=\"\" width=\"300\" height=\"154\" srcset=\"https:\/\/isarta.com\/infos\/wp-content\/uploads\/2019\/09\/loto-quebec-cossette-300x154.png 300w, https:\/\/isarta.com\/infos\/wp-content\/uploads\/2019\/09\/loto-quebec-cossette-768x394.png 768w, https:\/\/isarta.com\/infos\/wp-content\/uploads\/2019\/09\/loto-quebec-cossette-1024x526.png 1024w, https:\/\/isarta.com\/infos\/wp-content\/uploads\/2019\/09\/loto-quebec-cossette.png 1173w\" sizes=\"(max-width: 300px) 100vw, 300px\" \/>Et si un texto pouvait vous rapporter gros? Avec Animo, son tout premier billet \u00e0 gratter et \u00e0 texter, Loto-Qu\u00e9bec introduit une nouvelle fa\u00e7on de jouer \u00e0 la loterie inspir\u00e9e de la culture des m\u00e8mes et du mobile.<\/p>\n<p>Pour lire la suite, <span style=\"color: #3366ff;\"><a style=\"color: #3366ff;\" href=\"https:\/\/isarta.com\/infos\/loto-quebec-devoile-son-tout-premier-billet-a-gratter-et-a-texter-developpe-avec-cossette\/\" target=\"_blank\" rel=\"noopener\">cliquez ici<\/a>.<\/span><\/p>\n<div class=\"brdr2\"><\/div>\n<h2 class=\"cat_article_title\"><strong><span style=\"color: #000080;\"><a style=\"color: #000080;\" href=\"https:\/\/isarta.com\/infos\/lordre-des-conseillers-et-conseilleres-dorientation-du-quebec-lance-sa-nouvelle-campagne-en-vue-de-la-semaine-quebecoise-de-lorientation\/\" target=\"_blank\" rel=\"noopener\">L\u2019Ordre des conseillers et conseille\u0300res d\u2019orientation du Que\u0301bec lance sa nouvelle campagne en vue de la Semaine qu\u00e9b\u00e9coise de l\u2019orientation<\/a><\/span><\/strong><\/h2>\n<p><img loading=\"lazy\" class=\"alignleft size-medium wp-image-68500\" src=\"https:\/\/isarta.com\/infos\/wp-content\/uploads\/2019\/09\/campagne-orientation-300x152.png\" alt=\"\" width=\"300\" height=\"152\" srcset=\"https:\/\/isarta.com\/infos\/wp-content\/uploads\/2019\/09\/campagne-orientation-300x152.png 300w, https:\/\/isarta.com\/infos\/wp-content\/uploads\/2019\/09\/campagne-orientation-768x389.png 768w, https:\/\/isarta.com\/infos\/wp-content\/uploads\/2019\/09\/campagne-orientation.png 838w\" sizes=\"(max-width: 300px) 100vw, 300px\" \/>E\u0301clairons l\u2019horizon de nos jeunes ! Cet appel est lance\u0301 par Emmanuel Bilodeau, ambassadeur de la Semaine que\u0301be\u0301coise de l\u2019orientation (SQO) 2019 dans la vide\u0301o promotionnelle de l\u2019e\u0301ve\u0301nement. Celle-ci pre\u0301sente, de fac\u0327on humoristique, une difficulte\u0301 bien concre\u0300te ve\u0301cue par des milliers de parents lorsque vient le temps de parler d\u2019orientation et de choix de carrie\u0300re avec leurs jeunes.<\/p>\n<p>Pour lire la suite, <span style=\"color: #3366ff;\"><a style=\"color: #3366ff;\" href=\"https:\/\/isarta.com\/infos\/lordre-des-conseillers-et-conseilleres-dorientation-du-quebec-lance-sa-nouvelle-campagne-en-vue-de-la-semaine-quebecoise-de-lorientation\/\" target=\"_blank\" rel=\"noopener\">cliquez ici<\/a>.<\/span><\/p>\n<div class=\"brdr2\"><\/div>\n<h2 class=\"cat_article_title\"><strong><span style=\"color: #000080;\"><a style=\"color: #000080;\" href=\"https:\/\/isarta.com\/infos\/lagence-de-marketing-numerique-daneau-truong-devient-cardigan\/\" target=\"_blank\" rel=\"noopener\">L\u2019agence de marketing nume\u0301rique Daneau + truong devient Cardigan<\/a><\/span><\/strong><\/h2>\n<p><img loading=\"lazy\" class=\"alignleft wp-image-68495\" src=\"https:\/\/isarta.com\/infos\/wp-content\/uploads\/2019\/09\/Profil-Facebook_instagram_linkedin-bleu-300x300.jpg\" alt=\"\" width=\"137\" height=\"137\" srcset=\"https:\/\/isarta.com\/infos\/wp-content\/uploads\/2019\/09\/Profil-Facebook_instagram_linkedin-bleu-300x300.jpg 300w, https:\/\/isarta.com\/infos\/wp-content\/uploads\/2019\/09\/Profil-Facebook_instagram_linkedin-bleu-768x768.jpg 768w, https:\/\/isarta.com\/infos\/wp-content\/uploads\/2019\/09\/Profil-Facebook_instagram_linkedin-bleu-144x144.jpg 144w, https:\/\/isarta.com\/infos\/wp-content\/uploads\/2019\/09\/Profil-Facebook_instagram_linkedin-bleu.jpg 1000w\" sizes=\"(max-width: 137px) 100vw, 137px\" \/>L\u2019agence de marketing nume\u0301rique daneau + truong change de nom et de\u0301voile sa nouvelle identite\u0301 de marque. Ce repositionnement re\u0301affirme la culture a\u0300 la fois se\u0301rieuse et de\u0301contracte\u0301e de l\u2019entreprise. Le de\u0301part de Thoma Daneau e\u0301tait aussi un tre\u0300s bon pre\u0301texte pour faire ce changement.<\/p>\n<p>Pour lire la suite, <span style=\"color: #3366ff;\"><a style=\"color: #3366ff;\" href=\"https:\/\/isarta.com\/infos\/lagence-de-marketing-numerique-daneau-truong-devient-cardigan\/\" target=\"_blank\" rel=\"noopener\">cliquez ici<\/a>.<\/span><\/p>\n<div class=\"brdr2\"><\/div>\n<h2 class=\"cat_article_title\"><strong><span style=\"color: #000080;\"><a style=\"color: #000080;\" href=\"https:\/\/isarta.com\/infos\/la-sqprp-lance-le-titre-professionnel-prp-pour-mettre-en-valeur-lexpertise-et-lengagement-ethique-des-professionnels-en-relations-publiques\/\" target=\"_blank\" rel=\"noopener\">La SQPRP lance le titre professionnel \u00ab\u00a0PRP\u00a0\u00bb pour mettre en valeur l\u2019expertise et l\u2019engagement \u00e9thique des professionnels en relations publiques<\/a><\/span><\/strong><\/h2>\n<p><img loading=\"lazy\" class=\"alignleft size-medium wp-image-68478\" src=\"https:\/\/isarta.com\/infos\/wp-content\/uploads\/2019\/09\/Patrick-Howe-RP-300x185.png\" alt=\"\" width=\"300\" height=\"185\" srcset=\"https:\/\/isarta.com\/infos\/wp-content\/uploads\/2019\/09\/Patrick-Howe-RP-300x185.png 300w, https:\/\/isarta.com\/infos\/wp-content\/uploads\/2019\/09\/Patrick-Howe-RP-768x472.png 768w, https:\/\/isarta.com\/infos\/wp-content\/uploads\/2019\/09\/Patrick-Howe-RP.png 834w\" sizes=\"(max-width: 300px) 100vw, 300px\" \/>La Soci\u00e9t\u00e9 qu\u00e9b\u00e9coise des professionnels en relations publiques (SQPRP) vient de lancer le PRP, un nouveau titre qui d\u00e9signe les Professionnels en Relations Publiques.\u00a0 Ce titre permettra aux professionnels membres de la Soci\u00e9t\u00e9 de se distinguer en illustrant leur comp\u00e9tence et leur exp\u00e9rience ainsi que leur engagement envers une pratique \u00e9thique des relations publiques.<\/p>\n<p>Pour lire la suite, <span style=\"color: #3366ff;\"><a style=\"color: #3366ff;\" href=\"https:\/\/isarta.com\/infos\/la-sqprp-lance-le-titre-professionnel-prp-pour-mettre-en-valeur-lexpertise-et-lengagement-ethique-des-professionnels-en-relations-publiques\/\" target=\"_blank\" rel=\"noopener\">cliquez ici<\/a>.<\/span><\/p>\n<div class=\"brdr2\"><\/div>\n<h2 class=\"cat_article_title\"><strong><span style=\"color: #000080;\"><a style=\"color: #000080;\" href=\"https:\/\/isarta.com\/infos\/camden-annonce-de-nouveaux-clients\/\" target=\"_blank\" rel=\"noopener\">Camden annonce de nouveaux clients<\/a><\/span><\/strong><\/h2>\n<p><img loading=\"lazy\" class=\"alignleft wp-image-68473\" src=\"https:\/\/isarta.com\/infos\/wp-content\/uploads\/2019\/09\/CAMDEN_6_2_INSIDESTUDIO_SBRUGGER_01-300x170.jpg\" alt=\"\" width=\"219\" height=\"124\" srcset=\"https:\/\/isarta.com\/infos\/wp-content\/uploads\/2019\/09\/CAMDEN_6_2_INSIDESTUDIO_SBRUGGER_01-300x170.jpg 300w, https:\/\/isarta.com\/infos\/wp-content\/uploads\/2019\/09\/CAMDEN_6_2_INSIDESTUDIO_SBRUGGER_01-768x434.jpg 768w, https:\/\/isarta.com\/infos\/wp-content\/uploads\/2019\/09\/CAMDEN_6_2_INSIDESTUDIO_SBRUGGER_01-1024x579.jpg 1024w, https:\/\/isarta.com\/infos\/wp-content\/uploads\/2019\/09\/CAMDEN_6_2_INSIDESTUDIO_SBRUGGER_01.jpg 1600w\" sizes=\"(max-width: 219px) 100vw, 219px\" \/>Les trois bureaux du groupe Camden se sont distingu\u00e9s en cette rentr\u00e9e en \u00e9tant choisis par une panoplie d\u2019organisations d\u2019envergure.<\/p>\n<p>Pour lire la suite, <span style=\"color: #3366ff;\"><a style=\"color: #3366ff;\" href=\"https:\/\/isarta.com\/infos\/camden-annonce-de-nouveaux-clients\/\" target=\"_blank\" rel=\"noopener\">cliquez ici<\/a>.<\/span><\/p>\n<div class=\"brdr2\"><\/div>\n<h2 class=\"cat_article_title\"><strong><span style=\"color: #000080;\"><a style=\"color: #000080;\" href=\"https:\/\/isarta.com\/infos\/erod-nouveau-partenariat-avec-centraide-laurentides\/\" target=\"_blank\" rel=\"noopener\">Erod d\u00e9voile un nouveau partenariat avec Centraide Laurentides<\/a><\/span><\/strong><\/h2>\n<p><img loading=\"lazy\" class=\"alignleft wp-image-68461\" src=\"https:\/\/isarta.com\/infos\/wp-content\/uploads\/2019\/09\/centraide1-300x300.jpg\" alt=\"\" width=\"149\" height=\"149\" srcset=\"https:\/\/isarta.com\/infos\/wp-content\/uploads\/2019\/09\/centraide1-300x300.jpg 300w, https:\/\/isarta.com\/infos\/wp-content\/uploads\/2019\/09\/centraide1-768x768.jpg 768w, https:\/\/isarta.com\/infos\/wp-content\/uploads\/2019\/09\/centraide1-1024x1024.jpg 1024w, https:\/\/isarta.com\/infos\/wp-content\/uploads\/2019\/09\/centraide1-144x144.jpg 144w, https:\/\/isarta.com\/infos\/wp-content\/uploads\/2019\/09\/centraide1.jpg 2048w\" sizes=\"(max-width: 149px) 100vw, 149px\" \/>Centraide Laurentides s\u2019associe a\u0300 Erod agence cre\u0301ative afin d\u2019adapter sa campagne nationale au contexte local et de de\u0301ployer ses efforts marketing sur l\u2019ensemble du territoire situe\u0301 au nord de Montre\u0301al.<\/p>\n<p>Pour lire la suite, <span style=\"color: #3366ff;\"><a style=\"color: #3366ff;\" href=\"https:\/\/isarta.com\/infos\/erod-nouveau-partenariat-avec-centraide-laurentides\/\" target=\"_blank\" rel=\"noopener\">cliquez ici<\/a>.<\/span><\/p>\n<div class=\"brdr2\"><\/div>\n<h2 class=\"cat_article_title\"><strong><span style=\"color: #000080;\"><a style=\"color: #000080;\" href=\"https:\/\/isarta.com\/infos\/nomination-thomas-nelligan-nouveau-directeur-principal-de-la-creation-de-tank\/\" target=\"_blank\" rel=\"noopener\">Thomas Nelligan nouveau directeur principal de la cre\u0301ation de TANK<\/a><\/span><\/strong><\/h2>\n<p><img loading=\"lazy\" class=\"alignleft wp-image-68451\" src=\"https:\/\/isarta.com\/infos\/wp-content\/uploads\/2019\/09\/Tank-Thomas-Nelligan-222x300.jpg\" alt=\"\" width=\"110\" height=\"149\" srcset=\"https:\/\/isarta.com\/infos\/wp-content\/uploads\/2019\/09\/Tank-Thomas-Nelligan-222x300.jpg 222w, https:\/\/isarta.com\/infos\/wp-content\/uploads\/2019\/09\/Tank-Thomas-Nelligan-768x1037.jpg 768w, https:\/\/isarta.com\/infos\/wp-content\/uploads\/2019\/09\/Tank-Thomas-Nelligan-758x1024.jpg 758w, https:\/\/isarta.com\/infos\/wp-content\/uploads\/2019\/09\/Tank-Thomas-Nelligan.jpg 836w\" sizes=\"(max-width: 110px) 100vw, 110px\" \/>TANK vient d\u2019annoncer l\u2019embauche de Thomas Nelligan a\u0300 titre de directeur principal de la cre\u0301ation. Posse\u0301dant plus de trente anne\u0301es d\u2019expe\u0301rience dans le domaine publicitaire et comptant de nombreux succe\u0300s a\u0300 son actif, il sera charge\u0301 de soutenir la croissance de TANK ici comme a\u0300 l\u2019e\u0301tranger, tout en insufflant un nouveau souffle a\u0300 la direction cre\u0301ative.<\/p>\n<p>Pour lire la suite, <span style=\"color: #3366ff;\"><a style=\"color: #3366ff;\" href=\"https:\/\/isarta.com\/infos\/nomination-thomas-nelligan-nouveau-directeur-principal-de-la-creation-de-tank\/\" target=\"_blank\" rel=\"noopener\">cliquez ici<\/a>.<\/span><\/p>\n<div class=\"brdr2\"><\/div>\n<h2 class=\"cat_article_title\"><strong><span style=\"color: #000080;\"><a style=\"color: #000080;\" href=\"https:\/\/isarta.com\/infos\/francine-marcotte-prend-sa-retraite-de-cossette-media\/\" target=\"_blank\" rel=\"noopener\">Francine Marcotte prend sa retraite de Cossette M\u00e9dia<\/a><\/span><\/strong><\/h2>\n<p><img loading=\"lazy\" class=\"alignleft wp-image-68456\" src=\"https:\/\/isarta.com\/infos\/wp-content\/uploads\/2019\/09\/francine_marcotte-300x300.jpg\" alt=\"\" width=\"179\" height=\"179\" srcset=\"https:\/\/isarta.com\/infos\/wp-content\/uploads\/2019\/09\/francine_marcotte-300x300.jpg 300w, https:\/\/isarta.com\/infos\/wp-content\/uploads\/2019\/09\/francine_marcotte-768x768.jpg 768w, https:\/\/isarta.com\/infos\/wp-content\/uploads\/2019\/09\/francine_marcotte-1024x1024.jpg 1024w, https:\/\/isarta.com\/infos\/wp-content\/uploads\/2019\/09\/francine_marcotte-144x144.jpg 144w, https:\/\/isarta.com\/infos\/wp-content\/uploads\/2019\/09\/francine_marcotte.jpg 1080w\" sizes=\"(max-width: 179px) 100vw, 179px\" \/>Cossette M\u00e9dia annonce aujourd\u2019hui le d\u00e9part \u00e0 la retraite de Francine Marcotte, vice-pr\u00e9sidente, directrice m\u00e9dia de Cossette M\u00e9dia, qui a travaill\u00e9 au sein de l\u2019agence pendant 37 ans. Pierre Delagrave, directeur du Groupe Innovation de Vision7, Joseph Leon, chef de la direction de Vision7 M\u00e9dia et pr\u00e9sident de Cossette M\u00e9dia et Axel Dumont, vice-pr\u00e9sident principal et directeur g\u00e9n\u00e9ral, Qu\u00e9bec et Est canadien chez Cossette M\u00e9dia, lui rendent hommage avec ce texte.<\/p>\n<p>Pour lire la suite, <span style=\"color: #3366ff;\"><a style=\"color: #3366ff;\" href=\"https:\/\/isarta.com\/infos\/francine-marcotte-prend-sa-retraite-de-cossette-media\/\" target=\"_blank\" rel=\"noopener\">cliquez ici<\/a>.<\/span><\/p>\n<div class=\"brdr2\"><\/div>\n<h2 class=\"cat_article_title\"><strong><span style=\"color: #000080;\"><a style=\"color: #000080;\" href=\"https:\/\/isarta.com\/infos\/dentsubos-et-ebox-devoilent-la-deuxieme-saison-de-leur-campagne-avec-steeve\/\" target=\"_blank\" rel=\"noopener\">DentsuBos et EBOX d\u00e9voilent la deuxi\u00e8me saison de leur campagne avec Steeve<\/a><\/span><\/strong><\/h2>\n<p><img loading=\"lazy\" class=\"alignleft size-medium wp-image-68398\" src=\"https:\/\/isarta.com\/infos\/wp-content\/uploads\/2019\/09\/Steve-ebox-dentsu-campagne-300x178.png\" alt=\"\" width=\"300\" height=\"178\" srcset=\"https:\/\/isarta.com\/infos\/wp-content\/uploads\/2019\/09\/Steve-ebox-dentsu-campagne-300x178.png 300w, https:\/\/isarta.com\/infos\/wp-content\/uploads\/2019\/09\/Steve-ebox-dentsu-campagne-768x456.png 768w, https:\/\/isarta.com\/infos\/wp-content\/uploads\/2019\/09\/Steve-ebox-dentsu-campagne.png 1015w\" sizes=\"(max-width: 300px) 100vw, 300px\" \/>EBOX r\u00e9cidive avec le personnage de Steeve dans sa plus r\u00e9cente campagne t\u00e9l\u00e9vis\u00e9e d\u00e9velopp\u00e9e par DentsuBos. Pour cette deuxi\u00e8me ann\u00e9e, le service de t\u00e9l\u00e9communication EBOX poursuit dans une veine humoristique pour se d\u00e9marquer dans un march\u00e9 o\u00f9 la concurrence est f\u00e9roce.<\/p>\n<p>Pour lire la suite, <span style=\"color: #3366ff;\"><a style=\"color: #3366ff;\" href=\"https:\/\/isarta.com\/infos\/dentsubos-et-ebox-devoilent-la-deuxieme-saison-de-leur-campagne-avec-steeve\/\" target=\"_blank\" rel=\"noopener\">cliquez ici<\/a>.<\/span><\/p>\n<div class=\"brdr2\"><\/div>\n<h2 class=\"cat_article_title\"><strong><span style=\"color: #000080;\"><a style=\"color: #000080;\" href=\"https:\/\/isarta.com\/infos\/norden-project-retient-les-services-daod-marketing\/\" target=\"_blank\" rel=\"noopener\">Norden Project retient les services d\u2019AOD Marketing<\/a><\/span><\/strong><\/h2>\n<p><img loading=\"lazy\" class=\"alignleft size-medium wp-image-68403\" src=\"https:\/\/isarta.com\/infos\/wp-content\/uploads\/2019\/09\/norden-300x133.png\" alt=\"\" width=\"300\" height=\"133\" srcset=\"https:\/\/isarta.com\/infos\/wp-content\/uploads\/2019\/09\/norden-300x133.png 300w, https:\/\/isarta.com\/infos\/wp-content\/uploads\/2019\/09\/norden-768x341.png 768w, https:\/\/isarta.com\/infos\/wp-content\/uploads\/2019\/09\/norden-1024x455.png 1024w, https:\/\/isarta.com\/infos\/wp-content\/uploads\/2019\/09\/norden.png 1203w\" sizes=\"(max-width: 300px) 100vw, 300px\" \/>L\u2019agence de marketing web AOD marketing vient d&rsquo;annoncer sa collaboration avec NORDEN. Le mandat consistera principalement \u00e0 d\u00e9velopper la strat\u00e9gie marketing num\u00e9rique globale de la marque de v\u00eatements faits \u00e0 base de produits recycl\u00e9s, pour la prochaine ann\u00e9e.<\/p>\n<p>Pour lire la suite, <span style=\"color: #3366ff;\"><a style=\"color: #3366ff;\" href=\"https:\/\/isarta.com\/infos\/norden-project-retient-les-services-daod-marketing\/\" target=\"_blank\" rel=\"noopener\">cliquez ici<\/a>.<\/span><\/p>\n<div class=\"brdr2\"><\/div>\n<div class=\"likebtn_container\" style=\"clear:both;text-align:center;\"><!-- LikeBtn.com BEGIN --><span class=\"likebtn-wrapper\"  data-identifier=\"post_68662\"  data-site_id=\"5cc1ecd16fd08b776710d1e9\"  data-theme=\"drop\"  data-btn_size=\"100\"  data-icon_l=\"false\"  data-icon_d=\"false\"  data-icon_l_url=\"https:\/\/isarta.com\/infos\/wp-content\/uploads\/2019\/04\/happy.png#64794\"  data-icon_d_url=\"https:\/\/isarta.com\/infos\/wp-content\/uploads\/2019\/04\/sleep.png#64796\"  data-icon_size=\"58\"  data-icon_l_c=\"#771414\"  data-bg_c=\"#ffffff\"  data-bg_c_v=\"#ffffff\"  data-brdr_c=\"#ffffff\"  data-f_size=\"11\"  data-f_family=\"Tahoma\"  data-counter_fs=\"b\"  data-lang=\"fr\"  data-ef_voting=\"wobble\"  data-dislike_enabled=\"false\"  data-counter_type=\"percent\"  data-counter_show=\"false\"  data-tooltip_enabled=\"false\"  data-tooltip_like_show_always=\"true\"  data-white_label=\"true\"  data-i18n_like=\"Aimer \/ Partager\"  data-i18n_dislike=\"Pas aim\u00e9\"  data-style=\"\"  data-unlike_allowed=\"\"  data-show_copyright=\"\"  data-item_url=\"https:\/\/isarta.com\/infos\/les-nouvelles-de-lindustrie-a-savoir-aujourdhui-108\/\"  data-item_title=\"Les nouvelles de l\u2019industrie \u00e0 savoir aujourd\u2019hui\"  data-item_image=\"https:\/\/isarta.com\/infos\/wp-content\/uploads\/2019\/09\/loto-quebec-cossette-1024x526.png\"  data-item_date=\"2019-09-26T12:05:22-04:00\"  data-engine=\"WordPress\"  data-plugin_v=\"2.6.54\"  data-prx=\"https:\/\/isarta.com\/infos\/wp-admin\/admin-ajax.php?action=likebtn_prx\"  data-event_handler=\"likebtn_eh\" ><\/span><!-- LikeBtn.com END --><\/p>\n<hr size=\"3\"><\/div>\n","protected":false},"excerpt":{"rendered":"<p>Que s&rsquo;est-il pass\u00e9 dans l&rsquo;industrie des communications et du marketing au Qu\u00e9bec ces derniers jours ? Nominations, campagnes, r\u00e9compenses, nouveaux mandats&#8230; On vous fait la synth\u00e8se ici.<\/p>\n<div class=\"likebtn_container\" style=\"clear:both;text-align:center;\"><!-- LikeBtn.com BEGIN --><span class=\"likebtn-wrapper\"  data-identifier=\"post_68662\"  data-site_id=\"5cc1ecd16fd08b776710d1e9\"  data-theme=\"drop\"  data-btn_size=\"100\"  data-icon_l=\"false\"  data-icon_d=\"false\"  data-icon_l_url=\"https:\/\/isarta.com\/infos\/wp-content\/uploads\/2019\/04\/happy.png#64794\"  data-icon_d_url=\"https:\/\/isarta.com\/infos\/wp-content\/uploads\/2019\/04\/sleep.png#64796\"  data-icon_size=\"58\"  data-icon_l_c=\"#771414\"  data-bg_c=\"#ffffff\"  data-bg_c_v=\"#ffffff\"  data-brdr_c=\"#ffffff\"  data-f_size=\"11\"  data-f_family=\"Tahoma\"  data-counter_fs=\"b\"  data-lang=\"fr\"  data-ef_voting=\"wobble\"  data-dislike_enabled=\"false\"  data-counter_type=\"percent\"  data-counter_show=\"false\"  data-tooltip_enabled=\"false\"  data-tooltip_like_show_always=\"true\"  data-white_label=\"true\"  data-i18n_like=\"Aimer \/ Partager\"  data-i18n_dislike=\"Pas aim\u00e9\"  data-style=\"\"  data-unlike_allowed=\"\"  data-show_copyright=\"\"  data-item_url=\"https:\/\/isarta.com\/infos\/les-nouvelles-de-lindustrie-a-savoir-aujourdhui-108\/\"  data-item_title=\"Les nouvelles de l\u2019industrie \u00e0 savoir aujourd\u2019hui\"  data-item_image=\"https:\/\/isarta.com\/infos\/wp-content\/uploads\/2019\/09\/loto-quebec-cossette-1024x526.png\"  data-item_date=\"2019-09-26T12:05:22-04:00\"  data-engine=\"WordPress\"  data-plugin_v=\"2.6.54\"  data-prx=\"https:\/\/isarta.com\/infos\/wp-admin\/admin-ajax.php?action=likebtn_prx\"  data-event_handler=\"likebtn_eh\" ><\/span><!-- LikeBtn.com END --><hr size=\"3\"><\/div>","protected":false},"author":1,"featured_media":68506,"comment_status":"open","ping_status":"open","sticky":false,"template":"","format":"standard","meta":[],"categories":[175,117,137],"tags":[186,1176,818],"_links":{"self":[{"href":"https:\/\/isarta.com\/infos\/wp-json\/wp\/v2\/posts\/68662"}],"collection":[{"href":"https:\/\/isarta.com\/infos\/wp-json\/wp\/v2\/posts"}],"about":[{"href":"https:\/\/isarta.com\/infos\/wp-json\/wp\/v2\/types\/post"}],"author":[{"embeddable":true,"href":"https:\/\/isarta.com\/infos\/wp-json\/wp\/v2\/users\/1"}],"replies":[{"embeddable":true,"href":"https:\/\/isarta.com\/infos\/wp-json\/wp\/v2\/comments?post=68662"}],"version-history":[{"count":3,"href":"https:\/\/isarta.com\/infos\/wp-json\/wp\/v2\/posts\/68662\/revisions"}],"predecessor-version":[{"id":68665,"href":"https:\/\/isarta.com\/infos\/wp-json\/wp\/v2\/posts\/68662\/revisions\/68665"}],"wp:featuredmedia":[{"embeddable":true,"href":"https:\/\/isarta.com\/infos\/wp-json\/wp\/v2\/media\/68506"}],"wp:attachment":[{"href":"https:\/\/isarta.com\/infos\/wp-json\/wp\/v2\/media?parent=68662"}],"wp:term":[{"taxonomy":"category","embeddable":true,"href":"https:\/\/isarta.com\/infos\/wp-json\/wp\/v2\/categories?post=68662"},{"taxonomy":"post_tag","embeddable":true,"href":"https:\/\/isarta.com\/infos\/wp-json\/wp\/v2\/tags?post=68662"}],"curies":[{"name":"wp","href":"https:\/\/api.w.org\/{rel}","templated":true}]}}