{"id":70601,"date":"2019-11-18T12:15:30","date_gmt":"2019-11-18T17:15:30","guid":{"rendered":"https:\/\/isarta.com\/infos\/?p=70601"},"modified":"2019-11-18T13:46:56","modified_gmt":"2019-11-18T18:46:56","slug":"craig-belcher-nouveau-chef-du-departement-des-relations-clients-chez-vibrant","status":"publish","type":"post","link":"https:\/\/isarta.com\/infos\/craig-belcher-nouveau-chef-du-departement-des-relations-clients-chez-vibrant\/","title":{"rendered":"Craig\u00a0Belcher, nouveau chef du d\u00e9partement des relations clients chez VIBRANT"},"content":{"rendered":"<p><img loading=\"lazy\" class=\" wp-image-70602 aligncenter\" src=\"https:\/\/isarta.com\/infos\/wp-content\/uploads\/2019\/11\/BELCHER_Craig-22081-web-300x200.jpg\" alt=\"\" width=\"569\" height=\"379\" srcset=\"https:\/\/isarta.com\/infos\/wp-content\/uploads\/2019\/11\/BELCHER_Craig-22081-web-300x200.jpg 300w, https:\/\/isarta.com\/infos\/wp-content\/uploads\/2019\/11\/BELCHER_Craig-22081-web-768x512.jpg 768w, https:\/\/isarta.com\/infos\/wp-content\/uploads\/2019\/11\/BELCHER_Craig-22081-web-1024x683.jpg 1024w, https:\/\/isarta.com\/infos\/wp-content\/uploads\/2019\/11\/BELCHER_Craig-22081-web-272x182.jpg 272w\" sizes=\"(max-width: 569px) 100vw, 569px\" \/><\/p>\n<p class=\"p1\"><span class=\"s1\" style=\"font-size: 12px; color: #999999;\">18 novembre 2019<\/span><\/p>\n<p class=\"p1\"><span style=\"font-size: 20px;\"><strong><span class=\"s1\"><a href=\"https:\/\/isarta.com\/infos\/tag\/vibrant-marketing\/\" target=\"_blank\" rel=\"noopener\">VIBRANT<\/a> vient d\u2019annoncer la nomination de\u00a0Craig\u00a0Belcher \u00e0 la t\u00eate du d\u00e9partement des relations clients. Fier d\u2019une prolifique carri\u00e8re en exp\u00e9rientiel,\u00a0Craig\u00a0assure le leadership de ce d\u00e9partement et met \u00e0 profit sa longue exp\u00e9rience en d\u00e9veloppement des affaires afin de poursuivre l\u2019importante croissance de VIBRANT en Am\u00e9rique du Nord.<\/span><\/strong><\/span><\/p>\n<p class=\"p1\"><span class=\"s1\">Comptant plus de 30 ans d\u2019exp\u00e9rience dans le monde de l\u2019exp\u00e9rientiel,\u00a0Craig\u00a0a \u00e9t\u00e9 un joueur cl\u00e9 dans le succ\u00e8s et la croissance d\u2019entreprises de renoms telles que CIM (maintenant membre de Mosaic), Brand Momentum et Rhoddy Marketing Group.\u00a0<\/span><\/p>\n<p class=\"p1\"><span class=\"s1\">Au cours des derni\u00e8res ann\u00e9es,\u00a0Craig\u00a0a \u0153uvr\u00e9 \u00e0 titre de Vice-Pr\u00e9sident au d\u00e9veloppement des affaires chez Consumer Impact Marketing ainsi qu\u2019\u00e0 titre de Vice-Pr\u00e9sident ex\u00e9cutif, cofondateur et associ\u00e9 chez Brand Momentum, l\u2019une des agences ind\u00e9pendantes connaissant la croissance la plus rapide de la derni\u00e8re d\u00e9cennie au Canada.<\/span><\/p>\n<p class=\"p1\"><span class=\"s1\">V\u00e9ritable entrepreneur dans l\u2019\u00e2me, il a fond\u00e9 et g\u00e9rer de multiples entreprises lui permettant ainsi, d\u2019avoir aujourd\u2019hui, une r\u00e9putation et une notori\u00e9t\u00e9 enviable dans l\u2019industrie.<\/span><\/p>\n<p class=\"p1\"><span class=\"s1\">Jusqu\u2019\u00e0 tout r\u00e9cemment,\u00a0Craig\u00a0assurait le r\u00f4le de CEO pour l\u2019entreprise BUDD HUTT INC., une entreprise partenaire du groupe City View Green Holding Inc., cot\u00e9e en bourse et situ\u00e9e \u00e0 Brantford en Ontario.<\/span><\/p>\n<p class=\"p1\"><span class=\"s1\">La nomination de\u00a0Craig\u00a0est effective depuis le 1<\/span><span class=\"s2\"><sup>er<\/sup><\/span><span class=\"s1\">\u00a0octobre et il assume ses fonctions principalement du bureau de Toronto.<\/span><\/p>\n<p class=\"p1\" style=\"text-align: center;\"><strong>Retrouvez les <a href=\"https:\/\/isarta.com\/infos\/tag\/vibrant-marketing\/\" target=\"_blank\" rel=\"noopener\">nouvelles de Vibrant ici<\/a> et les <a href=\"https:\/\/isarta.com\/infos\/tag\/nomination\/\" target=\"_blank\" rel=\"noopener\">nominations de l&rsquo;industrie ici<\/a>.<\/strong><\/p>\n<div class=\"likebtn_container\" style=\"clear:both;text-align:center;\"><!-- LikeBtn.com BEGIN --><span class=\"likebtn-wrapper\"  data-identifier=\"post_70601\"  data-site_id=\"5cc1ecd16fd08b776710d1e9\"  data-theme=\"drop\"  data-btn_size=\"100\"  data-icon_l=\"false\"  data-icon_d=\"false\"  data-icon_l_url=\"https:\/\/isarta.com\/infos\/wp-content\/uploads\/2019\/04\/happy.png#64794\"  data-icon_d_url=\"https:\/\/isarta.com\/infos\/wp-content\/uploads\/2019\/04\/sleep.png#64796\"  data-icon_size=\"58\"  data-icon_l_c=\"#771414\"  data-bg_c=\"#ffffff\"  data-bg_c_v=\"#ffffff\"  data-brdr_c=\"#ffffff\"  data-f_size=\"11\"  data-f_family=\"Tahoma\"  data-counter_fs=\"b\"  data-lang=\"fr\"  data-ef_voting=\"wobble\"  data-dislike_enabled=\"false\"  data-counter_type=\"percent\"  data-counter_show=\"false\"  data-tooltip_enabled=\"false\"  data-tooltip_like_show_always=\"true\"  data-white_label=\"true\"  data-i18n_like=\"Aimer \/ Partager\"  data-i18n_dislike=\"Pas aim\u00e9\"  data-style=\"\"  data-unlike_allowed=\"\"  data-show_copyright=\"\"  data-item_url=\"https:\/\/isarta.com\/infos\/craig-belcher-nouveau-chef-du-departement-des-relations-clients-chez-vibrant\/\"  data-item_title=\"Craig\u00a0Belcher, nouveau chef du d\u00e9partement des relations clients chez VIBRANT\"  data-item_image=\"https:\/\/isarta.com\/infos\/wp-content\/uploads\/2019\/11\/BELCHER_Craig-22081-web-1024x683.jpg\"  data-item_date=\"2019-11-18T12:15:30-05:00\"  data-engine=\"WordPress\"  data-plugin_v=\"2.6.54\"  data-prx=\"https:\/\/isarta.com\/infos\/wp-admin\/admin-ajax.php?action=likebtn_prx\"  data-event_handler=\"likebtn_eh\" ><\/span><!-- LikeBtn.com END --><\/p>\n<hr size=\"3\"><\/div>\n","protected":false},"excerpt":{"rendered":"<p>VIBRANT vient d\u2019annoncer la nomination de\u00a0Craig\u00a0Belcher \u00e0 la t\u00eate du d\u00e9partement des relations clients. Fier d\u2019une prolifique carri\u00e8re en exp\u00e9rientiel,\u00a0Craig\u00a0assure le leadership de ce d\u00e9partement et met \u00e0 profit sa longue exp\u00e9rience en d\u00e9veloppement des affaires afin de poursuivre l\u2019importante croissance de VIBRANT en Am\u00e9rique du Nord.<\/p>\n<div class=\"likebtn_container\" style=\"clear:both;text-align:center;\"><!-- LikeBtn.com BEGIN --><span class=\"likebtn-wrapper\"  data-identifier=\"post_70601\"  data-site_id=\"5cc1ecd16fd08b776710d1e9\"  data-theme=\"drop\"  data-btn_size=\"100\"  data-icon_l=\"false\"  data-icon_d=\"false\"  data-icon_l_url=\"https:\/\/isarta.com\/infos\/wp-content\/uploads\/2019\/04\/happy.png#64794\"  data-icon_d_url=\"https:\/\/isarta.com\/infos\/wp-content\/uploads\/2019\/04\/sleep.png#64796\"  data-icon_size=\"58\"  data-icon_l_c=\"#771414\"  data-bg_c=\"#ffffff\"  data-bg_c_v=\"#ffffff\"  data-brdr_c=\"#ffffff\"  data-f_size=\"11\"  data-f_family=\"Tahoma\"  data-counter_fs=\"b\"  data-lang=\"fr\"  data-ef_voting=\"wobble\"  data-dislike_enabled=\"false\"  data-counter_type=\"percent\"  data-counter_show=\"false\"  data-tooltip_enabled=\"false\"  data-tooltip_like_show_always=\"true\"  data-white_label=\"true\"  data-i18n_like=\"Aimer \/ Partager\"  data-i18n_dislike=\"Pas aim\u00e9\"  data-style=\"\"  data-unlike_allowed=\"\"  data-show_copyright=\"\"  data-item_url=\"https:\/\/isarta.com\/infos\/craig-belcher-nouveau-chef-du-departement-des-relations-clients-chez-vibrant\/\"  data-item_title=\"Craig\u00a0Belcher, nouveau chef du d\u00e9partement des relations clients chez VIBRANT\"  data-item_image=\"https:\/\/isarta.com\/infos\/wp-content\/uploads\/2019\/11\/BELCHER_Craig-22081-web-1024x683.jpg\"  data-item_date=\"2019-11-18T12:15:30-05:00\"  data-engine=\"WordPress\"  data-plugin_v=\"2.6.54\"  data-prx=\"https:\/\/isarta.com\/infos\/wp-admin\/admin-ajax.php?action=likebtn_prx\"  data-event_handler=\"likebtn_eh\" ><\/span><!-- LikeBtn.com END --><hr size=\"3\"><\/div>","protected":false},"author":1,"featured_media":70602,"comment_status":"open","ping_status":"open","sticky":false,"template":"","format":"standard","meta":[],"categories":[175,117],"tags":[314,1176,225,406],"_links":{"self":[{"href":"https:\/\/isarta.com\/infos\/wp-json\/wp\/v2\/posts\/70601"}],"collection":[{"href":"https:\/\/isarta.com\/infos\/wp-json\/wp\/v2\/posts"}],"about":[{"href":"https:\/\/isarta.com\/infos\/wp-json\/wp\/v2\/types\/post"}],"author":[{"embeddable":true,"href":"https:\/\/isarta.com\/infos\/wp-json\/wp\/v2\/users\/1"}],"replies":[{"embeddable":true,"href":"https:\/\/isarta.com\/infos\/wp-json\/wp\/v2\/comments?post=70601"}],"version-history":[{"count":2,"href":"https:\/\/isarta.com\/infos\/wp-json\/wp\/v2\/posts\/70601\/revisions"}],"predecessor-version":[{"id":70604,"href":"https:\/\/isarta.com\/infos\/wp-json\/wp\/v2\/posts\/70601\/revisions\/70604"}],"wp:featuredmedia":[{"embeddable":true,"href":"https:\/\/isarta.com\/infos\/wp-json\/wp\/v2\/media\/70602"}],"wp:attachment":[{"href":"https:\/\/isarta.com\/infos\/wp-json\/wp\/v2\/media?parent=70601"}],"wp:term":[{"taxonomy":"category","embeddable":true,"href":"https:\/\/isarta.com\/infos\/wp-json\/wp\/v2\/categories?post=70601"},{"taxonomy":"post_tag","embeddable":true,"href":"https:\/\/isarta.com\/infos\/wp-json\/wp\/v2\/tags?post=70601"}],"curies":[{"name":"wp","href":"https:\/\/api.w.org\/{rel}","templated":true}]}}