{"id":70688,"date":"2019-11-20T07:18:20","date_gmt":"2019-11-20T12:18:20","guid":{"rendered":"https:\/\/isarta.com\/infos\/?p=70688"},"modified":"2019-11-19T17:27:16","modified_gmt":"2019-11-19T22:27:16","slug":"alexandre-bastien-nouveau-president-du-volet-attractions-touristiques-devenements-attractions-quebec","status":"publish","type":"post","link":"https:\/\/isarta.com\/infos\/alexandre-bastien-nouveau-president-du-volet-attractions-touristiques-devenements-attractions-quebec\/","title":{"rendered":"Alexandre Bastien, nouveau pr\u00e9sident du volet Attractions touristiques d&rsquo;\u00c9v\u00e9nements Attractions Qu\u00e9bec"},"content":{"rendered":"<div class=\"page\" title=\"Page 1\">\n<div class=\"section\">\n<div class=\"layoutArea\">\n<div class=\"column\"><\/div>\n<\/div>\n<div class=\"layoutArea\">\n<div class=\"column\">\n<p><img loading=\"lazy\" class=\"aligncenter  wp-image-70690\" src=\"https:\/\/isarta.com\/infos\/wp-content\/uploads\/2019\/11\/Evenement-attraction-quebec-300x152.png\" alt=\"\" width=\"639\" height=\"324\" srcset=\"https:\/\/isarta.com\/infos\/wp-content\/uploads\/2019\/11\/Evenement-attraction-quebec-300x152.png 300w, https:\/\/isarta.com\/infos\/wp-content\/uploads\/2019\/11\/Evenement-attraction-quebec.png 316w\" sizes=\"(max-width: 639px) 100vw, 639px\" \/><\/p>\n<p><span style=\"font-size: 10px; color: #999999;\">19 novembre 2019<\/span><\/p>\n<p><span style=\"font-size: 20px;\"><strong>E\u0301ve\u0301nements Attractions Que\u0301bec profite d\u2019un vent de changement dans l\u2019organisation pour annoncer l\u2019arrive\u0301e de nouveaux venus au sein de son conseil d\u2019administration a\u0300 la suite de son assemble\u0301e ge\u0301ne\u0301rale annuelle du 12 novembre. Rappelons qu\u2019E\u0301ve\u0301nements Attractions Que\u0301bec porte la voix de plus de 500 entreprises a\u0300 travers toute la province, de\u0301fend leurs inte\u0301re\u0302ts et met en lumie\u0300re leur dynamisme.<\/strong><\/span><\/p>\n<\/div>\n<\/div>\n<div class=\"layoutArea\">\n<div class=\"column\">\n<p class=\"p1\"><span class=\"s1\">Les conseils d\u2019administration d\u2019\u00c9v\u00e9nements Attractions Qu\u00e9bec viennent d\u2019annoncer la nomination d\u2019Alexandre Bastien \u00e0 la pr\u00e9sidence de son volet Attractions Touristiques.<\/span><\/p>\n<p class=\"p1\"><span class=\"s1\">Il succ\u00e8de \u00e0 Alain Larochelle dont l\u2019engagement, la passion et le d\u00e9vouement ind\u00e9fectible a mainte fois \u00e9t\u00e9 soulign\u00e9 durant son mandat. M. Bastien est reconnu pour sa tr\u00e8s grande expertise dans le secteur du tourisme et du divertissement depuis 2003.<\/span><\/p>\n<p class=\"p2\"><span class=\"s1\">Au cours des derni\u00e8res ann\u00e9es, M. Bastien a \u0153uvr\u00e9 \u00e0 la transformation de l\u2019industrie touristique qui fourmille d\u2019initiatives porteuses. Tant dans son r\u00f4le actuel de directeur des ventes et du marketing chez <a href=\"https:\/\/www.croisieresaml.com\/\"><span class=\"s2\">Croisi\u00e8res AML<\/span><\/a> que dans son emploi pr\u00e9c\u00e9dent au Mus\u00e9e Gr\u00e9vin, il a c\u00f4toy\u00e9 au quotidien la client\u00e8le, corporative, institutionnelle et le grand public.<\/span><\/p>\n<p class=\"p2\"><span class=\"s1\">Il comprend les attentes des visiteurs d\u2019aujourd\u2019hui. Son emploi au sein d\u2019une des plus importantes entreprises qu\u00e9b\u00e9coises du secteur des attractions touristiques lui permet d\u2019\u00eatre \u00e0 l\u2019\u00e9coute, de prendre le pouls d\u2019un march\u00e9 qui \u00e9volue jour apr\u00e8s jour et de mettre l\u2019\u00e9paule \u00e0 la roue pour faire \u00e9voluer cette industrie.<\/span><\/p>\n<blockquote>\n<p class=\"p2\"><span class=\"s1\" style=\"font-size: 16px;\">Par son approche dynamique, son leadership pragmatique, son sens de l\u2019\u00e9quipe et sa recherche constante de l\u2019action concr\u00e8te, Alexandre Bastien permettra \u00e0 \u00c9v\u00e9nements Attractions Qu\u00e9bec de se projeter en avant avec confiance et ambition et de participer activement au d\u00e9veloppement \u00e9conomique et touristique de toutes les r\u00e9gions du Qu\u00e9bec\u00a0\u00bb d\u00e9clare Nicolas Cournoyer, pr\u00e9sident du volet \u00c9v\u00e9nements.<\/span><\/p>\n<\/blockquote>\n<blockquote>\n<p class=\"p2\"><span style=\"font-size: 16px;\">Je m\u2019engage \u00e0 faire en sorte que nos succ\u00e8s continuent de reposer sur notre unicit\u00e9 et notre volont\u00e9 d\u2019innover. Je me fais le devoir de demeurer \u00e0 l\u2019affut des meilleures pratiques qui pourront aider nos entreprises \u00e0 tirer leur \u00e9pingle du jeu tout en \u00e9tant \u00e0 l\u2019\u00e9coute de ceux qui vivent l\u2019exp\u00e9rience touristique\u00a0\u00bb, affirme M. Bastien.<\/span><\/p>\n<\/blockquote>\n<p class=\"p4\"><span class=\"s1\"><b>Quatre nouveaux administrateurs rejoignent les conseils d\u2019administration<\/b><\/span><\/p>\n<p class=\"p4\"><span class=\"s1\">\u00c0 la suite de l\u2019Assembl\u00e9e g\u00e9n\u00e9rale annuelle se joignent \u00e9galement \u00e0 l\u2019\u00e9quipe d\u2019\u00c9v\u00e9nements Attractions Qu\u00e9bec\u00a0:<\/span><\/p>\n<ul>\n<li class=\"p4\"><span class=\"s1\">Yannick Gamelin, directeur Tourisme &amp; Grands \u00e9v\u00e9nements, <a href=\"https:\/\/www.sded.ca\/\"><span class=\"s2\">SDED<\/span><\/a><\/span><span class=\"s2\">;<\/span><\/li>\n<li class=\"p4\"><span class=\"s1\">Vincent Lefebvre, Chef principal &#8211; Relations publiques et m\u00e9dias sociaux,<b> <\/b><a href=\"https:\/\/www.cirquedusoleil.com\/fr\"><span class=\"s2\">Cirque du soleil<\/span><\/a><\/span><span class=\"s3\">;<\/span><\/li>\n<li class=\"p4\"><span class=\"s1\">Fran\u00e7ois Poulin, consultant;<\/span><\/li>\n<li class=\"p4\"><span class=\"s1\">Alain Vinet, pr\u00e9sident et fondateur, <a href=\"https:\/\/www.agence-pub.com\/\"><span class=\"s2\">L\u2019agence Pub point com<\/span><\/a><\/span><span class=\"s2\">.<\/span><\/li>\n<\/ul>\n<p class=\"p4\"><span class=\"s1\">Respectivement fond\u00e9s en 1975 et 1992, Festivals et \u00c9v\u00e9nements Qu\u00e9bec et la Soci\u00e9t\u00e9 des Attractions Touristiques du Qu\u00e9bec sont deux organismes \u00e0 but non lucratif qui \u0153uvrent sous la marque conjointe \u00c9v\u00e9nements Attractions Qu\u00e9bec.<\/span><\/p>\n<p class=\"p4\"><span class=\"s1\"> Ils ont pour mission de concerter, repr\u00e9senter et soutenir les attractions touristiques, les festivals et les \u00e9v\u00e9nements en une communaut\u00e9 dynamique et innovante pour contribuer pleinement \u00e0 la vitalit\u00e9 du Qu\u00e9bec.<\/span><\/p>\n<\/div>\n<\/div>\n<\/div>\n<\/div>\n<div class=\"likebtn_container\" style=\"clear:both;text-align:center;\"><!-- LikeBtn.com BEGIN --><span class=\"likebtn-wrapper\"  data-identifier=\"post_70688\"  data-site_id=\"5cc1ecd16fd08b776710d1e9\"  data-theme=\"drop\"  data-btn_size=\"100\"  data-icon_l=\"false\"  data-icon_d=\"false\"  data-icon_l_url=\"https:\/\/isarta.com\/infos\/wp-content\/uploads\/2019\/04\/happy.png#64794\"  data-icon_d_url=\"https:\/\/isarta.com\/infos\/wp-content\/uploads\/2019\/04\/sleep.png#64796\"  data-icon_size=\"58\"  data-icon_l_c=\"#771414\"  data-bg_c=\"#ffffff\"  data-bg_c_v=\"#ffffff\"  data-brdr_c=\"#ffffff\"  data-f_size=\"11\"  data-f_family=\"Tahoma\"  data-counter_fs=\"b\"  data-lang=\"fr\"  data-ef_voting=\"wobble\"  data-dislike_enabled=\"false\"  data-counter_type=\"percent\"  data-counter_show=\"false\"  data-tooltip_enabled=\"false\"  data-tooltip_like_show_always=\"true\"  data-white_label=\"true\"  data-i18n_like=\"Aimer \/ Partager\"  data-i18n_dislike=\"Pas aim\u00e9\"  data-style=\"\"  data-unlike_allowed=\"\"  data-show_copyright=\"\"  data-item_url=\"https:\/\/isarta.com\/infos\/alexandre-bastien-nouveau-president-du-volet-attractions-touristiques-devenements-attractions-quebec\/\"  data-item_title=\"Alexandre Bastien, nouveau pr\u00e9sident du volet Attractions touristiques d&#039;\u00c9v\u00e9nements Attractions Qu\u00e9bec\"  data-item_image=\"https:\/\/isarta.com\/infos\/wp-content\/uploads\/2019\/11\/Evenement-attraction-quebec.png\"  data-item_date=\"2019-11-20T07:18:20-05:00\"  data-engine=\"WordPress\"  data-plugin_v=\"2.6.54\"  data-prx=\"https:\/\/isarta.com\/infos\/wp-admin\/admin-ajax.php?action=likebtn_prx\"  data-event_handler=\"likebtn_eh\" ><\/span><!-- LikeBtn.com END --><\/p>\n<hr size=\"3\"><\/div>\n","protected":false},"excerpt":{"rendered":"<p>E\u0301ve\u0301nements Attractions Que\u0301bec profite d\u2019un vent de changement dans l\u2019organisation pour annoncer l\u2019arrive\u0301e de nouveaux venus au sein de son conseil d\u2019administration a\u0300 la suite de son assemble\u0301e ge\u0301ne\u0301rale annuelle du 12 novembre. Rappelons qu\u2019E\u0301ve\u0301nements Attractions Que\u0301bec porte la voix de plus de 500 entreprises a\u0300 travers toute la province, de\u0301fend leurs inte\u0301re\u0302ts et met en lumie\u0300re leur dynamisme.<\/p>\n<div class=\"likebtn_container\" style=\"clear:both;text-align:center;\"><!-- LikeBtn.com BEGIN --><span class=\"likebtn-wrapper\"  data-identifier=\"post_70688\"  data-site_id=\"5cc1ecd16fd08b776710d1e9\"  data-theme=\"drop\"  data-btn_size=\"100\"  data-icon_l=\"false\"  data-icon_d=\"false\"  data-icon_l_url=\"https:\/\/isarta.com\/infos\/wp-content\/uploads\/2019\/04\/happy.png#64794\"  data-icon_d_url=\"https:\/\/isarta.com\/infos\/wp-content\/uploads\/2019\/04\/sleep.png#64796\"  data-icon_size=\"58\"  data-icon_l_c=\"#771414\"  data-bg_c=\"#ffffff\"  data-bg_c_v=\"#ffffff\"  data-brdr_c=\"#ffffff\"  data-f_size=\"11\"  data-f_family=\"Tahoma\"  data-counter_fs=\"b\"  data-lang=\"fr\"  data-ef_voting=\"wobble\"  data-dislike_enabled=\"false\"  data-counter_type=\"percent\"  data-counter_show=\"false\"  data-tooltip_enabled=\"false\"  data-tooltip_like_show_always=\"true\"  data-white_label=\"true\"  data-i18n_like=\"Aimer \/ Partager\"  data-i18n_dislike=\"Pas aim\u00e9\"  data-style=\"\"  data-unlike_allowed=\"\"  data-show_copyright=\"\"  data-item_url=\"https:\/\/isarta.com\/infos\/alexandre-bastien-nouveau-president-du-volet-attractions-touristiques-devenements-attractions-quebec\/\"  data-item_title=\"Alexandre Bastien, nouveau pr\u00e9sident du volet Attractions touristiques d&#039;\u00c9v\u00e9nements Attractions Qu\u00e9bec\"  data-item_image=\"https:\/\/isarta.com\/infos\/wp-content\/uploads\/2019\/11\/Evenement-attraction-quebec.png\"  data-item_date=\"2019-11-20T07:18:20-05:00\"  data-engine=\"WordPress\"  data-plugin_v=\"2.6.54\"  data-prx=\"https:\/\/isarta.com\/infos\/wp-admin\/admin-ajax.php?action=likebtn_prx\"  data-event_handler=\"likebtn_eh\" ><\/span><!-- LikeBtn.com END --><hr size=\"3\"><\/div>","protected":false},"author":1,"featured_media":70690,"comment_status":"open","ping_status":"open","sticky":false,"template":"","format":"standard","meta":[],"categories":[195],"tags":[1176,225],"_links":{"self":[{"href":"https:\/\/isarta.com\/infos\/wp-json\/wp\/v2\/posts\/70688"}],"collection":[{"href":"https:\/\/isarta.com\/infos\/wp-json\/wp\/v2\/posts"}],"about":[{"href":"https:\/\/isarta.com\/infos\/wp-json\/wp\/v2\/types\/post"}],"author":[{"embeddable":true,"href":"https:\/\/isarta.com\/infos\/wp-json\/wp\/v2\/users\/1"}],"replies":[{"embeddable":true,"href":"https:\/\/isarta.com\/infos\/wp-json\/wp\/v2\/comments?post=70688"}],"version-history":[{"count":1,"href":"https:\/\/isarta.com\/infos\/wp-json\/wp\/v2\/posts\/70688\/revisions"}],"predecessor-version":[{"id":70691,"href":"https:\/\/isarta.com\/infos\/wp-json\/wp\/v2\/posts\/70688\/revisions\/70691"}],"wp:featuredmedia":[{"embeddable":true,"href":"https:\/\/isarta.com\/infos\/wp-json\/wp\/v2\/media\/70690"}],"wp:attachment":[{"href":"https:\/\/isarta.com\/infos\/wp-json\/wp\/v2\/media?parent=70688"}],"wp:term":[{"taxonomy":"category","embeddable":true,"href":"https:\/\/isarta.com\/infos\/wp-json\/wp\/v2\/categories?post=70688"},{"taxonomy":"post_tag","embeddable":true,"href":"https:\/\/isarta.com\/infos\/wp-json\/wp\/v2\/tags?post=70688"}],"curies":[{"name":"wp","href":"https:\/\/api.w.org\/{rel}","templated":true}]}}