{"id":70728,"date":"2019-11-21T12:30:10","date_gmt":"2019-11-21T17:30:10","guid":{"rendered":"https:\/\/isarta.com\/infos\/?p=70728"},"modified":"2019-11-20T11:24:43","modified_gmt":"2019-11-20T16:24:43","slug":"les-nouvelles-de-lindustrie-a-savoir-aujourdhui-124","status":"publish","type":"post","link":"https:\/\/isarta.com\/infos\/les-nouvelles-de-lindustrie-a-savoir-aujourdhui-124\/","title":{"rendered":"Les nouvelles de l\u2019industrie \u00e0 savoir aujourd\u2019hui"},"content":{"rendered":"<p><span style=\"font-size: 12px; color: #999999;\">21 novembre 2019<\/span><\/p>\n<h2 class=\"cat_article_title\"><a href=\"https:\/\/isarta.com\/infos\/lg2-remporte-le-titre-dagence-canadienne-de-lannee-de-ladcc\/\" target=\"_blank\" rel=\"noopener\">lg2 remporte le titre d\u2019agence canadienne de l\u2019anne\u0301e de l\u2019ADCC<\/a><\/h2>\n<p><img loading=\"lazy\" class=\"alignleft wp-image-70530\" src=\"https:\/\/isarta.com\/infos\/wp-content\/uploads\/2019\/11\/ADCC_lg2_AgencyoftheYear_2-300x232.jpg\" alt=\"\" width=\"283\" height=\"219\" srcset=\"https:\/\/isarta.com\/infos\/wp-content\/uploads\/2019\/11\/ADCC_lg2_AgencyoftheYear_2-300x232.jpg 300w, https:\/\/isarta.com\/infos\/wp-content\/uploads\/2019\/11\/ADCC_lg2_AgencyoftheYear_2-768x594.jpg 768w, https:\/\/isarta.com\/infos\/wp-content\/uploads\/2019\/11\/ADCC_lg2_AgencyoftheYear_2-1024x792.jpg 1024w\" sizes=\"(max-width: 283px) 100vw, 283px\" \/>Le 14 novembre dernier avait lieu l\u2019e\u0301ve\u0301nement Directions 2019, le gala annuel de l\u2019ADCC (The Advertising &amp; Design Club of Canada), et lg2 est repartie avec le prestigieux trophe\u0301e \u00ab Scarlet Letter \u00bb du titre de l\u2019Agence de l\u2019anne\u0301e au Canada.<\/p>\n<p>Pour lire la suite, <span style=\"color: #3366ff;\"><a style=\"color: #3366ff;\" href=\"https:\/\/isarta.com\/infos\/lg2-remporte-le-titre-dagence-canadienne-de-lannee-de-ladcc\/\" target=\"_blank\" rel=\"noopener\">cliquez ici<\/a>.<\/span><\/p>\n<div class=\"brdr2\"><\/div>\n<h2 class=\"cat_article_title\"><a href=\"https:\/\/isarta.com\/infos\/craig-belcher-nouveau-chef-du-departement-des-relations-clients-chez-vibrant\/\" target=\"_blank\" rel=\"noopener\">Craig\u00a0Belcher, nouveau chef du d\u00e9partement des relations clients chez VIBRANT<\/a><\/h2>\n<p><img loading=\"lazy\" class=\"alignleft size-medium wp-image-70602\" src=\"https:\/\/isarta.com\/infos\/wp-content\/uploads\/2019\/11\/BELCHER_Craig-22081-web-300x200.jpg\" alt=\"\" width=\"300\" height=\"200\" srcset=\"https:\/\/isarta.com\/infos\/wp-content\/uploads\/2019\/11\/BELCHER_Craig-22081-web-300x200.jpg 300w, https:\/\/isarta.com\/infos\/wp-content\/uploads\/2019\/11\/BELCHER_Craig-22081-web-768x512.jpg 768w, https:\/\/isarta.com\/infos\/wp-content\/uploads\/2019\/11\/BELCHER_Craig-22081-web-1024x683.jpg 1024w, https:\/\/isarta.com\/infos\/wp-content\/uploads\/2019\/11\/BELCHER_Craig-22081-web-272x182.jpg 272w\" sizes=\"(max-width: 300px) 100vw, 300px\" \/>VIBRANT vient d\u2019annoncer la nomination de\u00a0Craig\u00a0Belcher \u00e0 la t\u00eate du d\u00e9partement des relations clients. Fier d\u2019une prolifique carri\u00e8re en exp\u00e9rientiel,\u00a0Craig\u00a0assure le leadership de ce d\u00e9partement et met \u00e0 profit sa longue exp\u00e9rience en d\u00e9veloppement des affaires afin de poursuivre l\u2019importante croissance de VIBRANT en Am\u00e9rique du Nord.<\/p>\n<p>Pour lire la suite, <span style=\"color: #3366ff;\"><a style=\"color: #3366ff;\" href=\"https:\/\/isarta.com\/infos\/craig-belcher-nouveau-chef-du-departement-des-relations-clients-chez-vibrant\/\" target=\"_blank\" rel=\"noopener\">cliquez ici<\/a>.<\/span><\/p>\n<div class=\"brdr2\"><\/div>\n<h2 class=\"cat_article_title\"><a href=\"https:\/\/isarta.com\/infos\/la-socom-presente-la-conference-le-dilemme-de-la-crise-des-medias-quebecois-le-27-novembre-prochain\/\" target=\"_blank\" rel=\"noopener\">La SOCOM pre\u0301sente la confe\u0301rence \u00ab Le dilemme de la crise des me\u0301dias que\u0301be\u0301cois \u00bb le 27 novembre prochain<\/a><\/h2>\n<p><img loading=\"lazy\" class=\"alignleft size-medium wp-image-70582\" src=\"https:\/\/isarta.com\/infos\/wp-content\/uploads\/2019\/11\/Socom-conference-media-300x169.png\" alt=\"\" width=\"300\" height=\"169\" srcset=\"https:\/\/isarta.com\/infos\/wp-content\/uploads\/2019\/11\/Socom-conference-media-300x169.png 300w, https:\/\/isarta.com\/infos\/wp-content\/uploads\/2019\/11\/Socom-conference-media-768x432.png 768w, https:\/\/isarta.com\/infos\/wp-content\/uploads\/2019\/11\/Socom-conference-media-1024x576.png 1024w, https:\/\/isarta.com\/infos\/wp-content\/uploads\/2019\/11\/Socom-conference-media.png 1920w\" sizes=\"(max-width: 300px) 100vw, 300px\" \/>La Socie\u0301te\u0301 des communicateurs de Que\u0301bec (SOCOM) pre\u0301sente la confe\u0301rence \u00ab Le dilemme de la crise des me\u0301dias que\u0301be\u0301cois \u00bb le 27 novembre prochain. De\u0300s 11 h 30, une discussion entre cinq pane\u0301listes sera anime\u0301e par l\u2019animateur de Premie\u0300re heure sur les ondes de Radio-Canada, Claude Bernatchez. Il sera accompagne\u0301 de Myle\u0300ne Berthiaume (CAA-Que\u0301bec), Gilles Carignan (Groupe Capitales Me\u0301dias), Louis Duchesne (Cossette), Dimitri Gourdin (Groupe V Me\u0301dia) et Reneault Poliquin (Radio-Canada).<\/p>\n<p>Pour lire la suite, <span style=\"color: #3366ff;\"><a style=\"color: #3366ff;\" href=\"https:\/\/isarta.com\/infos\/la-socom-presente-la-conference-le-dilemme-de-la-crise-des-medias-quebecois-le-27-novembre-prochain\/\" target=\"_blank\" rel=\"noopener\">cliquez ici<\/a>.<\/span><\/p>\n<div class=\"brdr2\"><\/div>\n<h2 class=\"cat_article_title\"><a href=\"https:\/\/isarta.com\/infos\/absolu-signe-la-nouvelle-campagne-de-lentrepot-du-pneu\/\" target=\"_blank\" rel=\"noopener\">Absolu signe la nouvelle campagne de l\u2019Entrep\u00f4t du pneu<\/a><\/h2>\n<p><img loading=\"lazy\" class=\"alignleft wp-image-70536\" src=\"https:\/\/isarta.com\/infos\/wp-content\/uploads\/2019\/11\/absolu-pneu-300x206.png\" alt=\"\" width=\"261\" height=\"179\" srcset=\"https:\/\/isarta.com\/infos\/wp-content\/uploads\/2019\/11\/absolu-pneu-300x206.png 300w, https:\/\/isarta.com\/infos\/wp-content\/uploads\/2019\/11\/absolu-pneu.png 682w\" sizes=\"(max-width: 261px) 100vw, 261px\" \/>Depuis plusieurs ann\u00e9es, l\u2019Entrep\u00f4t du pneu est reconnu r\u00e9gionalement pour la pose de pneus sans rendez-vous au meilleur prix. Par contre, l\u2019entreprise est trop souvent oubli\u00e9e lorsque vient le temps d\u2019acheter des pneus neufs, malgr\u00e9 le fait qu\u2019elle vend des pneus de toutes les grandes marques moins cher que partout ailleurs en Mauricie.<\/p>\n<p>Pour lire la suite, <span style=\"color: #3366ff;\"><a style=\"color: #3366ff;\" href=\"https:\/\/isarta.com\/infos\/absolu-signe-la-nouvelle-campagne-de-lentrepot-du-pneu\/\" target=\"_blank\" rel=\"noopener\">cliquez ici<\/a>.<\/span><\/p>\n<div class=\"brdr2\"><\/div>\n<h2 class=\"cat_article_title\"><a href=\"https:\/\/isarta.com\/infos\/cossette-signe-la-nouvelle-campagne-societale-tous-pour-les-tout-petits\/\" target=\"_blank\" rel=\"noopener\">Cossette signe la nouvelle campagne soci\u00e9tale \u00ab Tous pour les tout-petits \u00bb<\/a><\/h2>\n<p><img loading=\"lazy\" class=\"alignleft size-medium wp-image-70577\" src=\"https:\/\/isarta.com\/infos\/wp-content\/uploads\/2019\/11\/TPLTP-Affichage-Sauvage-300x180.jpg\" alt=\"\" width=\"300\" height=\"180\" srcset=\"https:\/\/isarta.com\/infos\/wp-content\/uploads\/2019\/11\/TPLTP-Affichage-Sauvage-300x180.jpg 300w, https:\/\/isarta.com\/infos\/wp-content\/uploads\/2019\/11\/TPLTP-Affichage-Sauvage-768x460.jpg 768w, https:\/\/isarta.com\/infos\/wp-content\/uploads\/2019\/11\/TPLTP-Affichage-Sauvage-1024x613.jpg 1024w, https:\/\/isarta.com\/infos\/wp-content\/uploads\/2019\/11\/TPLTP-Affichage-Sauvage.jpg 1617w\" sizes=\"(max-width: 300px) 100vw, 300px\" \/>Le 17 novembre, dans le cadre de la 4e \u00e9dition de la Grande semaine des tout-petits, la campagne soci\u00e9tale sign\u00e9e \u00ab Tous pour les tout-petits \u00bb a \u00e9t\u00e9 lanc\u00e9e afin de sensibiliser l\u2019ensemble de la population sur l\u2019importance de faire de la petite enfance une priorit\u00e9 de soci\u00e9t\u00e9 afin que chaque enfant puisse se r\u00e9aliser \u00e0 son plein potentiel.<\/p>\n<p>Pour lire la suite, <span style=\"color: #3366ff;\"><a style=\"color: #3366ff;\" href=\"https:\/\/isarta.com\/infos\/cossette-signe-la-nouvelle-campagne-societale-tous-pour-les-tout-petits\/\" target=\"_blank\" rel=\"noopener\">cliquez ici<\/a>.<\/span><\/p>\n<div class=\"brdr2\"><\/div>\n<h2 class=\"cat_article_title\"><a href=\"https:\/\/isarta.com\/infos\/venmar-fait-confiance-a-propage-et-oranje-pour-le-lancement-dun-nouveau-produit\/\" target=\"_blank\" rel=\"noopener\">Venmar fait confiance \u00e0 Propage et Oranje pour le lancement d\u2019un nouveau produit<\/a><\/h2>\n<p><img loading=\"lazy\" class=\"alignleft size-medium wp-image-70572\" src=\"https:\/\/isarta.com\/infos\/wp-content\/uploads\/2019\/11\/Oranje_Gernier_VENMAR_01-300x151.png\" alt=\"\" width=\"300\" height=\"151\" srcset=\"https:\/\/isarta.com\/infos\/wp-content\/uploads\/2019\/11\/Oranje_Gernier_VENMAR_01-300x151.png 300w, https:\/\/isarta.com\/infos\/wp-content\/uploads\/2019\/11\/Oranje_Gernier_VENMAR_01-768x386.png 768w, https:\/\/isarta.com\/infos\/wp-content\/uploads\/2019\/11\/Oranje_Gernier_VENMAR_01-1024x515.png 1024w, https:\/\/isarta.com\/infos\/wp-content\/uploads\/2019\/11\/Oranje_Gernier_VENMAR_01.png 1134w\" sizes=\"(max-width: 300px) 100vw, 300px\" \/>Le fabricant Venmar, situe\u0301 a\u0300 Drummondville, est le chef de file canadien en fabrication et distribution des produits de qualite\u0301 de l\u2019air inte\u0301rieur. Il a choisi Propage et Oranje pour mettre en \u0153uvre le lancement d\u2019un de ses nouveaux produits.<\/p>\n<p>Pour lire la suite, <span style=\"color: #3366ff;\"><a style=\"color: #3366ff;\" href=\"https:\/\/isarta.com\/infos\/venmar-fait-confiance-a-propage-et-oranje-pour-le-lancement-dun-nouveau-produit\/\" target=\"_blank\" rel=\"noopener\">cliquez ici<\/a>.<\/span><\/p>\n<div class=\"brdr2\"><\/div>\n<h2 class=\"cat_article_title\"><a href=\"https:\/\/isarta.com\/infos\/pour-les-fetes-boston-pizza-cree-une-boite-a-pizza-musicale-avec-rue-john\/\" target=\"_blank\" rel=\"noopener\">Pour les F\u00eates, Boston Pizza cr\u00e9e une bo\u00eete \u00e0 pizza musicale avec Rue John<\/a><\/h2>\n<p><img loading=\"lazy\" class=\"alignleft wp-image-70587\" src=\"https:\/\/isarta.com\/infos\/wp-content\/uploads\/2019\/11\/Boston-Pizza-Singing-Box_French-300x216.jpg\" alt=\"\" width=\"243\" height=\"175\" srcset=\"https:\/\/isarta.com\/infos\/wp-content\/uploads\/2019\/11\/Boston-Pizza-Singing-Box_French-300x216.jpg 300w, https:\/\/isarta.com\/infos\/wp-content\/uploads\/2019\/11\/Boston-Pizza-Singing-Box_French-768x552.jpg 768w, https:\/\/isarta.com\/infos\/wp-content\/uploads\/2019\/11\/Boston-Pizza-Singing-Box_French-1024x736.jpg 1024w\" sizes=\"(max-width: 243px) 100vw, 243px\" \/>Afin de promouvoir la Pizza des F\u00eates, une nouvelle pizza litt\u00e9ralement garnie d\u2019un r\u00e9veillon de No\u00ebl, Boston Pizza n\u2019a pas cr\u00e9\u00e9 une simple publicit\u00e9. Ils ont r\u00e9invent\u00e9 une chanson classique des F\u00eates, en plus de cr\u00e9er une bo\u00eete de pizza musicale pour y mettre cette pizza.<\/p>\n<p>Pour lire la suite, <span style=\"color: #3366ff;\"><a style=\"color: #3366ff;\" href=\"https:\/\/isarta.com\/infos\/pour-les-fetes-boston-pizza-cree-une-boite-a-pizza-musicale-avec-rue-john\/\" target=\"_blank\" rel=\"noopener\">cliquez ici<\/a>.<\/span><\/p>\n<div class=\"brdr2\"><\/div>\n<h2 class=\"cat_article_title\"><a href=\"https:\/\/isarta.com\/infos\/la-stl-recoit-un-prix-de-lactu-pour-sa-nouvelle-identite-de-marque\/\" target=\"_blank\" rel=\"noopener\">La STL re\u00e7oit un prix de l\u2019ACTU pour sa nouvelle identit\u00e9 de marque<\/a><\/h2>\n<p><img loading=\"lazy\" class=\"alignleft size-medium wp-image-70518\" src=\"https:\/\/isarta.com\/infos\/wp-content\/uploads\/2019\/11\/STL-300x200.jpeg\" alt=\"\" width=\"300\" height=\"200\" srcset=\"https:\/\/isarta.com\/infos\/wp-content\/uploads\/2019\/11\/STL-300x200.jpeg 300w, https:\/\/isarta.com\/infos\/wp-content\/uploads\/2019\/11\/STL-768x512.jpeg 768w, https:\/\/isarta.com\/infos\/wp-content\/uploads\/2019\/11\/STL-1024x683.jpeg 1024w, https:\/\/isarta.com\/infos\/wp-content\/uploads\/2019\/11\/STL-272x182.jpeg 272w\" sizes=\"(max-width: 300px) 100vw, 300px\" \/>C&rsquo;est en pr\u00e9sence des repr\u00e9sentants de l&rsquo;ensemble de l&rsquo;industrie canadienne que la Soci\u00e9t\u00e9 de transport de Laval (STL) a re\u00e7u, le 13 novembre dernier, le prix Leadership des entreprises \u2015 Communication-Marketing, pour la cr\u00e9ation et le d\u00e9ploiement de sa nouvelle identit\u00e9 de marque. La r\u00e9compense a \u00e9t\u00e9 remise lors du Congr\u00e8s annuel de l&rsquo;Association canadienne du transport urbain (ACTU) et du Salon canadien du transport collectif \u00e0 Calgary.<\/p>\n<p>Pour lire la suite, <span style=\"color: #3366ff;\"><a style=\"color: #3366ff;\" href=\"https:\/\/isarta.com\/infos\/la-stl-recoit-un-prix-de-lactu-pour-sa-nouvelle-identite-de-marque\/\" target=\"_blank\" rel=\"noopener\">cliquez ici<\/a>.<\/span><\/p>\n<div class=\"brdr2\"><\/div>\n<h2 class=\"cat_article_title\"><a href=\"https:\/\/isarta.com\/infos\/saute-dans-notre-monde-nouvelle-campagne-de-recrutement-de-reflector\/\" target=\"_blank\" rel=\"noopener\">\u00ab\u00a0Saute dans notre monde\u00a0\u00bb : nouvelle campagne de recrutement de Reflector<\/a><\/h2>\n<p><img loading=\"lazy\" class=\"alignleft wp-image-70514\" src=\"https:\/\/isarta.com\/infos\/wp-content\/uploads\/2019\/11\/Reflector-recrutement-300x178.png\" alt=\"\" width=\"212\" height=\"126\" srcset=\"https:\/\/isarta.com\/infos\/wp-content\/uploads\/2019\/11\/Reflector-recrutement-300x178.png 300w, https:\/\/isarta.com\/infos\/wp-content\/uploads\/2019\/11\/Reflector-recrutement-768x456.png 768w, https:\/\/isarta.com\/infos\/wp-content\/uploads\/2019\/11\/Reflector-recrutement.png 982w\" sizes=\"(max-width: 212px) 100vw, 212px\" \/>Reflector vient de lancer une nouvelle campagne de recrutement intitul\u00e9e\u00a0Saute dans notre monde.<\/p>\n<p>Pour lire la suite, <span style=\"color: #3366ff;\"><a style=\"color: #3366ff;\" href=\"https:\/\/isarta.com\/infos\/saute-dans-notre-monde-nouvelle-campagne-de-recrutement-de-reflector\/\" target=\"_blank\" rel=\"noopener\">cliquez ici<\/a>.<\/span><\/p>\n<div class=\"brdr2\"><\/div>\n<h2 class=\"cat_article_title\"><a href=\"https:\/\/isarta.com\/infos\/huit-nouvelles-recrues-et-une-nouvelle-image-de-marque-chez-obox-anciennement-oboxmedia\/\" target=\"_blank\" rel=\"noopener\">Huit nouvelles recrues et une nouvelle image de marque chez OBOX (anciennement Oboxmedia)<\/a><\/h2>\n<p><img loading=\"lazy\" class=\"alignleft size-medium wp-image-70380\" src=\"https:\/\/isarta.com\/infos\/wp-content\/uploads\/2019\/11\/obox-nomination-300x180.png\" alt=\"\" width=\"300\" height=\"180\" srcset=\"https:\/\/isarta.com\/infos\/wp-content\/uploads\/2019\/11\/obox-nomination-300x180.png 300w, https:\/\/isarta.com\/infos\/wp-content\/uploads\/2019\/11\/obox-nomination-768x462.png 768w, https:\/\/isarta.com\/infos\/wp-content\/uploads\/2019\/11\/obox-nomination.png 823w\" sizes=\"(max-width: 300px) 100vw, 300px\" \/>OBOX vient d\u2019annoncer que son e\u0301quipe s\u2019enrichit de huit nouveaux talents qui comple\u00e8tent l\u2019e\u0301quipe du bureau de Montre\u0301al. Par ailleurs, le nouveau OBOX (anciennement Oboxmedia) a fusionne\u0301 avec le studio de cre\u0301ation Farweb.tv et la compagnie torontoise PSquared, spe\u0301cialise\u0301e en achat me\u0301dia de performance et en de\u0301veloppement de technologies programmatiques. Un regroupement strate\u0301gique permettant a\u0300 OBOX de proposer a\u0300 ses clients une expe\u0301rience plus globale et comple\u0300te.<\/p>\n<p>Pour lire la suite, <span style=\"color: #3366ff;\"><a style=\"color: #3366ff;\" href=\"https:\/\/isarta.com\/infos\/huit-nouvelles-recrues-et-une-nouvelle-image-de-marque-chez-obox-anciennement-oboxmedia\/\" target=\"_blank\" rel=\"noopener\">cliquez ici<\/a>.<\/span><\/p>\n<div class=\"brdr2\"><\/div>\n<h2 class=\"cat_article_title\"><a href=\"https:\/\/isarta.com\/infos\/les-feves-clark-font-leurs-fraiches-dans-une-nouvelle-campagne-de-lg2\/\" target=\"_blank\" rel=\"noopener\">Les f\u00e8ves Clark font leurs fra\u00eeches dans une nouvelle campagne de lg2<\/a><\/h2>\n<p><img loading=\"lazy\" class=\"alignleft size-medium wp-image-70478\" src=\"https:\/\/isarta.com\/infos\/wp-content\/uploads\/2019\/11\/bine-lg2-300x176.png\" alt=\"\" width=\"300\" height=\"176\" srcset=\"https:\/\/isarta.com\/infos\/wp-content\/uploads\/2019\/11\/bine-lg2-300x176.png 300w, https:\/\/isarta.com\/infos\/wp-content\/uploads\/2019\/11\/bine-lg2.png 713w\" sizes=\"(max-width: 300px) 100vw, 300px\" \/>Cet automne, les fe\u0300ves Clark font leurs frai\u0302ches a\u0300 la te\u0301le\u0301, sur le web, sur les me\u0301dias sociaux, et avec raison : pour la premie\u0300re fois de leur histoire (vieille de 112 ans), elles sont offertes au rayon des produits re\u0301frige\u0301re\u0301s.<\/p>\n<p>Pour lire la suite, <span style=\"color: #3366ff;\"><a style=\"color: #3366ff;\" href=\"https:\/\/isarta.com\/infos\/les-feves-clark-font-leurs-fraiches-dans-une-nouvelle-campagne-de-lg2\/\" target=\"_blank\" rel=\"noopener\">cliquez ici<\/a>.<\/span><\/p>\n<div class=\"brdr2\"><\/div>\n<h2 class=\"cat_article_title\"><a href=\"https:\/\/isarta.com\/infos\/mxo-met-en-place-un-comite-voue-a-linnovation\/\" target=\"_blank\" rel=\"noopener\">MXO met en place un comite\u0301 voue\u0301 a\u0300 l\u2019innovation<\/a><\/h2>\n<p><img loading=\"lazy\" class=\"alignleft wp-image-70472\" src=\"https:\/\/isarta.com\/infos\/wp-content\/uploads\/2019\/11\/MXO-Comite-innovation-300x208.jpg\" alt=\"\" width=\"247\" height=\"171\" srcset=\"https:\/\/isarta.com\/infos\/wp-content\/uploads\/2019\/11\/MXO-Comite-innovation-300x208.jpg 300w, https:\/\/isarta.com\/infos\/wp-content\/uploads\/2019\/11\/MXO-Comite-innovation-768x533.jpg 768w, https:\/\/isarta.com\/infos\/wp-content\/uploads\/2019\/11\/MXO-Comite-innovation-1024x710.jpg 1024w\" sizes=\"(max-width: 247px) 100vw, 247px\" \/>Une e\u0301tude de Le\u0301ger de\u0301voile que 42 % des PME que\u0301be\u0301coises n\u2019ont de\u0301veloppe\u0301 aucune innovation dans la dernie\u0300re anne\u0301e. A\u0300 l\u2019e\u0300re ou\u0300 les changements en marketing et commerce en ligne se succe\u0300dent a\u0300 un rythme jamais atteint auparavant, MXO de\u0301veloppe un comite\u0301 voue\u0301 a\u0300 l\u2019innovation pour proposer de nouvelles tendances a\u0300 forte valeur ajoute\u0301e a\u0300 ses clients.<\/p>\n<p>Pour lire la suite, <span style=\"color: #3366ff;\"><a style=\"color: #3366ff;\" href=\"https:\/\/isarta.com\/infos\/mxo-met-en-place-un-comite-voue-a-linnovation\/\" target=\"_blank\" rel=\"noopener\">cliquez ici<\/a>.<\/span><\/p>\n<div class=\"brdr2\"><\/div>\n<h2 class=\"cat_article_title\"><a href=\"https:\/\/isarta.com\/infos\/annie-laberge-rejoint-lagence-dyade-pour-piloter-son-virage-numerique\/\" target=\"_blank\" rel=\"noopener\">Annie Laberge rejoint l\u2019agence Dyade pour piloter son virage num\u00e9rique<\/a><\/h2>\n<p><img loading=\"lazy\" class=\"alignleft wp-image-70468\" src=\"https:\/\/isarta.com\/infos\/wp-content\/uploads\/2019\/11\/Annie-laberge_comm-presse-300x300.jpg\" alt=\"\" width=\"185\" height=\"185\" srcset=\"https:\/\/isarta.com\/infos\/wp-content\/uploads\/2019\/11\/Annie-laberge_comm-presse-300x300.jpg 300w, https:\/\/isarta.com\/infos\/wp-content\/uploads\/2019\/11\/Annie-laberge_comm-presse-144x144.jpg 144w, https:\/\/isarta.com\/infos\/wp-content\/uploads\/2019\/11\/Annie-laberge_comm-presse.jpg 600w\" sizes=\"(max-width: 185px) 100vw, 185px\" \/>Dyade accueille Annie Laberge \u00e0 titre de directrice principale, Exp\u00e9rience num\u00e9rique. Forte de 18\u00a0ans d\u2019exp\u00e9rience dans des postes strat\u00e9giques au sein d\u2019agences Web et marketing dont Nurun, Adviso et Havas Montr\u00e9al, Annie se sp\u00e9cialise dans l\u2019application de solutions d\u2019affaires utiles, performantes et ax\u00e9es sur le client.<\/p>\n<p>Pour lire la suite, <span style=\"color: #3366ff;\"><a style=\"color: #3366ff;\" href=\"https:\/\/isarta.com\/infos\/annie-laberge-rejoint-lagence-dyade-pour-piloter-son-virage-numerique\/\" target=\"_blank\" rel=\"noopener\">cliquez ici<\/a>.<\/span><\/p>\n<div class=\"brdr2\"><\/div>\n<div class=\"likebtn_container\" style=\"clear:both;text-align:center;\"><!-- LikeBtn.com BEGIN --><span class=\"likebtn-wrapper\"  data-identifier=\"post_70728\"  data-site_id=\"5cc1ecd16fd08b776710d1e9\"  data-theme=\"drop\"  data-btn_size=\"100\"  data-icon_l=\"false\"  data-icon_d=\"false\"  data-icon_l_url=\"https:\/\/isarta.com\/infos\/wp-content\/uploads\/2019\/04\/happy.png#64794\"  data-icon_d_url=\"https:\/\/isarta.com\/infos\/wp-content\/uploads\/2019\/04\/sleep.png#64796\"  data-icon_size=\"58\"  data-icon_l_c=\"#771414\"  data-bg_c=\"#ffffff\"  data-bg_c_v=\"#ffffff\"  data-brdr_c=\"#ffffff\"  data-f_size=\"11\"  data-f_family=\"Tahoma\"  data-counter_fs=\"b\"  data-lang=\"fr\"  data-ef_voting=\"wobble\"  data-dislike_enabled=\"false\"  data-counter_type=\"percent\"  data-counter_show=\"false\"  data-tooltip_enabled=\"false\"  data-tooltip_like_show_always=\"true\"  data-white_label=\"true\"  data-i18n_like=\"Aimer \/ Partager\"  data-i18n_dislike=\"Pas aim\u00e9\"  data-style=\"\"  data-unlike_allowed=\"\"  data-show_copyright=\"\"  data-item_url=\"https:\/\/isarta.com\/infos\/les-nouvelles-de-lindustrie-a-savoir-aujourdhui-124\/\"  data-item_title=\"Les nouvelles de l\u2019industrie \u00e0 savoir aujourd\u2019hui\"  data-item_image=\"https:\/\/isarta.com\/infos\/wp-content\/uploads\/2019\/11\/BELCHER_Craig-22081-web-1024x683.jpg\"  data-item_date=\"2019-11-21T12:30:10-05:00\"  data-engine=\"WordPress\"  data-plugin_v=\"2.6.54\"  data-prx=\"https:\/\/isarta.com\/infos\/wp-admin\/admin-ajax.php?action=likebtn_prx\"  data-event_handler=\"likebtn_eh\" ><\/span><!-- LikeBtn.com END --><\/p>\n<hr size=\"3\"><\/div>\n","protected":false},"excerpt":{"rendered":"<p>Que s&rsquo;est-il pass\u00e9 dans l&rsquo;industrie des communications et du marketing au Qu\u00e9bec ces derniers jours ? Nominations, campagnes, r\u00e9compenses, nouveaux mandats&#8230; On vous fait la synth\u00e8se ici.<\/p>\n<div class=\"likebtn_container\" style=\"clear:both;text-align:center;\"><!-- LikeBtn.com BEGIN --><span class=\"likebtn-wrapper\"  data-identifier=\"post_70728\"  data-site_id=\"5cc1ecd16fd08b776710d1e9\"  data-theme=\"drop\"  data-btn_size=\"100\"  data-icon_l=\"false\"  data-icon_d=\"false\"  data-icon_l_url=\"https:\/\/isarta.com\/infos\/wp-content\/uploads\/2019\/04\/happy.png#64794\"  data-icon_d_url=\"https:\/\/isarta.com\/infos\/wp-content\/uploads\/2019\/04\/sleep.png#64796\"  data-icon_size=\"58\"  data-icon_l_c=\"#771414\"  data-bg_c=\"#ffffff\"  data-bg_c_v=\"#ffffff\"  data-brdr_c=\"#ffffff\"  data-f_size=\"11\"  data-f_family=\"Tahoma\"  data-counter_fs=\"b\"  data-lang=\"fr\"  data-ef_voting=\"wobble\"  data-dislike_enabled=\"false\"  data-counter_type=\"percent\"  data-counter_show=\"false\"  data-tooltip_enabled=\"false\"  data-tooltip_like_show_always=\"true\"  data-white_label=\"true\"  data-i18n_like=\"Aimer \/ Partager\"  data-i18n_dislike=\"Pas aim\u00e9\"  data-style=\"\"  data-unlike_allowed=\"\"  data-show_copyright=\"\"  data-item_url=\"https:\/\/isarta.com\/infos\/les-nouvelles-de-lindustrie-a-savoir-aujourdhui-124\/\"  data-item_title=\"Les nouvelles de l\u2019industrie \u00e0 savoir aujourd\u2019hui\"  data-item_image=\"https:\/\/isarta.com\/infos\/wp-content\/uploads\/2019\/11\/BELCHER_Craig-22081-web-1024x683.jpg\"  data-item_date=\"2019-11-21T12:30:10-05:00\"  data-engine=\"WordPress\"  data-plugin_v=\"2.6.54\"  data-prx=\"https:\/\/isarta.com\/infos\/wp-admin\/admin-ajax.php?action=likebtn_prx\"  data-event_handler=\"likebtn_eh\" ><\/span><!-- LikeBtn.com END --><hr size=\"3\"><\/div>","protected":false},"author":1,"featured_media":70602,"comment_status":"open","ping_status":"open","sticky":false,"template":"","format":"standard","meta":[],"categories":[175,117,137],"tags":[314,1176,818,224],"_links":{"self":[{"href":"https:\/\/isarta.com\/infos\/wp-json\/wp\/v2\/posts\/70728"}],"collection":[{"href":"https:\/\/isarta.com\/infos\/wp-json\/wp\/v2\/posts"}],"about":[{"href":"https:\/\/isarta.com\/infos\/wp-json\/wp\/v2\/types\/post"}],"author":[{"embeddable":true,"href":"https:\/\/isarta.com\/infos\/wp-json\/wp\/v2\/users\/1"}],"replies":[{"embeddable":true,"href":"https:\/\/isarta.com\/infos\/wp-json\/wp\/v2\/comments?post=70728"}],"version-history":[{"count":2,"href":"https:\/\/isarta.com\/infos\/wp-json\/wp\/v2\/posts\/70728\/revisions"}],"predecessor-version":[{"id":70731,"href":"https:\/\/isarta.com\/infos\/wp-json\/wp\/v2\/posts\/70728\/revisions\/70731"}],"wp:featuredmedia":[{"embeddable":true,"href":"https:\/\/isarta.com\/infos\/wp-json\/wp\/v2\/media\/70602"}],"wp:attachment":[{"href":"https:\/\/isarta.com\/infos\/wp-json\/wp\/v2\/media?parent=70728"}],"wp:term":[{"taxonomy":"category","embeddable":true,"href":"https:\/\/isarta.com\/infos\/wp-json\/wp\/v2\/categories?post=70728"},{"taxonomy":"post_tag","embeddable":true,"href":"https:\/\/isarta.com\/infos\/wp-json\/wp\/v2\/tags?post=70728"}],"curies":[{"name":"wp","href":"https:\/\/api.w.org\/{rel}","templated":true}]}}