{"id":70778,"date":"2019-11-21T12:15:20","date_gmt":"2019-11-21T17:15:20","guid":{"rendered":"https:\/\/isarta.com\/infos\/?p=70778"},"modified":"2019-11-21T15:48:09","modified_gmt":"2019-11-21T20:48:09","slug":"lg2-et-hydro-quebec-remportent-lappel-a-projet-pour-transformer-une-telecabine-du-massif-de-charlevoix","status":"publish","type":"post","link":"https:\/\/isarta.com\/infos\/lg2-et-hydro-quebec-remportent-lappel-a-projet-pour-transformer-une-telecabine-du-massif-de-charlevoix\/","title":{"rendered":"lg2 et Hydro-Que\u0301bec remportent l&rsquo;appel \u00e0 projet pour transformer une t\u00e9l\u00e9cabine du Massif de Charlevoix"},"content":{"rendered":"<div class=\"page\" title=\"Page 1\">\n<div class=\"layoutArea\">\n<div class=\"column\">\n<p><img loading=\"lazy\" class=\" wp-image-70779 aligncenter\" src=\"https:\/\/isarta.com\/infos\/wp-content\/uploads\/2019\/11\/charlevoix-telecabine-massif-ski-300x209.png\" alt=\"\" width=\"617\" height=\"430\" srcset=\"https:\/\/isarta.com\/infos\/wp-content\/uploads\/2019\/11\/charlevoix-telecabine-massif-ski-300x209.png 300w, https:\/\/isarta.com\/infos\/wp-content\/uploads\/2019\/11\/charlevoix-telecabine-massif-ski-768x535.png 768w, https:\/\/isarta.com\/infos\/wp-content\/uploads\/2019\/11\/charlevoix-telecabine-massif-ski.png 874w\" sizes=\"(max-width: 617px) 100vw, 617px\" \/><\/p>\n<p><span style=\"font-size: 12px; color: #999999;\">21 novembre 2019<\/span><\/p>\n<div class=\"page\" title=\"Page 1\">\n<div class=\"layoutArea\">\n<div class=\"column\">\n<p><strong style=\"font-size: 20px;\">Suivant <a href=\"https:\/\/isarta.com\/infos\/le-massif-de-charlevoix-lance-un-appel-a-projet-aupres-de-lindustrie-publicitaire\/\" target=\"_blank\" rel=\"noopener\">l\u2019appel de projets lance\u0301 le 10 octobre dernier<\/a>, Le Massif de Charlevoix annonce l\u2019e\u0301quipe retenue. Les soumissions rec\u0327ues ont e\u0301te\u0301 e\u0301value\u0301es selon les me\u0302mes crite\u0300res : la valeur ajoute\u0301e pour la cliente\u0300le du Massif, l\u2019originalite\u0301 et la faisabilite\u0301 de la proposition.<\/strong><\/p>\n<\/div>\n<\/div>\n<\/div>\n<p>Le projet retenu a e\u0301te\u0301 propose\u0301 par l\u2019e\u0301quipe de lg2 et d\u2019Hydro-Que\u0301bec. De\u0300s l\u2019e\u0301te\u0301 2020, la transformation d\u2019une des 50 te\u0301le\u0301cabines Le Massif Express permettra d\u2019offrir une expe\u0301rience immersive comple\u0300te a\u0300 des milliers de visiteurs, e\u0301te\u0301 comme hiver. Le de\u0301voilement du concept du projet suivra dans quelques semaines, restez a\u0300 l\u2019affu\u0302t.<\/p>\n<blockquote><p><span style=\"font-size: 16px;\">Le Massif est heureux d\u2019accueillir la premie\u0300re expe\u0301rience de te\u0301le\u0301cabine immersive. La proposition de lg2 et Hydro-Que\u0301bec soutient notre vision visant a\u0300 offrir un rendez-vous unique avec la nature, la cre\u0301ativite\u0301, l\u2019innovation et l\u2019imagination. Merci a\u0300 tous les soumissionnaires \u00bb, Andre\u0301 Roy, vice-pre\u0301sident exe\u0301cutif, Groupe Le Massif.<\/span><\/p><\/blockquote>\n<blockquote><p><span style=\"font-size: 16px;\">C\u2019est un privile\u0300ge de pouvoir collaborer avec le Massif, dans le cadre de ce projet d\u2019expe\u0301rience immersive unique. Nous avons ha\u0302te d\u2019offrir aux visiteurs une remonte\u0301e comple\u0300tement diffe\u0301rente, et une raison supple\u0301mentaire pour visiter cette belle re\u0301gion \u00bb, souligne Nicolas Baldovini, directeur de cre\u0301ation, Expe\u0301rience nume\u0301rique, lg2.<\/span><\/p><\/blockquote>\n<p style=\"text-align: center;\"><strong>Retrouvez les <a href=\"https:\/\/isarta.com\/infos\/tag\/lg2\/\" target=\"_blank\" rel=\"noopener\">derni\u00e8res nouvelles de lg2 ici.<\/a><\/strong><\/p>\n<\/div>\n<\/div>\n<\/div>\n<div class=\"likebtn_container\" style=\"clear:both;text-align:center;\"><!-- LikeBtn.com BEGIN --><span class=\"likebtn-wrapper\"  data-identifier=\"post_70778\"  data-site_id=\"5cc1ecd16fd08b776710d1e9\"  data-theme=\"drop\"  data-btn_size=\"100\"  data-icon_l=\"false\"  data-icon_d=\"false\"  data-icon_l_url=\"https:\/\/isarta.com\/infos\/wp-content\/uploads\/2019\/04\/happy.png#64794\"  data-icon_d_url=\"https:\/\/isarta.com\/infos\/wp-content\/uploads\/2019\/04\/sleep.png#64796\"  data-icon_size=\"58\"  data-icon_l_c=\"#771414\"  data-bg_c=\"#ffffff\"  data-bg_c_v=\"#ffffff\"  data-brdr_c=\"#ffffff\"  data-f_size=\"11\"  data-f_family=\"Tahoma\"  data-counter_fs=\"b\"  data-lang=\"fr\"  data-ef_voting=\"wobble\"  data-dislike_enabled=\"false\"  data-counter_type=\"percent\"  data-counter_show=\"false\"  data-tooltip_enabled=\"false\"  data-tooltip_like_show_always=\"true\"  data-white_label=\"true\"  data-i18n_like=\"Aimer \/ Partager\"  data-i18n_dislike=\"Pas aim\u00e9\"  data-style=\"\"  data-unlike_allowed=\"\"  data-show_copyright=\"\"  data-item_url=\"https:\/\/isarta.com\/infos\/lg2-et-hydro-quebec-remportent-lappel-a-projet-pour-transformer-une-telecabine-du-massif-de-charlevoix\/\"  data-item_title=\"lg2 et Hydro-Que\u0301bec remportent l&#039;appel \u00e0 projet pour transformer une t\u00e9l\u00e9cabine du Massif de Charlevoix\"  data-item_image=\"https:\/\/isarta.com\/infos\/wp-content\/uploads\/2019\/11\/charlevoix-telecabine-massif-ski.png\"  data-item_date=\"2019-11-21T12:15:20-05:00\"  data-engine=\"WordPress\"  data-plugin_v=\"2.6.54\"  data-prx=\"https:\/\/isarta.com\/infos\/wp-admin\/admin-ajax.php?action=likebtn_prx\"  data-event_handler=\"likebtn_eh\" ><\/span><!-- LikeBtn.com END --><\/p>\n<hr size=\"3\"><\/div>\n","protected":false},"excerpt":{"rendered":"<p>Suivant l\u2019appel de projets lance\u0301 le 10 octobre dernier, Le Massif de Charlevoix annonce l\u2019e\u0301quipe retenue. Les soumissions rec\u0327ues ont e\u0301te\u0301 e\u0301value\u0301es selon les me\u0302mes crite\u0300res : la valeur ajoute\u0301e pour la cliente\u0300le du Massif, l\u2019originalite\u0301 et la faisabilite\u0301 de la proposition.<\/p>\n<div class=\"likebtn_container\" style=\"clear:both;text-align:center;\"><!-- LikeBtn.com BEGIN --><span class=\"likebtn-wrapper\"  data-identifier=\"post_70778\"  data-site_id=\"5cc1ecd16fd08b776710d1e9\"  data-theme=\"drop\"  data-btn_size=\"100\"  data-icon_l=\"false\"  data-icon_d=\"false\"  data-icon_l_url=\"https:\/\/isarta.com\/infos\/wp-content\/uploads\/2019\/04\/happy.png#64794\"  data-icon_d_url=\"https:\/\/isarta.com\/infos\/wp-content\/uploads\/2019\/04\/sleep.png#64796\"  data-icon_size=\"58\"  data-icon_l_c=\"#771414\"  data-bg_c=\"#ffffff\"  data-bg_c_v=\"#ffffff\"  data-brdr_c=\"#ffffff\"  data-f_size=\"11\"  data-f_family=\"Tahoma\"  data-counter_fs=\"b\"  data-lang=\"fr\"  data-ef_voting=\"wobble\"  data-dislike_enabled=\"false\"  data-counter_type=\"percent\"  data-counter_show=\"false\"  data-tooltip_enabled=\"false\"  data-tooltip_like_show_always=\"true\"  data-white_label=\"true\"  data-i18n_like=\"Aimer \/ Partager\"  data-i18n_dislike=\"Pas aim\u00e9\"  data-style=\"\"  data-unlike_allowed=\"\"  data-show_copyright=\"\"  data-item_url=\"https:\/\/isarta.com\/infos\/lg2-et-hydro-quebec-remportent-lappel-a-projet-pour-transformer-une-telecabine-du-massif-de-charlevoix\/\"  data-item_title=\"lg2 et Hydro-Que\u0301bec remportent l&#039;appel \u00e0 projet pour transformer une t\u00e9l\u00e9cabine du Massif de Charlevoix\"  data-item_image=\"https:\/\/isarta.com\/infos\/wp-content\/uploads\/2019\/11\/charlevoix-telecabine-massif-ski.png\"  data-item_date=\"2019-11-21T12:15:20-05:00\"  data-engine=\"WordPress\"  data-plugin_v=\"2.6.54\"  data-prx=\"https:\/\/isarta.com\/infos\/wp-admin\/admin-ajax.php?action=likebtn_prx\"  data-event_handler=\"likebtn_eh\" ><\/span><!-- LikeBtn.com END --><hr size=\"3\"><\/div>","protected":false},"author":1,"featured_media":70779,"comment_status":"open","ping_status":"open","sticky":false,"template":"","format":"standard","meta":[],"categories":[175,117],"tags":[959,725,227],"_links":{"self":[{"href":"https:\/\/isarta.com\/infos\/wp-json\/wp\/v2\/posts\/70778"}],"collection":[{"href":"https:\/\/isarta.com\/infos\/wp-json\/wp\/v2\/posts"}],"about":[{"href":"https:\/\/isarta.com\/infos\/wp-json\/wp\/v2\/types\/post"}],"author":[{"embeddable":true,"href":"https:\/\/isarta.com\/infos\/wp-json\/wp\/v2\/users\/1"}],"replies":[{"embeddable":true,"href":"https:\/\/isarta.com\/infos\/wp-json\/wp\/v2\/comments?post=70778"}],"version-history":[{"count":2,"href":"https:\/\/isarta.com\/infos\/wp-json\/wp\/v2\/posts\/70778\/revisions"}],"predecessor-version":[{"id":70781,"href":"https:\/\/isarta.com\/infos\/wp-json\/wp\/v2\/posts\/70778\/revisions\/70781"}],"wp:featuredmedia":[{"embeddable":true,"href":"https:\/\/isarta.com\/infos\/wp-json\/wp\/v2\/media\/70779"}],"wp:attachment":[{"href":"https:\/\/isarta.com\/infos\/wp-json\/wp\/v2\/media?parent=70778"}],"wp:term":[{"taxonomy":"category","embeddable":true,"href":"https:\/\/isarta.com\/infos\/wp-json\/wp\/v2\/categories?post=70778"},{"taxonomy":"post_tag","embeddable":true,"href":"https:\/\/isarta.com\/infos\/wp-json\/wp\/v2\/tags?post=70778"}],"curies":[{"name":"wp","href":"https:\/\/api.w.org\/{rel}","templated":true}]}}