{"id":70828,"date":"2019-11-25T12:25:32","date_gmt":"2019-11-25T17:25:32","guid":{"rendered":"https:\/\/isarta.com\/infos\/?p=70828"},"modified":"2019-11-26T08:56:45","modified_gmt":"2019-11-26T13:56:45","slug":"angelique-martel-nouvelle-editrice-en-chef-contenu-de-marque-chez-lagence-de-marketing-de-contenu-et-dinfluence-made-in","status":"publish","type":"post","link":"https:\/\/isarta.com\/infos\/angelique-martel-nouvelle-editrice-en-chef-contenu-de-marque-chez-lagence-de-marketing-de-contenu-et-dinfluence-made-in\/","title":{"rendered":"Ang\u00e9lique Martel, nouvelle \u00e9ditrice-en-chef,  contenu de marque, pour l&rsquo;agence de marketing de contenu et d\u2019influence Made in"},"content":{"rendered":"<p><img loading=\"lazy\" class=\"aligncenter wp-image-70829\" src=\"https:\/\/isarta.com\/infos\/wp-content\/uploads\/2019\/11\/MADE-IN-Angelique-Martel-editrice-en-chef-214x300.jpg\" alt=\"\" width=\"328\" height=\"460\" srcset=\"https:\/\/isarta.com\/infos\/wp-content\/uploads\/2019\/11\/MADE-IN-Angelique-Martel-editrice-en-chef-214x300.jpg 214w, https:\/\/isarta.com\/infos\/wp-content\/uploads\/2019\/11\/MADE-IN-Angelique-Martel-editrice-en-chef-768x1075.jpg 768w, https:\/\/isarta.com\/infos\/wp-content\/uploads\/2019\/11\/MADE-IN-Angelique-Martel-editrice-en-chef-731x1024.jpg 731w, https:\/\/isarta.com\/infos\/wp-content\/uploads\/2019\/11\/MADE-IN-Angelique-Martel-editrice-en-chef.jpg 857w\" sizes=\"(max-width: 328px) 100vw, 328px\" \/><\/p>\n<p class=\"p3\"><span class=\"s1\" style=\"font-size: 10px;\">22 novembre 2019\u00a0<\/span><\/p>\n<p class=\"p3\"><span style=\"font-size: 20px;\"><strong><span class=\"s1\">Sp\u00e9cialis\u00e9e dans le marketing de contenu et d\u2019influence, l\u2019agence Made in vient d\u2019accueillir au sein de son \u00e9quipe Ang\u00e9lique Martel, \u00e0 titre d\u2019\u00e9ditrice-en-chef, contenu de marque. Elle est entr\u00e9e en poste le 18 novembre et travaillera depuis le si\u00e8ge social montr\u00e9alais, situ\u00e9 dans le Mile-End.<\/span><\/strong><\/span><\/p>\n<p class=\"p3\"><span class=\"s1\">Forte d\u2019une vingtaine d\u2019ann\u00e9es d\u2019exp\u00e9rience dans le milieu des communications dont plus de 15 comme journaliste, Ang\u00e9lique a \u0153uvr\u00e9 tant pour des entreprises priv\u00e9es renomm\u00e9es (Desjardins, Ritz-Carlton, L\u2019Or\u00e9al) que pour quantit\u00e9 de m\u00e9dias traditionnels respect\u00e9s (ELLE Qu\u00e9bec, Clin d\u2019\u0153il, Coup de Pouce, Ch\u00e2telaine, Loulou, La Presse, V T\u00e9l\u00e9, TVA, etc.).<\/span><\/p>\n<p class=\"p3\"><span class=\"s1\">Elle veillera \u00e0 d\u00e9finir la ligne \u00e9ditoriale de l\u2019agence et de ses clients afin de cr\u00e9er du contenu toujours plus pertinent et impactant. Elle planifiera par le fait m\u00eame diff\u00e9rents contenus vid\u00e9os et r\u00e9dactionnels longs, produira des balados, prendra part \u00e0 l\u2019id\u00e9ation et \u00e0 la r\u00e9daction d\u2019infolettres, en plus d\u2019offrir du coaching \u00e9ditorial personnalis\u00e9 aux clients et de veiller aux relations publiques de l\u2019agence.<\/span><\/p>\n<p class=\"p3\"><span class=\"s1\">Elle sera aussi tr\u00e8s active dans le d\u00e9ploiement de l\u2019offre de services \u00e9ditoriaux, voyant \u00e0 l\u2019\u00e9dition sur mesure de livres et de magazines corporatifs autant qu\u2019au lancement de cha\u00eenes YouTube.<\/span><\/p>\n<blockquote>\n<p class=\"p3\"><span class=\"s1\" style=\"font-size: 16px;\">Nous nous r\u00e9jouissons de l\u2019arriv\u00e9e d\u2019Ang\u00e9lique chez <b>Made in<\/b>, confie Aur\u00e9lie Sauthier, pr\u00e9sidente et fondatrice de l\u2019agence. L\u2019apport \u00e9ditorial qu\u2019elle fournira \u00e0 notre entreprise de marketing saura ajouter de la profondeur, de la rigueur, de la personnalit\u00e9 et de la valeur au contenu cr\u00e9\u00e9 dans le cadre de nos multiples campagnes. Sans parler de ses connaissances m\u00e9diatiques, qui compl\u00e9teront l\u2019expertise de notre agence et contribueront \u00e0 bonifier de judicieuse fa\u00e7on notre offre de services\u00a0\u00bb.<\/span><\/p>\n<\/blockquote>\n<p class=\"p3\"><span class=\"s1\">Ang\u00e9lique, qui dirigeait ces derni\u00e8res ann\u00e9es la section beaut\u00e9 du magazine f\u00e9minin ELLE Qu\u00e9bec, plonge avec f\u00e9brilit\u00e9 et enthousiasme dans l\u2019univers des agences et, plus particuli\u00e8rement, dans l\u2019aventure <b>Made in<\/b>.<\/span><\/p>\n<blockquote>\n<p class=\"p3\"><span class=\"s1\" style=\"font-size: 16px;\"> C\u2019est stimulant de me joindre \u00e0 une bande de passionn\u00e9s hyper allum\u00e9s et \u00e0 ce point branch\u00e9s sur les nouvelles technologies et les grands courants de l\u2019industrie, avoue-t-elle. J\u2019insufflerai bien s\u00fbr \u00e0 <b>Made in<\/b> mon expertise \u00e9ditoriale et r\u00e9dactionnelle, mais l\u2019esprit d\u2019\u00e9quipe et le travail collaboratif qui pr\u00e9valent \u00e0 l\u2019agence me permettront d\u2019\u00e9largir au maximum mes horizons et d\u2019apprendre des tas de choses dans la foul\u00e9e, ce qui m\u2019enchante au plus haut point!\u00bb<\/span><\/p>\n<\/blockquote>\n<p class=\"p3\"><span class=\"s1\"><b>Made in<\/b> est une agence de marketing de contenu et d\u2019influence multiplateformes.\u00a0<\/span><span class=\"s1\">Fond\u00e9e en 2011 par Aur\u00e9lie Sauthier (dipl\u00f4m\u00e9e de HEC Montr\u00e9al et charg\u00e9e de cours dans la m\u00eame institution), <b>Made in<\/b> a su se tailler une r\u00e9putation enviable au Canada autant qu\u2019en France et en Belgique.<\/span><\/p>\n<p class=\"p3\"><span class=\"s1\">Les relations d\u2019affaires tiss\u00e9es avec quantit\u00e9 de clients prestigieux (L\u2019Or\u00e9al Paris, Oreo, Aldo, Danone, Shiseido, Lanc\u00f4me, Doritos, Est\u00e9e Lauder, Av\u00e8ne, Klorane, Ducray, Frank &amp; Oak, Reitmans, Lacoste, Air Transat, Films S\u00e9ville, Loto-Qu\u00e9bec, Lays, ING, O\u00efkos, Olymel, Saputo, Ivano\u00e9 Cambridge, Peroni, etc.) ont permis d\u2019ancrer l\u2019agence sur de solides bases.<\/span><\/p>\n<p style=\"text-align: center;\"><strong>Retrouvez toutes les <a href=\"https:\/\/isarta.com\/infos\/tag\/nomination\/\" target=\"_blank\" rel=\"noopener\">nominations de l&rsquo;industrie ici<\/a>.\u00a0<\/strong><\/p>\n<div class=\"likebtn_container\" style=\"clear:both;text-align:center;\"><!-- LikeBtn.com BEGIN --><span class=\"likebtn-wrapper\"  data-identifier=\"post_70828\"  data-site_id=\"5cc1ecd16fd08b776710d1e9\"  data-theme=\"drop\"  data-btn_size=\"100\"  data-icon_l=\"false\"  data-icon_d=\"false\"  data-icon_l_url=\"https:\/\/isarta.com\/infos\/wp-content\/uploads\/2019\/04\/happy.png#64794\"  data-icon_d_url=\"https:\/\/isarta.com\/infos\/wp-content\/uploads\/2019\/04\/sleep.png#64796\"  data-icon_size=\"58\"  data-icon_l_c=\"#771414\"  data-bg_c=\"#ffffff\"  data-bg_c_v=\"#ffffff\"  data-brdr_c=\"#ffffff\"  data-f_size=\"11\"  data-f_family=\"Tahoma\"  data-counter_fs=\"b\"  data-lang=\"fr\"  data-ef_voting=\"wobble\"  data-dislike_enabled=\"false\"  data-counter_type=\"percent\"  data-counter_show=\"false\"  data-tooltip_enabled=\"false\"  data-tooltip_like_show_always=\"true\"  data-white_label=\"true\"  data-i18n_like=\"Aimer \/ Partager\"  data-i18n_dislike=\"Pas aim\u00e9\"  data-style=\"\"  data-unlike_allowed=\"\"  data-show_copyright=\"\"  data-item_url=\"https:\/\/isarta.com\/infos\/angelique-martel-nouvelle-editrice-en-chef-contenu-de-marque-chez-lagence-de-marketing-de-contenu-et-dinfluence-made-in\/\"  data-item_title=\"Ang\u00e9lique Martel, nouvelle \u00e9ditrice-en-chef, contenu de marque, pour l&#039;agence de marketing de contenu et d\u2019influence Made in\"  data-item_image=\"https:\/\/isarta.com\/infos\/wp-content\/uploads\/2019\/11\/MADE-IN-Angelique-Martel-editrice-en-chef-731x1024.jpg\"  data-item_date=\"2019-11-25T12:25:32-05:00\"  data-engine=\"WordPress\"  data-plugin_v=\"2.6.54\"  data-prx=\"https:\/\/isarta.com\/infos\/wp-admin\/admin-ajax.php?action=likebtn_prx\"  data-event_handler=\"likebtn_eh\" ><\/span><!-- LikeBtn.com END --><\/p>\n<hr size=\"3\"><\/div>\n","protected":false},"excerpt":{"rendered":"<p>Sp\u00e9cialis\u00e9e dans le marketing de contenu et d\u2019influence, l\u2019agence Made in vient d\u2019accueillir au sein de son \u00e9quipe Ang\u00e9lique Martel, \u00e0 titre d\u2019\u00e9ditrice-en-chef, contenu de marque. Elle est entr\u00e9e en poste le 18 novembre et travaillera depuis le si\u00e8ge social montr\u00e9alais, situ\u00e9 dans le Mile-End.<\/p>\n<div class=\"likebtn_container\" style=\"clear:both;text-align:center;\"><!-- LikeBtn.com BEGIN --><span class=\"likebtn-wrapper\"  data-identifier=\"post_70828\"  data-site_id=\"5cc1ecd16fd08b776710d1e9\"  data-theme=\"drop\"  data-btn_size=\"100\"  data-icon_l=\"false\"  data-icon_d=\"false\"  data-icon_l_url=\"https:\/\/isarta.com\/infos\/wp-content\/uploads\/2019\/04\/happy.png#64794\"  data-icon_d_url=\"https:\/\/isarta.com\/infos\/wp-content\/uploads\/2019\/04\/sleep.png#64796\"  data-icon_size=\"58\"  data-icon_l_c=\"#771414\"  data-bg_c=\"#ffffff\"  data-bg_c_v=\"#ffffff\"  data-brdr_c=\"#ffffff\"  data-f_size=\"11\"  data-f_family=\"Tahoma\"  data-counter_fs=\"b\"  data-lang=\"fr\"  data-ef_voting=\"wobble\"  data-dislike_enabled=\"false\"  data-counter_type=\"percent\"  data-counter_show=\"false\"  data-tooltip_enabled=\"false\"  data-tooltip_like_show_always=\"true\"  data-white_label=\"true\"  data-i18n_like=\"Aimer \/ Partager\"  data-i18n_dislike=\"Pas aim\u00e9\"  data-style=\"\"  data-unlike_allowed=\"\"  data-show_copyright=\"\"  data-item_url=\"https:\/\/isarta.com\/infos\/angelique-martel-nouvelle-editrice-en-chef-contenu-de-marque-chez-lagence-de-marketing-de-contenu-et-dinfluence-made-in\/\"  data-item_title=\"Ang\u00e9lique Martel, nouvelle \u00e9ditrice-en-chef, contenu de marque, pour l&#039;agence de marketing de contenu et d\u2019influence Made in\"  data-item_image=\"https:\/\/isarta.com\/infos\/wp-content\/uploads\/2019\/11\/MADE-IN-Angelique-Martel-editrice-en-chef-731x1024.jpg\"  data-item_date=\"2019-11-25T12:25:32-05:00\"  data-engine=\"WordPress\"  data-plugin_v=\"2.6.54\"  data-prx=\"https:\/\/isarta.com\/infos\/wp-admin\/admin-ajax.php?action=likebtn_prx\"  data-event_handler=\"likebtn_eh\" ><\/span><!-- LikeBtn.com END --><hr size=\"3\"><\/div>","protected":false},"author":1,"featured_media":70829,"comment_status":"open","ping_status":"open","sticky":false,"template":"","format":"standard","meta":[],"categories":[175,117],"tags":[1014,1176,225],"_links":{"self":[{"href":"https:\/\/isarta.com\/infos\/wp-json\/wp\/v2\/posts\/70828"}],"collection":[{"href":"https:\/\/isarta.com\/infos\/wp-json\/wp\/v2\/posts"}],"about":[{"href":"https:\/\/isarta.com\/infos\/wp-json\/wp\/v2\/types\/post"}],"author":[{"embeddable":true,"href":"https:\/\/isarta.com\/infos\/wp-json\/wp\/v2\/users\/1"}],"replies":[{"embeddable":true,"href":"https:\/\/isarta.com\/infos\/wp-json\/wp\/v2\/comments?post=70828"}],"version-history":[{"count":3,"href":"https:\/\/isarta.com\/infos\/wp-json\/wp\/v2\/posts\/70828\/revisions"}],"predecessor-version":[{"id":70832,"href":"https:\/\/isarta.com\/infos\/wp-json\/wp\/v2\/posts\/70828\/revisions\/70832"}],"wp:featuredmedia":[{"embeddable":true,"href":"https:\/\/isarta.com\/infos\/wp-json\/wp\/v2\/media\/70829"}],"wp:attachment":[{"href":"https:\/\/isarta.com\/infos\/wp-json\/wp\/v2\/media?parent=70828"}],"wp:term":[{"taxonomy":"category","embeddable":true,"href":"https:\/\/isarta.com\/infos\/wp-json\/wp\/v2\/categories?post=70828"},{"taxonomy":"post_tag","embeddable":true,"href":"https:\/\/isarta.com\/infos\/wp-json\/wp\/v2\/tags?post=70828"}],"curies":[{"name":"wp","href":"https:\/\/api.w.org\/{rel}","templated":true}]}}