{"id":71133,"date":"2019-12-09T12:30:35","date_gmt":"2019-12-09T17:30:35","guid":{"rendered":"https:\/\/isarta.com\/infos\/?p=71133"},"modified":"2019-12-05T15:24:07","modified_gmt":"2019-12-05T20:24:07","slug":"les-nouvelles-de-lindustrie-a-savoir-cette-semaine-4","status":"publish","type":"post","link":"https:\/\/isarta.com\/infos\/les-nouvelles-de-lindustrie-a-savoir-cette-semaine-4\/","title":{"rendered":"Les nouvelles de l\u2019industrie \u00e0 savoir cette semaine"},"content":{"rendered":"<p><span style=\"font-size: 12px; color: #999999;\">9 d\u00e9cembre 2019<\/span><\/p>\n<h2 class=\"cat_article_title\"><a href=\"https:\/\/isarta.com\/infos\/lorchestre-symphonique-de-quebec-et-lg2-font-vivre-leur-premiere-symphonie-a-quatre-malentendants\/\" target=\"_blank\" rel=\"noopener\">L\u2019Orchestre symphonique de Que\u0301bec et lg2 font vivre leur premie\u0300re symphonie \u00e0 quatre malentendants<\/a><\/h2>\n<p><img loading=\"lazy\" class=\"alignleft size-medium wp-image-71245\" src=\"https:\/\/isarta.com\/infos\/wp-content\/uploads\/2019\/12\/Image_OSQ_lg2-300x169.jpg\" alt=\"\" width=\"300\" height=\"169\" srcset=\"https:\/\/isarta.com\/infos\/wp-content\/uploads\/2019\/12\/Image_OSQ_lg2-300x169.jpg 300w, https:\/\/isarta.com\/infos\/wp-content\/uploads\/2019\/12\/Image_OSQ_lg2-768x432.jpg 768w, https:\/\/isarta.com\/infos\/wp-content\/uploads\/2019\/12\/Image_OSQ_lg2-1024x576.jpg 1024w, https:\/\/isarta.com\/infos\/wp-content\/uploads\/2019\/12\/Image_OSQ_lg2.jpg 1920w\" sizes=\"(max-width: 300px) 100vw, 300px\" \/>Comment re\u0301agiriez-vous si vous entendiez de la musique classique pour la premie\u0300re fois? En collaboration avec l\u2019Orchestre symphonique de Que\u0301bec (OSQ), lg2 a compose\u0301 une offensive vibrante mettant en sce\u0300ne quatre personnes malentendantes et 61 musiciens de l\u2019OSQ.<\/p>\n<p>Pour lire la suite, <span style=\"color: #3366ff;\"><a style=\"color: #3366ff;\" href=\"https:\/\/isarta.com\/infos\/lorchestre-symphonique-de-quebec-et-lg2-font-vivre-leur-premiere-symphonie-a-quatre-malentendants\/\" target=\"_blank\" rel=\"noopener\">cliquez ici<\/a>.<\/span><\/p>\n<div class=\"brdr2\"><\/div>\n<h2 class=\"cat_article_title\"><a href=\"https:\/\/isarta.com\/infos\/qui-sont-les-laureats-des-prix-dexcellence-2019-de-la-societe-quebecoise-des-professionnels-en-relations-publiques\/\" target=\"_blank\" rel=\"noopener\">Qui sont les laur\u00e9ats des Prix d\u2019Excellence 2019 de la Soci\u00e9t\u00e9 qu\u00e9b\u00e9coise des professionnels en relations publiques ?<\/a><\/h2>\n<p><img loading=\"lazy\" class=\"alignleft size-medium wp-image-71176\" src=\"https:\/\/isarta.com\/infos\/wp-content\/uploads\/2019\/12\/SQPRP-300x174.png\" alt=\"\" width=\"300\" height=\"174\" srcset=\"https:\/\/isarta.com\/infos\/wp-content\/uploads\/2019\/12\/SQPRP-300x174.png 300w, https:\/\/isarta.com\/infos\/wp-content\/uploads\/2019\/12\/SQPRP.png 692w\" sizes=\"(max-width: 300px) 100vw, 300px\" \/>La Soci\u00e9t\u00e9 qu\u00e9b\u00e9coise des professionnels en relations publiques (SQPRP) a d\u00e9voil\u00e9 ce mardi 3 d\u00e9cembre les laur\u00e9ats des Prix d&rsquo;Excellence lors de la 23e \u00e9dition du Gala des Prix d&rsquo;Excellence 2019 qui s&rsquo;est tenue au Cabaret du Casino de Montr\u00e9al.<\/p>\n<p>Pour lire la suite, <span style=\"color: #3366ff;\"><a style=\"color: #3366ff;\" href=\"https:\/\/isarta.com\/infos\/qui-sont-les-laureats-des-prix-dexcellence-2019-de-la-societe-quebecoise-des-professionnels-en-relations-publiques\/\" target=\"_blank\" rel=\"noopener\">cliquez ici<\/a>.<\/span><\/p>\n<div class=\"brdr2\"><\/div>\n<h2 class=\"cat_article_title\"><a href=\"https:\/\/isarta.com\/infos\/le-complexe-desjardins-devoile-le-noel-de-leon-sa-nouvelle-experience-pour-les-fetes\/\" target=\"_blank\" rel=\"noopener\">Le Complexe Desjardins d\u00e9voile le No\u00ebl de L\u00ebon, sa nouvelle exp\u00e9rience pour les F\u00eates<\/a><\/h2>\n<p><img loading=\"lazy\" class=\"alignleft  wp-image-71237\" src=\"https:\/\/isarta.com\/infos\/wp-content\/uploads\/2019\/12\/complexe-desjardins-300x200.jpg\" alt=\"\" width=\"257\" height=\"171\" srcset=\"https:\/\/isarta.com\/infos\/wp-content\/uploads\/2019\/12\/complexe-desjardins-300x200.jpg 300w, https:\/\/isarta.com\/infos\/wp-content\/uploads\/2019\/12\/complexe-desjardins-768x512.jpg 768w, https:\/\/isarta.com\/infos\/wp-content\/uploads\/2019\/12\/complexe-desjardins-1024x683.jpg 1024w, https:\/\/isarta.com\/infos\/wp-content\/uploads\/2019\/12\/complexe-desjardins-272x182.jpg 272w\" sizes=\"(max-width: 257px) 100vw, 257px\" \/>Pendant que Montr\u00e9al entre dans la saison de magasinage la plus achaland\u00e9e de l\u2019ann\u00e9e, le complexe Desjardins se d\u00e9marque pour les F\u00eates avec une programmation strat\u00e9gique qui r\u00e9unit les activit\u00e9s exp\u00e9rientielles et l\u2019offre commerciale dans un univers cr\u00e9atif des plus f\u00e9eriques.<\/p>\n<p>Pour lire la suite, <span style=\"color: #3366ff;\"><a style=\"color: #3366ff;\" href=\"https:\/\/isarta.com\/infos\/le-complexe-desjardins-devoile-le-noel-de-leon-sa-nouvelle-experience-pour-les-fetes\/\" target=\"_blank\" rel=\"noopener\">cliquez ici<\/a>.<\/span><\/p>\n<div class=\"brdr2\"><\/div>\n<h2 class=\"cat_article_title\"><a href=\"https:\/\/isarta.com\/infos\/double-nomination-pour-lagence-braque\/\" target=\"_blank\" rel=\"noopener\">Double nomination pour l\u2019agence Braque<\/a><\/h2>\n<p><img loading=\"lazy\" class=\"alignleft  wp-image-71191\" src=\"https:\/\/isarta.com\/infos\/wp-content\/uploads\/2019\/12\/Agence-Braque-Zoe-Nadeau-Vachon-et-Julia-Garcia-Prat-300x200.jpg\" alt=\"\" width=\"254\" height=\"169\" srcset=\"https:\/\/isarta.com\/infos\/wp-content\/uploads\/2019\/12\/Agence-Braque-Zoe-Nadeau-Vachon-et-Julia-Garcia-Prat-300x200.jpg 300w, https:\/\/isarta.com\/infos\/wp-content\/uploads\/2019\/12\/Agence-Braque-Zoe-Nadeau-Vachon-et-Julia-Garcia-Prat-768x513.jpg 768w, https:\/\/isarta.com\/infos\/wp-content\/uploads\/2019\/12\/Agence-Braque-Zoe-Nadeau-Vachon-et-Julia-Garcia-Prat-1024x683.jpg 1024w, https:\/\/isarta.com\/infos\/wp-content\/uploads\/2019\/12\/Agence-Braque-Zoe-Nadeau-Vachon-et-Julia-Garcia-Prat-272x182.jpg 272w, https:\/\/isarta.com\/infos\/wp-content\/uploads\/2019\/12\/Agence-Braque-Zoe-Nadeau-Vachon-et-Julia-Garcia-Prat.jpg 1999w\" sizes=\"(max-width: 254px) 100vw, 254px\" \/>Braque accueille deux nouvelles recrues au sein de son \u00e9quipe num\u00e9rique, la sp\u00e9cialiste en marketing num\u00e9rique Julia Garcia-Prat et la r\u00e9dactrice de contenu Zo\u00e9 Nadeau-Vachon.<\/p>\n<p>Pour lire la suite, <span style=\"color: #3366ff;\"><a style=\"color: #3366ff;\" href=\"https:\/\/isarta.com\/infos\/double-nomination-pour-lagence-braque\/\" target=\"_blank\" rel=\"noopener\">cliquez ici<\/a>.<\/span><\/p>\n<div class=\"brdr2\"><\/div>\n<h2 class=\"cat_article_title\"><a href=\"https:\/\/isarta.com\/infos\/chacha-communication-apporte-un-vent-de-fraicheur-a-limage-du-club-de-voile-memphremagog\/\" target=\"_blank\" rel=\"noopener\">Chacha communication apporte un vent de fra\u00eecheur \u00e0 l\u2019image du club de voile Memphr\u00e9magog<\/a><\/h2>\n<p><img loading=\"lazy\" class=\"alignleft size-medium wp-image-71208\" src=\"https:\/\/isarta.com\/infos\/wp-content\/uploads\/2019\/12\/Chacha-nautique-300x151.png\" alt=\"\" width=\"300\" height=\"151\" srcset=\"https:\/\/isarta.com\/infos\/wp-content\/uploads\/2019\/12\/Chacha-nautique-300x151.png 300w, https:\/\/isarta.com\/infos\/wp-content\/uploads\/2019\/12\/Chacha-nautique-768x385.png 768w, https:\/\/isarta.com\/infos\/wp-content\/uploads\/2019\/12\/Chacha-nautique-1024x514.png 1024w, https:\/\/isarta.com\/infos\/wp-content\/uploads\/2019\/12\/Chacha-nautique.png 1128w\" sizes=\"(max-width: 300px) 100vw, 300px\" \/>L\u2019ancien logo, l\u2019imagerie et le site web du\u00a0club de voile Memphr\u00e9magog\u00a0avaient fait leur temps et donnaient une apparence un peu d\u00e9pass\u00e9e \u00e0 l\u2019organisme \u00e0 but non lucratif qui fait la promotion des sports nautiques. L\u2019\u00e9quipe a donc demand\u00e9 \u00e0 Chacha communications de r\u00e9inventer leur identit\u00e9 visuelle. L\u2019agence cr\u00e9ative situ\u00e9e en Estrie a propos\u00e9 un brand \u00e9clat\u00e9 et dynamique.<\/p>\n<p>Pour lire la suite, <span style=\"color: #3366ff;\"><a style=\"color: #3366ff;\" href=\"https:\/\/isarta.com\/infos\/chacha-communication-apporte-un-vent-de-fraicheur-a-limage-du-club-de-voile-memphremagog\/\" target=\"_blank\" rel=\"noopener\">cliquez ici<\/a>.<\/span><\/p>\n<div class=\"brdr2\"><\/div>\n<h2 class=\"cat_article_title\"><a href=\"https:\/\/isarta.com\/infos\/une-nouvelle-image-pour-la-fromagerie-st-guillaume-signee-larouche-marketing-communication\/\" target=\"_blank\" rel=\"noopener\">Une nouvelle image pour la Fromagerie St-Guillaume signe\u0301e Larouche Marketing Communication<\/a><\/h2>\n<p><img loading=\"lazy\" class=\"alignleft size-medium wp-image-71198\" src=\"https:\/\/isarta.com\/infos\/wp-content\/uploads\/2019\/12\/Larouche-stg-1-300x162.jpg\" alt=\"\" width=\"300\" height=\"162\" srcset=\"https:\/\/isarta.com\/infos\/wp-content\/uploads\/2019\/12\/Larouche-stg-1-300x162.jpg 300w, https:\/\/isarta.com\/infos\/wp-content\/uploads\/2019\/12\/Larouche-stg-1.jpg 650w\" sizes=\"(max-width: 300px) 100vw, 300px\" \/>La Fromagerie St-Guillaume pre\u0301sente sa nouvelle identite\u0301 visuelle signe\u0301e Larouche Marketing Communication. Une nouvelle imagerie graphique, un nouveau site web et de nouveaux emballages pour toute la gamme de produits.<\/p>\n<p>Pour lire la suite, <span style=\"color: #3366ff;\"><a style=\"color: #3366ff;\" href=\"https:\/\/isarta.com\/infos\/une-nouvelle-image-pour-la-fromagerie-st-guillaume-signee-larouche-marketing-communication\/\" target=\"_blank\" rel=\"noopener\">cliquez ici<\/a>.<\/span><\/p>\n<div class=\"brdr2\"><\/div>\n<h2 class=\"cat_article_title\"><a href=\"https:\/\/isarta.com\/infos\/turbulent-et-cloud-imperium-se-rapprochent-avec-des-prises-de-participation-reciproques\/\" target=\"_blank\" rel=\"noopener\">Turbulent et Cloud Imperium se rapprochent avec des prises de participation r\u00e9ciproques<\/a><\/h2>\n<p><img loading=\"lazy\" class=\"alignleft size-medium wp-image-71221\" src=\"https:\/\/isarta.com\/infos\/wp-content\/uploads\/2019\/12\/turbulent-300x127.jpg\" alt=\"\" width=\"300\" height=\"127\" srcset=\"https:\/\/isarta.com\/infos\/wp-content\/uploads\/2019\/12\/turbulent-300x127.jpg 300w, https:\/\/isarta.com\/infos\/wp-content\/uploads\/2019\/12\/turbulent-768x324.jpg 768w, https:\/\/isarta.com\/infos\/wp-content\/uploads\/2019\/12\/turbulent-1024x432.jpg 1024w\" sizes=\"(max-width: 300px) 100vw, 300px\" \/>Cloud Imperium Games et Turbulent viennent d\u2019annoncer le renouvellement de leur partenariat par l\u2019entremise d\u2019un investissement mutuel. Cloud Imperium UK Ltd. a achet\u00e9 22\u2009250 actions de Turbulent directement des cofondateurs de Turbulent, Marc Beaudet et Benoit Beausejour, faisant de Cloud Imperium UK un actionnaire \u00e0 25\u00a0%, et a acquis deux si\u00e8ges sur le conseil d\u2019administration de Turbulent.<\/p>\n<p>Pour lire la suite, <span style=\"color: #3366ff;\"><a style=\"color: #3366ff;\" href=\"https:\/\/isarta.com\/infos\/turbulent-et-cloud-imperium-se-rapprochent-avec-des-prises-de-participation-reciproques\/\" target=\"_blank\" rel=\"noopener\">cliquez ici<\/a>.<\/span><\/p>\n<div class=\"brdr2\"><\/div>\n<h2 class=\"cat_article_title\"><a href=\"https:\/\/isarta.com\/infos\/lg2-joue-la-carte-de-lemotion-dans-une-nouvelle-offensive-pour-lutter-contre-la-transphobie\/\" target=\"_blank\" rel=\"noopener\">lg2 joue la carte de l\u2019\u00e9motion dans une nouvelle offensive pour lutter contre la transphobie<\/a><\/h2>\n<p><img loading=\"lazy\" class=\"alignleft size-medium wp-image-71217\" src=\"https:\/\/isarta.com\/infos\/wp-content\/uploads\/2019\/12\/Image_MEES_lg2_041219-300x169.jpg\" alt=\"\" width=\"300\" height=\"169\" srcset=\"https:\/\/isarta.com\/infos\/wp-content\/uploads\/2019\/12\/Image_MEES_lg2_041219-300x169.jpg 300w, https:\/\/isarta.com\/infos\/wp-content\/uploads\/2019\/12\/Image_MEES_lg2_041219-768x432.jpg 768w, https:\/\/isarta.com\/infos\/wp-content\/uploads\/2019\/12\/Image_MEES_lg2_041219-1024x576.jpg 1024w, https:\/\/isarta.com\/infos\/wp-content\/uploads\/2019\/12\/Image_MEES_lg2_041219.jpg 1920w\" sizes=\"(max-width: 300px) 100vw, 300px\" \/>Sensibiliser est une chose, mais comprendre et accepter en est une autre. C\u2019est pourquoi le gouvernement du Que\u0301bec a mandate\u0301 lg2 pour concevoir un message visant a\u0300 contrer la transphobie. C\u2019est donc a\u0300 travers un vide\u0301o-documentaire que nous de\u0301couvrons une famille que\u0301be\u0301coise dans laquelle les parents de Mila la surprennent avec un cadeau bien spe\u0301cial pour son anniversaire. Parce qu\u2019elle a toujours e\u0301te\u0301 une fille au fond d\u2019elle-me\u0302me, ses parents lui ont pre\u0301pare\u0301 un autre genre de cartes.<\/p>\n<p>Pour lire la suite, <span style=\"color: #3366ff;\"><a style=\"color: #3366ff;\" href=\"https:\/\/isarta.com\/infos\/lg2-joue-la-carte-de-lemotion-dans-une-nouvelle-offensive-pour-lutter-contre-la-transphobie\/\" target=\"_blank\" rel=\"noopener\">cliquez ici<\/a>.<\/span><\/p>\n<div class=\"brdr2\"><\/div>\n<h2 class=\"cat_article_title\"><a href=\"https:\/\/isarta.com\/infos\/bambou-communication-annonce-de-nouveaux-mandats\/\" target=\"_blank\" rel=\"noopener\">Bambou Communication annonce de nouveaux mandats<\/a><\/h2>\n<p><img loading=\"lazy\" class=\"alignleft  wp-image-71212\" src=\"https:\/\/isarta.com\/infos\/wp-content\/uploads\/2019\/12\/Bijouterie-suisse-bambou-300x259.jpg\" alt=\"\" width=\"188\" height=\"162\" srcset=\"https:\/\/isarta.com\/infos\/wp-content\/uploads\/2019\/12\/Bijouterie-suisse-bambou-300x259.jpg 300w, https:\/\/isarta.com\/infos\/wp-content\/uploads\/2019\/12\/Bijouterie-suisse-bambou.jpg 700w\" sizes=\"(max-width: 188px) 100vw, 188px\" \/>L\u2019agence Bambou Communication Marketing, qui se positionne de plus en plus dans les strate\u0301gies de placements nume\u0301riques, vient\u00a0d\u2019annoncer un nouveau mandat, avec l\u2019entreprise que\u0301be\u0301coise Ola Bamboo.<\/p>\n<p>Pour lire la suite, <span style=\"color: #3366ff;\"><a style=\"color: #3366ff;\" href=\"https:\/\/isarta.com\/infos\/bambou-communication-annonce-de-nouveaux-mandats\/\" target=\"_blank\" rel=\"noopener\">cliquez ici<\/a>.<\/span><\/p>\n<div class=\"brdr2\"><\/div>\n<h2 class=\"cat_article_title\"><a href=\"https:\/\/isarta.com\/infos\/parkour3-lance-trek-son-nouveau-magazine\/\" target=\"_blank\" rel=\"noopener\">Parkour3 lance Trek, son nouveau magazine<\/a><\/h2>\n<p><img loading=\"lazy\" class=\"alignleft  wp-image-71195\" src=\"https:\/\/isarta.com\/infos\/wp-content\/uploads\/2019\/12\/parkour3-300x233.png\" alt=\"\" width=\"189\" height=\"147\" srcset=\"https:\/\/isarta.com\/infos\/wp-content\/uploads\/2019\/12\/parkour3-300x233.png 300w, https:\/\/isarta.com\/infos\/wp-content\/uploads\/2019\/12\/parkour3.png 591w\" sizes=\"(max-width: 189px) 100vw, 189px\" \/>L\u2019agence d\u2019experts en marketing num\u00e9rique Parkour3 vient de lancer la premi\u00e8re \u00e9dition de son magazine annuel intitul\u00e9 Trek.<\/p>\n<p>Pour lire la suite, <span style=\"color: #3366ff;\"><a style=\"color: #3366ff;\" href=\"https:\/\/isarta.com\/infos\/francois-g-chevrier-nouveau-directeur-general-devenements-attractions-quebec\/\" target=\"_blank\" rel=\"noopener\">cliquez ici<\/a>.<\/span><\/p>\n<div class=\"brdr2\"><\/div>\n<h2 class=\"cat_article_title\"><a href=\"https:\/\/isarta.com\/infos\/edelman-montreal-annonce-de-nouveaux-mandats\/\" target=\"_blank\" rel=\"noopener\">Edelman Montr\u00e9al annonce de nouveaux mandats<\/a><\/h2>\n<p><img loading=\"lazy\" class=\"alignleft size-medium wp-image-71153\" src=\"https:\/\/isarta.com\/infos\/wp-content\/uploads\/2019\/12\/edelman-logo-300x141.png\" alt=\"\" width=\"300\" height=\"141\" srcset=\"https:\/\/isarta.com\/infos\/wp-content\/uploads\/2019\/12\/edelman-logo-300x141.png 300w, https:\/\/isarta.com\/infos\/wp-content\/uploads\/2019\/12\/edelman-logo-768x362.png 768w, https:\/\/isarta.com\/infos\/wp-content\/uploads\/2019\/12\/edelman-logo.png 1024w\" sizes=\"(max-width: 300px) 100vw, 300px\" \/>Edelman Montr\u00e9al a r\u00e9colt\u00e9 de nouveaux mandats et vient d\u2019accueillir de nouveaux clients. Parmi ceux-ci, BrainBox AI a prolong\u00e9 son mandat avec Edelman pour continuer \u00e0 soutenir ses activit\u00e9s de communications \u00e0 la suite de son lancement. Brainbox AI utilise l\u2019intelligence artificielle pour automatiser la consommation d\u2019\u00e9nergie des b\u00e2timents, assurant une importante \u00e9conomie en \u00e9nergie et en argent pour ses clients.<\/p>\n<p>Pour lire la suite, <span style=\"color: #3366ff;\"><a style=\"color: #3366ff;\" href=\"https:\/\/isarta.com\/infos\/edelman-montreal-annonce-de-nouveaux-mandats\/\" target=\"_blank\" rel=\"noopener\">cliquez ici<\/a>.<\/span><\/p>\n<div class=\"brdr2\"><\/div>\n<div class=\"likebtn_container\" style=\"clear:both;text-align:center;\"><!-- LikeBtn.com BEGIN --><span class=\"likebtn-wrapper\"  data-identifier=\"post_71133\"  data-site_id=\"5cc1ecd16fd08b776710d1e9\"  data-theme=\"drop\"  data-btn_size=\"100\"  data-icon_l=\"false\"  data-icon_d=\"false\"  data-icon_l_url=\"https:\/\/isarta.com\/infos\/wp-content\/uploads\/2019\/04\/happy.png#64794\"  data-icon_d_url=\"https:\/\/isarta.com\/infos\/wp-content\/uploads\/2019\/04\/sleep.png#64796\"  data-icon_size=\"58\"  data-icon_l_c=\"#771414\"  data-bg_c=\"#ffffff\"  data-bg_c_v=\"#ffffff\"  data-brdr_c=\"#ffffff\"  data-f_size=\"11\"  data-f_family=\"Tahoma\"  data-counter_fs=\"b\"  data-lang=\"fr\"  data-ef_voting=\"wobble\"  data-dislike_enabled=\"false\"  data-counter_type=\"percent\"  data-counter_show=\"false\"  data-tooltip_enabled=\"false\"  data-tooltip_like_show_always=\"true\"  data-white_label=\"true\"  data-i18n_like=\"Aimer \/ Partager\"  data-i18n_dislike=\"Pas aim\u00e9\"  data-style=\"\"  data-unlike_allowed=\"\"  data-show_copyright=\"\"  data-item_url=\"https:\/\/isarta.com\/infos\/les-nouvelles-de-lindustrie-a-savoir-cette-semaine-4\/\"  data-item_title=\"Les nouvelles de l\u2019industrie \u00e0 savoir cette semaine\"  data-item_image=\"https:\/\/isarta.com\/infos\/wp-content\/uploads\/2019\/12\/Agence-Braque-Zoe-Nadeau-Vachon-et-Julia-Garcia-Prat-1024x683.jpg\"  data-item_date=\"2019-12-09T12:30:35-05:00\"  data-engine=\"WordPress\"  data-plugin_v=\"2.6.54\"  data-prx=\"https:\/\/isarta.com\/infos\/wp-admin\/admin-ajax.php?action=likebtn_prx\"  data-event_handler=\"likebtn_eh\" ><\/span><!-- LikeBtn.com END --><\/p>\n<hr size=\"3\"><\/div>\n","protected":false},"excerpt":{"rendered":"<p>Que s&rsquo;est-il pass\u00e9 dans l&rsquo;industrie des communications et du marketing au Qu\u00e9bec ces derniers jours ? Nominations, campagnes, r\u00e9compenses, nouveaux mandats&#8230; On vous fait la synth\u00e8se ici.<\/p>\n<div class=\"likebtn_container\" style=\"clear:both;text-align:center;\"><!-- LikeBtn.com BEGIN --><span class=\"likebtn-wrapper\"  data-identifier=\"post_71133\"  data-site_id=\"5cc1ecd16fd08b776710d1e9\"  data-theme=\"drop\"  data-btn_size=\"100\"  data-icon_l=\"false\"  data-icon_d=\"false\"  data-icon_l_url=\"https:\/\/isarta.com\/infos\/wp-content\/uploads\/2019\/04\/happy.png#64794\"  data-icon_d_url=\"https:\/\/isarta.com\/infos\/wp-content\/uploads\/2019\/04\/sleep.png#64796\"  data-icon_size=\"58\"  data-icon_l_c=\"#771414\"  data-bg_c=\"#ffffff\"  data-bg_c_v=\"#ffffff\"  data-brdr_c=\"#ffffff\"  data-f_size=\"11\"  data-f_family=\"Tahoma\"  data-counter_fs=\"b\"  data-lang=\"fr\"  data-ef_voting=\"wobble\"  data-dislike_enabled=\"false\"  data-counter_type=\"percent\"  data-counter_show=\"false\"  data-tooltip_enabled=\"false\"  data-tooltip_like_show_always=\"true\"  data-white_label=\"true\"  data-i18n_like=\"Aimer \/ Partager\"  data-i18n_dislike=\"Pas aim\u00e9\"  data-style=\"\"  data-unlike_allowed=\"\"  data-show_copyright=\"\"  data-item_url=\"https:\/\/isarta.com\/infos\/les-nouvelles-de-lindustrie-a-savoir-cette-semaine-4\/\"  data-item_title=\"Les nouvelles de l\u2019industrie \u00e0 savoir cette semaine\"  data-item_image=\"https:\/\/isarta.com\/infos\/wp-content\/uploads\/2019\/12\/Agence-Braque-Zoe-Nadeau-Vachon-et-Julia-Garcia-Prat-1024x683.jpg\"  data-item_date=\"2019-12-09T12:30:35-05:00\"  data-engine=\"WordPress\"  data-plugin_v=\"2.6.54\"  data-prx=\"https:\/\/isarta.com\/infos\/wp-admin\/admin-ajax.php?action=likebtn_prx\"  data-event_handler=\"likebtn_eh\" ><\/span><!-- LikeBtn.com END --><hr size=\"3\"><\/div>","protected":false},"author":1,"featured_media":71191,"comment_status":"open","ping_status":"open","sticky":false,"template":"","format":"standard","meta":[],"categories":[175,117,137],"tags":[896,1176,818],"_links":{"self":[{"href":"https:\/\/isarta.com\/infos\/wp-json\/wp\/v2\/posts\/71133"}],"collection":[{"href":"https:\/\/isarta.com\/infos\/wp-json\/wp\/v2\/posts"}],"about":[{"href":"https:\/\/isarta.com\/infos\/wp-json\/wp\/v2\/types\/post"}],"author":[{"embeddable":true,"href":"https:\/\/isarta.com\/infos\/wp-json\/wp\/v2\/users\/1"}],"replies":[{"embeddable":true,"href":"https:\/\/isarta.com\/infos\/wp-json\/wp\/v2\/comments?post=71133"}],"version-history":[{"count":3,"href":"https:\/\/isarta.com\/infos\/wp-json\/wp\/v2\/posts\/71133\/revisions"}],"predecessor-version":[{"id":71265,"href":"https:\/\/isarta.com\/infos\/wp-json\/wp\/v2\/posts\/71133\/revisions\/71265"}],"wp:featuredmedia":[{"embeddable":true,"href":"https:\/\/isarta.com\/infos\/wp-json\/wp\/v2\/media\/71191"}],"wp:attachment":[{"href":"https:\/\/isarta.com\/infos\/wp-json\/wp\/v2\/media?parent=71133"}],"wp:term":[{"taxonomy":"category","embeddable":true,"href":"https:\/\/isarta.com\/infos\/wp-json\/wp\/v2\/categories?post=71133"},{"taxonomy":"post_tag","embeddable":true,"href":"https:\/\/isarta.com\/infos\/wp-json\/wp\/v2\/tags?post=71133"}],"curies":[{"name":"wp","href":"https:\/\/api.w.org\/{rel}","templated":true}]}}