{"id":72212,"date":"2020-01-20T12:45:06","date_gmt":"2020-01-20T17:45:06","guid":{"rendered":"https:\/\/isarta.com\/infos\/?p=72212"},"modified":"2020-02-12T10:53:05","modified_gmt":"2020-02-12T15:53:05","slug":"logos-le-bilan-des-reussites-et-des-ratages-de-2019","status":"publish","type":"post","link":"https:\/\/isarta.com\/infos\/logos-le-bilan-des-reussites-et-des-ratages-de-2019\/","title":{"rendered":"Logos\u00a0: les r\u00e9ussites et les ratages de 2019"},"content":{"rendered":"<p><img loading=\"lazy\" class=\"aligncenter wp-image-72291\" src=\"https:\/\/isarta.com\/infos\/wp-content\/uploads\/2020\/01\/montreal-alouettes-e1579271164898-300x144.png\" alt=\"\" width=\"544\" height=\"261\" srcset=\"https:\/\/isarta.com\/infos\/wp-content\/uploads\/2020\/01\/montreal-alouettes-e1579271164898-300x144.png 300w, https:\/\/isarta.com\/infos\/wp-content\/uploads\/2020\/01\/montreal-alouettes-e1579271164898.png 590w\" sizes=\"(max-width: 544px) 100vw, 544px\" \/><\/p>\n<p class=\"p1\"><em><span style=\"font-size: 12px;\">17 janvier 2020<\/span><\/em><\/p>\n<p><span style=\"font-size: 20px;\"><strong><a href=\"https:\/\/isarta.com\/infos\/author\/astrid-debeissat\/\" target=\"_blank\" rel=\"noopener\">Astrid Debeissat<\/a>, fondatrice d\u2019<a href=\"http:\/\/ad-strategie.com\/\" target=\"_blank\" rel=\"noopener\">Ad Strat\u00e9gie<\/a>\u00a0et experte en communications et marketing, nous livre ses coups de coeur et d\u00e9ceptions de l&rsquo;ann\u00e9e en mati\u00e8re de changement de logo et d&rsquo;identit\u00e9 visuelle. Partagerez-vous ses avis ?<\/strong><\/span><\/p>\n<p class=\"p2\"><span class=\"s1\">Voici un palmar\u00e8s tr\u00e8s personnel et rempli de jugements sur les nouvelles cr\u00e9ations apparues sur la plan\u00e8te logo au cours de l\u2019ann\u00e9e 2019.<\/span><\/p>\n<p class=\"p2\"><span class=\"s1\">Des logos os\u00e9s, ambitieux, qui ont tous des bons c\u00f4t\u00e9s et refl\u00e8tent la cr\u00e9ativit\u00e9 de leurs auteurs, mais qui m\u2019inspirent parfois un peu de perplexit\u00e9 quant \u00e0 leur efficacit\u00e9. Et en conclusion, j&rsquo;aborderai quelques marques \u00e0 surveiller en 2020 !<\/span><\/p>\n<h2 class=\"p2\"><span class=\"s1\" style=\"font-size: 24px;\"><b>Les r\u00e9ussites<\/b><\/span><\/h2>\n<ul>\n<li class=\"p4\"><span class=\"s1\"><b>Les Alouettes de Montr\u00e9al <\/b><\/span><\/li>\n<\/ul>\n<p class=\"p4\"><span class=\"s1\">Les Alouettes de Montr\u00e9al ont officiellement <a href=\"https:\/\/isarta.com\/infos\/les-alouettes-devoilent-leur-nouvelle-identite-signee-blvd-agence-creative\/\" target=\"_blank\" rel=\"noopener\">chang\u00e9 leur logo en f\u00e9vrier 2019<\/a>. Un logo plut\u00f4t r\u00e9ussi et <a href=\"http:\/\/news.sportslogos.net\/2019\/12\/23\/2019-creamer-awards-winners-the-best-new-sports-logos-of-2019\/\"><span class=\"s2\">salu\u00e9 par le milieu<\/span><\/a>. Dans cette cr\u00e9ation consensuelle mais extr\u00eamement ambitieuse, <a href=\"https:\/\/www.montrealalouettes.com\/2019\/02\/01\/alouettes-de-montreal-devoilent-nouvelle-identite-montreals\/\" target=\"_blank\" rel=\"noopener\">l\u2019\u00e9quipe se positionne comme r\u00e9solument montr\u00e9alaise<\/a>.<\/span><\/p>\n<p><img loading=\"lazy\" class=\"aligncenter wp-image-72215\" src=\"https:\/\/isarta.com\/infos\/wp-content\/uploads\/2020\/01\/montreal-alouettes-new-logos-243x300.png\" alt=\"\" width=\"470\" height=\"580\" srcset=\"https:\/\/isarta.com\/infos\/wp-content\/uploads\/2020\/01\/montreal-alouettes-new-logos-243x300.png 243w, https:\/\/isarta.com\/infos\/wp-content\/uploads\/2020\/01\/montreal-alouettes-new-logos.png 590w\" sizes=\"(max-width: 470px) 100vw, 470px\" \/><\/p>\n<p class=\"p4\"><span class=\"s1\">On joue sur la fibre locale des partisans avec succ\u00e8s avec la fleur de lys stylis\u00e9e et le M montr\u00e9alais, tout en pr\u00e9servant \u2013 plus ou moins bien \u2013 l\u2019embl\u00e8me qui fait le nom de l\u2019\u00e9quipe, l\u2019alouette.<\/span><\/p>\n<p class=\"p4\"><span class=\"s1\">Peut-\u00eatre un peu beaucoup pour un seul logo, certes, d\u2019o\u00f9 une alouette rendue un peu aigle sur les bords. Mais on ne peut que souligner le travail de positionnement, avec des objectifs pr\u00e9cis bien ex\u00e9cut\u00e9s. <\/span><\/p>\n<ul>\n<li class=\"p4\"><span class=\"s1\"><b>Bureau en gros <\/b><\/span><\/li>\n<\/ul>\n<p class=\"p4\"><span class=\"s1\">Bureau en gros a chang\u00e9 son logo \u00e0 la toute fin de l\u2019ann\u00e9e 2018. Mais je n\u2019en ai pas parl\u00e9 \u00e0 l\u2019\u00e9poque, alors j\u2019ai le droit de tricher un peu. <\/span><\/p>\n<p class=\"p4\"><span class=\"s1\">Soulignons la situation peu banale de cette entreprise, qui, en plus de s\u00e9parer clairement les march\u00e9s am\u00e9ricain et canadien via leur logo, d\u00e9veloppe une marque bilingue\u00a0: c\u2019est une des rares entreprises \u00e0 faire l\u2019effort d\u2019une marque sp\u00e9cifiquement francophone pour le march\u00e9 qu\u00e9b\u00e9cois. <\/span><\/p>\n<p class=\"p4\"><span class=\"s1\">L\u2019entreprise a-t-elle raison de conserver trois logos, un am\u00e9ricain, un canadien et un qu\u00e9becois ? On ne peut s\u2019emp\u00eacher de penser que ce d\u00e9coupage rendait peut-\u00eatre le g\u00e2teau plus facile \u00e0 diviser par son propri\u00e9taire depuis 2017, le fonds de pension Sycamore. En toile de fonds \u00e0 ce changement de logo, l\u2019entreprise se repositionne comme un fournisseur entreprise et a inaugur\u00e9 des magasins concepts dans cet objectif, dans un virage \u00e0 la Ikea.<\/span><\/p>\n<p><iframe loading=\"lazy\" class=\"vidyard_iframe\" src=\"\/\/play.vidyard.com\/HzqSyyoZLJwNc8ufoQV44r.html?v=3.1.1&amp;\" width=\"640\" height=\"360\" frameborder=\"0\" scrolling=\"no\" allowfullscreen=\"allowfullscreen\"><\/iframe><\/p>\n<p class=\"p4\"><span class=\"s1\">La version am\u00e9ricaine <a href=\"https:\/\/www.underconsideration.com\/brandnew\/archives\/new_logo_and_identity_for_staples.php\" target=\"_blank\" rel=\"noopener\">a \u00e9t\u00e9 beaucoup compar\u00e9e \u00e0 un but de soccer<\/a>, la version canadienne est plut\u00f4t appr\u00e9ci\u00e9e. Se passer du vieux L en agrafe ne manque \u00e0 personne.<\/span><\/p>\n<p><img loading=\"lazy\" class=\"aligncenter wp-image-72219\" src=\"https:\/\/isarta.com\/infos\/wp-content\/uploads\/2020\/01\/staples-logo-us-300x133.png\" alt=\"\" width=\"566\" height=\"251\" srcset=\"https:\/\/isarta.com\/infos\/wp-content\/uploads\/2020\/01\/staples-logo-us-300x133.png 300w, https:\/\/isarta.com\/infos\/wp-content\/uploads\/2020\/01\/staples-logo-us-768x341.png 768w, https:\/\/isarta.com\/infos\/wp-content\/uploads\/2020\/01\/staples-logo-us.png 964w\" sizes=\"(max-width: 566px) 100vw, 566px\" \/><\/p>\n<p class=\"p6\"><img loading=\"lazy\" class=\"aligncenter wp-image-72218\" src=\"https:\/\/isarta.com\/infos\/wp-content\/uploads\/2020\/01\/staples-logo-Canada-300x139.png\" alt=\"\" width=\"615\" height=\"285\" srcset=\"https:\/\/isarta.com\/infos\/wp-content\/uploads\/2020\/01\/staples-logo-Canada-300x139.png 300w, https:\/\/isarta.com\/infos\/wp-content\/uploads\/2020\/01\/staples-logo-Canada-768x355.png 768w, https:\/\/isarta.com\/infos\/wp-content\/uploads\/2020\/01\/staples-logo-Canada.png 998w\" sizes=\"(max-width: 615px) 100vw, 615px\" \/><\/p>\n<p class=\"p4\"><span class=\"s1\">En tout cas, dans sa nouvelle mouture, le nouveau logo francophone s\u2019harmonise clairement avec son homologue du reste du Canada. <\/span><\/p>\n<p class=\"p6\"><img loading=\"lazy\" class=\"aligncenter wp-image-72217\" src=\"https:\/\/isarta.com\/infos\/wp-content\/uploads\/2020\/01\/bureau-en-gros-logo-300x102.png\" alt=\"\" width=\"653\" height=\"222\" srcset=\"https:\/\/isarta.com\/infos\/wp-content\/uploads\/2020\/01\/bureau-en-gros-logo-300x102.png 300w, https:\/\/isarta.com\/infos\/wp-content\/uploads\/2020\/01\/bureau-en-gros-logo-768x261.png 768w, https:\/\/isarta.com\/infos\/wp-content\/uploads\/2020\/01\/bureau-en-gros-logo.png 898w\" sizes=\"(max-width: 653px) 100vw, 653px\" \/><\/p>\n<ul>\n<li class=\"p4\"><strong><span class=\"s1\">Desigual\u00a0<\/span><\/strong><\/li>\n<\/ul>\n<p class=\"p4\"><span class=\"s1\">Desigual, <a href=\"http:\/\/ad-strategie.com\/un-vent-de-desigual-souffle-sur-sorel\/\" target=\"_blank\" rel=\"noopener\">une marque que j&rsquo;affectionne particuli\u00e8rement<\/a>, a lanc\u00e9 <a href=\"https:\/\/www.underconsideration.com\/brandnew\/archives\/new_logo_and_identity_for_desigual_done_in_house.php\" target=\"_blank\" rel=\"noopener\">son nouveau logo en juin 2019<\/a>. Je n\u2019ai pas l\u2019impression que cela ait fait l\u2019objet d\u2019une immense couverture. Une avanc\u00e9e fid\u00e8le \u00e0 la marque \u00e0 la marque selon moi.<\/span><\/p>\n<p class=\"p4\"><span class=\"s1\">\u00ab\u00a0Nous ne sommes pas comme les autres\u00a0\u00bb\u00a0: logique avec elle-m\u00eame, la marque au S retourn\u00e9 a d\u00e9cid\u00e9 de retourner\u2026 l\u2019int\u00e9gralit\u00e9 de son logo. Je souligne en cela la coh\u00e9rence et la continuit\u00e9 dans le positionnement de la marque, un essentiel pour la notori\u00e9t\u00e9 sur le long terme. <\/span><\/p>\n<p class=\"p4\"><span class=\"s1\">Notons que Desigual \u00e9limine ainsi le court-circuit mental cr\u00e9\u00e9 par le fait qu\u2019une seule lettre \u00e9tait diff\u00e9rente du reste. Pourquoi ajouter un point \u00e0 la fin ? Pourquoi avoir all\u00e9g\u00e9 la typo ? D\u2019une certaine fa\u00e7on, le message semble lui aussi all\u00e9g\u00e9. <\/span><\/p>\n<p class=\"p6\"><img loading=\"lazy\" class=\"aligncenter wp-image-72220\" src=\"https:\/\/isarta.com\/infos\/wp-content\/uploads\/2020\/01\/desigual-logo-300x98.png\" alt=\"\" width=\"646\" height=\"211\" srcset=\"https:\/\/isarta.com\/infos\/wp-content\/uploads\/2020\/01\/desigual-logo-300x98.png 300w, https:\/\/isarta.com\/infos\/wp-content\/uploads\/2020\/01\/desigual-logo-768x250.png 768w, https:\/\/isarta.com\/infos\/wp-content\/uploads\/2020\/01\/desigual-logo-1024x334.png 1024w, https:\/\/isarta.com\/infos\/wp-content\/uploads\/2020\/01\/desigual-logo.png 1194w\" sizes=\"(max-width: 646px) 100vw, 646px\" \/><\/p>\n<p><img loading=\"lazy\" class=\"aligncenter wp-image-72221\" src=\"https:\/\/isarta.com\/infos\/wp-content\/uploads\/2020\/01\/desigual_magazine-300x170.jpg\" alt=\"\" width=\"598\" height=\"339\" srcset=\"https:\/\/isarta.com\/infos\/wp-content\/uploads\/2020\/01\/desigual_magazine-300x170.jpg 300w, https:\/\/isarta.com\/infos\/wp-content\/uploads\/2020\/01\/desigual_magazine-768x436.jpg 768w, https:\/\/isarta.com\/infos\/wp-content\/uploads\/2020\/01\/desigual_magazine-1024x581.jpg 1024w, https:\/\/isarta.com\/infos\/wp-content\/uploads\/2020\/01\/desigual_magazine.jpg 1163w\" sizes=\"(max-width: 598px) 100vw, 598px\" \/> <img loading=\"lazy\" class=\"aligncenter wp-image-72223\" src=\"https:\/\/isarta.com\/infos\/wp-content\/uploads\/2020\/01\/desigual_posters_irl_01-300x200.jpg\" alt=\"\" width=\"588\" height=\"392\" srcset=\"https:\/\/isarta.com\/infos\/wp-content\/uploads\/2020\/01\/desigual_posters_irl_01-300x200.jpg 300w, https:\/\/isarta.com\/infos\/wp-content\/uploads\/2020\/01\/desigual_posters_irl_01-768x512.jpg 768w, https:\/\/isarta.com\/infos\/wp-content\/uploads\/2020\/01\/desigual_posters_irl_01-1024x683.jpg 1024w, https:\/\/isarta.com\/infos\/wp-content\/uploads\/2020\/01\/desigual_posters_irl_01-272x182.jpg 272w, https:\/\/isarta.com\/infos\/wp-content\/uploads\/2020\/01\/desigual_posters_irl_01.jpg 1920w\" sizes=\"(max-width: 588px) 100vw, 588px\" \/> <img loading=\"lazy\" class=\"aligncenter wp-image-72224\" src=\"https:\/\/isarta.com\/infos\/wp-content\/uploads\/2020\/01\/desigual_store-300x300.jpg\" alt=\"\" width=\"536\" height=\"536\" srcset=\"https:\/\/isarta.com\/infos\/wp-content\/uploads\/2020\/01\/desigual_store-300x300.jpg 300w, https:\/\/isarta.com\/infos\/wp-content\/uploads\/2020\/01\/desigual_store-768x768.jpg 768w, https:\/\/isarta.com\/infos\/wp-content\/uploads\/2020\/01\/desigual_store-1024x1024.jpg 1024w, https:\/\/isarta.com\/infos\/wp-content\/uploads\/2020\/01\/desigual_store-144x144.jpg 144w, https:\/\/isarta.com\/infos\/wp-content\/uploads\/2020\/01\/desigual_store.jpg 1200w\" sizes=\"(max-width: 536px) 100vw, 536px\" \/><\/p>\n<p class=\"p4\"><span class=\"s1\">Tendance minimaliste oblige, la marque se d\u00e9cline en mode monogramme.<\/span><\/p>\n<p><img loading=\"lazy\" class=\"aligncenter size-medium wp-image-72222\" src=\"https:\/\/isarta.com\/infos\/wp-content\/uploads\/2020\/01\/desigual_monogram-300x300.png\" alt=\"\" width=\"300\" height=\"300\" srcset=\"https:\/\/isarta.com\/infos\/wp-content\/uploads\/2020\/01\/desigual_monogram-300x300.png 300w, https:\/\/isarta.com\/infos\/wp-content\/uploads\/2020\/01\/desigual_monogram-768x768.png 768w, https:\/\/isarta.com\/infos\/wp-content\/uploads\/2020\/01\/desigual_monogram-1024x1024.png 1024w, https:\/\/isarta.com\/infos\/wp-content\/uploads\/2020\/01\/desigual_monogram-144x144.png 144w, https:\/\/isarta.com\/infos\/wp-content\/uploads\/2020\/01\/desigual_monogram.png 2000w\" sizes=\"(max-width: 300px) 100vw, 300px\" \/><\/p>\n<h2><\/h2>\n<ul>\n<li class=\"p4\"><strong><span class=\"s1\">Aliments du Qu\u00e9bec<\/span><\/strong><\/li>\n<\/ul>\n<p class=\"p4\"><span class=\"s1\"><a href=\"https:\/\/isarta.com\/infos\/lg2-devoile-un-nouveau-logo-et-une-nouvelle-plateforme-de-marque-pour-aliments-du-quebec\/\" target=\"_blank\" rel=\"noopener\">D\u00e9voil\u00e9 en octobre 2019<\/a>, le nouveau logo d&rsquo;Aliments du Qu\u00e9bec r\u00e9pond \u00e0 un souhait de la marque de se moderniser. L&rsquo;ancien logo, quoique tr\u00e8s sympathique, prenait de l&rsquo;\u00e2ge et sa complexit\u00e9 visuelle le rendait un peu difficile \u00e0 rep\u00e9rer.\u00a0\u00a0<\/span><\/p>\n<p class=\"p4\"><span class=\"s1\"><img loading=\"lazy\" class=\"size-full wp-image-72322 aligncenter\" src=\"https:\/\/isarta.com\/infos\/wp-content\/uploads\/2020\/01\/aliments.png\" alt=\"\" width=\"271\" height=\"186\" \/><\/span><\/p>\n<p class=\"p4\"><span class=\"s1\">Qu&rsquo;en pensez-vous ? La tendance minimaliste a encore frapp\u00e9&#8230; et avec une grande efficacit\u00e9, je dois dire.\u00a0<\/span><\/p>\n<p>&nbsp;<\/p>\n<p>&nbsp;<\/p>\n<h2 class=\"p4\"><span class=\"s1\" style=\"font-size: 24px;\"><b>Les ratages\u00a0<\/b><\/span><\/h2>\n<ul>\n<li class=\"p4\"><span class=\"s1\"><b>Firefox\u00a0<\/b><\/span><\/li>\n<\/ul>\n<p class=\"p4\"><span class=\"s1\">Le nouveau logo du navigateur au renard a \u00e9t\u00e9 <a href=\"https:\/\/www.underconsideration.com\/brandnew\/archives\/new_logos_for_firefox_by_ramotion_and_in_house.php\" target=\"_blank\" rel=\"noopener\">d\u00e9voil\u00e9 en juin 2019<\/a>. Est-il beau\u00a0: oui, ok. C\u2019est certain qu\u2019il \u00e9voque clairement la fonction \u00ab\u00a0Actualiser\u00a0\u00bb de nos navigateurs internet. <\/span><\/p>\n<p class=\"p6\"><img loading=\"lazy\" class=\"aligncenter wp-image-72226\" src=\"https:\/\/isarta.com\/infos\/wp-content\/uploads\/2020\/01\/firefox-logo-300x94.png\" alt=\"\" width=\"629\" height=\"197\" srcset=\"https:\/\/isarta.com\/infos\/wp-content\/uploads\/2020\/01\/firefox-logo-300x94.png 300w, https:\/\/isarta.com\/infos\/wp-content\/uploads\/2020\/01\/firefox-logo.png 621w\" sizes=\"(max-width: 629px) 100vw, 629px\" \/> <img loading=\"lazy\" class=\"aligncenter wp-image-72227\" src=\"https:\/\/isarta.com\/infos\/wp-content\/uploads\/2020\/01\/firefox-logo-avant-apres-300x143.png\" alt=\"\" width=\"600\" height=\"286\" srcset=\"https:\/\/isarta.com\/infos\/wp-content\/uploads\/2020\/01\/firefox-logo-avant-apres-300x143.png 300w, https:\/\/isarta.com\/infos\/wp-content\/uploads\/2020\/01\/firefox-logo-avant-apres-768x367.png 768w, https:\/\/isarta.com\/infos\/wp-content\/uploads\/2020\/01\/firefox-logo-avant-apres.png 989w\" sizes=\"(max-width: 600px) 100vw, 600px\" \/><\/p>\n<p class=\"p7\"><span class=\"s1\"><span class=\"Apple-converted-space\">\u00a0\u00a0<img loading=\"lazy\" class=\"aligncenter wp-image-72229\" src=\"https:\/\/isarta.com\/infos\/wp-content\/uploads\/2020\/01\/fx_design_blog_logos_family__1_-1200x660-300x165.jpg\" alt=\"\" width=\"598\" height=\"329\" srcset=\"https:\/\/isarta.com\/infos\/wp-content\/uploads\/2020\/01\/fx_design_blog_logos_family__1_-1200x660-300x165.jpg 300w, https:\/\/isarta.com\/infos\/wp-content\/uploads\/2020\/01\/fx_design_blog_logos_family__1_-1200x660-768x422.jpg 768w, https:\/\/isarta.com\/infos\/wp-content\/uploads\/2020\/01\/fx_design_blog_logos_family__1_-1200x660-1024x563.jpg 1024w, https:\/\/isarta.com\/infos\/wp-content\/uploads\/2020\/01\/fx_design_blog_logos_family__1_-1200x660.jpg 1200w\" sizes=\"(max-width: 598px) 100vw, 598px\" \/><\/span><\/span><\/p>\n<p class=\"p4\"><span class=\"s1\">Est-il distinctif ? Plus vraiment. De plus en plus \u00e9loign\u00e9 du renard, ce logo ressemble de plus en plus \u00e0 ses concurrents.<\/span><\/p>\n<p><img loading=\"lazy\" class=\"aligncenter wp-image-72228\" src=\"https:\/\/isarta.com\/infos\/wp-content\/uploads\/2020\/01\/logo-microsoft-crhome-258x300.png\" alt=\"\" width=\"529\" height=\"615\" srcset=\"https:\/\/isarta.com\/infos\/wp-content\/uploads\/2020\/01\/logo-microsoft-crhome-258x300.png 258w, https:\/\/isarta.com\/infos\/wp-content\/uploads\/2020\/01\/logo-microsoft-crhome.png 519w\" sizes=\"(max-width: 529px) 100vw, 529px\" \/><\/p>\n<p class=\"p4\"><span class=\"s1\">Pas certaine que ce soit un choix de positionnement avis\u00e9. Quant \u00e0 <span class=\"s2\">publier une vid\u00e9o de plus de 4 minutes sur le sujet<\/span>&#8230; Pas vraiment passionnant.<\/span><\/p>\n<p><iframe loading=\"lazy\" src=\"\/\/www.youtube-nocookie.com\/embed\/eYvsIenveTY\" width=\"560\" height=\"315\" frameborder=\"0\" allowfullscreen=\"allowfullscreen\"><\/iframe><\/p>\n<p class=\"p4\"><span class=\"s1\">C\u2019est la limite de l\u2019\u00e9volution d\u2019un logo\u00a0: \u00e9voluer ou perdre totalement son identit\u00e9 ?<\/span><\/p>\n<ul>\n<li class=\"p4\"><span class=\"s1\"><b>Paris 2024\u00a0<\/b><\/span><\/li>\n<\/ul>\n<p class=\"p4\"><span class=\"s1\">En voici un qui a fait parler de lui lors de son lancement en octobre 2019. Peut-\u00eatre pas pour les bonnes raisons toutefois. D\u2019apr\u00e8s les organisateurs des Jeux Olympiques de Paris 2024, ce logo regorge lui aussi d\u2019ambitions puisqu\u2019il repr\u00e9sente \u00e0 la fois la fameuse M\u00e9daille d\u2019or r\u00e9compensant les champions, la flamme olympique, et Marianne, all\u00e9gorie du peuple fran\u00e7ais et de la Libert\u00e9.<\/span><\/p>\n<p><img loading=\"lazy\" class=\"aligncenter wp-image-72230\" src=\"https:\/\/isarta.com\/infos\/wp-content\/uploads\/2020\/01\/1200px-Logo_JO_Paris_2024.svg_-264x300.png\" alt=\"\" width=\"465\" height=\"528\" srcset=\"https:\/\/isarta.com\/infos\/wp-content\/uploads\/2020\/01\/1200px-Logo_JO_Paris_2024.svg_-264x300.png 264w, https:\/\/isarta.com\/infos\/wp-content\/uploads\/2020\/01\/1200px-Logo_JO_Paris_2024.svg_-768x874.png 768w, https:\/\/isarta.com\/infos\/wp-content\/uploads\/2020\/01\/1200px-Logo_JO_Paris_2024.svg_-900x1024.png 900w, https:\/\/isarta.com\/infos\/wp-content\/uploads\/2020\/01\/1200px-Logo_JO_Paris_2024.svg_.png 1200w\" sizes=\"(max-width: 465px) 100vw, 465px\" \/><\/p>\n<p class=\"p4\"><span class=\"s1\">C\u2019est peut-\u00eatre cens\u00e9 \u00eatre moderne, mais au final, c\u2019est plut\u00f4t kitsch et cela ressemble \u00e0 une tentative f\u00e9ministe un peu maladroite, surtout pour repr\u00e9senter un peuple parisien qui se distingue r\u00e9guli\u00e8rement par des critiques passablement r\u00e9trogrades et macho envers sa mairesse controvers\u00e9e Anne Hidalgo<a href=\"https:\/\/creapills.com\/logo-jo-paris-2024-parodie-20191022?fbclid=IwAR1LG2nOlPAJ62z5zOYQjdea56oCfMHN0JF3b95FCEAFB6jFtyx-V7i_Ajc\"><span class=\"s2\">. Les r\u00e9seaux sociaux s\u2019en sont donn\u00e9 \u00e0 c\u0153ur joie<\/span><\/a> et, franchement, c\u2019est un peu \u00e0 raison. Ce qu\u2019on appelle tendre le b\u00e2ton pour se faire battre.<\/span><\/p>\n<p><img loading=\"lazy\" class=\"aligncenter wp-image-72231\" src=\"https:\/\/isarta.com\/infos\/wp-content\/uploads\/2020\/01\/146_paris_2024_logo-300x225.jpg\" alt=\"\" width=\"431\" height=\"323\" srcset=\"https:\/\/isarta.com\/infos\/wp-content\/uploads\/2020\/01\/146_paris_2024_logo-300x225.jpg 300w, https:\/\/isarta.com\/infos\/wp-content\/uploads\/2020\/01\/146_paris_2024_logo-768x576.jpg 768w, https:\/\/isarta.com\/infos\/wp-content\/uploads\/2020\/01\/146_paris_2024_logo.jpg 866w\" sizes=\"(max-width: 431px) 100vw, 431px\" \/><\/p>\n<p><span style=\"font-size: 10px;\"><em>Le logo de la candidature olympique, qui \u00e9tait beaucoup plus consensuel.\u00a0<\/em><\/span><\/p>\n<ul>\n<li class=\"p4\"><span class=\"s1\"><b>Fondation Laurent Duvernay Tardif<\/b><\/span><\/li>\n<\/ul>\n<p class=\"p4\"><span class=\"s1\">Je ne sais pas de quand date ce logo, donc, clairement, je triche, parce que je n\u2019en ai pris connaissance que r\u00e9cemment. D\u00e9sol\u00e9e, j\u2019arrive en ville. <\/span><\/p>\n<p class=\"p4\"><span class=\"s1\">J\u2019\u00e9tais d\u00e9j\u00e0 agac\u00e9e par l\u2019aventure <a href=\"https:\/\/tourneurdesbois.ca\/accueil\" target=\"_blank\" rel=\"noopener\">\u00ab\u00a0Tourneur de bois\u00a0\u00bb \/ \u00ab Go Daddy\u00a0\u00bb<\/a>, une campagne publicitaire plus ou moins honn\u00eate selon moi, dans laquelle le joueur fait la promotion du fournisseur d\u2019h\u00e9bergement web am\u00e9ricain en laissant entendre qu\u2019il fabrique des objets en bois, puis les vend gr\u00e2ce \u00e0 son site web. Assez trompeur merci, vu que c\u2019est un artisan qui fabrique les objets, que l\u2019entreprise n\u2019existe pas et que les objets sont en rupture de stock. Cette campagne a tr\u00e8s bien march\u00e9 et ne peut qu\u2019alimenter le cynisme autour du marketing d\u2019aujourd\u2019hui.<\/span><\/p>\n<p><img loading=\"lazy\" class=\"aligncenter wp-image-72232\" src=\"https:\/\/isarta.com\/infos\/wp-content\/uploads\/2020\/01\/logo-Fondation-laurent-duvernay-tardif.png\" alt=\"\" width=\"299\" height=\"299\" srcset=\"https:\/\/isarta.com\/infos\/wp-content\/uploads\/2020\/01\/logo-Fondation-laurent-duvernay-tardif.png 225w, https:\/\/isarta.com\/infos\/wp-content\/uploads\/2020\/01\/logo-Fondation-laurent-duvernay-tardif-144x144.png 144w\" sizes=\"(max-width: 299px) 100vw, 299px\" \/><\/p>\n<p class=\"p4\"><span class=\"s1\">Maintenant, le logo de la Fondation\u00a0: il est clairement disruptif, c\u2019est certain. On n\u2019avait jamais vu cela avant. Mais ce logo tarabiscot\u00e9 doit \u00eatre un vrai cauchemar \u00e0 d\u00e9cliner en diff\u00e9rents formats et sur diff\u00e9rentes plateformes. En ce qui me concerne, je n\u2019arrive pas \u00e0 d\u00e9coder le sens de ces fl\u00e8ches qui passent d\u2019une lettre \u00e0 l\u2019autre. Lubie de graphiste ? Sens cach\u00e9 ? N\u2019h\u00e9sitez pas \u00e0 m\u2019\u00e9clairer ! Je ne demande que \u00e7a ! <\/span><\/p>\n<h2 class=\"p2\"><span class=\"s1\" style=\"font-size: 24px;\"><b>\u00c0 surveiller en 2020<\/b><\/span><\/h2>\n<ul>\n<li class=\"p4\"><strong><span class=\"s1\">Volkswagen<\/span><\/strong><\/li>\n<\/ul>\n<p class=\"p4\"><span class=\"s1\">La marque automobile allemande voulait marquer le coup. <a href=\"https:\/\/www.underconsideration.com\/brandnew\/archives\/new_logo_and_identity_for_volkswagen_done_in_house.php\" target=\"_blank\" rel=\"noopener\">Adopt\u00e9 en septembre 2019 en Europe<\/a>, le nouveau logo prendra place en Am\u00e9rique au cours de l\u2019ann\u00e9e 2020. Officiellement, pour marquer le passage de la marque \u00e0 l\u2019\u00e9lectrification. Officieusement, pour faire oublier les d\u00e9boires li\u00e9s au \u00ab\u00a0Dieselgate\u00a0\u00bb ?<\/span><\/p>\n<p class=\"p6\"><img loading=\"lazy\" class=\"aligncenter wp-image-72233\" src=\"https:\/\/isarta.com\/infos\/wp-content\/uploads\/2020\/01\/logo-volskwagen-300x122.png\" alt=\"\" width=\"637\" height=\"259\" srcset=\"https:\/\/isarta.com\/infos\/wp-content\/uploads\/2020\/01\/logo-volskwagen-300x122.png 300w, https:\/\/isarta.com\/infos\/wp-content\/uploads\/2020\/01\/logo-volskwagen-768x313.png 768w, https:\/\/isarta.com\/infos\/wp-content\/uploads\/2020\/01\/logo-volskwagen.png 936w\" sizes=\"(max-width: 637px) 100vw, 637px\" \/><\/p>\n<p><img loading=\"lazy\" class=\"aligncenter wp-image-72236\" src=\"https:\/\/isarta.com\/infos\/wp-content\/uploads\/2020\/01\/volkswagen_2019_exhibit_02-300x169.jpg\" alt=\"\" width=\"595\" height=\"335\" srcset=\"https:\/\/isarta.com\/infos\/wp-content\/uploads\/2020\/01\/volkswagen_2019_exhibit_02-300x169.jpg 300w, https:\/\/isarta.com\/infos\/wp-content\/uploads\/2020\/01\/volkswagen_2019_exhibit_02-768x432.jpg 768w, https:\/\/isarta.com\/infos\/wp-content\/uploads\/2020\/01\/volkswagen_2019_exhibit_02-1024x576.jpg 1024w, https:\/\/isarta.com\/infos\/wp-content\/uploads\/2020\/01\/volkswagen_2019_exhibit_02.jpg 2000w\" sizes=\"(max-width: 595px) 100vw, 595px\" \/> <img loading=\"lazy\" class=\"aligncenter wp-image-72237\" src=\"https:\/\/isarta.com\/infos\/wp-content\/uploads\/2020\/01\/volkswagen_2019_logo_explanation-300x169.png\" alt=\"\" width=\"577\" height=\"325\" srcset=\"https:\/\/isarta.com\/infos\/wp-content\/uploads\/2020\/01\/volkswagen_2019_logo_explanation-300x169.png 300w, https:\/\/isarta.com\/infos\/wp-content\/uploads\/2020\/01\/volkswagen_2019_logo_explanation-768x432.png 768w, https:\/\/isarta.com\/infos\/wp-content\/uploads\/2020\/01\/volkswagen_2019_logo_explanation-1024x576.png 1024w, https:\/\/isarta.com\/infos\/wp-content\/uploads\/2020\/01\/volkswagen_2019_logo_explanation.png 2000w\" sizes=\"(max-width: 577px) 100vw, 577px\" \/><\/p>\n<p><img loading=\"lazy\" class=\"aligncenter wp-image-72238\" src=\"https:\/\/isarta.com\/infos\/wp-content\/uploads\/2020\/01\/Histoire-logo-Volkswagen-300x298.jpg\" alt=\"\" width=\"529\" height=\"525\" srcset=\"https:\/\/isarta.com\/infos\/wp-content\/uploads\/2020\/01\/Histoire-logo-Volkswagen-300x298.jpg 300w, https:\/\/isarta.com\/infos\/wp-content\/uploads\/2020\/01\/Histoire-logo-Volkswagen-144x144.jpg 144w, https:\/\/isarta.com\/infos\/wp-content\/uploads\/2020\/01\/Histoire-logo-Volkswagen.jpg 595w\" sizes=\"(max-width: 529px) 100vw, 529px\" \/><\/p>\n<p class=\"p4\"><span class=\"s1\">En tout cas, point de vue design, c\u2019est le retour aux ann\u00e9es 60 \u2013 hormis le petit d\u00e9collage du W sur la partie inf\u00e9rieure. Je comprends l\u2019id\u00e9e de minimalisme, mais je ne suis pas s\u00e9duite. Vous ? <\/span><\/p>\n<ul>\n<li class=\"p4\"><strong><span class=\"s1\">McDonald\u2019s<\/span><\/strong><\/li>\n<\/ul>\n<p class=\"p4\"><span class=\"s1\">Saviez-vous que cela fait maintenant 10 ans que le logo de McDonald\u2019s en Europe a troqu\u00e9 son arri\u00e8re-plan rouge pour du vert ? Les arches dor\u00e9es sur fond rouge sont un embl\u00e8me tr\u00e8s fort. Et pourtant, en Allemagne, en France, elles ne sont qu\u2019un souvenir, puisque le vert a \u00e9t\u00e9 introduit afin de promouvoir une image plus \u00e9coresponsable. <\/span><\/p>\n<p class=\"p7\"><span class=\"s1\"><span class=\"Apple-converted-space\">\u00a0\u00a0<img loading=\"lazy\" class=\"aligncenter wp-image-72239\" src=\"https:\/\/isarta.com\/infos\/wp-content\/uploads\/2020\/01\/Mcdonalds-logo-300x122.jpg\" alt=\"\" width=\"566\" height=\"230\" srcset=\"https:\/\/isarta.com\/infos\/wp-content\/uploads\/2020\/01\/Mcdonalds-logo-300x122.jpg 300w, https:\/\/isarta.com\/infos\/wp-content\/uploads\/2020\/01\/Mcdonalds-logo.jpg 562w\" sizes=\"(max-width: 566px) 100vw, 566px\" \/><\/span><\/span><\/p>\n<p class=\"p4\"><span class=\"s1\">Avec la <a href=\"https:\/\/isarta.com\/infos\/bilan-2019-medias-fausses-nouvelles-climat-une-annee-de-tensions-dans-les-communications\/\" target=\"_blank\" rel=\"noopener\">vague \u00ab\u00a0Greta\u00a0\u00bb de 2019<\/a>, ce changement finira-t-il par atteindre l\u2019Am\u00e9rique du Nord, dans un grand effort de verdissage? \u00c0 suivre.<\/span><\/p>\n<p>&nbsp;<\/p>\n<p>&nbsp;<\/p>\n<h2 class=\"p4\"><span class=\"s1\" style=\"font-size: 24px;\"><b>Les cl\u00e9s du succ\u00e8s<\/b><\/span><\/h2>\n<p class=\"p4\"><span class=\"s1\">Que retenir de tout cela ?\u00a0<\/span><span class=\"s1\">En 2019-2020, les cl\u00e9s du succ\u00e8s pour votre logo r\u00e9sident dans : <\/span><\/p>\n<ul>\n<li class=\"p4\"><span class=\"s1\">Un brief et des objectifs extr\u00eamement clairs et si possible, concis (trop d&rsquo;objectifs tuent l&rsquo;objectif)<\/span><\/li>\n<li class=\"p4\"><span class=\"s1\">Un design minimaliste qui se distinguera et attirera l&rsquo;oeil sur toutes les supports. Prions pour que cette tendance dure le plus longtemps possible !<\/span><\/li>\n<li class=\"p4\"><span class=\"s1\">La coh\u00e9rence de marque : un fil conducteur, en lien avec vos audiences et parties prenantes.\u00a0 Votre histoire, vos couleurs, un grand principe, une typographie&#8230; quel que soit votre \u00e9l\u00e9ment-phare, construire une marque, c&rsquo;est savoir taper sur un clou avec discernement, mais pers\u00e9v\u00e9rance !\u00a0<\/span><\/li>\n<\/ul>\n<p style=\"text-align: center;\"><strong>Retrouvez tous nos articles sur <a href=\"https:\/\/isarta.com\/infos\/tag\/logo\/\" target=\"_blank\" rel=\"noopener\">les logos<\/a> et les changements <a href=\"https:\/\/isarta.com\/infos\/tag\/identite-visuelle\/\" target=\"_blank\" rel=\"noopener\">d&rsquo;identit\u00e9 visuelle ici<\/a>.<\/strong><\/p>\n<div class=\"likebtn_container\" style=\"clear:both;text-align:center;\"><!-- LikeBtn.com BEGIN --><span class=\"likebtn-wrapper\"  data-identifier=\"post_72212\"  data-site_id=\"5cc1ecd16fd08b776710d1e9\"  data-theme=\"drop\"  data-btn_size=\"100\"  data-icon_l=\"false\"  data-icon_d=\"false\"  data-icon_l_url=\"https:\/\/isarta.com\/infos\/wp-content\/uploads\/2019\/04\/happy.png#64794\"  data-icon_d_url=\"https:\/\/isarta.com\/infos\/wp-content\/uploads\/2019\/04\/sleep.png#64796\"  data-icon_size=\"58\"  data-icon_l_c=\"#771414\"  data-bg_c=\"#ffffff\"  data-bg_c_v=\"#ffffff\"  data-brdr_c=\"#ffffff\"  data-f_size=\"11\"  data-f_family=\"Tahoma\"  data-counter_fs=\"b\"  data-lang=\"fr\"  data-ef_voting=\"wobble\"  data-dislike_enabled=\"false\"  data-counter_type=\"percent\"  data-counter_show=\"false\"  data-tooltip_enabled=\"false\"  data-tooltip_like_show_always=\"true\"  data-white_label=\"true\"  data-i18n_like=\"Aimer \/ Partager\"  data-i18n_dislike=\"Pas aim\u00e9\"  data-style=\"\"  data-unlike_allowed=\"\"  data-show_copyright=\"\"  data-item_url=\"https:\/\/isarta.com\/infos\/logos-le-bilan-des-reussites-et-des-ratages-de-2019\/\"  data-item_title=\"Logos\u00a0: les r\u00e9ussites et les ratages de 2019\"  data-item_image=\"https:\/\/isarta.com\/infos\/wp-content\/uploads\/2020\/01\/montreal-alouettes-e1579271164898.png\"  data-item_date=\"2020-01-20T12:45:06-05:00\"  data-engine=\"WordPress\"  data-plugin_v=\"2.6.54\"  data-prx=\"https:\/\/isarta.com\/infos\/wp-admin\/admin-ajax.php?action=likebtn_prx\"  data-event_handler=\"likebtn_eh\" ><\/span><!-- LikeBtn.com END --><\/p>\n<hr size=\"3\"><\/div>\n","protected":false},"excerpt":{"rendered":"<p>Astrid Debeissat, fondatrice d\u2019Ad Strat\u00e9gie\u00a0et experte en communications et marketing, nous livre ses coups de coeur et d\u00e9ceptions de l&rsquo;ann\u00e9e en mati\u00e8re de changement de logo et d&rsquo;identit\u00e9 visuelle. Partagerez-vous ses avis ?<\/p>\n<div class=\"likebtn_container\" style=\"clear:both;text-align:center;\"><!-- LikeBtn.com BEGIN --><span class=\"likebtn-wrapper\"  data-identifier=\"post_72212\"  data-site_id=\"5cc1ecd16fd08b776710d1e9\"  data-theme=\"drop\"  data-btn_size=\"100\"  data-icon_l=\"false\"  data-icon_d=\"false\"  data-icon_l_url=\"https:\/\/isarta.com\/infos\/wp-content\/uploads\/2019\/04\/happy.png#64794\"  data-icon_d_url=\"https:\/\/isarta.com\/infos\/wp-content\/uploads\/2019\/04\/sleep.png#64796\"  data-icon_size=\"58\"  data-icon_l_c=\"#771414\"  data-bg_c=\"#ffffff\"  data-bg_c_v=\"#ffffff\"  data-brdr_c=\"#ffffff\"  data-f_size=\"11\"  data-f_family=\"Tahoma\"  data-counter_fs=\"b\"  data-lang=\"fr\"  data-ef_voting=\"wobble\"  data-dislike_enabled=\"false\"  data-counter_type=\"percent\"  data-counter_show=\"false\"  data-tooltip_enabled=\"false\"  data-tooltip_like_show_always=\"true\"  data-white_label=\"true\"  data-i18n_like=\"Aimer \/ Partager\"  data-i18n_dislike=\"Pas aim\u00e9\"  data-style=\"\"  data-unlike_allowed=\"\"  data-show_copyright=\"\"  data-item_url=\"https:\/\/isarta.com\/infos\/logos-le-bilan-des-reussites-et-des-ratages-de-2019\/\"  data-item_title=\"Logos\u00a0: les r\u00e9ussites et les ratages de 2019\"  data-item_image=\"https:\/\/isarta.com\/infos\/wp-content\/uploads\/2020\/01\/montreal-alouettes-e1579271164898.png\"  data-item_date=\"2020-01-20T12:45:06-05:00\"  data-engine=\"WordPress\"  data-plugin_v=\"2.6.54\"  data-prx=\"https:\/\/isarta.com\/infos\/wp-admin\/admin-ajax.php?action=likebtn_prx\"  data-event_handler=\"likebtn_eh\" ><\/span><!-- LikeBtn.com END --><hr size=\"3\"><\/div>","protected":false},"author":83,"featured_media":72291,"comment_status":"open","ping_status":"open","sticky":false,"template":"","format":"standard","meta":[],"categories":[175,137,3],"tags":[1022,861,552,1176,1488],"_links":{"self":[{"href":"https:\/\/isarta.com\/infos\/wp-json\/wp\/v2\/posts\/72212"}],"collection":[{"href":"https:\/\/isarta.com\/infos\/wp-json\/wp\/v2\/posts"}],"about":[{"href":"https:\/\/isarta.com\/infos\/wp-json\/wp\/v2\/types\/post"}],"author":[{"embeddable":true,"href":"https:\/\/isarta.com\/infos\/wp-json\/wp\/v2\/users\/83"}],"replies":[{"embeddable":true,"href":"https:\/\/isarta.com\/infos\/wp-json\/wp\/v2\/comments?post=72212"}],"version-history":[{"count":12,"href":"https:\/\/isarta.com\/infos\/wp-json\/wp\/v2\/posts\/72212\/revisions"}],"predecessor-version":[{"id":72325,"href":"https:\/\/isarta.com\/infos\/wp-json\/wp\/v2\/posts\/72212\/revisions\/72325"}],"wp:featuredmedia":[{"embeddable":true,"href":"https:\/\/isarta.com\/infos\/wp-json\/wp\/v2\/media\/72291"}],"wp:attachment":[{"href":"https:\/\/isarta.com\/infos\/wp-json\/wp\/v2\/media?parent=72212"}],"wp:term":[{"taxonomy":"category","embeddable":true,"href":"https:\/\/isarta.com\/infos\/wp-json\/wp\/v2\/categories?post=72212"},{"taxonomy":"post_tag","embeddable":true,"href":"https:\/\/isarta.com\/infos\/wp-json\/wp\/v2\/tags?post=72212"}],"curies":[{"name":"wp","href":"https:\/\/api.w.org\/{rel}","templated":true}]}}