{"id":72749,"date":"2020-01-30T12:22:03","date_gmt":"2020-01-30T17:22:03","guid":{"rendered":"https:\/\/isarta.com\/infos\/?p=72749"},"modified":"2020-01-30T14:04:26","modified_gmt":"2020-01-30T19:04:26","slug":"jacques-andre-dupont-nouveau-pdg-de-c2-international","status":"publish","type":"post","link":"https:\/\/isarta.com\/infos\/jacques-andre-dupont-nouveau-pdg-de-c2-international\/","title":{"rendered":"Jacques-Andr\u00e9 Dupont, nouveau PDG de C2 International"},"content":{"rendered":"<p><img loading=\"lazy\" class=\"aligncenter wp-image-72750\" src=\"https:\/\/isarta.com\/infos\/wp-content\/uploads\/2020\/01\/Jacques-andre-dupond-c2-300x222.png\" alt=\"\" width=\"627\" height=\"464\" srcset=\"https:\/\/isarta.com\/infos\/wp-content\/uploads\/2020\/01\/Jacques-andre-dupond-c2-300x222.png 300w, https:\/\/isarta.com\/infos\/wp-content\/uploads\/2020\/01\/Jacques-andre-dupond-c2.png 456w\" sizes=\"(max-width: 627px) 100vw, 627px\" \/><\/p>\n<p><span style=\"font-size: 10px;\"><em>29 janvier 2020<\/em><\/span><\/p>\n<p><span style=\"font-size: 20px;\"><strong>C2 International, cr\u00e9ateur et producteur des \u00e9v\u00e9nements d&rsquo;affaires les plus innovateurs au monde &#8211; dont C2 Montr\u00e9al et le Sommet Movin&rsquo;On -, a nomm\u00e9 Jacques-Andr\u00e9 Dupont \u00e0 titre de nouveau pr\u00e9sident-directeur g\u00e9n\u00e9ral. Figure de proue du milieu \u00e9v\u00e9nementiel depuis plus de 30 ans, M. Dupont fera profiter C2 de son expertise et de son sens des affaires hors pair.<\/strong><\/span><\/p>\n<p>Ancien pr\u00e9sident de L&rsquo;\u00c9quipe Spectra, du Festival international de jazz de Montr\u00e9al, des FrancoFolies de Montr\u00e9al et de Montr\u00e9al en lumi\u00e8re, et vice-pr\u00e9sident ex\u00e9cutif du Groupe CH, M. Dupont a assur\u00e9 l&rsquo;expansion de certains des \u00e9v\u00e9nements les plus importants au <span class=\"xn-location\">Canada<\/span>.<\/p>\n<p>Il a \u00e9galement cofond\u00e9 et dirig\u00e9 pendant plusieurs ann\u00e9es X3 Productions, l&rsquo;organisation derri\u00e8re l&rsquo;exposition Star Wars Identit\u00e9s, qui a connu un succ\u00e8s retentissant \u00e0 l&rsquo;\u00e9chelle plan\u00e9taire. Avec un parcours aussi prestigieux, Jacques-Andr\u00e9 Dupont \u00e9tait un choix tout indiqu\u00e9 pour assumer la pr\u00e9sidence de C2 International.<\/p>\n<p>L&rsquo;arriv\u00e9e de Jacques-Andr\u00e9 Dupont au sein de l&rsquo;\u00e9quipe de direction est porteuse de succ\u00e8s pour les futurs projets et initiatives de l&rsquo;organisation. Il se joindra \u00e0 l&rsquo;\u00e9quipe d\u00e9but mars et prendra la rel\u00e8ve de l&rsquo;ancien PDG de C2 International, <span class=\"xn-person\">Richard St-Pierre<\/span>, qui occupe le r\u00f4le de vice-pr\u00e9sident ex\u00e9cutif du conseil d&rsquo;administration afin de se concentrer sur le d\u00e9veloppement des affaires de C2 sur le plan mondial.<\/p>\n<p>Cette \u00e9volution de la direction organisationnelle permettra \u00e0 C2 de passer \u00e0 un niveau sup\u00e9rieur au <span class=\"xn-location\">Canada<\/span> ainsi qu&rsquo;\u00e0 l&rsquo;\u00e9tranger, en renfor\u00e7ant \u00e0 la fois les capacit\u00e9s de gestion et de d\u00e9veloppement de l&rsquo;entreprise.<\/p>\n<blockquote><p><span style=\"font-size: 16px;\"><span class=\"xn-person\">Richard St-Pierre<\/span> et moi sommes tr\u00e8s heureux que Jacques-Andr\u00e9 Dupont, un leader de haut calibre dans le domaine des \u00e9v\u00e9nements et des festivals internationaux, se joigne \u00e0 C2 International \u00bb, a d\u00e9clar\u00e9 Jean-Fran\u00e7ois Bouchard, fondateur de C2 International et de C2 Montr\u00e9al. \u00ab Jacques-Andr\u00e9 a un parcours vraiment impressionnant en tant qu&rsquo;organisateur de festivals et chef d&rsquo;entreprise. Nous avons h\u00e2te de voir ce que la richesse de son exp\u00e9rience apportera \u00e0 l&rsquo;organisation. \u00bb<\/span><\/p><\/blockquote>\n<p>Expert aguerri en mati\u00e8re de communication, de marketing et de d\u00e9veloppement des affaires, M. Dupont apportera une solide dose de passion et de leadership au sein de l&rsquo;\u00e9quipe.<\/p>\n<blockquote><p><span style=\"font-size: 16px;\">Me joindre \u00e0 C2 International est pour moi l&rsquo;occasion de faire rayonner Montr\u00e9al encore davantage sur la mappemonde des affaires \u00bb, affirme M. Dupont. Je me r\u00e9jouis \u00e0 l&rsquo;id\u00e9e de b\u00e2tir sur l&rsquo;extraordinaire succ\u00e8s de C2 et d&rsquo;amener l&rsquo;entreprise vers de nouveaux sommets. Et je suis impatient d&rsquo;unir mes forces \u00e0 celles de l&rsquo;\u00e9quipe diversifi\u00e9e et super talentueuse derri\u00e8re le succ\u00e8s de cette grande organisation. \u00bb<\/span><\/p><\/blockquote>\n<p style=\"text-align: center;\"><b>Retrouvez toutes les <a href=\"https:\/\/isarta.com\/infos\/tag\/nomination\/\" target=\"_blank\" rel=\"noopener\">nominations de l&rsquo;industrie ici<\/a>.<\/b><\/p>\n<div class=\"likebtn_container\" style=\"clear:both;text-align:center;\"><!-- LikeBtn.com BEGIN --><span class=\"likebtn-wrapper\"  data-identifier=\"post_72749\"  data-site_id=\"5cc1ecd16fd08b776710d1e9\"  data-theme=\"drop\"  data-btn_size=\"100\"  data-icon_l=\"false\"  data-icon_d=\"false\"  data-icon_l_url=\"https:\/\/isarta.com\/infos\/wp-content\/uploads\/2019\/04\/happy.png#64794\"  data-icon_d_url=\"https:\/\/isarta.com\/infos\/wp-content\/uploads\/2019\/04\/sleep.png#64796\"  data-icon_size=\"58\"  data-icon_l_c=\"#771414\"  data-bg_c=\"#ffffff\"  data-bg_c_v=\"#ffffff\"  data-brdr_c=\"#ffffff\"  data-f_size=\"11\"  data-f_family=\"Tahoma\"  data-counter_fs=\"b\"  data-lang=\"fr\"  data-ef_voting=\"wobble\"  data-dislike_enabled=\"false\"  data-counter_type=\"percent\"  data-counter_show=\"false\"  data-tooltip_enabled=\"false\"  data-tooltip_like_show_always=\"true\"  data-white_label=\"true\"  data-i18n_like=\"Aimer \/ Partager\"  data-i18n_dislike=\"Pas aim\u00e9\"  data-style=\"\"  data-unlike_allowed=\"\"  data-show_copyright=\"\"  data-item_url=\"https:\/\/isarta.com\/infos\/jacques-andre-dupont-nouveau-pdg-de-c2-international\/\"  data-item_title=\"Jacques-Andr\u00e9 Dupont, nouveau PDG de C2 International\"  data-item_image=\"https:\/\/isarta.com\/infos\/wp-content\/uploads\/2020\/01\/Jacques-andre-dupond-c2.png\"  data-item_date=\"2020-01-30T12:22:03-05:00\"  data-engine=\"WordPress\"  data-plugin_v=\"2.6.54\"  data-prx=\"https:\/\/isarta.com\/infos\/wp-admin\/admin-ajax.php?action=likebtn_prx\"  data-event_handler=\"likebtn_eh\" ><\/span><!-- LikeBtn.com END --><\/p>\n<hr size=\"3\"><\/div>\n","protected":false},"excerpt":{"rendered":"<p>L&rsquo;organisateur d&rsquo;\u00e9v\u00e9nements chevronn\u00e9 dirigera la croissance montr\u00e9alaise et internationale de l&rsquo;entreprise derri\u00e8re les projets \u00e0 succ\u00e8s C2 Montr\u00e9al et le Sommet Movin&rsquo;On.<\/p>\n<div class=\"likebtn_container\" style=\"clear:both;text-align:center;\"><!-- LikeBtn.com BEGIN --><span class=\"likebtn-wrapper\"  data-identifier=\"post_72749\"  data-site_id=\"5cc1ecd16fd08b776710d1e9\"  data-theme=\"drop\"  data-btn_size=\"100\"  data-icon_l=\"false\"  data-icon_d=\"false\"  data-icon_l_url=\"https:\/\/isarta.com\/infos\/wp-content\/uploads\/2019\/04\/happy.png#64794\"  data-icon_d_url=\"https:\/\/isarta.com\/infos\/wp-content\/uploads\/2019\/04\/sleep.png#64796\"  data-icon_size=\"58\"  data-icon_l_c=\"#771414\"  data-bg_c=\"#ffffff\"  data-bg_c_v=\"#ffffff\"  data-brdr_c=\"#ffffff\"  data-f_size=\"11\"  data-f_family=\"Tahoma\"  data-counter_fs=\"b\"  data-lang=\"fr\"  data-ef_voting=\"wobble\"  data-dislike_enabled=\"false\"  data-counter_type=\"percent\"  data-counter_show=\"false\"  data-tooltip_enabled=\"false\"  data-tooltip_like_show_always=\"true\"  data-white_label=\"true\"  data-i18n_like=\"Aimer \/ Partager\"  data-i18n_dislike=\"Pas aim\u00e9\"  data-style=\"\"  data-unlike_allowed=\"\"  data-show_copyright=\"\"  data-item_url=\"https:\/\/isarta.com\/infos\/jacques-andre-dupont-nouveau-pdg-de-c2-international\/\"  data-item_title=\"Jacques-Andr\u00e9 Dupont, nouveau PDG de C2 International\"  data-item_image=\"https:\/\/isarta.com\/infos\/wp-content\/uploads\/2020\/01\/Jacques-andre-dupond-c2.png\"  data-item_date=\"2020-01-30T12:22:03-05:00\"  data-engine=\"WordPress\"  data-plugin_v=\"2.6.54\"  data-prx=\"https:\/\/isarta.com\/infos\/wp-admin\/admin-ajax.php?action=likebtn_prx\"  data-event_handler=\"likebtn_eh\" ><\/span><!-- LikeBtn.com END --><hr size=\"3\"><\/div>","protected":false},"author":1,"featured_media":72750,"comment_status":"open","ping_status":"open","sticky":false,"template":"","format":"standard","meta":[],"categories":[175,195,117],"tags":[723,1176,225],"_links":{"self":[{"href":"https:\/\/isarta.com\/infos\/wp-json\/wp\/v2\/posts\/72749"}],"collection":[{"href":"https:\/\/isarta.com\/infos\/wp-json\/wp\/v2\/posts"}],"about":[{"href":"https:\/\/isarta.com\/infos\/wp-json\/wp\/v2\/types\/post"}],"author":[{"embeddable":true,"href":"https:\/\/isarta.com\/infos\/wp-json\/wp\/v2\/users\/1"}],"replies":[{"embeddable":true,"href":"https:\/\/isarta.com\/infos\/wp-json\/wp\/v2\/comments?post=72749"}],"version-history":[{"count":2,"href":"https:\/\/isarta.com\/infos\/wp-json\/wp\/v2\/posts\/72749\/revisions"}],"predecessor-version":[{"id":72752,"href":"https:\/\/isarta.com\/infos\/wp-json\/wp\/v2\/posts\/72749\/revisions\/72752"}],"wp:featuredmedia":[{"embeddable":true,"href":"https:\/\/isarta.com\/infos\/wp-json\/wp\/v2\/media\/72750"}],"wp:attachment":[{"href":"https:\/\/isarta.com\/infos\/wp-json\/wp\/v2\/media?parent=72749"}],"wp:term":[{"taxonomy":"category","embeddable":true,"href":"https:\/\/isarta.com\/infos\/wp-json\/wp\/v2\/categories?post=72749"},{"taxonomy":"post_tag","embeddable":true,"href":"https:\/\/isarta.com\/infos\/wp-json\/wp\/v2\/tags?post=72749"}],"curies":[{"name":"wp","href":"https:\/\/api.w.org\/{rel}","templated":true}]}}