{"id":72822,"date":"2020-02-06T12:30:28","date_gmt":"2020-02-06T17:30:28","guid":{"rendered":"https:\/\/isarta.com\/infos\/?p=72822"},"modified":"2020-02-04T15:43:31","modified_gmt":"2020-02-04T20:43:31","slug":"les-nouvelles-de-lindustrie-a-savoir-cette-semaine-16","status":"publish","type":"post","link":"https:\/\/isarta.com\/infos\/les-nouvelles-de-lindustrie-a-savoir-cette-semaine-16\/","title":{"rendered":"Les nouvelles de l\u2019industrie \u00e0 savoir cette semaine"},"content":{"rendered":"<p><span style=\"font-size: 10px;\">6 f\u00e9vrier 2020<\/span><\/p>\n<h2 class=\"cat_article_title\"><a href=\"https:\/\/isarta.com\/infos\/trois-nouvelles-recrues-pour-cyclone-design-communications\/\" target=\"_blank\" rel=\"noopener\">Trois nouvelles recrues pour Cyclone Design Communications<\/a><\/h2>\n<p><img loading=\"lazy\" class=\"alignleft wp-image-72887\" src=\"https:\/\/isarta.com\/infos\/wp-content\/uploads\/2020\/02\/CDC-nominations-300x226.png\" alt=\"\" width=\"272\" height=\"205\" srcset=\"https:\/\/isarta.com\/infos\/wp-content\/uploads\/2020\/02\/CDC-nominations-300x226.png 300w, https:\/\/isarta.com\/infos\/wp-content\/uploads\/2020\/02\/CDC-nominations-768x579.png 768w, https:\/\/isarta.com\/infos\/wp-content\/uploads\/2020\/02\/CDC-nominations-1024x772.png 1024w, https:\/\/isarta.com\/infos\/wp-content\/uploads\/2020\/02\/CDC-nominations.png 1029w\" sizes=\"(max-width: 272px) 100vw, 272px\" \/>Manon Villaret, Delphine Blanchard et Sarah Bibeau ont re\u0301cemment rejoint l\u2019e\u0301quipe de Cyclone Design Communications (CDC). Trois arrive\u0301es, trois expertises comple\u0301mentaires qui viennent renforcer la polyvalence de l\u2019e\u0301quipe: cre\u0301ation graphique, strate\u0301gie et coordination de projets.<\/p>\n<p>Pour lire la suite, <span style=\"color: #3366ff;\"><a style=\"color: #3366ff;\" href=\"https:\/\/isarta.com\/infos\/trois-nouvelles-recrues-pour-cyclone-design-communications\/\" target=\"_blank\" rel=\"noopener\">cliquez ici<\/a>.<\/span><\/p>\n<div class=\"brdr2\"><\/div>\n<h2 class=\"cat_article_title\"><a href=\"https:\/\/isarta.com\/infos\/lagence-braque-signe-la-nouvelle-marque-employeur-et-campagne-de-recrutement-du-ciusss-du-nord-de-li%cc%82le-de-montreal\/\" target=\"_blank\" rel=\"noopener\">L\u2019agence Braque signe la nouvelle marque employeur et campagne de recrutement du CIUSSS du Nord-de-l\u2019I\u0302le-de-Montr\u00e9al<\/a><\/h2>\n<p><img loading=\"lazy\" class=\"alignleft wp-image-72891\" src=\"https:\/\/isarta.com\/infos\/wp-content\/uploads\/2020\/02\/recrutement-braque-232x300.jpg\" alt=\"\" width=\"226\" height=\"293\" srcset=\"https:\/\/isarta.com\/infos\/wp-content\/uploads\/2020\/02\/recrutement-braque-232x300.jpg 232w, https:\/\/isarta.com\/infos\/wp-content\/uploads\/2020\/02\/recrutement-braque-768x994.jpg 768w, https:\/\/isarta.com\/infos\/wp-content\/uploads\/2020\/02\/recrutement-braque-791x1024.jpg 791w, https:\/\/isarta.com\/infos\/wp-content\/uploads\/2020\/02\/recrutement-braque.jpg 1275w\" sizes=\"(max-width: 226px) 100vw, 226px\" \/>Le CIUSSS du Nord-de-l\u2019I\u0302le-de-Montre\u0301al (CIUSSS NIM) donne le coup d\u2019envoi a\u0300 sa nouvelle campagne de recrutement. L\u2019organisation souhaite attirer de nouveaux talents dans diffe\u0301rents secteurs de la sante\u0301: soins infirmiers, pre\u0301pose\u0301s aux be\u0301ne\u0301ficiaires, inhalothe\u0301rapie, travail social, informatique, administration, ressources humaines, cuisine et services alimentaires, me\u0301tiers de la construction, hygie\u0300ne et salubrite\u0301, etc.<\/p>\n<p>Pour lire la suite, <span style=\"color: #3366ff;\"><a style=\"color: #3366ff;\" href=\"https:\/\/isarta.com\/infos\/lagence-braque-signe-la-nouvelle-marque-employeur-et-campagne-de-recrutement-du-ciusss-du-nord-de-li%cc%82le-de-montreal\/\" target=\"_blank\" rel=\"noopener\">cliquez ici<\/a>.<\/span><\/p>\n<div class=\"brdr2\"><\/div>\n<h2 class=\"cat_article_title\"><a href=\"https:\/\/isarta.com\/infos\/la-trame-verte-et-bleue-de-la-communaute-metropolitaine-de-montreal-affiche-ses-nouvelles-couleurs\/\" target=\"_blank\" rel=\"noopener\">La Trame verte et bleue du Grand Montr\u00e9al affiche ses nouvelles couleurs<\/a><\/h2>\n<p><img loading=\"lazy\" class=\"alignleft size-medium wp-image-72870\" src=\"https:\/\/isarta.com\/infos\/wp-content\/uploads\/2020\/02\/logo-tvb-rvb-300x156.png\" alt=\"\" width=\"300\" height=\"156\" srcset=\"https:\/\/isarta.com\/infos\/wp-content\/uploads\/2020\/02\/logo-tvb-rvb-300x156.png 300w, https:\/\/isarta.com\/infos\/wp-content\/uploads\/2020\/02\/logo-tvb-rvb-768x400.png 768w, https:\/\/isarta.com\/infos\/wp-content\/uploads\/2020\/02\/logo-tvb-rvb-1024x534.png 1024w, https:\/\/isarta.com\/infos\/wp-content\/uploads\/2020\/02\/logo-tvb-rvb.png 1882w\" sizes=\"(max-width: 300px) 100vw, 300px\" \/>La Communaut\u00e9 m\u00e9tropolitaine de Montr\u00e9al (CMM) a d\u00e9voil\u00e9 la nouvelle identit\u00e9 visuelle de la Trame verte et bleue du Grand Montr\u00e9al \u00e0 l\u2019occasion de la publication de son premier bilan. Ce r\u00e9seau r\u00e9cr\u00e9otouristique, qui prot\u00e8ge et met en valeur nos milieux naturels, compte aujourd\u2019hui 150 sites \u00e0 l\u2019\u00e9chelle de la r\u00e9gion.<\/p>\n<p>Pour lire la suite, <span style=\"color: #3366ff;\"><a style=\"color: #3366ff;\" href=\"https:\/\/isarta.com\/infos\/la-trame-verte-et-bleue-de-la-communaute-metropolitaine-de-montreal-affiche-ses-nouvelles-couleurs\/\" target=\"_blank\" rel=\"noopener\">cliquez ici<\/a>.<\/span><\/p>\n<div class=\"brdr2\"><\/div>\n<h2 class=\"cat_article_title\"><a href=\"https:\/\/isarta.com\/infos\/evenman-fait-confiance-a-brouillard-pour-la-4e-annee-consecutive\/\" target=\"_blank\" rel=\"noopener\">Evenma fait confiance \u00e0 Brouillard pour la 4e ann\u00e9e cons\u00e9cutive<\/a><\/h2>\n<p><img loading=\"lazy\" class=\"alignleft wp-image-72861\" src=\"https:\/\/isarta.com\/infos\/wp-content\/uploads\/2020\/02\/brouillard-300x200.jpg\" alt=\"\" width=\"267\" height=\"178\" srcset=\"https:\/\/isarta.com\/infos\/wp-content\/uploads\/2020\/02\/brouillard-300x200.jpg 300w, https:\/\/isarta.com\/infos\/wp-content\/uploads\/2020\/02\/brouillard-768x512.jpg 768w, https:\/\/isarta.com\/infos\/wp-content\/uploads\/2020\/02\/brouillard-1024x683.jpg 1024w, https:\/\/isarta.com\/infos\/wp-content\/uploads\/2020\/02\/brouillard-272x182.jpg 272w, https:\/\/isarta.com\/infos\/wp-content\/uploads\/2020\/02\/brouillard.jpg 2048w\" sizes=\"(max-width: 267px) 100vw, 267px\" \/>Brouillard vient d\u2019avoir \u00e9t\u00e9 choisi par Evenma, pour une quatri\u00e8me ann\u00e9e cons\u00e9cutive, afin de collaborer aux communications et d\u2019orchestrer les relations de presse de leurs \u00e9v\u00e9nements majeurs tels que les cinq jours de repr\u00e9sentations du Festivent Ville de L\u00e9vis, les week-ends de Festibi\u00e8re (Qu\u00e9bec, L\u00e9vis et Sherbrooke) et le spectacle Surface<\/p>\n<p>Pour lire la suite, <span style=\"color: #3366ff;\"><a style=\"color: #3366ff;\" href=\"https:\/\/isarta.com\/infos\/evenman-fait-confiance-a-brouillard-pour-la-4e-annee-consecutive\/\" target=\"_blank\" rel=\"noopener\">cliquez ici<\/a>.<\/span><\/p>\n<div class=\"brdr2\"><\/div>\n<h2 class=\"cat_article_title\"><a href=\"https:\/\/isarta.com\/infos\/la2c-lance-les-concours-releve-communication-et-releve-marketing-avec-loto-quebec-et-via-rail-canada\/\" target=\"_blank\" rel=\"noopener\">L\u2019A2C lance les concours Rele\u0300ve Communication et Rele\u0300ve Marketing avec Loto-Qu\u00e9bec et VIA Rail Canada<\/a><\/h2>\n<p><img loading=\"lazy\" class=\"alignleft wp-image-72864\" src=\"https:\/\/isarta.com\/infos\/wp-content\/uploads\/2020\/02\/Intervenants-RM-et-RC-300x200.png\" alt=\"\" width=\"240\" height=\"160\" srcset=\"https:\/\/isarta.com\/infos\/wp-content\/uploads\/2020\/02\/Intervenants-RM-et-RC-300x200.png 300w, https:\/\/isarta.com\/infos\/wp-content\/uploads\/2020\/02\/Intervenants-RM-et-RC-272x182.png 272w, https:\/\/isarta.com\/infos\/wp-content\/uploads\/2020\/02\/Intervenants-RM-et-RC.png 600w\" sizes=\"(max-width: 240px) 100vw, 240px\" \/>Le 24 janvier dernier, l&rsquo;e\u0301dition 2020 des concours Rele\u0300ve Communication et Rele\u0300ve Marketing de l\u2019A2C a e\u0301te\u0301 lance\u0301e. Les 10 e\u0301quipes d\u2019e\u0301tudiants se sont fait pre\u0301senter les mandats clients qui leur seront confie\u0301s pour les quatre prochains mois.<\/p>\n<p>Pour lire la suite, <span style=\"color: #3366ff;\"><a style=\"color: #3366ff;\" href=\"https:\/\/isarta.com\/infos\/la2c-lance-les-concours-releve-communication-et-releve-marketing-avec-loto-quebec-et-via-rail-canada\/\" target=\"_blank\" rel=\"noopener\">cliquez ici<\/a>.<\/span><\/p>\n<div class=\"brdr2\"><\/div>\n<h2 class=\"cat_article_title\"><a href=\"https:\/\/isarta.com\/infos\/les-cpa-devoilent-leur-nouvelle-campagne-de-recrutement-signee-reservoir\/\" target=\"_blank\" rel=\"noopener\">Les CPA d\u00e9voilent leur nouvelle campagne de recrutement sign\u00e9e R\u00e9servoir<\/a><\/h2>\n<p><img loading=\"lazy\" class=\"alignleft size-medium wp-image-72844\" src=\"https:\/\/isarta.com\/infos\/wp-content\/uploads\/2020\/01\/CPA-reservoir-300x152.png\" alt=\"\" width=\"300\" height=\"152\" srcset=\"https:\/\/isarta.com\/infos\/wp-content\/uploads\/2020\/01\/CPA-reservoir-300x152.png 300w, https:\/\/isarta.com\/infos\/wp-content\/uploads\/2020\/01\/CPA-reservoir.png 667w\" sizes=\"(max-width: 300px) 100vw, 300px\" \/>Laissez de co\u0302te\u0301 les promesses de \u00ab vivre de sa passion \u00bb et d\u2019une carrie\u0300re \u00ab a\u0300 votre image \u00bb. Dans sa nouvelle campagne de recrutement, l\u2019Ordre des CPA et Re\u0301servoir souhaitent attirer la cre\u0300me de la rele\u0300ve d\u2019affaires en e\u0301voquant plus d\u2019une vingtaine d\u2019arguments susceptibles de les se\u0301duire.<\/p>\n<p>Pour lire la suite, <span style=\"color: #3366ff;\"><a style=\"color: #3366ff;\" href=\"https:\/\/isarta.com\/infos\/les-cpa-devoilent-leur-nouvelle-campagne-de-recrutement-signee-reservoir\/\" target=\"_blank\" rel=\"noopener\">cliquez ici<\/a>.<\/span><\/p>\n<div class=\"brdr2\"><\/div>\n<h2 class=\"cat_article_title\"><a href=\"https:\/\/isarta.com\/infos\/tink-signe-les-premiers-podcasts-de-brunet-une-premiere-dans-lunivers-de-la-pharmacie-au-quebec\/\" target=\"_blank\" rel=\"noopener\">Tink signe les premiers podcasts de Brunet, une premi\u00e8re dans l\u2019univers de la pharmacie au Qu\u00e9bec<\/a><\/h2>\n<p><img loading=\"lazy\" class=\"alignleft size-medium wp-image-72847\" src=\"https:\/\/isarta.com\/infos\/wp-content\/uploads\/2020\/01\/annie-soleil-300x156.jpg\" alt=\"\" width=\"300\" height=\"156\" srcset=\"https:\/\/isarta.com\/infos\/wp-content\/uploads\/2020\/01\/annie-soleil-300x156.jpg 300w, https:\/\/isarta.com\/infos\/wp-content\/uploads\/2020\/01\/annie-soleil-768x400.jpg 768w, https:\/\/isarta.com\/infos\/wp-content\/uploads\/2020\/01\/annie-soleil.jpg 800w\" sizes=\"(max-width: 300px) 100vw, 300px\" \/>Brunet vient de mettre en ligne ses tous premiers podcasts, intitul\u00e9s \u00ab MaSant\u00e9 sans tabous \u00bb, les premiers balados dans l\u2019univers de la pharmacie au Qu\u00e9bec.<\/p>\n<p>Pour lire la suite, <span style=\"color: #3366ff;\"><a style=\"color: #3366ff;\" href=\"https:\/\/isarta.com\/infos\/tink-signe-les-premiers-podcasts-de-brunet-une-premiere-dans-lunivers-de-la-pharmacie-au-quebec\/\" target=\"_blank\" rel=\"noopener\">cliquez ici<\/a>.<\/span><\/p>\n<div class=\"brdr2\"><\/div>\n<h2 class=\"cat_article_title\"><a href=\"https:\/\/isarta.com\/infos\/la-banque-nationale-lance-la-campagne-cest-humain-de-se-poser-des-questions-avec-sid-lee\/\" target=\"_blank\" rel=\"noopener\">La Banque Nationale lance la campagne \u00ab\u00a0C\u2019est humain de se poser des questions\u00a0\u00bb<\/a><\/h2>\n<p><img loading=\"lazy\" class=\"alignleft size-medium wp-image-72831\" src=\"https:\/\/isarta.com\/infos\/wp-content\/uploads\/2020\/01\/banque-nationale-question-sid-lee-300x152.png\" alt=\"\" width=\"300\" height=\"152\" srcset=\"https:\/\/isarta.com\/infos\/wp-content\/uploads\/2020\/01\/banque-nationale-question-sid-lee-300x152.png 300w, https:\/\/isarta.com\/infos\/wp-content\/uploads\/2020\/01\/banque-nationale-question-sid-lee-768x390.png 768w, https:\/\/isarta.com\/infos\/wp-content\/uploads\/2020\/01\/banque-nationale-question-sid-lee.png 981w\" sizes=\"(max-width: 300px) 100vw, 300px\" \/>42% des Canadiens affirment que les finances sont leur plus grande source de stress. Partant de ce constat, la Banque Nationale a d\u00e9cid\u00e9 d\u2019agir en lan\u00e7ant sa campagne \u00ab\u00a0C\u2019est humain de se poser des questions\u00a0\u00bb d\u00e9ploy\u00e9e depuis le 20 janvier 2020.<\/p>\n<p>Pour lire la suite, <span style=\"color: #3366ff;\"><a style=\"color: #3366ff;\" href=\"https:\/\/isarta.com\/infos\/la-banque-nationale-lance-la-campagne-cest-humain-de-se-poser-des-questions-avec-sid-lee\/\" target=\"_blank\" rel=\"noopener\">cliquez ici<\/a>.<\/span><\/p>\n<div class=\"brdr2\"><\/div>\n<h2 class=\"cat_article_title\"><a href=\"https:\/\/isarta.com\/infos\/trois-nouvelles-embauches-chez-parkour3\/\" target=\"_blank\" rel=\"noopener\">Trois nouvelles embauches chez Parkour3<\/a><\/h2>\n<p><img loading=\"lazy\" class=\"alignleft size-medium wp-image-72827\" src=\"https:\/\/isarta.com\/infos\/wp-content\/uploads\/2020\/01\/parkour3-nominations-300x156.png\" alt=\"\" width=\"300\" height=\"156\" srcset=\"https:\/\/isarta.com\/infos\/wp-content\/uploads\/2020\/01\/parkour3-nominations-300x156.png 300w, https:\/\/isarta.com\/infos\/wp-content\/uploads\/2020\/01\/parkour3-nominations.png 662w\" sizes=\"(max-width: 300px) 100vw, 300px\" \/>Parkour3 agrandit son e\u0301quipe et accueille Jorge Oliveira, Didier Vankin et Ce\u0301cilia Ndofunsu respectivement a\u0300 titre de De\u0301veloppeur Web, Charge\u0301 de projets et Strate\u0300ge au Contenu.<\/p>\n<p>Pour lire la suite, <span style=\"color: #3366ff;\"><a style=\"color: #3366ff;\" href=\"https:\/\/isarta.com\/infos\/trois-nouvelles-embauches-chez-parkour3\/\" target=\"_blank\" rel=\"noopener\">cliquez ici<\/a>.<\/span><\/p>\n<div class=\"brdr2\"><\/div>\n<div class=\"likebtn_container\" style=\"clear:both;text-align:center;\"><!-- LikeBtn.com BEGIN --><span class=\"likebtn-wrapper\"  data-identifier=\"post_72822\"  data-site_id=\"5cc1ecd16fd08b776710d1e9\"  data-theme=\"drop\"  data-btn_size=\"100\"  data-icon_l=\"false\"  data-icon_d=\"false\"  data-icon_l_url=\"https:\/\/isarta.com\/infos\/wp-content\/uploads\/2019\/04\/happy.png#64794\"  data-icon_d_url=\"https:\/\/isarta.com\/infos\/wp-content\/uploads\/2019\/04\/sleep.png#64796\"  data-icon_size=\"58\"  data-icon_l_c=\"#771414\"  data-bg_c=\"#ffffff\"  data-bg_c_v=\"#ffffff\"  data-brdr_c=\"#ffffff\"  data-f_size=\"11\"  data-f_family=\"Tahoma\"  data-counter_fs=\"b\"  data-lang=\"fr\"  data-ef_voting=\"wobble\"  data-dislike_enabled=\"false\"  data-counter_type=\"percent\"  data-counter_show=\"false\"  data-tooltip_enabled=\"false\"  data-tooltip_like_show_always=\"true\"  data-white_label=\"true\"  data-i18n_like=\"Aimer \/ Partager\"  data-i18n_dislike=\"Pas aim\u00e9\"  data-style=\"\"  data-unlike_allowed=\"\"  data-show_copyright=\"\"  data-item_url=\"https:\/\/isarta.com\/infos\/les-nouvelles-de-lindustrie-a-savoir-cette-semaine-16\/\"  data-item_title=\"Les nouvelles de l\u2019industrie \u00e0 savoir cette semaine\"  data-item_image=\"https:\/\/isarta.com\/infos\/wp-content\/uploads\/2020\/01\/CPA-reservoir.png\"  data-item_date=\"2020-02-06T12:30:28-05:00\"  data-engine=\"WordPress\"  data-plugin_v=\"2.6.54\"  data-prx=\"https:\/\/isarta.com\/infos\/wp-admin\/admin-ajax.php?action=likebtn_prx\"  data-event_handler=\"likebtn_eh\" ><\/span><!-- LikeBtn.com END --><\/p>\n<hr size=\"3\"><\/div>\n","protected":false},"excerpt":{"rendered":"<p>Que s&rsquo;est-il pass\u00e9 dans l&rsquo;industrie des communications et du marketing au Qu\u00e9bec ces derniers jours ? Nominations, campagnes, r\u00e9compenses, nouveaux mandats&#8230; On vous fait la synth\u00e8se ici.<\/p>\n<div class=\"likebtn_container\" style=\"clear:both;text-align:center;\"><!-- LikeBtn.com BEGIN --><span class=\"likebtn-wrapper\"  data-identifier=\"post_72822\"  data-site_id=\"5cc1ecd16fd08b776710d1e9\"  data-theme=\"drop\"  data-btn_size=\"100\"  data-icon_l=\"false\"  data-icon_d=\"false\"  data-icon_l_url=\"https:\/\/isarta.com\/infos\/wp-content\/uploads\/2019\/04\/happy.png#64794\"  data-icon_d_url=\"https:\/\/isarta.com\/infos\/wp-content\/uploads\/2019\/04\/sleep.png#64796\"  data-icon_size=\"58\"  data-icon_l_c=\"#771414\"  data-bg_c=\"#ffffff\"  data-bg_c_v=\"#ffffff\"  data-brdr_c=\"#ffffff\"  data-f_size=\"11\"  data-f_family=\"Tahoma\"  data-counter_fs=\"b\"  data-lang=\"fr\"  data-ef_voting=\"wobble\"  data-dislike_enabled=\"false\"  data-counter_type=\"percent\"  data-counter_show=\"false\"  data-tooltip_enabled=\"false\"  data-tooltip_like_show_always=\"true\"  data-white_label=\"true\"  data-i18n_like=\"Aimer \/ Partager\"  data-i18n_dislike=\"Pas aim\u00e9\"  data-style=\"\"  data-unlike_allowed=\"\"  data-show_copyright=\"\"  data-item_url=\"https:\/\/isarta.com\/infos\/les-nouvelles-de-lindustrie-a-savoir-cette-semaine-16\/\"  data-item_title=\"Les nouvelles de l\u2019industrie \u00e0 savoir cette semaine\"  data-item_image=\"https:\/\/isarta.com\/infos\/wp-content\/uploads\/2020\/01\/CPA-reservoir.png\"  data-item_date=\"2020-02-06T12:30:28-05:00\"  data-engine=\"WordPress\"  data-plugin_v=\"2.6.54\"  data-prx=\"https:\/\/isarta.com\/infos\/wp-admin\/admin-ajax.php?action=likebtn_prx\"  data-event_handler=\"likebtn_eh\" ><\/span><!-- LikeBtn.com END --><hr size=\"3\"><\/div>","protected":false},"author":1,"featured_media":72844,"comment_status":"open","ping_status":"open","sticky":false,"template":"","format":"standard","meta":[],"categories":[175,117,137],"tags":[1176,410,818,224,1330],"_links":{"self":[{"href":"https:\/\/isarta.com\/infos\/wp-json\/wp\/v2\/posts\/72822"}],"collection":[{"href":"https:\/\/isarta.com\/infos\/wp-json\/wp\/v2\/posts"}],"about":[{"href":"https:\/\/isarta.com\/infos\/wp-json\/wp\/v2\/types\/post"}],"author":[{"embeddable":true,"href":"https:\/\/isarta.com\/infos\/wp-json\/wp\/v2\/users\/1"}],"replies":[{"embeddable":true,"href":"https:\/\/isarta.com\/infos\/wp-json\/wp\/v2\/comments?post=72822"}],"version-history":[{"count":4,"href":"https:\/\/isarta.com\/infos\/wp-json\/wp\/v2\/posts\/72822\/revisions"}],"predecessor-version":[{"id":72922,"href":"https:\/\/isarta.com\/infos\/wp-json\/wp\/v2\/posts\/72822\/revisions\/72922"}],"wp:featuredmedia":[{"embeddable":true,"href":"https:\/\/isarta.com\/infos\/wp-json\/wp\/v2\/media\/72844"}],"wp:attachment":[{"href":"https:\/\/isarta.com\/infos\/wp-json\/wp\/v2\/media?parent=72822"}],"wp:term":[{"taxonomy":"category","embeddable":true,"href":"https:\/\/isarta.com\/infos\/wp-json\/wp\/v2\/categories?post=72822"},{"taxonomy":"post_tag","embeddable":true,"href":"https:\/\/isarta.com\/infos\/wp-json\/wp\/v2\/tags?post=72822"}],"curies":[{"name":"wp","href":"https:\/\/api.w.org\/{rel}","templated":true}]}}